{"id":1150,"date":"2013-05-21T20:09:26","date_gmt":"2013-05-21T18:09:26","guid":{"rendered":"http:\/\/ofict.reference-syndicale.fr\/?p=1150"},"modified":"2020-10-21T11:14:43","modified_gmt":"2020-10-21T09:14:43","slug":"27-mai-construire-lavenir-des-retraites-pour-tous","status":"publish","type":"post","link":"https:\/\/syndicoop.fr\/ofict\/27-mai-construire-lavenir-des-retraites-pour-tous\/","title":{"rendered":"27 MAI : \u00ab Construire l&rsquo;avenir des retraites pour tous \u00bb"},"content":{"rendered":"<div>\n<h1><strong>Une initiative de l&rsquo;UGICT-CGT le 27 mai 2013<\/strong><\/h1>\n<\/div>\n<div>\n<div>\n<p>Au moment o\u00f9 le gouvernement s\u2019appr\u00eate \u00e0 c\u00e9der aux injonctions de Bruxelles et des march\u00e9s financiers en ouvrant la porte \u00e0 la capitalisation par la casse de notre syst\u00e8me de retraites solidaires, L\u2019Ugict organise en liaison avec la Conf\u00e9d\u00e9ration un d\u00e9bat sur le sujet avec notamment des intervenants su\u00e9dois et italiens qui donneront leurs exp\u00e9riences sur des r\u00e9formes analogues.<\/p>\n<div>\n<p>\u00a0De quoi forger nos arguments pour la bataille \u00e0 venir.<\/p>\n<\/div>\n<\/div>\n<div>\n<div><a title=\"initiative retraites UGICT\" href=\"http:\/\/www.ugict.cgt.fr\/form\/7-retraites\">M&rsquo;inscrire \u00e0 cette initiative<!--more--><\/a><\/div>\n<p>9h ACCUEIL<\/p>\n<h6>10h \u00a0\u00a0\u00a0 \u00a0INTRODUCTION DE LA JOURN\u00c9E<\/h6>\n<h6>10h30 \u00a0\u00a0\u00a0 \u00a0TABLE RONDE 1<\/h6>\n<p>CAPITALISATION OU R\u00c9PARTITION ? A COTISATIONS OU PRESTATIONS D\u00c9FINIES ? DES CHOIX CRUCIAUX NOTAMMENT POUR L\u2019ENCADREMENT.<\/p>\n<ul>\n<li>\u00a0\u00a0<strong>Marco \u00a0GERACI<\/strong>, \u00a0Charg\u00e9 \u00a0de \u00a0mission \u00a0aupr\u00e8s \u00a0du \u00a0Conseil \u00a0d\u2019Orientation \u00a0des \u00a0Retraites<\/li>\n<li>\u00a0\u00a0<strong>Ole \u00a0SETTERGREN,<\/strong>\u00a0\u00a0Directeur \u00a0des \u00a0\u00e9tudes, \u00a0de \u00a0la \u00a0recherche \u00a0et \u00a0de \u00a0la \u00a0prospective \u00a0\u00e0 \u00a0l\u2019Agence \u00a0 nationale \u00a0su\u00e9doise \u00a0pour \u00a0les \u00a0retraites<\/li>\n<li>\u00a0\u00a0<strong>Laura \u00a0CRESCENTINI<\/strong>, \u00a0Coordinatrice \u00a0technique \u00a0d\u2019Assoprevidenza \u00a0(Italie)<\/li>\n<li>D\u00e9bat \u00a0avec \u00a0la \u00a0salle<\/li>\n<\/ul>\n<h6>12h15 D\u00c9JEUNER<\/h6>\n<h6>13h45 \u00a0\u00a0 TABLE RONDE 2<\/h6>\n<p>LES R\u00c9FORMES EN EUROPE ET L\u2019ACTUALIT\u00c9 FRAN\u00c7AISE<br \/>\nQuel \u00a0impact \u00a0des \u00a0r\u00e9formes \u00a0italiennes \u00a0et \u00a0su\u00e9doises \u00a0sur \u00a0l\u2019encadrement \u00a0? \u00a0Sur \u00a0l\u2019ensemble \u00a0des \u00a0salari\u00e9s \u00a0? \u00a0 Quelles \u00a0sont \u00a0les \u00a0nouvelles \u00a0orientations \u00a0europ\u00e9ennes \u00a0? \u00a0Quelle \u00a0est \u00a0l\u2019actualit\u00e9 \u00a0du \u00a0d\u00e9bat \u00a0en \u00a0France \u00a0?<\/p>\n<ul>\n<li>\u00a0\u00a0<strong>Italo \u00a0STELLON,<\/strong>\u00a0\u00a0Pr\u00e9sident \u00a0de \u00a0l\u2019Institut \u00a0National \u00a0Conf\u00e9d\u00e9ral \u00a0d\u2019Assistance, \u00a0ancien \u00a0syndicaliste \u00a0 de \u00a0la \u00a0CGIL \u00a0(Italie)<\/li>\n<li>\u00a0\u00a0<strong>Karl \u00a0Gustav \u00a0SCHERMAN<\/strong>, \u00a0Pr\u00e9sident \u00a0d\u2019honneur \u00a0de \u00a0l\u2019AISS \u00a0(Association \u00a0Internationale \u00a0de \u00a0 S\u00e9curit\u00e9 \u00a0Sociale, \u00a0ancien \u00a0directeur \u00a0de \u00a0l\u2019Agence \u00a0de \u00a0S\u00e9curit\u00e9 \u00a0Sociale \u00a0Su\u00e9doise)<\/li>\n<li>\u00a0<strong>William \u00a0LIS<\/strong>, \u00a0Responsable \u00a0du \u00a0secteur \u00a0International \u00a0de \u00a0l\u2019UGICT-\u00adCGT<\/li>\n<li>\u00a0<strong>\u00c9ric \u00a0AUBIN<\/strong>, \u00a0Secr\u00e9taire \u00a0conf\u00e9d\u00e9ral \u00a0de \u00a0la \u00a0CGT \u00a0charg\u00e9 \u00a0de \u00a0la \u00a0protection \u00a0sociale<\/li>\n<li>D\u00e9bat \u00a0avec \u00a0la \u00a0salle<\/li>\n<\/ul>\n<h6>15h15\u00a0 TABLE RONDE 3<\/h6>\n<p>CADRES ET NON-CADRES : QUEL FINANCEMENT DES RETRAITES ?<br \/>\nLa \u00a0retraite \u00a0d\u00e8s \u00a060 \u00a0ans, \u00a0avec \u00a0au \u00a0moins \u00a075 \u00a0% \u00a0du \u00a0revenu \u00a0d\u2019activit\u00e9, \u00a0est-\u00adce \u00a0un \u00a0objectif \u00a0\u00e9conomiquement \u00a0 et \u00a0socialement \u00a0r\u00e9alisable, \u00a0pour \u00a0tous, \u00a0encadrement \u00a0compris, \u00a0et \u00a0\u00e0 \u00a0quelles \u00a0conditions \u00a0?<\/p>\n<ul>\n<li>\u00a0<strong>Sylvie \u00a0DURAND<\/strong>, \u00a0Responsable \u00a0du \u00a0secteur \u00a0Retraites \u00a0de \u00a0l\u2019UGICT-\u00adCGT<\/li>\n<li><strong>\u00a0G\u00e9rard \u00a0CORNILLEAU<\/strong>, \u00a0Directeur \u00a0adjoint \u00a0au \u00a0D\u00e9partement \u00a0des \u00a0\u00e9tudes \u00a0de \u00a0l\u2019OFCE<\/li>\n<li>\u00a0D\u00e9bat \u00a0avec \u00a0la \u00a0salle<\/li>\n<\/ul>\n<h6>16h30 CONCLUSIONS<\/h6>\n<ul>\n<li><strong>Marie-\u00adJos\u00e9 \u00a0KOTLICKI<\/strong>, \u00a0Secr\u00e9taire \u00a0g\u00e9n\u00e9rale \u00a0de \u00a0l\u2019UGICT-\u00adCGT<\/li>\n<li><strong>\u00c9ric \u00a0AUBIN<\/strong>, \u00a0Secr\u00e9taire \u00a0conf\u00e9d\u00e9ral \u00a0de \u00a0la \u00a0CGT, \u00a0en \u00a0charge \u00a0de \u00a0la \u00a0protection \u00a0sociale<\/li>\n<\/ul>\n<p>T\u00e9l\u00e9charger le\u00a0<a href=\"http:\/\/www.ugict.cgt.fr\/doc_download\/183-programme-initiative-retraites-mai-2013\">Programme Initiative Retraites Mai 2013<\/a><br \/>\n(programme en .pdf, A4 recto verso, \u00e0 distribuer autour de vous)<\/p>\n<p><a title=\"initiative retraites UGICT\" href=\"http:\/\/www.ugict.cgt.fr\/form\/7-retraites\">M&rsquo;inscrire \u00e0 cette initiative<\/a><\/p>\n<\/div>\n<\/div>\n","protected":false},"excerpt":{"rendered":"<p>Une initiative de l&rsquo;UGICT-CGT le 27 mai 2013 Au moment o\u00f9 le gouvernement s\u2019appr\u00eate \u00e0 c\u00e9der aux injonctions de Bruxelles et des march\u00e9s financiers en ouvrant la porte \u00e0 la capitalisation par la casse de notre syst\u00e8me de retraites solidaires, L\u2019Ugict organise en liaison avec la Conf\u00e9d\u00e9ration un d\u00e9bat sur le sujet avec notamment des [&hellip;]<\/p>\n","protected":false},"author":351,"featured_media":59,"comment_status":"open","ping_status":"closed","sticky":false,"template":"","format":"standard","meta":{"_acf_changed":false,"footnotes":""},"categories":[1,383],"tags":[105],"class_list":["post-1150","post","type-post","status-publish","format-standard","has-post-thumbnail","hentry","category-actus","category-ugict","tag-reformes","themes-remuneration-carriere-ldg"],"acf":[],"yoast_head":"<!-- This site is optimized with the Yoast SEO plugin v26.3 - https:\/\/yoast.com\/wordpress\/plugins\/seo\/ -->\n<title>27 MAI : \u00ab Construire l&#039;avenir des retraites pour tous \u00bb - OFICT-CGT Equipement-Environnement<\/title>\n<meta name=\"robots\" content=\"index, follow, max-snippet:-1, max-image-preview:large, max-video-preview:-1\" \/>\n<link rel=\"canonical\" href=\"https:\/\/syndicoop.fr\/ofict\/27-mai-construire-lavenir-des-retraites-pour-tous\/\" \/>\n<meta property=\"og:locale\" content=\"fr_FR\" \/>\n<meta property=\"og:type\" content=\"article\" \/>\n<meta property=\"og:title\" content=\"27 MAI : \u00ab Construire l&#039;avenir des retraites pour tous \u00bb - OFICT-CGT Equipement-Environnement\" \/>\n<meta property=\"og:description\" content=\"Une initiative de l&rsquo;UGICT-CGT le 27 mai 2013 Au moment o\u00f9 le gouvernement s\u2019appr\u00eate \u00e0 c\u00e9der aux injonctions de Bruxelles et des march\u00e9s financiers en ouvrant la porte \u00e0 la capitalisation par la casse de notre syst\u00e8me de retraites solidaires, L\u2019Ugict organise en liaison avec la Conf\u00e9d\u00e9ration un d\u00e9bat sur le sujet avec notamment des [&hellip;]\" \/>\n<meta property=\"og:url\" content=\"https:\/\/syndicoop.fr\/ofict\/27-mai-construire-lavenir-des-retraites-pour-tous\/\" \/>\n<meta property=\"og:site_name\" content=\"OFICT-CGT Equipement-Environnement\" \/>\n<meta property=\"article:publisher\" content=\"https:\/\/www.facebook.com\/ofictcgt\" \/>\n<meta property=\"article:published_time\" content=\"2013-05-21T18:09:26+00:00\" \/>\n<meta property=\"article:modified_time\" content=\"2020-10-21T09:14:43+00:00\" \/>\n<meta property=\"og:image\" content=\"https:\/\/syndicoop.fr\/ofict\/wp-content\/uploads\/sites\/21\/2012\/06\/Logo-OFICT-couleur-sans-ombre-grand.png\" \/>\n\t<meta property=\"og:image:width\" content=\"727\" \/>\n\t<meta property=\"og:image:height\" content=\"501\" \/>\n\t<meta property=\"og:image:type\" content=\"image\/png\" \/>\n<meta name=\"author\" content=\"ecanonne\" \/>\n<meta name=\"twitter:card\" content=\"summary_large_image\" \/>\n<meta name=\"twitter:creator\" content=\"@ofictcgt\" \/>\n<meta name=\"twitter:site\" content=\"@ofictcgt\" \/>\n<meta name=\"twitter:label1\" content=\"\u00c9crit par\" \/>\n\t<meta name=\"twitter:data1\" content=\"ecanonne\" \/>\n\t<meta name=\"twitter:label2\" content=\"Dur\u00e9e de lecture estim\u00e9e\" \/>\n\t<meta name=\"twitter:data2\" content=\"2 minutes\" \/>\n<script type=\"application\/ld+json\" class=\"yoast-schema-graph\">{\"@context\":\"https:\/\/schema.org\",\"@graph\":[{\"@type\":\"Article\",\"@id\":\"https:\/\/syndicoop.fr\/ofict\/27-mai-construire-lavenir-des-retraites-pour-tous\/#article\",\"isPartOf\":{\"@id\":\"https:\/\/syndicoop.fr\/ofict\/27-mai-construire-lavenir-des-retraites-pour-tous\/\"},\"author\":{\"name\":\"ecanonne\",\"@id\":\"https:\/\/syndicoop.fr\/ofict\/#\/schema\/person\/f39466be0f2870e8872f54607694f961\"},\"headline\":\"27 MAI : \u00ab Construire l&rsquo;avenir des retraites pour tous \u00bb\",\"datePublished\":\"2013-05-21T18:09:26+00:00\",\"dateModified\":\"2020-10-21T09:14:43+00:00\",\"mainEntityOfPage\":{\"@id\":\"https:\/\/syndicoop.fr\/ofict\/27-mai-construire-lavenir-des-retraites-pour-tous\/\"},\"wordCount\":410,\"commentCount\":0,\"publisher\":{\"@id\":\"https:\/\/syndicoop.fr\/ofict\/#organization\"},\"image\":{\"@id\":\"https:\/\/syndicoop.fr\/ofict\/27-mai-construire-lavenir-des-retraites-pour-tous\/#primaryimage\"},\"thumbnailUrl\":\"https:\/\/syndicoop.fr\/ofict\/wp-content\/uploads\/sites\/21\/2012\/06\/Logo-OFICT-couleur-sans-ombre-grand.png\",\"keywords\":[\"R\u00e9formes\"],\"articleSection\":[\"Actus\",\"Ugict\"],\"inLanguage\":\"fr-FR\",\"potentialAction\":[{\"@type\":\"CommentAction\",\"name\":\"Comment\",\"target\":[\"https:\/\/syndicoop.fr\/ofict\/27-mai-construire-lavenir-des-retraites-pour-tous\/#respond\"]}]},{\"@type\":\"WebPage\",\"@id\":\"https:\/\/syndicoop.fr\/ofict\/27-mai-construire-lavenir-des-retraites-pour-tous\/\",\"url\":\"https:\/\/syndicoop.fr\/ofict\/27-mai-construire-lavenir-des-retraites-pour-tous\/\",\"name\":\"27 MAI : \u00ab Construire l'avenir des retraites pour tous \u00bb - OFICT-CGT Equipement-Environnement\",\"isPartOf\":{\"@id\":\"https:\/\/syndicoop.fr\/ofict\/#website\"},\"primaryImageOfPage\":{\"@id\":\"https:\/\/syndicoop.fr\/ofict\/27-mai-construire-lavenir-des-retraites-pour-tous\/#primaryimage\"},\"image\":{\"@id\":\"https:\/\/syndicoop.fr\/ofict\/27-mai-construire-lavenir-des-retraites-pour-tous\/#primaryimage\"},\"thumbnailUrl\":\"https:\/\/syndicoop.fr\/ofict\/wp-content\/uploads\/sites\/21\/2012\/06\/Logo-OFICT-couleur-sans-ombre-grand.png\",\"datePublished\":\"2013-05-21T18:09:26+00:00\",\"dateModified\":\"2020-10-21T09:14:43+00:00\",\"breadcrumb\":{\"@id\":\"https:\/\/syndicoop.fr\/ofict\/27-mai-construire-lavenir-des-retraites-pour-tous\/#breadcrumb\"},\"inLanguage\":\"fr-FR\",\"potentialAction\":[{\"@type\":\"ReadAction\",\"target\":[\"https:\/\/syndicoop.fr\/ofict\/27-mai-construire-lavenir-des-retraites-pour-tous\/\"]}]},{\"@type\":\"ImageObject\",\"inLanguage\":\"fr-FR\",\"@id\":\"https:\/\/syndicoop.fr\/ofict\/27-mai-construire-lavenir-des-retraites-pour-tous\/#primaryimage\",\"url\":\"https:\/\/syndicoop.fr\/ofict\/wp-content\/uploads\/sites\/21\/2012\/06\/Logo-OFICT-couleur-sans-ombre-grand.png\",\"contentUrl\":\"https:\/\/syndicoop.fr\/ofict\/wp-content\/uploads\/sites\/21\/2012\/06\/Logo-OFICT-couleur-sans-ombre-grand.png\",\"width\":727,\"height\":501},{\"@type\":\"BreadcrumbList\",\"@id\":\"https:\/\/syndicoop.fr\/ofict\/27-mai-construire-lavenir-des-retraites-pour-tous\/#breadcrumb\",\"itemListElement\":[{\"@type\":\"ListItem\",\"position\":1,\"name\":\"Accueil\",\"item\":\"https:\/\/syndicoop.fr\/ofict\/\"},{\"@type\":\"ListItem\",\"position\":2,\"name\":\"27 MAI&#160;: \u00ab&#160;Construire l&#8217;avenir des retraites pour tous&#160;\u00bb\"}]},{\"@type\":\"WebSite\",\"@id\":\"https:\/\/syndicoop.fr\/ofict\/#website\",\"url\":\"https:\/\/syndicoop.fr\/ofict\/\",\"name\":\"OFICT-CGT Equipement-Environnement\",\"description\":\"avec Syndicoop.fr, plateforme syndicale et coop\u00e9rative\",\"publisher\":{\"@id\":\"https:\/\/syndicoop.fr\/ofict\/#organization\"},\"potentialAction\":[{\"@type\":\"SearchAction\",\"target\":{\"@type\":\"EntryPoint\",\"urlTemplate\":\"https:\/\/syndicoop.fr\/ofict\/?s={search_term_string}\"},\"query-input\":{\"@type\":\"PropertyValueSpecification\",\"valueRequired\":true,\"valueName\":\"search_term_string\"}}],\"inLanguage\":\"fr-FR\"},{\"@type\":\"Organization\",\"@id\":\"https:\/\/syndicoop.fr\/ofict\/#organization\",\"name\":\"ofict-cgt\",\"url\":\"https:\/\/syndicoop.fr\/ofict\/\",\"logo\":{\"@type\":\"ImageObject\",\"inLanguage\":\"fr-FR\",\"@id\":\"https:\/\/syndicoop.fr\/ofict\/#\/schema\/logo\/image\/\",\"url\":\"https:\/\/syndicoop.fr\/ofict\/wp-content\/uploads\/sites\/21\/2021\/01\/0-Logo-OFICT-couleur-ombre-grand.png\",\"contentUrl\":\"https:\/\/syndicoop.fr\/ofict\/wp-content\/uploads\/sites\/21\/2021\/01\/0-Logo-OFICT-couleur-ombre-grand.png\",\"width\":853,\"height\":626,\"caption\":\"ofict-cgt\"},\"image\":{\"@id\":\"https:\/\/syndicoop.fr\/ofict\/#\/schema\/logo\/image\/\"},\"sameAs\":[\"https:\/\/www.facebook.com\/ofictcgt\",\"https:\/\/x.com\/ofictcgt\",\"https:\/\/www.youtube.com\/channel\/UCuspFuV1HGEF1weXxpWVKtQ\"]},{\"@type\":\"Person\",\"@id\":\"https:\/\/syndicoop.fr\/ofict\/#\/schema\/person\/f39466be0f2870e8872f54607694f961\",\"name\":\"ecanonne\",\"image\":{\"@type\":\"ImageObject\",\"inLanguage\":\"fr-FR\",\"@id\":\"https:\/\/syndicoop.fr\/ofict\/#\/schema\/person\/image\/\",\"url\":\"\/\/www.gravatar.com\/avatar\/d77c79c43301ad5a8b26da1071f40071?s=96&#038;r=g&#038;d=mm\",\"contentUrl\":\"\/\/www.gravatar.com\/avatar\/d77c79c43301ad5a8b26da1071f40071?s=96&#038;r=g&#038;d=mm\",\"caption\":\"ecanonne\"}}]}<\/script>\n<!-- \/ Yoast SEO plugin. -->","yoast_head_json":{"title":"27 MAI : \u00ab Construire l'avenir des retraites pour tous \u00bb - OFICT-CGT Equipement-Environnement","robots":{"index":"index","follow":"follow","max-snippet":"max-snippet:-1","max-image-preview":"max-image-preview:large","max-video-preview":"max-video-preview:-1"},"canonical":"https:\/\/syndicoop.fr\/ofict\/27-mai-construire-lavenir-des-retraites-pour-tous\/","og_locale":"fr_FR","og_type":"article","og_title":"27 MAI : \u00ab Construire l'avenir des retraites pour tous \u00bb - OFICT-CGT Equipement-Environnement","og_description":"Une initiative de l&rsquo;UGICT-CGT le 27 mai 2013 Au moment o\u00f9 le gouvernement s\u2019appr\u00eate \u00e0 c\u00e9der aux injonctions de Bruxelles et des march\u00e9s financiers en ouvrant la porte \u00e0 la capitalisation par la casse de notre syst\u00e8me de retraites solidaires, L\u2019Ugict organise en liaison avec la Conf\u00e9d\u00e9ration un d\u00e9bat sur le sujet avec notamment des [&hellip;]","og_url":"https:\/\/syndicoop.fr\/ofict\/27-mai-construire-lavenir-des-retraites-pour-tous\/","og_site_name":"OFICT-CGT Equipement-Environnement","article_publisher":"https:\/\/www.facebook.com\/ofictcgt","article_published_time":"2013-05-21T18:09:26+00:00","article_modified_time":"2020-10-21T09:14:43+00:00","og_image":[{"width":727,"height":501,"url":"https:\/\/syndicoop.fr\/ofict\/wp-content\/uploads\/sites\/21\/2012\/06\/Logo-OFICT-couleur-sans-ombre-grand.png","type":"image\/png"}],"author":"ecanonne","twitter_card":"summary_large_image","twitter_creator":"@ofictcgt","twitter_site":"@ofictcgt","twitter_misc":{"\u00c9crit par":"ecanonne","Dur\u00e9e de lecture estim\u00e9e":"2 minutes"},"schema":{"@context":"https:\/\/schema.org","@graph":[{"@type":"Article","@id":"https:\/\/syndicoop.fr\/ofict\/27-mai-construire-lavenir-des-retraites-pour-tous\/#article","isPartOf":{"@id":"https:\/\/syndicoop.fr\/ofict\/27-mai-construire-lavenir-des-retraites-pour-tous\/"},"author":{"name":"ecanonne","@id":"https:\/\/syndicoop.fr\/ofict\/#\/schema\/person\/f39466be0f2870e8872f54607694f961"},"headline":"27 MAI : \u00ab Construire l&rsquo;avenir des retraites pour tous \u00bb","datePublished":"2013-05-21T18:09:26+00:00","dateModified":"2020-10-21T09:14:43+00:00","mainEntityOfPage":{"@id":"https:\/\/syndicoop.fr\/ofict\/27-mai-construire-lavenir-des-retraites-pour-tous\/"},"wordCount":410,"commentCount":0,"publisher":{"@id":"https:\/\/syndicoop.fr\/ofict\/#organization"},"image":{"@id":"https:\/\/syndicoop.fr\/ofict\/27-mai-construire-lavenir-des-retraites-pour-tous\/#primaryimage"},"thumbnailUrl":"https:\/\/syndicoop.fr\/ofict\/wp-content\/uploads\/sites\/21\/2012\/06\/Logo-OFICT-couleur-sans-ombre-grand.png","keywords":["R\u00e9formes"],"articleSection":["Actus","Ugict"],"inLanguage":"fr-FR","potentialAction":[{"@type":"CommentAction","name":"Comment","target":["https:\/\/syndicoop.fr\/ofict\/27-mai-construire-lavenir-des-retraites-pour-tous\/#respond"]}]},{"@type":"WebPage","@id":"https:\/\/syndicoop.fr\/ofict\/27-mai-construire-lavenir-des-retraites-pour-tous\/","url":"https:\/\/syndicoop.fr\/ofict\/27-mai-construire-lavenir-des-retraites-pour-tous\/","name":"27 MAI : \u00ab Construire l'avenir des retraites pour tous \u00bb - OFICT-CGT Equipement-Environnement","isPartOf":{"@id":"https:\/\/syndicoop.fr\/ofict\/#website"},"primaryImageOfPage":{"@id":"https:\/\/syndicoop.fr\/ofict\/27-mai-construire-lavenir-des-retraites-pour-tous\/#primaryimage"},"image":{"@id":"https:\/\/syndicoop.fr\/ofict\/27-mai-construire-lavenir-des-retraites-pour-tous\/#primaryimage"},"thumbnailUrl":"https:\/\/syndicoop.fr\/ofict\/wp-content\/uploads\/sites\/21\/2012\/06\/Logo-OFICT-couleur-sans-ombre-grand.png","datePublished":"2013-05-21T18:09:26+00:00","dateModified":"2020-10-21T09:14:43+00:00","breadcrumb":{"@id":"https:\/\/syndicoop.fr\/ofict\/27-mai-construire-lavenir-des-retraites-pour-tous\/#breadcrumb"},"inLanguage":"fr-FR","potentialAction":[{"@type":"ReadAction","target":["https:\/\/syndicoop.fr\/ofict\/27-mai-construire-lavenir-des-retraites-pour-tous\/"]}]},{"@type":"ImageObject","inLanguage":"fr-FR","@id":"https:\/\/syndicoop.fr\/ofict\/27-mai-construire-lavenir-des-retraites-pour-tous\/#primaryimage","url":"https:\/\/syndicoop.fr\/ofict\/wp-content\/uploads\/sites\/21\/2012\/06\/Logo-OFICT-couleur-sans-ombre-grand.png","contentUrl":"https:\/\/syndicoop.fr\/ofict\/wp-content\/uploads\/sites\/21\/2012\/06\/Logo-OFICT-couleur-sans-ombre-grand.png","width":727,"height":501},{"@type":"BreadcrumbList","@id":"https:\/\/syndicoop.fr\/ofict\/27-mai-construire-lavenir-des-retraites-pour-tous\/#breadcrumb","itemListElement":[{"@type":"ListItem","position":1,"name":"Accueil","item":"https:\/\/syndicoop.fr\/ofict\/"},{"@type":"ListItem","position":2,"name":"27 MAI&#160;: \u00ab&#160;Construire l&#8217;avenir des retraites pour tous&#160;\u00bb"}]},{"@type":"WebSite","@id":"https:\/\/syndicoop.fr\/ofict\/#website","url":"https:\/\/syndicoop.fr\/ofict\/","name":"OFICT-CGT Equipement-Environnement","description":"avec Syndicoop.fr, plateforme syndicale et coop\u00e9rative","publisher":{"@id":"https:\/\/syndicoop.fr\/ofict\/#organization"},"potentialAction":[{"@type":"SearchAction","target":{"@type":"EntryPoint","urlTemplate":"https:\/\/syndicoop.fr\/ofict\/?s={search_term_string}"},"query-input":{"@type":"PropertyValueSpecification","valueRequired":true,"valueName":"search_term_string"}}],"inLanguage":"fr-FR"},{"@type":"Organization","@id":"https:\/\/syndicoop.fr\/ofict\/#organization","name":"ofict-cgt","url":"https:\/\/syndicoop.fr\/ofict\/","logo":{"@type":"ImageObject","inLanguage":"fr-FR","@id":"https:\/\/syndicoop.fr\/ofict\/#\/schema\/logo\/image\/","url":"https:\/\/syndicoop.fr\/ofict\/wp-content\/uploads\/sites\/21\/2021\/01\/0-Logo-OFICT-couleur-ombre-grand.png","contentUrl":"https:\/\/syndicoop.fr\/ofict\/wp-content\/uploads\/sites\/21\/2021\/01\/0-Logo-OFICT-couleur-ombre-grand.png","width":853,"height":626,"caption":"ofict-cgt"},"image":{"@id":"https:\/\/syndicoop.fr\/ofict\/#\/schema\/logo\/image\/"},"sameAs":["https:\/\/www.facebook.com\/ofictcgt","https:\/\/x.com\/ofictcgt","https:\/\/www.youtube.com\/channel\/UCuspFuV1HGEF1weXxpWVKtQ"]},{"@type":"Person","@id":"https:\/\/syndicoop.fr\/ofict\/#\/schema\/person\/f39466be0f2870e8872f54607694f961","name":"ecanonne","image":{"@type":"ImageObject","inLanguage":"fr-FR","@id":"https:\/\/syndicoop.fr\/ofict\/#\/schema\/person\/image\/","url":"\/\/www.gravatar.com\/avatar\/d77c79c43301ad5a8b26da1071f40071?s=96&#038;r=g&#038;d=mm","contentUrl":"\/\/www.gravatar.com\/avatar\/d77c79c43301ad5a8b26da1071f40071?s=96&#038;r=g&#038;d=mm","caption":"ecanonne"}}]}},"_links":{"self":[{"href":"https:\/\/syndicoop.fr\/ofict\/wp-json\/wp\/v2\/posts\/1150","targetHints":{"allow":["GET"]}}],"collection":[{"href":"https:\/\/syndicoop.fr\/ofict\/wp-json\/wp\/v2\/posts"}],"about":[{"href":"https:\/\/syndicoop.fr\/ofict\/wp-json\/wp\/v2\/types\/post"}],"author":[{"embeddable":true,"href":"https:\/\/syndicoop.fr\/ofict\/wp-json\/wp\/v2\/users\/351"}],"replies":[{"embeddable":true,"href":"https:\/\/syndicoop.fr\/ofict\/wp-json\/wp\/v2\/comments?post=1150"}],"version-history":[{"count":0,"href":"https:\/\/syndicoop.fr\/ofict\/wp-json\/wp\/v2\/posts\/1150\/revisions"}],"wp:featuredmedia":[{"embeddable":true,"href":"https:\/\/syndicoop.fr\/ofict\/wp-json\/wp\/v2\/media\/59"}],"wp:attachment":[{"href":"https:\/\/syndicoop.fr\/ofict\/wp-json\/wp\/v2\/media?parent=1150"}],"wp:term":[{"taxonomy":"category","embeddable":true,"href":"https:\/\/syndicoop.fr\/ofict\/wp-json\/wp\/v2\/categories?post=1150"},{"taxonomy":"post_tag","embeddable":true,"href":"https:\/\/syndicoop.fr\/ofict\/wp-json\/wp\/v2\/tags?post=1150"}],"curies":[{"name":"wp","href":"https:\/\/api.w.org\/{rel}","templated":true}]}}