{"id":1259,"date":"2013-06-03T22:18:41","date_gmt":"2013-06-03T20:18:41","guid":{"rendered":"http:\/\/ofict.reference-syndicale.fr\/?p=1259"},"modified":"2020-10-21T11:11:29","modified_gmt":"2020-10-21T09:11:29","slug":"secretaires-dadministration-et-de-controle-du-developpement-durable-austerite-categorielle-a-tous-les-etages","status":"publish","type":"post","link":"https:\/\/syndicoop.fr\/ofict\/secretaires-dadministration-et-de-controle-du-developpement-durable-austerite-categorielle-a-tous-les-etages\/","title":{"rendered":"Secr\u00e9taires d&rsquo;Administration et de Contr\u00f4le du D\u00e9veloppement Durable : Aust\u00e9rit\u00e9 cat\u00e9gorielle \u00e0 tous les \u00e9tages !"},"content":{"rendered":"<table width=\"100%\" border=\"0\" cellspacing=\"0\" cellpadding=\"4\">\n<col width=\"256*\" \/>\n<tbody>\n<tr>\n<td valign=\"TOP\" width=\"100%\">\n<p style=\"text-align: left\" align=\"CENTER\"><span style=\"font-family: Arial, sans-serif\">L\u2019administrati<\/span><span style=\"text-align: left\">on a d\u00e9voil\u00e9 en avril ses propositions cat\u00e9gorielles pour 2013, propositions marqu\u00e9es du sceau de l\u2019aust\u00e9rit\u00e9.<\/span><\/p>\n<p align=\"JUSTIFY\"><span style=\"font-family: Arial, sans-serif\">L\u2019enveloppe globale chute de pr\u00e8s de 25\u00a0% en 1 an passant de 31,9 millions d\u2019euros en 2012 \u00e0 24 millions en 2013.<!--more--> <\/span><\/p>\n<p align=\"JUSTIFY\"><span style=\"font-family: Arial, sans-serif\">Pour ce qui concerne l\u2019enveloppe proprement cat\u00e9gorielle, celle-ci diminue de 17,8\u00a0% mais 5,7 millions d\u2019euros, soit pr\u00e8s du tiers de celle-ci, ne fait que traduire en ann\u00e9e pleine l\u2019effet budg\u00e9taire de l\u2019application du NES, c\u2019est \u00e0 dire ne repr\u00e9sente en rien une mesure nouvelle. Sur l\u2019enveloppe de 12,3 millions, 2,7 millions concernent les B administratifs et sont consacr\u00e9s \u00e0 des mesures de \u00ab\u00a0convergence avec le MAAF\u00a0\u00bb (engagement de juillet 2012 pour les ex-CTT, ajustement de la part fonctions en SD, augmentation du coefficient de la part r\u00e9sultats en SD de 2,25 \u00e0 2,75).<\/span><\/p>\n<p align=\"JUSTIFY\"><span style=\"font-family: Arial, sans-serif\">Les amputations budg\u00e9taires sont d\u2019autant plus inadmissibles que les besoins sont immenses, pour l\u2019efficacit\u00e9 m\u00eame des services, en mati\u00e8re de reconnaissance des qualifications et de droit au d\u00e9roulement de carri\u00e8re (la CGT estime que chaque SACDD devrait pouvoir d\u00e9rouler sa carri\u00e8re dans les 3 niveaux de grade). Ajoutons que la PFR consacre ces in\u00e9galit\u00e9s.<\/span><\/p>\n<p align=\"JUSTIFY\"><span style=\"font-family: Arial, sans-serif\">Les r\u00e9sultats des \u00e9lections du 9 avril \u00e0 la CAP des SACDD traduisent le m\u00e9contentement des agents de ce corps. Le taux de participation en progression (74,5%) montre aussi l\u2019int\u00e9r\u00eat des SACDD pour ce moment important de la d\u00e9mocratie. <\/span><\/p>\n<p align=\"JUSTIFY\"><span style=\"font-family: Arial, sans-serif\">La CGT souhaite plus que jamais prendre en compte les pr\u00e9occupations des personnels dans leur diversit\u00e9 et dans la d\u00e9fense d\u2019int\u00e9r\u00eats communs.<\/span><\/p>\n<p align=\"JUSTIFY\"><span style=\"font-family: Arial, sans-serif\">A cet \u00e9gard, un questionnaire concernant les B administratifs (lien ci-dessous) vous est propos\u00e9 ; une synth\u00e8se en sera faite \u00e0 l\u2019automne afin de porter de fa\u00e7on d\u00e9termin\u00e9e, et avec vous, vos revendications :<\/span><\/p>\n<p align=\"JUSTIFY\"><a href=\"http:\/\/ofict.reference-syndicale.fr\/2013\/05\/29\/consultation-ofict-b\/\">http:\/\/ofict.reference-syndicale.fr\/2013\/05\/29\/consultation-ofict-b\/<\/a><span style=\"text-align: left\"><br \/>\n<\/span><\/p>\n<\/td>\n<\/tr>\n<\/tbody>\n<\/table>\n","protected":false},"excerpt":{"rendered":"<p>L\u2019administration a d\u00e9voil\u00e9 en avril ses propositions cat\u00e9gorielles pour 2013, propositions marqu\u00e9es du sceau de l\u2019aust\u00e9rit\u00e9. L\u2019enveloppe globale chute de pr\u00e8s de 25\u00a0% en 1 an passant de 31,9 millions d\u2019euros en 2012 \u00e0 24 millions en 2013.<\/p>\n","protected":false},"author":351,"featured_media":0,"comment_status":"open","ping_status":"closed","sticky":false,"template":"","format":"standard","meta":{"_acf_changed":false,"footnotes":""},"categories":[1,382],"tags":[109],"class_list":["post-1259","post","type-post","status-publish","format-standard","hentry","category-actus","category-ofict","tag-sacdd","perimetre-b-adm","themes-remuneration-carriere-ldg"],"acf":[],"yoast_head":"<!-- This site is optimized with the Yoast SEO plugin v26.3 - https:\/\/yoast.com\/wordpress\/plugins\/seo\/ -->\n<title>Secr\u00e9taires d&#039;Administration et de Contr\u00f4le du D\u00e9veloppement Durable : Aust\u00e9rit\u00e9 cat\u00e9gorielle \u00e0 tous les \u00e9tages ! - OFICT-CGT Equipement-Environnement<\/title>\n<meta name=\"robots\" content=\"index, follow, max-snippet:-1, max-image-preview:large, max-video-preview:-1\" \/>\n<link rel=\"canonical\" href=\"https:\/\/syndicoop.fr\/ofict\/secretaires-dadministration-et-de-controle-du-developpement-durable-austerite-categorielle-a-tous-les-etages\/\" \/>\n<meta property=\"og:locale\" content=\"fr_FR\" \/>\n<meta property=\"og:type\" content=\"article\" \/>\n<meta property=\"og:title\" content=\"Secr\u00e9taires d&#039;Administration et de Contr\u00f4le du D\u00e9veloppement Durable : Aust\u00e9rit\u00e9 cat\u00e9gorielle \u00e0 tous les \u00e9tages ! - OFICT-CGT Equipement-Environnement\" \/>\n<meta property=\"og:description\" content=\"L\u2019administration a d\u00e9voil\u00e9 en avril ses propositions cat\u00e9gorielles pour 2013, propositions marqu\u00e9es du sceau de l\u2019aust\u00e9rit\u00e9. L\u2019enveloppe globale chute de pr\u00e8s de 25\u00a0% en 1 an passant de 31,9 millions d\u2019euros en 2012 \u00e0 24 millions en 2013.\" \/>\n<meta property=\"og:url\" content=\"https:\/\/syndicoop.fr\/ofict\/secretaires-dadministration-et-de-controle-du-developpement-durable-austerite-categorielle-a-tous-les-etages\/\" \/>\n<meta property=\"og:site_name\" content=\"OFICT-CGT Equipement-Environnement\" \/>\n<meta property=\"article:publisher\" content=\"https:\/\/www.facebook.com\/ofictcgt\" \/>\n<meta property=\"article:published_time\" content=\"2013-06-03T20:18:41+00:00\" \/>\n<meta property=\"article:modified_time\" content=\"2020-10-21T09:11:29+00:00\" \/>\n<meta name=\"author\" content=\"ecanonne\" \/>\n<meta name=\"twitter:card\" content=\"summary_large_image\" \/>\n<meta name=\"twitter:creator\" content=\"@ofictcgt\" \/>\n<meta name=\"twitter:site\" content=\"@ofictcgt\" \/>\n<meta name=\"twitter:label1\" content=\"\u00c9crit par\" \/>\n\t<meta name=\"twitter:data1\" content=\"ecanonne\" \/>\n\t<meta name=\"twitter:label2\" content=\"Dur\u00e9e de lecture estim\u00e9e\" \/>\n\t<meta name=\"twitter:data2\" content=\"2 minutes\" \/>\n<script type=\"application\/ld+json\" class=\"yoast-schema-graph\">{\"@context\":\"https:\/\/schema.org\",\"@graph\":[{\"@type\":\"Article\",\"@id\":\"https:\/\/syndicoop.fr\/ofict\/secretaires-dadministration-et-de-controle-du-developpement-durable-austerite-categorielle-a-tous-les-etages\/#article\",\"isPartOf\":{\"@id\":\"https:\/\/syndicoop.fr\/ofict\/secretaires-dadministration-et-de-controle-du-developpement-durable-austerite-categorielle-a-tous-les-etages\/\"},\"author\":{\"name\":\"ecanonne\",\"@id\":\"https:\/\/syndicoop.fr\/ofict\/#\/schema\/person\/f39466be0f2870e8872f54607694f961\"},\"headline\":\"Secr\u00e9taires d&rsquo;Administration et de Contr\u00f4le du D\u00e9veloppement Durable : Aust\u00e9rit\u00e9 cat\u00e9gorielle \u00e0 tous les \u00e9tages !\",\"datePublished\":\"2013-06-03T20:18:41+00:00\",\"dateModified\":\"2020-10-21T09:11:29+00:00\",\"mainEntityOfPage\":{\"@id\":\"https:\/\/syndicoop.fr\/ofict\/secretaires-dadministration-et-de-controle-du-developpement-durable-austerite-categorielle-a-tous-les-etages\/\"},\"wordCount\":328,\"commentCount\":0,\"publisher\":{\"@id\":\"https:\/\/syndicoop.fr\/ofict\/#organization\"},\"keywords\":[\"SACDD\"],\"articleSection\":[\"Actus\",\"Ofict\"],\"inLanguage\":\"fr-FR\",\"potentialAction\":[{\"@type\":\"CommentAction\",\"name\":\"Comment\",\"target\":[\"https:\/\/syndicoop.fr\/ofict\/secretaires-dadministration-et-de-controle-du-developpement-durable-austerite-categorielle-a-tous-les-etages\/#respond\"]}]},{\"@type\":\"WebPage\",\"@id\":\"https:\/\/syndicoop.fr\/ofict\/secretaires-dadministration-et-de-controle-du-developpement-durable-austerite-categorielle-a-tous-les-etages\/\",\"url\":\"https:\/\/syndicoop.fr\/ofict\/secretaires-dadministration-et-de-controle-du-developpement-durable-austerite-categorielle-a-tous-les-etages\/\",\"name\":\"Secr\u00e9taires d'Administration et de Contr\u00f4le du D\u00e9veloppement Durable : Aust\u00e9rit\u00e9 cat\u00e9gorielle \u00e0 tous les \u00e9tages ! - OFICT-CGT Equipement-Environnement\",\"isPartOf\":{\"@id\":\"https:\/\/syndicoop.fr\/ofict\/#website\"},\"datePublished\":\"2013-06-03T20:18:41+00:00\",\"dateModified\":\"2020-10-21T09:11:29+00:00\",\"breadcrumb\":{\"@id\":\"https:\/\/syndicoop.fr\/ofict\/secretaires-dadministration-et-de-controle-du-developpement-durable-austerite-categorielle-a-tous-les-etages\/#breadcrumb\"},\"inLanguage\":\"fr-FR\",\"potentialAction\":[{\"@type\":\"ReadAction\",\"target\":[\"https:\/\/syndicoop.fr\/ofict\/secretaires-dadministration-et-de-controle-du-developpement-durable-austerite-categorielle-a-tous-les-etages\/\"]}]},{\"@type\":\"BreadcrumbList\",\"@id\":\"https:\/\/syndicoop.fr\/ofict\/secretaires-dadministration-et-de-controle-du-developpement-durable-austerite-categorielle-a-tous-les-etages\/#breadcrumb\",\"itemListElement\":[{\"@type\":\"ListItem\",\"position\":1,\"name\":\"Accueil\",\"item\":\"https:\/\/syndicoop.fr\/ofict\/\"},{\"@type\":\"ListItem\",\"position\":2,\"name\":\"Secr\u00e9taires d&#8217;Administration et de Contr\u00f4le du D\u00e9veloppement Durable&#160;: Aust\u00e9rit\u00e9 cat\u00e9gorielle \u00e0 tous les \u00e9tages&#160;!\"}]},{\"@type\":\"WebSite\",\"@id\":\"https:\/\/syndicoop.fr\/ofict\/#website\",\"url\":\"https:\/\/syndicoop.fr\/ofict\/\",\"name\":\"OFICT-CGT Equipement-Environnement\",\"description\":\"avec Syndicoop.fr, plateforme syndicale et coop\u00e9rative\",\"publisher\":{\"@id\":\"https:\/\/syndicoop.fr\/ofict\/#organization\"},\"potentialAction\":[{\"@type\":\"SearchAction\",\"target\":{\"@type\":\"EntryPoint\",\"urlTemplate\":\"https:\/\/syndicoop.fr\/ofict\/?s={search_term_string}\"},\"query-input\":{\"@type\":\"PropertyValueSpecification\",\"valueRequired\":true,\"valueName\":\"search_term_string\"}}],\"inLanguage\":\"fr-FR\"},{\"@type\":\"Organization\",\"@id\":\"https:\/\/syndicoop.fr\/ofict\/#organization\",\"name\":\"ofict-cgt\",\"url\":\"https:\/\/syndicoop.fr\/ofict\/\",\"logo\":{\"@type\":\"ImageObject\",\"inLanguage\":\"fr-FR\",\"@id\":\"https:\/\/syndicoop.fr\/ofict\/#\/schema\/logo\/image\/\",\"url\":\"https:\/\/syndicoop.fr\/ofict\/wp-content\/uploads\/sites\/21\/2021\/01\/0-Logo-OFICT-couleur-ombre-grand.png\",\"contentUrl\":\"https:\/\/syndicoop.fr\/ofict\/wp-content\/uploads\/sites\/21\/2021\/01\/0-Logo-OFICT-couleur-ombre-grand.png\",\"width\":853,\"height\":626,\"caption\":\"ofict-cgt\"},\"image\":{\"@id\":\"https:\/\/syndicoop.fr\/ofict\/#\/schema\/logo\/image\/\"},\"sameAs\":[\"https:\/\/www.facebook.com\/ofictcgt\",\"https:\/\/x.com\/ofictcgt\",\"https:\/\/www.youtube.com\/channel\/UCuspFuV1HGEF1weXxpWVKtQ\"]},{\"@type\":\"Person\",\"@id\":\"https:\/\/syndicoop.fr\/ofict\/#\/schema\/person\/f39466be0f2870e8872f54607694f961\",\"name\":\"ecanonne\",\"image\":{\"@type\":\"ImageObject\",\"inLanguage\":\"fr-FR\",\"@id\":\"https:\/\/syndicoop.fr\/ofict\/#\/schema\/person\/image\/\",\"url\":\"\/\/www.gravatar.com\/avatar\/d77c79c43301ad5a8b26da1071f40071?s=96&#038;r=g&#038;d=mm\",\"contentUrl\":\"\/\/www.gravatar.com\/avatar\/d77c79c43301ad5a8b26da1071f40071?s=96&#038;r=g&#038;d=mm\",\"caption\":\"ecanonne\"}}]}<\/script>\n<!-- \/ Yoast SEO plugin. -->","yoast_head_json":{"title":"Secr\u00e9taires d'Administration et de Contr\u00f4le du D\u00e9veloppement Durable : Aust\u00e9rit\u00e9 cat\u00e9gorielle \u00e0 tous les \u00e9tages ! - OFICT-CGT Equipement-Environnement","robots":{"index":"index","follow":"follow","max-snippet":"max-snippet:-1","max-image-preview":"max-image-preview:large","max-video-preview":"max-video-preview:-1"},"canonical":"https:\/\/syndicoop.fr\/ofict\/secretaires-dadministration-et-de-controle-du-developpement-durable-austerite-categorielle-a-tous-les-etages\/","og_locale":"fr_FR","og_type":"article","og_title":"Secr\u00e9taires d'Administration et de Contr\u00f4le du D\u00e9veloppement Durable : Aust\u00e9rit\u00e9 cat\u00e9gorielle \u00e0 tous les \u00e9tages ! - OFICT-CGT Equipement-Environnement","og_description":"L\u2019administration a d\u00e9voil\u00e9 en avril ses propositions cat\u00e9gorielles pour 2013, propositions marqu\u00e9es du sceau de l\u2019aust\u00e9rit\u00e9. L\u2019enveloppe globale chute de pr\u00e8s de 25\u00a0% en 1 an passant de 31,9 millions d\u2019euros en 2012 \u00e0 24 millions en 2013.","og_url":"https:\/\/syndicoop.fr\/ofict\/secretaires-dadministration-et-de-controle-du-developpement-durable-austerite-categorielle-a-tous-les-etages\/","og_site_name":"OFICT-CGT Equipement-Environnement","article_publisher":"https:\/\/www.facebook.com\/ofictcgt","article_published_time":"2013-06-03T20:18:41+00:00","article_modified_time":"2020-10-21T09:11:29+00:00","author":"ecanonne","twitter_card":"summary_large_image","twitter_creator":"@ofictcgt","twitter_site":"@ofictcgt","twitter_misc":{"\u00c9crit par":"ecanonne","Dur\u00e9e de lecture estim\u00e9e":"2 minutes"},"schema":{"@context":"https:\/\/schema.org","@graph":[{"@type":"Article","@id":"https:\/\/syndicoop.fr\/ofict\/secretaires-dadministration-et-de-controle-du-developpement-durable-austerite-categorielle-a-tous-les-etages\/#article","isPartOf":{"@id":"https:\/\/syndicoop.fr\/ofict\/secretaires-dadministration-et-de-controle-du-developpement-durable-austerite-categorielle-a-tous-les-etages\/"},"author":{"name":"ecanonne","@id":"https:\/\/syndicoop.fr\/ofict\/#\/schema\/person\/f39466be0f2870e8872f54607694f961"},"headline":"Secr\u00e9taires d&rsquo;Administration et de Contr\u00f4le du D\u00e9veloppement Durable : Aust\u00e9rit\u00e9 cat\u00e9gorielle \u00e0 tous les \u00e9tages !","datePublished":"2013-06-03T20:18:41+00:00","dateModified":"2020-10-21T09:11:29+00:00","mainEntityOfPage":{"@id":"https:\/\/syndicoop.fr\/ofict\/secretaires-dadministration-et-de-controle-du-developpement-durable-austerite-categorielle-a-tous-les-etages\/"},"wordCount":328,"commentCount":0,"publisher":{"@id":"https:\/\/syndicoop.fr\/ofict\/#organization"},"keywords":["SACDD"],"articleSection":["Actus","Ofict"],"inLanguage":"fr-FR","potentialAction":[{"@type":"CommentAction","name":"Comment","target":["https:\/\/syndicoop.fr\/ofict\/secretaires-dadministration-et-de-controle-du-developpement-durable-austerite-categorielle-a-tous-les-etages\/#respond"]}]},{"@type":"WebPage","@id":"https:\/\/syndicoop.fr\/ofict\/secretaires-dadministration-et-de-controle-du-developpement-durable-austerite-categorielle-a-tous-les-etages\/","url":"https:\/\/syndicoop.fr\/ofict\/secretaires-dadministration-et-de-controle-du-developpement-durable-austerite-categorielle-a-tous-les-etages\/","name":"Secr\u00e9taires d'Administration et de Contr\u00f4le du D\u00e9veloppement Durable : Aust\u00e9rit\u00e9 cat\u00e9gorielle \u00e0 tous les \u00e9tages ! - OFICT-CGT Equipement-Environnement","isPartOf":{"@id":"https:\/\/syndicoop.fr\/ofict\/#website"},"datePublished":"2013-06-03T20:18:41+00:00","dateModified":"2020-10-21T09:11:29+00:00","breadcrumb":{"@id":"https:\/\/syndicoop.fr\/ofict\/secretaires-dadministration-et-de-controle-du-developpement-durable-austerite-categorielle-a-tous-les-etages\/#breadcrumb"},"inLanguage":"fr-FR","potentialAction":[{"@type":"ReadAction","target":["https:\/\/syndicoop.fr\/ofict\/secretaires-dadministration-et-de-controle-du-developpement-durable-austerite-categorielle-a-tous-les-etages\/"]}]},{"@type":"BreadcrumbList","@id":"https:\/\/syndicoop.fr\/ofict\/secretaires-dadministration-et-de-controle-du-developpement-durable-austerite-categorielle-a-tous-les-etages\/#breadcrumb","itemListElement":[{"@type":"ListItem","position":1,"name":"Accueil","item":"https:\/\/syndicoop.fr\/ofict\/"},{"@type":"ListItem","position":2,"name":"Secr\u00e9taires d&#8217;Administration et de Contr\u00f4le du D\u00e9veloppement Durable&#160;: Aust\u00e9rit\u00e9 cat\u00e9gorielle \u00e0 tous les \u00e9tages&#160;!"}]},{"@type":"WebSite","@id":"https:\/\/syndicoop.fr\/ofict\/#website","url":"https:\/\/syndicoop.fr\/ofict\/","name":"OFICT-CGT Equipement-Environnement","description":"avec Syndicoop.fr, plateforme syndicale et coop\u00e9rative","publisher":{"@id":"https:\/\/syndicoop.fr\/ofict\/#organization"},"potentialAction":[{"@type":"SearchAction","target":{"@type":"EntryPoint","urlTemplate":"https:\/\/syndicoop.fr\/ofict\/?s={search_term_string}"},"query-input":{"@type":"PropertyValueSpecification","valueRequired":true,"valueName":"search_term_string"}}],"inLanguage":"fr-FR"},{"@type":"Organization","@id":"https:\/\/syndicoop.fr\/ofict\/#organization","name":"ofict-cgt","url":"https:\/\/syndicoop.fr\/ofict\/","logo":{"@type":"ImageObject","inLanguage":"fr-FR","@id":"https:\/\/syndicoop.fr\/ofict\/#\/schema\/logo\/image\/","url":"https:\/\/syndicoop.fr\/ofict\/wp-content\/uploads\/sites\/21\/2021\/01\/0-Logo-OFICT-couleur-ombre-grand.png","contentUrl":"https:\/\/syndicoop.fr\/ofict\/wp-content\/uploads\/sites\/21\/2021\/01\/0-Logo-OFICT-couleur-ombre-grand.png","width":853,"height":626,"caption":"ofict-cgt"},"image":{"@id":"https:\/\/syndicoop.fr\/ofict\/#\/schema\/logo\/image\/"},"sameAs":["https:\/\/www.facebook.com\/ofictcgt","https:\/\/x.com\/ofictcgt","https:\/\/www.youtube.com\/channel\/UCuspFuV1HGEF1weXxpWVKtQ"]},{"@type":"Person","@id":"https:\/\/syndicoop.fr\/ofict\/#\/schema\/person\/f39466be0f2870e8872f54607694f961","name":"ecanonne","image":{"@type":"ImageObject","inLanguage":"fr-FR","@id":"https:\/\/syndicoop.fr\/ofict\/#\/schema\/person\/image\/","url":"\/\/www.gravatar.com\/avatar\/d77c79c43301ad5a8b26da1071f40071?s=96&#038;r=g&#038;d=mm","contentUrl":"\/\/www.gravatar.com\/avatar\/d77c79c43301ad5a8b26da1071f40071?s=96&#038;r=g&#038;d=mm","caption":"ecanonne"}}]}},"_links":{"self":[{"href":"https:\/\/syndicoop.fr\/ofict\/wp-json\/wp\/v2\/posts\/1259","targetHints":{"allow":["GET"]}}],"collection":[{"href":"https:\/\/syndicoop.fr\/ofict\/wp-json\/wp\/v2\/posts"}],"about":[{"href":"https:\/\/syndicoop.fr\/ofict\/wp-json\/wp\/v2\/types\/post"}],"author":[{"embeddable":true,"href":"https:\/\/syndicoop.fr\/ofict\/wp-json\/wp\/v2\/users\/351"}],"replies":[{"embeddable":true,"href":"https:\/\/syndicoop.fr\/ofict\/wp-json\/wp\/v2\/comments?post=1259"}],"version-history":[{"count":0,"href":"https:\/\/syndicoop.fr\/ofict\/wp-json\/wp\/v2\/posts\/1259\/revisions"}],"wp:attachment":[{"href":"https:\/\/syndicoop.fr\/ofict\/wp-json\/wp\/v2\/media?parent=1259"}],"wp:term":[{"taxonomy":"category","embeddable":true,"href":"https:\/\/syndicoop.fr\/ofict\/wp-json\/wp\/v2\/categories?post=1259"},{"taxonomy":"post_tag","embeddable":true,"href":"https:\/\/syndicoop.fr\/ofict\/wp-json\/wp\/v2\/tags?post=1259"}],"curies":[{"name":"wp","href":"https:\/\/api.w.org\/{rel}","templated":true}]}}