{"id":1271,"date":"2013-06-03T22:16:13","date_gmt":"2013-06-03T20:16:13","guid":{"rendered":"http:\/\/ofict.reference-syndicale.fr\/?p=1271"},"modified":"2020-10-21T11:11:29","modified_gmt":"2020-10-21T09:11:29","slug":"bilan-pfr-b-2012-la-consecration-des-inegalites","status":"publish","type":"post","link":"https:\/\/syndicoop.fr\/ofict\/bilan-pfr-b-2012-la-consecration-des-inegalites\/","title":{"rendered":"Bilan PFR B 2012 : la cons\u00e9cration des in\u00e9galit\u00e9s !"},"content":{"rendered":"<p style=\"text-align: left\" align=\"CENTER\">L&rsquo;administration a \u00e9tabli un bilan d\u00e9finitif de la PFR 2012 pour les corps \u00ab\u00a0administratifs\u00a0\u00bb de cat\u00e9gorie B.<\/p>\n<p align=\"JUSTIFY\"><span style=\"font-family: Arial, sans-serif\">6210 agents \u00e9taient concern\u00e9s dont 5369 SAE, 467 CTT et 374 CAM.<!--more--><\/span><\/p>\n<h1 align=\"JUSTIFY\">La part Fonctions<\/h1>\n<p style=\"text-align: left\" align=\"JUSTIFY\"><span style=\"font-family: Arial, sans-serif\">La moyenne de la cotation s&rsquo;\u00e9tablit \u00e0 3,78 en administration centrale tous corps confondus (les SAE repr\u00e9sentant pr\u00e8s de 98% du total)et \u00e0 3,83 pour les autres services, soit des moyennes tr\u00e8s proches. Toutefois, la synth\u00e8se par corps fait appara\u00eetre une cotation moyenne plus \u00e9lev\u00e9e pour les CAM (3,98) et les CTT (4,07) que pour les SAE (3,79). <\/span><\/p>\n<p style=\"text-align: left\" align=\"JUSTIFY\"><span style=\"font-family: Arial, sans-serif\">Ces diff\u00e9rences entre corps au niveau de la cotation se retrouvent au niveau des montants moyens per\u00e7us, comme le montre le tableau ci- dessous. Par contre derri\u00e8re l&rsquo;apparente \u00e9galit\u00e9 de cotation entre administration centrale et autres services se cachent d&rsquo;importantes in\u00e9galit\u00e9s au niveau de la monnaie sonnante et tr\u00e9buchante: ainsi, une secr\u00e9taire administrative en service d\u00e9concentr\u00e9 percevra, pour un m\u00eame niveau de fonctions 20% de moins que sa coll\u00e8gue de Centrale et \u00e7a, avec un r\u00e9gime indemnitaire cens\u00e9 r\u00e9mun\u00e9rer les niveaux de fonctions! M\u00eame un CTT dont le niveau de fonctions est r\u00e9put\u00e9 en moyenne plus important accuse encore un d\u00e9ficit. <\/span><\/p>\n<p style=\"text-align: left\" align=\"LEFT\"><span style=\"font-family: Arial, sans-serif\">Venons en \u00e0 la part \u00ab\u00a0r\u00e9sultats\u00a0\u00bb: \u00e7a craint encore plus!<\/span><\/p>\n<h2 style=\"text-align: left\" align=\"LEFT\">La part R\u00e9sultats<\/h2>\n<p style=\"text-align: left\" align=\"JUSTIFY\"><span style=\"font-family: Arial, sans-serif\">Premier hic:le coefficient moyen pour l&rsquo;administration centrale est de 3,07 mais seulement de 2,26 \u00e0 2,31 pour les autre services . Chacun sait, ben voyons, qu&rsquo;on se la coule plut\u00f4t douce en services d\u00e9concentr\u00e9s! Une diff\u00e9rence injustifiable et que l&rsquo;on retrouve au niveau de chaque grade. Une injustice qui va s&rsquo;ajouter \u00e0 la pr\u00e9c\u00e9dente.<\/span><\/p>\n<h2 style=\"text-align: left\" align=\"LEFT\">Le montant total<\/h2>\n<p style=\"text-align: left\" align=\"JUSTIFY\"><span style=\"font-family: Arial, sans-serif\">Comme le montre le tableau ci-apr\u00e8s, c&rsquo;est un \u00e9cart moyen de 1600 \u20ac \u00e0 2500 \u20ac, selon le niveau de grade, qui existe entre la PFR des secr\u00e9taires administratifs de centrale et celle per\u00e7ue dans les autres services. Un \u00e9cart qui reste de 1320 \u20ac \u00e0 1920 \u20ac entre un B administratif de centrale et un CTT.<\/span><\/p>\n<p style=\"text-align: left\" align=\"JUSTIFY\"><span style=\"font-family: Arial, sans-serif\">Toute discussion relative \u00e0 un nouveau r\u00e9gime indemnitaire doit int\u00e9grer l&rsquo;exigence d&rsquo;en finir avec ces injustices!<\/span><\/p>\n<h1 style=\"text-align: left\" align=\"CENTER\">Les Montants globaux servis sont les suivants\u00a0:<\/h1>\n<h2 align=\"LEFT\">\u00a0Administration centrale\u00a0:\u00a0Secr\u00e9taires administratifs<\/h2>\n<dl>\n<dd>\n<table width=\"100%\" border=\"1\" cellspacing=\"0\" cellpadding=\"4\">\n<col width=\"75*\" \/>\n<col width=\"60*\" \/>\n<col width=\"60*\" \/>\n<col width=\"62*\" \/>\n<tbody>\n<tr valign=\"TOP\">\n<td bgcolor=\"#ffffff\" width=\"29%\"><\/td>\n<td bgcolor=\"#666666\" width=\"23%\">\n<p align=\"CENTER\"><span style=\"color: #ffffff\"><span style=\"font-family: Arial, sans-serif\">Fonction <\/span><\/span><\/p>\n<\/td>\n<td bgcolor=\"#666666\" width=\"23%\">\n<p align=\"CENTER\"><span style=\"color: #ffffff\"><span style=\"font-family: Arial, sans-serif\">R\u00e9sultats<\/span><\/span><\/p>\n<\/td>\n<td bgcolor=\"#666666\" width=\"24%\">\n<p align=\"CENTER\"><span style=\"color: #ffffff\"><span style=\"font-family: Arial, sans-serif\">Total 2012<\/span><\/span><\/p>\n<\/td>\n<\/tr>\n<tr valign=\"TOP\">\n<td bgcolor=\"#e6e6e6\" width=\"29%\" height=\"20\">\n<p align=\"LEFT\"><span style=\"font-family: Arial, sans-serif\">3<sup>\u00e8me<\/sup> niveau<\/span><\/p>\n<\/td>\n<td bgcolor=\"#e6e6e6\" width=\"23%\">\n<p align=\"CENTER\"><span style=\"font-family: Arial, sans-serif\">7\u00a0444,00 \u20ac<\/span><\/p>\n<\/td>\n<td bgcolor=\"#e6e6e6\" width=\"23%\">\n<p align=\"CENTER\"><span style=\"font-family: Arial, sans-serif\">2\u00a0951,00 \u20ac<\/span><\/p>\n<\/td>\n<td bgcolor=\"#e6e6e6\" width=\"24%\">\n<p align=\"CENTER\"><span style=\"font-family: Arial, sans-serif\">10 395 \u20ac<\/span><\/p>\n<\/td>\n<\/tr>\n<tr valign=\"TOP\">\n<td bgcolor=\"#e6e6e6\" width=\"29%\" height=\"21\">\n<p align=\"LEFT\"><span style=\"font-family: Arial, sans-serif\">2<sup>\u00e8me<\/sup> niveau<\/span><\/p>\n<\/td>\n<td bgcolor=\"#e6e6e6\" width=\"23%\">\n<p align=\"CENTER\"><span style=\"font-family: Arial, sans-serif\">6 779 \u20ac<\/span><\/p>\n<\/td>\n<td bgcolor=\"#e6e6e6\" width=\"23%\">\n<p align=\"CENTER\"><span style=\"font-family: Arial, sans-serif\">2 676 \u20ac<\/span><\/p>\n<\/td>\n<td bgcolor=\"#e6e6e6\" width=\"24%\">\n<p align=\"CENTER\"><span style=\"font-family: Arial, sans-serif\">9\u00a0455,00 \u20ac<\/span><\/p>\n<\/td>\n<\/tr>\n<tr valign=\"TOP\">\n<td bgcolor=\"#e6e6e6\" width=\"29%\">\n<p align=\"LEFT\"><span style=\"font-family: Arial, sans-serif\">1<sup>er<\/sup> niveau<\/span><\/p>\n<\/td>\n<td bgcolor=\"#e6e6e6\" width=\"23%\">\n<p align=\"CENTER\"><span style=\"font-family: Arial, sans-serif\">6 188 \u20ac<\/span><\/p>\n<\/td>\n<td bgcolor=\"#e6e6e6\" width=\"23%\">\n<p align=\"CENTER\"><span style=\"font-family: Arial, sans-serif\">1 944 \u20ac<\/span><\/p>\n<\/td>\n<td bgcolor=\"#e6e6e6\" width=\"24%\">\n<p align=\"CENTER\"><span style=\"font-family: Arial, sans-serif\">8\u00a0132,00 \u20ac<\/span><\/p>\n<\/td>\n<\/tr>\n<\/tbody>\n<\/table>\n<\/dd>\n<\/dl>\n<h2 align=\"LEFT\">\u00a0Services :\u00a0Secr\u00e9taires administratifs<\/h2>\n<dl>\n<dd>\n<table width=\"100%\" border=\"1\" cellspacing=\"0\" cellpadding=\"4\">\n<col width=\"76*\" \/>\n<col width=\"59*\" \/>\n<col width=\"59*\" \/>\n<col width=\"62*\" \/>\n<tbody>\n<tr valign=\"TOP\">\n<td bgcolor=\"#ffffff\" width=\"30%\"><\/td>\n<td bgcolor=\"#666666\" width=\"23%\">\n<p align=\"CENTER\"><span style=\"color: #ffffff\"><span style=\"font-family: Arial, sans-serif\">Fonction <\/span><\/span><\/p>\n<\/td>\n<td bgcolor=\"#666666\" width=\"23%\">\n<p align=\"CENTER\"><span style=\"color: #ffffff\"><span style=\"font-family: Arial, sans-serif\">R\u00e9sultats<\/span><\/span><\/p>\n<\/td>\n<td bgcolor=\"#666666\" width=\"24%\">\n<p align=\"CENTER\"><span style=\"color: #ffffff\"><span style=\"font-family: Arial, sans-serif\">Total 2012<\/span><\/span><\/p>\n<\/td>\n<\/tr>\n<tr valign=\"TOP\">\n<td bgcolor=\"#e6e6e6\" width=\"30%\" height=\"21\">\n<p align=\"LEFT\"><span style=\"font-family: Arial, sans-serif\">3<sup>\u00e8me<\/sup> niveau<\/span><\/p>\n<\/td>\n<td bgcolor=\"#e6e6e6\" width=\"23%\">\n<p align=\"CENTER\"><span style=\"font-family: Arial, sans-serif\">6 254 \u20ac<\/span><\/p>\n<\/td>\n<td bgcolor=\"#e6e6e6\" width=\"23%\">\n<p align=\"CENTER\"><span style=\"font-family: Arial, sans-serif\">1 594 \u20ac<\/span><\/p>\n<\/td>\n<td bgcolor=\"#e6e6e6\" width=\"24%\">\n<p align=\"CENTER\"><span style=\"font-family: Arial, sans-serif\">7 848 \u20ac<\/span><\/p>\n<\/td>\n<\/tr>\n<tr valign=\"TOP\">\n<td bgcolor=\"#e6e6e6\" width=\"30%\" height=\"21\">\n<p align=\"LEFT\"><span style=\"font-family: Arial, sans-serif\">2<sup>\u00e8me<\/sup> niveau<\/span><\/p>\n<\/td>\n<td bgcolor=\"#e6e6e6\" width=\"23%\">\n<p align=\"CENTER\"><span style=\"font-family: Arial, sans-serif\">5 567 \u20ac<\/span><\/p>\n<\/td>\n<td bgcolor=\"#e6e6e6\" width=\"23%\">\n<p align=\"CENTER\"><span style=\"font-family: Arial, sans-serif\">1 633 \u20ac<\/span><\/p>\n<\/td>\n<td bgcolor=\"#e6e6e6\" width=\"24%\">\n<p align=\"CENTER\"><span style=\"font-family: Arial, sans-serif\">7 200 \u20ac<\/span><\/p>\n<\/td>\n<\/tr>\n<tr valign=\"TOP\">\n<td bgcolor=\"#e6e6e6\" width=\"30%\">\n<p align=\"LEFT\"><span style=\"font-family: Arial, sans-serif\">1<sup>er<\/sup> niveau<\/span><\/p>\n<\/td>\n<td bgcolor=\"#e6e6e6\" width=\"23%\">\n<p align=\"CENTER\"><span style=\"font-family: Arial, sans-serif\">5 084 \u20ac<\/span><\/p>\n<\/td>\n<td bgcolor=\"#e6e6e6\" width=\"23%\">\n<p align=\"CENTER\"><span style=\"font-family: Arial, sans-serif\">1 454 \u20ac<\/span><\/p>\n<\/td>\n<td bgcolor=\"#e6e6e6\" width=\"24%\">\n<p align=\"CENTER\"><span style=\"font-family: Arial, sans-serif\">6 538\u20ac<\/span><\/p>\n<\/td>\n<\/tr>\n<\/tbody>\n<\/table>\n<\/dd>\n<\/dl>\n<h2>\u00a0Contr\u00f4leurs des Affaires Maritimes<\/h2>\n<dl>\n<dd>\n<table width=\"100%\" border=\"1\" rules=\"COLS\" cellspacing=\"0\" cellpadding=\"4\">\n<col width=\"76*\" \/>\n<col width=\"59*\" \/>\n<col width=\"59*\" \/>\n<col width=\"62*\" \/>\n<tbody>\n<tr valign=\"TOP\">\n<td bgcolor=\"#ffffff\" width=\"30%\"><\/td>\n<td bgcolor=\"#666666\" width=\"23%\">\n<p align=\"CENTER\"><span style=\"color: #ffffff\"><span style=\"font-family: Arial, sans-serif\">Fonction <\/span><\/span><\/p>\n<\/td>\n<td bgcolor=\"#666666\" width=\"23%\">\n<p align=\"CENTER\"><span style=\"color: #ffffff\"><span style=\"font-family: Arial, sans-serif\">R\u00e9sultats<\/span><\/span><\/p>\n<\/td>\n<td bgcolor=\"#666666\" width=\"24%\">\n<p align=\"CENTER\"><span style=\"color: #ffffff\"><span style=\"font-family: Arial, sans-serif\">Total 2012<\/span><\/span><\/p>\n<\/td>\n<\/tr>\n<\/tbody>\n<tbody>\n<tr valign=\"TOP\">\n<td bgcolor=\"#e6e6e6\" width=\"30%\" height=\"22\">\n<p align=\"LEFT\"><span style=\"font-family: Arial, sans-serif\">3<sup>\u00e8me<\/sup> niveau<\/span><\/p>\n<\/td>\n<td bgcolor=\"#e6e6e6\" width=\"23%\">\n<p align=\"CENTER\"><span style=\"font-family: Arial, sans-serif\">6 390 \u20ac<\/span><\/p>\n<\/td>\n<td bgcolor=\"#e6e6e6\" width=\"23%\">\n<p align=\"CENTER\"><span style=\"font-family: Arial, sans-serif\">1 541 \u20ac<\/span><\/p>\n<\/td>\n<td bgcolor=\"#e6e6e6\" width=\"24%\">\n<p align=\"CENTER\"><span style=\"font-family: Arial, sans-serif\">7 931\u20ac<\/span><\/p>\n<\/td>\n<\/tr>\n<tr valign=\"TOP\">\n<td bgcolor=\"#e6e6e6\" width=\"30%\" height=\"20\">\n<p align=\"LEFT\"><span style=\"font-family: Arial, sans-serif\">2<sup>\u00e8me<\/sup> niveau<\/span><\/p>\n<\/td>\n<td bgcolor=\"#e6e6e6\" width=\"23%\">\n<p align=\"CENTER\"><span style=\"font-family: Arial, sans-serif\">5 769 \u20ac<\/span><\/p>\n<\/td>\n<td bgcolor=\"#e6e6e6\" width=\"23%\">\n<p align=\"CENTER\"><span style=\"font-family: Arial, sans-serif\">1 444 \u20ac<\/span><\/p>\n<\/td>\n<td bgcolor=\"#e6e6e6\" width=\"24%\">\n<p align=\"CENTER\"><span style=\"font-family: Arial, sans-serif\">7\u00a0213,00 \u20ac<\/span><\/p>\n<\/td>\n<\/tr>\n<tr valign=\"TOP\">\n<td bgcolor=\"#e6e6e6\" width=\"30%\">\n<p align=\"LEFT\"><span style=\"font-family: Arial, sans-serif\">1<sup>er<\/sup> niveau<\/span><\/p>\n<\/td>\n<td bgcolor=\"#e6e6e6\" width=\"23%\">\n<p align=\"CENTER\"><span style=\"font-family: Arial, sans-serif\">5 251 \u20ac<\/span><\/p>\n<\/td>\n<td bgcolor=\"#e6e6e6\" width=\"23%\">\n<p align=\"CENTER\"><span style=\"font-family: Arial, sans-serif\">1 371 \u20ac<\/span><\/p>\n<\/td>\n<td bgcolor=\"#e6e6e6\" width=\"24%\">\n<p align=\"CENTER\"><span style=\"font-family: Arial, sans-serif\">6 622 \u20ac<\/span><\/p>\n<\/td>\n<\/tr>\n<\/tbody>\n<\/table>\n<\/dd>\n<\/dl>\n<h2>\u00a0Contr\u00f4leurs des Transports Terrestres<\/h2>\n<dl>\n<dd>\n<table width=\"100%\" border=\"1\" rules=\"COLS\" cellspacing=\"0\" cellpadding=\"4\">\n<col width=\"77*\" \/>\n<col width=\"58*\" \/>\n<col width=\"59*\" \/>\n<col width=\"62*\" \/>\n<tbody>\n<tr valign=\"TOP\">\n<td bgcolor=\"#ffffff\" width=\"30%\" height=\"9\"><\/td>\n<td bgcolor=\"#666666\" width=\"23%\">\n<p align=\"CENTER\"><span style=\"color: #ffffff\"><span style=\"font-family: Arial, sans-serif\">Fonction <\/span><\/span><\/p>\n<\/td>\n<td bgcolor=\"#666666\" width=\"23%\">\n<p align=\"CENTER\"><span style=\"color: #ffffff\"><span style=\"font-family: Arial, sans-serif\">R\u00e9sultats<\/span><\/span><\/p>\n<\/td>\n<td bgcolor=\"#666666\" width=\"24%\">\n<p align=\"CENTER\"><span style=\"color: #ffffff\"><span style=\"font-family: Arial, sans-serif\">Total 2012<\/span><\/span><\/p>\n<\/td>\n<\/tr>\n<\/tbody>\n<tbody>\n<tr valign=\"TOP\">\n<td bgcolor=\"#e6e6e6\" width=\"30%\" height=\"21\">\n<p align=\"LEFT\"><span style=\"font-family: Arial, sans-serif\">3<sup>\u00e8me<\/sup> niveau<\/span><\/p>\n<\/td>\n<td bgcolor=\"#e6e6e6\" width=\"23%\">\n<p align=\"CENTER\"><span style=\"font-family: Arial, sans-serif\">6 985 \u20ac<\/span><\/p>\n<\/td>\n<td bgcolor=\"#e6e6e6\" width=\"23%\">\n<p align=\"CENTER\"><span style=\"font-family: Arial, sans-serif\">1 487 \u20ac<\/span><\/p>\n<\/td>\n<td bgcolor=\"#e6e6e6\" width=\"24%\">\n<p align=\"CENTER\"><span style=\"font-family: Arial, sans-serif\">8 473 \u20ac<\/span><\/p>\n<\/td>\n<\/tr>\n<tr valign=\"TOP\">\n<td bgcolor=\"#e6e6e6\" width=\"30%\" height=\"21\">\n<p align=\"LEFT\"><span style=\"font-family: Arial, sans-serif\">2<sup>\u00e8me<\/sup> niveau<\/span><\/p>\n<\/td>\n<td bgcolor=\"#e6e6e6\" width=\"23%\">\n<p align=\"CENTER\"><span style=\"font-family: Arial, sans-serif\">5 856 \u20ac<\/span><\/p>\n<\/td>\n<td bgcolor=\"#e6e6e6\" width=\"23%\">\n<p align=\"CENTER\"><span style=\"font-family: Arial, sans-serif\">1 557 \u20ac<\/span><\/p>\n<\/td>\n<td bgcolor=\"#e6e6e6\" width=\"24%\">\n<p align=\"CENTER\"><span style=\"font-family: Arial, sans-serif\">7\u00a0413,00 \u20ac<\/span><\/p>\n<\/td>\n<\/tr>\n<tr valign=\"TOP\">\n<td bgcolor=\"#e6e6e6\" width=\"30%\">\n<p align=\"LEFT\"><span style=\"font-family: Arial, sans-serif\">1<sup>er<\/sup> niveau<\/span><\/p>\n<\/td>\n<td bgcolor=\"#e6e6e6\" width=\"23%\">\n<p align=\"CENTER\"><span style=\"font-family: Arial, sans-serif\">5 501 \u20ac<\/span><\/p>\n<\/td>\n<td bgcolor=\"#e6e6e6\" width=\"23%\">\n<p align=\"CENTER\"><span style=\"font-family: Arial, sans-serif\">1 311 \u20ac<\/span><\/p>\n<\/td>\n<td bgcolor=\"#e6e6e6\" width=\"24%\">\n<p align=\"CENTER\"><span style=\"font-family: Arial, sans-serif\">6 811 \u20ac<\/span><\/p>\n<\/td>\n<\/tr>\n<\/tbody>\n<\/table>\n<\/dd>\n<\/dl>\n<h1 style=\"text-align: left\" align=\"CENTER\">La PFR une injustice d\u00e8s la cotation des postes<\/h1>\n<p align=\"LEFT\">Alors que le minist\u00e8re a laiss\u00e9 penser aux agents que la PFR permettrait de r\u00e9compenser les agents m\u00e9ritants \u00e0 leur juste valeur, personne n&rsquo;avait parl\u00e9 des injustices criantes qui allaient s&rsquo;op\u00e9rer entre les agents d\u00e8s qu&rsquo;ils auraient choisi leur poste.<\/p>\n<p align=\"JUSTIFY\"><span style=\"font-family: Arial, sans-serif\">En contrepartie d&rsquo;une augmentation g\u00e9n\u00e9rale de la dotation individuelle de chacun s&rsquo;inscrit \u00e0 son insu et en secret une v\u00e9ritable iniquit\u00e9 de traitement entre les agents.<\/span><\/p>\n<p align=\"JUSTIFY\">Le minist\u00e8re devrait supprimer la part fonction qui est la plus in\u00e9galitaire des toutes car il a besoin de tous les agents sur tous les types de postes. Aucun poste ne devrait \u00eatre consid\u00e9r\u00e9 comme sup\u00e9rieur, il en va de l&rsquo;\u00e9galit\u00e9 de traitement entre tous les agents.<\/p>\n","protected":false},"excerpt":{"rendered":"<p>L&rsquo;administration a \u00e9tabli un bilan d\u00e9finitif de la PFR 2012 pour les corps \u00ab\u00a0administratifs\u00a0\u00bb de cat\u00e9gorie B. 6210 agents \u00e9taient concern\u00e9s dont 5369 SAE, 467 CTT et 374 CAM.<\/p>\n","protected":false},"author":351,"featured_media":0,"comment_status":"open","ping_status":"closed","sticky":false,"template":"","format":"standard","meta":{"_acf_changed":false,"footnotes":""},"categories":[1],"tags":[109],"class_list":["post-1271","post","type-post","status-publish","format-standard","hentry","category-actus","tag-sacdd","perimetre-b-adm","themes-remuneration-carriere-ldg"],"acf":[],"yoast_head":"<!-- This site is optimized with the Yoast SEO plugin v26.3 - https:\/\/yoast.com\/wordpress\/plugins\/seo\/ -->\n<title>Bilan PFR B 2012 : la cons\u00e9cration des in\u00e9galit\u00e9s ! - OFICT-CGT Equipement-Environnement<\/title>\n<meta name=\"robots\" content=\"index, follow, max-snippet:-1, max-image-preview:large, max-video-preview:-1\" \/>\n<link rel=\"canonical\" href=\"https:\/\/syndicoop.fr\/ofict\/bilan-pfr-b-2012-la-consecration-des-inegalites\/\" \/>\n<meta property=\"og:locale\" content=\"fr_FR\" \/>\n<meta property=\"og:type\" content=\"article\" \/>\n<meta property=\"og:title\" content=\"Bilan PFR B 2012 : la cons\u00e9cration des in\u00e9galit\u00e9s ! - OFICT-CGT Equipement-Environnement\" \/>\n<meta property=\"og:description\" content=\"L&rsquo;administration a \u00e9tabli un bilan d\u00e9finitif de la PFR 2012 pour les corps \u00ab\u00a0administratifs\u00a0\u00bb de cat\u00e9gorie B. 6210 agents \u00e9taient concern\u00e9s dont 5369 SAE, 467 CTT et 374 CAM.\" \/>\n<meta property=\"og:url\" content=\"https:\/\/syndicoop.fr\/ofict\/bilan-pfr-b-2012-la-consecration-des-inegalites\/\" \/>\n<meta property=\"og:site_name\" content=\"OFICT-CGT Equipement-Environnement\" \/>\n<meta property=\"article:publisher\" content=\"https:\/\/www.facebook.com\/ofictcgt\" \/>\n<meta property=\"article:published_time\" content=\"2013-06-03T20:16:13+00:00\" \/>\n<meta property=\"article:modified_time\" content=\"2020-10-21T09:11:29+00:00\" \/>\n<meta name=\"author\" content=\"ecanonne\" \/>\n<meta name=\"twitter:card\" content=\"summary_large_image\" \/>\n<meta name=\"twitter:creator\" content=\"@ofictcgt\" \/>\n<meta name=\"twitter:site\" content=\"@ofictcgt\" \/>\n<meta name=\"twitter:label1\" content=\"\u00c9crit par\" \/>\n\t<meta name=\"twitter:data1\" content=\"ecanonne\" \/>\n\t<meta name=\"twitter:label2\" content=\"Dur\u00e9e de lecture estim\u00e9e\" \/>\n\t<meta name=\"twitter:data2\" content=\"3 minutes\" \/>\n<script type=\"application\/ld+json\" class=\"yoast-schema-graph\">{\"@context\":\"https:\/\/schema.org\",\"@graph\":[{\"@type\":\"Article\",\"@id\":\"https:\/\/syndicoop.fr\/ofict\/bilan-pfr-b-2012-la-consecration-des-inegalites\/#article\",\"isPartOf\":{\"@id\":\"https:\/\/syndicoop.fr\/ofict\/bilan-pfr-b-2012-la-consecration-des-inegalites\/\"},\"author\":{\"name\":\"ecanonne\",\"@id\":\"https:\/\/syndicoop.fr\/ofict\/#\/schema\/person\/f39466be0f2870e8872f54607694f961\"},\"headline\":\"Bilan PFR B 2012 : la cons\u00e9cration des in\u00e9galit\u00e9s !\",\"datePublished\":\"2013-06-03T20:16:13+00:00\",\"dateModified\":\"2020-10-21T09:11:29+00:00\",\"mainEntityOfPage\":{\"@id\":\"https:\/\/syndicoop.fr\/ofict\/bilan-pfr-b-2012-la-consecration-des-inegalites\/\"},\"wordCount\":553,\"commentCount\":0,\"publisher\":{\"@id\":\"https:\/\/syndicoop.fr\/ofict\/#organization\"},\"keywords\":[\"SACDD\"],\"articleSection\":[\"Actus\"],\"inLanguage\":\"fr-FR\",\"potentialAction\":[{\"@type\":\"CommentAction\",\"name\":\"Comment\",\"target\":[\"https:\/\/syndicoop.fr\/ofict\/bilan-pfr-b-2012-la-consecration-des-inegalites\/#respond\"]}]},{\"@type\":\"WebPage\",\"@id\":\"https:\/\/syndicoop.fr\/ofict\/bilan-pfr-b-2012-la-consecration-des-inegalites\/\",\"url\":\"https:\/\/syndicoop.fr\/ofict\/bilan-pfr-b-2012-la-consecration-des-inegalites\/\",\"name\":\"Bilan PFR B 2012 : la cons\u00e9cration des in\u00e9galit\u00e9s ! - OFICT-CGT Equipement-Environnement\",\"isPartOf\":{\"@id\":\"https:\/\/syndicoop.fr\/ofict\/#website\"},\"datePublished\":\"2013-06-03T20:16:13+00:00\",\"dateModified\":\"2020-10-21T09:11:29+00:00\",\"breadcrumb\":{\"@id\":\"https:\/\/syndicoop.fr\/ofict\/bilan-pfr-b-2012-la-consecration-des-inegalites\/#breadcrumb\"},\"inLanguage\":\"fr-FR\",\"potentialAction\":[{\"@type\":\"ReadAction\",\"target\":[\"https:\/\/syndicoop.fr\/ofict\/bilan-pfr-b-2012-la-consecration-des-inegalites\/\"]}]},{\"@type\":\"BreadcrumbList\",\"@id\":\"https:\/\/syndicoop.fr\/ofict\/bilan-pfr-b-2012-la-consecration-des-inegalites\/#breadcrumb\",\"itemListElement\":[{\"@type\":\"ListItem\",\"position\":1,\"name\":\"Accueil\",\"item\":\"https:\/\/syndicoop.fr\/ofict\/\"},{\"@type\":\"ListItem\",\"position\":2,\"name\":\"Bilan PFR B 2012&#160;: la cons\u00e9cration des in\u00e9galit\u00e9s&#160;!\"}]},{\"@type\":\"WebSite\",\"@id\":\"https:\/\/syndicoop.fr\/ofict\/#website\",\"url\":\"https:\/\/syndicoop.fr\/ofict\/\",\"name\":\"OFICT-CGT Equipement-Environnement\",\"description\":\"avec Syndicoop.fr, plateforme syndicale et coop\u00e9rative\",\"publisher\":{\"@id\":\"https:\/\/syndicoop.fr\/ofict\/#organization\"},\"potentialAction\":[{\"@type\":\"SearchAction\",\"target\":{\"@type\":\"EntryPoint\",\"urlTemplate\":\"https:\/\/syndicoop.fr\/ofict\/?s={search_term_string}\"},\"query-input\":{\"@type\":\"PropertyValueSpecification\",\"valueRequired\":true,\"valueName\":\"search_term_string\"}}],\"inLanguage\":\"fr-FR\"},{\"@type\":\"Organization\",\"@id\":\"https:\/\/syndicoop.fr\/ofict\/#organization\",\"name\":\"ofict-cgt\",\"url\":\"https:\/\/syndicoop.fr\/ofict\/\",\"logo\":{\"@type\":\"ImageObject\",\"inLanguage\":\"fr-FR\",\"@id\":\"https:\/\/syndicoop.fr\/ofict\/#\/schema\/logo\/image\/\",\"url\":\"https:\/\/syndicoop.fr\/ofict\/wp-content\/uploads\/sites\/21\/2021\/01\/0-Logo-OFICT-couleur-ombre-grand.png\",\"contentUrl\":\"https:\/\/syndicoop.fr\/ofict\/wp-content\/uploads\/sites\/21\/2021\/01\/0-Logo-OFICT-couleur-ombre-grand.png\",\"width\":853,\"height\":626,\"caption\":\"ofict-cgt\"},\"image\":{\"@id\":\"https:\/\/syndicoop.fr\/ofict\/#\/schema\/logo\/image\/\"},\"sameAs\":[\"https:\/\/www.facebook.com\/ofictcgt\",\"https:\/\/x.com\/ofictcgt\",\"https:\/\/www.youtube.com\/channel\/UCuspFuV1HGEF1weXxpWVKtQ\"]},{\"@type\":\"Person\",\"@id\":\"https:\/\/syndicoop.fr\/ofict\/#\/schema\/person\/f39466be0f2870e8872f54607694f961\",\"name\":\"ecanonne\",\"image\":{\"@type\":\"ImageObject\",\"inLanguage\":\"fr-FR\",\"@id\":\"https:\/\/syndicoop.fr\/ofict\/#\/schema\/person\/image\/\",\"url\":\"\/\/www.gravatar.com\/avatar\/d77c79c43301ad5a8b26da1071f40071?s=96&#038;r=g&#038;d=mm\",\"contentUrl\":\"\/\/www.gravatar.com\/avatar\/d77c79c43301ad5a8b26da1071f40071?s=96&#038;r=g&#038;d=mm\",\"caption\":\"ecanonne\"}}]}<\/script>\n<!-- \/ Yoast SEO plugin. -->","yoast_head_json":{"title":"Bilan PFR B 2012 : la cons\u00e9cration des in\u00e9galit\u00e9s ! - OFICT-CGT Equipement-Environnement","robots":{"index":"index","follow":"follow","max-snippet":"max-snippet:-1","max-image-preview":"max-image-preview:large","max-video-preview":"max-video-preview:-1"},"canonical":"https:\/\/syndicoop.fr\/ofict\/bilan-pfr-b-2012-la-consecration-des-inegalites\/","og_locale":"fr_FR","og_type":"article","og_title":"Bilan PFR B 2012 : la cons\u00e9cration des in\u00e9galit\u00e9s ! - OFICT-CGT Equipement-Environnement","og_description":"L&rsquo;administration a \u00e9tabli un bilan d\u00e9finitif de la PFR 2012 pour les corps \u00ab\u00a0administratifs\u00a0\u00bb de cat\u00e9gorie B. 6210 agents \u00e9taient concern\u00e9s dont 5369 SAE, 467 CTT et 374 CAM.","og_url":"https:\/\/syndicoop.fr\/ofict\/bilan-pfr-b-2012-la-consecration-des-inegalites\/","og_site_name":"OFICT-CGT Equipement-Environnement","article_publisher":"https:\/\/www.facebook.com\/ofictcgt","article_published_time":"2013-06-03T20:16:13+00:00","article_modified_time":"2020-10-21T09:11:29+00:00","author":"ecanonne","twitter_card":"summary_large_image","twitter_creator":"@ofictcgt","twitter_site":"@ofictcgt","twitter_misc":{"\u00c9crit par":"ecanonne","Dur\u00e9e de lecture estim\u00e9e":"3 minutes"},"schema":{"@context":"https:\/\/schema.org","@graph":[{"@type":"Article","@id":"https:\/\/syndicoop.fr\/ofict\/bilan-pfr-b-2012-la-consecration-des-inegalites\/#article","isPartOf":{"@id":"https:\/\/syndicoop.fr\/ofict\/bilan-pfr-b-2012-la-consecration-des-inegalites\/"},"author":{"name":"ecanonne","@id":"https:\/\/syndicoop.fr\/ofict\/#\/schema\/person\/f39466be0f2870e8872f54607694f961"},"headline":"Bilan PFR B 2012 : la cons\u00e9cration des in\u00e9galit\u00e9s !","datePublished":"2013-06-03T20:16:13+00:00","dateModified":"2020-10-21T09:11:29+00:00","mainEntityOfPage":{"@id":"https:\/\/syndicoop.fr\/ofict\/bilan-pfr-b-2012-la-consecration-des-inegalites\/"},"wordCount":553,"commentCount":0,"publisher":{"@id":"https:\/\/syndicoop.fr\/ofict\/#organization"},"keywords":["SACDD"],"articleSection":["Actus"],"inLanguage":"fr-FR","potentialAction":[{"@type":"CommentAction","name":"Comment","target":["https:\/\/syndicoop.fr\/ofict\/bilan-pfr-b-2012-la-consecration-des-inegalites\/#respond"]}]},{"@type":"WebPage","@id":"https:\/\/syndicoop.fr\/ofict\/bilan-pfr-b-2012-la-consecration-des-inegalites\/","url":"https:\/\/syndicoop.fr\/ofict\/bilan-pfr-b-2012-la-consecration-des-inegalites\/","name":"Bilan PFR B 2012 : la cons\u00e9cration des in\u00e9galit\u00e9s ! - OFICT-CGT Equipement-Environnement","isPartOf":{"@id":"https:\/\/syndicoop.fr\/ofict\/#website"},"datePublished":"2013-06-03T20:16:13+00:00","dateModified":"2020-10-21T09:11:29+00:00","breadcrumb":{"@id":"https:\/\/syndicoop.fr\/ofict\/bilan-pfr-b-2012-la-consecration-des-inegalites\/#breadcrumb"},"inLanguage":"fr-FR","potentialAction":[{"@type":"ReadAction","target":["https:\/\/syndicoop.fr\/ofict\/bilan-pfr-b-2012-la-consecration-des-inegalites\/"]}]},{"@type":"BreadcrumbList","@id":"https:\/\/syndicoop.fr\/ofict\/bilan-pfr-b-2012-la-consecration-des-inegalites\/#breadcrumb","itemListElement":[{"@type":"ListItem","position":1,"name":"Accueil","item":"https:\/\/syndicoop.fr\/ofict\/"},{"@type":"ListItem","position":2,"name":"Bilan PFR B 2012&#160;: la cons\u00e9cration des in\u00e9galit\u00e9s&#160;!"}]},{"@type":"WebSite","@id":"https:\/\/syndicoop.fr\/ofict\/#website","url":"https:\/\/syndicoop.fr\/ofict\/","name":"OFICT-CGT Equipement-Environnement","description":"avec Syndicoop.fr, plateforme syndicale et coop\u00e9rative","publisher":{"@id":"https:\/\/syndicoop.fr\/ofict\/#organization"},"potentialAction":[{"@type":"SearchAction","target":{"@type":"EntryPoint","urlTemplate":"https:\/\/syndicoop.fr\/ofict\/?s={search_term_string}"},"query-input":{"@type":"PropertyValueSpecification","valueRequired":true,"valueName":"search_term_string"}}],"inLanguage":"fr-FR"},{"@type":"Organization","@id":"https:\/\/syndicoop.fr\/ofict\/#organization","name":"ofict-cgt","url":"https:\/\/syndicoop.fr\/ofict\/","logo":{"@type":"ImageObject","inLanguage":"fr-FR","@id":"https:\/\/syndicoop.fr\/ofict\/#\/schema\/logo\/image\/","url":"https:\/\/syndicoop.fr\/ofict\/wp-content\/uploads\/sites\/21\/2021\/01\/0-Logo-OFICT-couleur-ombre-grand.png","contentUrl":"https:\/\/syndicoop.fr\/ofict\/wp-content\/uploads\/sites\/21\/2021\/01\/0-Logo-OFICT-couleur-ombre-grand.png","width":853,"height":626,"caption":"ofict-cgt"},"image":{"@id":"https:\/\/syndicoop.fr\/ofict\/#\/schema\/logo\/image\/"},"sameAs":["https:\/\/www.facebook.com\/ofictcgt","https:\/\/x.com\/ofictcgt","https:\/\/www.youtube.com\/channel\/UCuspFuV1HGEF1weXxpWVKtQ"]},{"@type":"Person","@id":"https:\/\/syndicoop.fr\/ofict\/#\/schema\/person\/f39466be0f2870e8872f54607694f961","name":"ecanonne","image":{"@type":"ImageObject","inLanguage":"fr-FR","@id":"https:\/\/syndicoop.fr\/ofict\/#\/schema\/person\/image\/","url":"\/\/www.gravatar.com\/avatar\/d77c79c43301ad5a8b26da1071f40071?s=96&#038;r=g&#038;d=mm","contentUrl":"\/\/www.gravatar.com\/avatar\/d77c79c43301ad5a8b26da1071f40071?s=96&#038;r=g&#038;d=mm","caption":"ecanonne"}}]}},"_links":{"self":[{"href":"https:\/\/syndicoop.fr\/ofict\/wp-json\/wp\/v2\/posts\/1271","targetHints":{"allow":["GET"]}}],"collection":[{"href":"https:\/\/syndicoop.fr\/ofict\/wp-json\/wp\/v2\/posts"}],"about":[{"href":"https:\/\/syndicoop.fr\/ofict\/wp-json\/wp\/v2\/types\/post"}],"author":[{"embeddable":true,"href":"https:\/\/syndicoop.fr\/ofict\/wp-json\/wp\/v2\/users\/351"}],"replies":[{"embeddable":true,"href":"https:\/\/syndicoop.fr\/ofict\/wp-json\/wp\/v2\/comments?post=1271"}],"version-history":[{"count":0,"href":"https:\/\/syndicoop.fr\/ofict\/wp-json\/wp\/v2\/posts\/1271\/revisions"}],"wp:attachment":[{"href":"https:\/\/syndicoop.fr\/ofict\/wp-json\/wp\/v2\/media?parent=1271"}],"wp:term":[{"taxonomy":"category","embeddable":true,"href":"https:\/\/syndicoop.fr\/ofict\/wp-json\/wp\/v2\/categories?post=1271"},{"taxonomy":"post_tag","embeddable":true,"href":"https:\/\/syndicoop.fr\/ofict\/wp-json\/wp\/v2\/tags?post=1271"}],"curies":[{"name":"wp","href":"https:\/\/api.w.org\/{rel}","templated":true}]}}