{"id":1285,"date":"2013-06-04T23:07:40","date_gmt":"2013-06-04T21:07:40","guid":{"rendered":"http:\/\/ofict.reference-syndicale.fr\/?p=1285"},"modified":"2020-10-21T11:12:24","modified_gmt":"2020-10-21T09:12:24","slug":"etat-des-lieux-les-lieux-de-letat-publication-dun-ouvrage","status":"publish","type":"post","link":"https:\/\/syndicoop.fr\/ofict\/etat-des-lieux-les-lieux-de-letat-publication-dun-ouvrage\/","title":{"rendered":"Etat des lieux. Les lieux de l&rsquo;Etat &#8211; Publication d&rsquo;un ouvrage"},"content":{"rendered":"<p>\u00ab \u00c9tat des lieux, les lieux de l\u2019\u00c9tat \u00bb est un livre avec des images sur un corps en souffrance : celui des fonctionnaires de l\u2019\u00c9tat. Une approche photographique contemporaine associ\u00e9e \u00e0 une analyse de la r\u00e9forme de l\u2019\u00c9tat dans ses cons\u00e9quences et effets sur les agents de la fonction publique, pour un livre-objet d\u00e9tonant et engag\u00e9, o\u00f9 l&rsquo;on retrouve la m\u00eame d\u00e9marche que celle mise en oeuvre dans le cadre de l&rsquo;activit\u00e9 syndicale sp\u00e9cifique : partir du v\u00e9cu et du travail r\u00e9el et qui montre tout ce qui fait la valeur du travail.<!--more--><\/p>\n<p><strong><a href=\"http:\/\/ofict.reference-syndicale.fr\/files\/2013\/06\/etat-des-lieux.jpg\"><img loading=\"lazy\" decoding=\"async\" class=\"alignleft size-full wp-image-1286\" alt=\"Imprimer\" src=\"http:\/\/ofict.reference-syndicale.fr\/files\/2013\/06\/etat-des-lieux.jpg\" width=\"620\" height=\"376\" srcset=\"https:\/\/syndicoop.fr\/ofict\/wp-content\/uploads\/sites\/21\/2013\/06\/etat-des-lieux.jpg 620w, https:\/\/syndicoop.fr\/ofict\/wp-content\/uploads\/sites\/21\/2013\/06\/etat-des-lieux-300x182.jpg 300w\" sizes=\"auto, (max-width: 620px) 100vw, 620px\" \/><\/a>Le photographe David Desaleux<\/strong>\u00a0a choisi de poser son appareil dans les bureaux de l\u2019ancienne DDE de Lyon.\u00a0<strong>Deux chercheurs<\/strong>\u00a0ont ensuite apport\u00e9 leurs concours \u00e0 cette premi\u00e8re approche. Pendant une ann\u00e9e, les auteurs ont donc suivi le d\u00e9m\u00e9nagement de l\u2019ex-DDE de Lyon et son \u00e9ni\u00e8me remaniement\u00a0:\u00a0<strong>rendre compte des lieux et de la parole de ses fonctionnaires<\/strong>\u00a0sont les composantes de\u00a0<strong>ce voyage au c\u0153ur d\u2019une fonction publique en plein bouleversement<\/strong>, qui questionne \u00e0 la fois son r\u00f4le et son avenir.<\/p>\n<p><strong>\u00c9tat des lieux, les lieux de l\u2019\u00c9tat<\/strong> est une proposition de r\u00e9cit photographique et sociologique, dans les locaux de l\u2019ancienne DDE de Lyon. Confront\u00e9es au t\u00e9moignages des fonctionnaires, les images rendent enfin\u00a0 visibles les bouleversements induits par la r\u00e9forme de l\u2019\u00c9tat et de ses administrations. L\u2019occasion, rare, de d\u00e9couvrir la d\u00e9stabilisation d\u2019un collectif de travail d\u00e9di\u00e9 au service public et de poser la question de sa disparition.<\/p>\n<p><strong>Cet ouvrage a \u00e9galement donn\u00e9 lieu \u00e0 une exposition qui s&rsquo;est tenue du 24 janvier au 22 mars 2013 \u00e0 l&rsquo;Ecole Normale Sup\u00e9rieure de Lyon :<\/strong><\/p>\n<p><a href=\"http:\/\/www.ens-lyon.eu\/actualites\/etat-des-lieux-les-lieux-de-l-etat-176004.kjsp?RH=ENS-LYON-FR-PROGCULT\">http:\/\/www.ens-lyon.eu\/actualites\/etat-des-lieux-les-lieux-de-l-etat-176004.kjsp?RH=ENS-LYON-FR-PROGCULT<\/a><\/p>\n<p><a href=\"http:\/\/www.editions-libel.fr\/agence-maison-edition\/Actualites\/david-desaleux-etat-des-lieux.html\">http:\/\/www.editions-libel.fr\/agence-maison-edition\/Actualites\/david-desaleux-etat-des-lieux.html<\/a><\/p>\n<div>\n<div><a href=\"http:\/\/www.editions-libel.fr\/agence-maison-edition\/vmchk\/Catalogue\/Etat-des-lieux\/flypage_new.tpl.html\">http:\/\/www.editions-libel.fr\/agence-maison-edition\/vmchk\/Catalogue\/Etat-des-lieux\/flypage_new.tpl.html<\/a><\/div>\n<div><a href=\"http:\/\/culturevisuelle.org\/viesociale\/3901\">\u00a0<\/a><\/div>\n<\/div>\n","protected":false},"excerpt":{"rendered":"<p>\u00ab \u00c9tat des lieux, les lieux de l\u2019\u00c9tat \u00bb est un livre avec des images sur un corps en souffrance : celui des fonctionnaires de l\u2019\u00c9tat. Une approche photographique contemporaine associ\u00e9e \u00e0 une analyse de la r\u00e9forme de l\u2019\u00c9tat dans ses cons\u00e9quences et effets sur les agents de la fonction publique, pour un livre-objet d\u00e9tonant [&hellip;]<\/p>\n","protected":false},"author":351,"featured_media":1286,"comment_status":"open","ping_status":"closed","sticky":false,"template":"","format":"standard","meta":{"_acf_changed":false,"footnotes":""},"categories":[1,382],"tags":[],"class_list":["post-1285","post","type-post","status-publish","format-standard","has-post-thumbnail","hentry","category-actus","category-ofict","themes-services-missions-et-sens-du-travail","secteur-ddi"],"acf":[],"yoast_head":"<!-- This site is optimized with the Yoast SEO plugin v26.3 - https:\/\/yoast.com\/wordpress\/plugins\/seo\/ -->\n<title>Etat des lieux. Les lieux de l&#039;Etat - Publication d&#039;un ouvrage - OFICT-CGT Equipement-Environnement<\/title>\n<meta name=\"robots\" content=\"index, follow, max-snippet:-1, max-image-preview:large, max-video-preview:-1\" \/>\n<link rel=\"canonical\" href=\"https:\/\/syndicoop.fr\/ofict\/etat-des-lieux-les-lieux-de-letat-publication-dun-ouvrage\/\" \/>\n<meta property=\"og:locale\" content=\"fr_FR\" \/>\n<meta property=\"og:type\" content=\"article\" \/>\n<meta property=\"og:title\" content=\"Etat des lieux. Les lieux de l&#039;Etat - Publication d&#039;un ouvrage - OFICT-CGT Equipement-Environnement\" \/>\n<meta property=\"og:description\" content=\"\u00ab \u00c9tat des lieux, les lieux de l\u2019\u00c9tat \u00bb est un livre avec des images sur un corps en souffrance : celui des fonctionnaires de l\u2019\u00c9tat. Une approche photographique contemporaine associ\u00e9e \u00e0 une analyse de la r\u00e9forme de l\u2019\u00c9tat dans ses cons\u00e9quences et effets sur les agents de la fonction publique, pour un livre-objet d\u00e9tonant [&hellip;]\" \/>\n<meta property=\"og:url\" content=\"https:\/\/syndicoop.fr\/ofict\/etat-des-lieux-les-lieux-de-letat-publication-dun-ouvrage\/\" \/>\n<meta property=\"og:site_name\" content=\"OFICT-CGT Equipement-Environnement\" \/>\n<meta property=\"article:publisher\" content=\"https:\/\/www.facebook.com\/ofictcgt\" \/>\n<meta property=\"article:published_time\" content=\"2013-06-04T21:07:40+00:00\" \/>\n<meta property=\"article:modified_time\" content=\"2020-10-21T09:12:24+00:00\" \/>\n<meta property=\"og:image\" content=\"https:\/\/syndicoop.fr\/ofict\/wp-content\/uploads\/sites\/21\/2013\/06\/etat-des-lieux.jpg\" \/>\n\t<meta property=\"og:image:width\" content=\"620\" \/>\n\t<meta property=\"og:image:height\" content=\"376\" \/>\n\t<meta property=\"og:image:type\" content=\"image\/jpeg\" \/>\n<meta name=\"author\" content=\"ecanonne\" \/>\n<meta name=\"twitter:card\" content=\"summary_large_image\" \/>\n<meta name=\"twitter:creator\" content=\"@ofictcgt\" \/>\n<meta name=\"twitter:site\" content=\"@ofictcgt\" \/>\n<meta name=\"twitter:label1\" content=\"\u00c9crit par\" \/>\n\t<meta name=\"twitter:data1\" content=\"ecanonne\" \/>\n\t<meta name=\"twitter:label2\" content=\"Dur\u00e9e de lecture estim\u00e9e\" \/>\n\t<meta name=\"twitter:data2\" content=\"2 minutes\" \/>\n<script type=\"application\/ld+json\" class=\"yoast-schema-graph\">{\"@context\":\"https:\/\/schema.org\",\"@graph\":[{\"@type\":\"Article\",\"@id\":\"https:\/\/syndicoop.fr\/ofict\/etat-des-lieux-les-lieux-de-letat-publication-dun-ouvrage\/#article\",\"isPartOf\":{\"@id\":\"https:\/\/syndicoop.fr\/ofict\/etat-des-lieux-les-lieux-de-letat-publication-dun-ouvrage\/\"},\"author\":{\"name\":\"ecanonne\",\"@id\":\"https:\/\/syndicoop.fr\/ofict\/#\/schema\/person\/f39466be0f2870e8872f54607694f961\"},\"headline\":\"Etat des lieux. Les lieux de l&rsquo;Etat &#8211; Publication d&rsquo;un ouvrage\",\"datePublished\":\"2013-06-04T21:07:40+00:00\",\"dateModified\":\"2020-10-21T09:12:24+00:00\",\"mainEntityOfPage\":{\"@id\":\"https:\/\/syndicoop.fr\/ofict\/etat-des-lieux-les-lieux-de-letat-publication-dun-ouvrage\/\"},\"wordCount\":331,\"commentCount\":0,\"publisher\":{\"@id\":\"https:\/\/syndicoop.fr\/ofict\/#organization\"},\"image\":{\"@id\":\"https:\/\/syndicoop.fr\/ofict\/etat-des-lieux-les-lieux-de-letat-publication-dun-ouvrage\/#primaryimage\"},\"thumbnailUrl\":\"https:\/\/syndicoop.fr\/ofict\/wp-content\/uploads\/sites\/21\/2013\/06\/etat-des-lieux.jpg\",\"articleSection\":[\"Actus\",\"Ofict\"],\"inLanguage\":\"fr-FR\",\"potentialAction\":[{\"@type\":\"CommentAction\",\"name\":\"Comment\",\"target\":[\"https:\/\/syndicoop.fr\/ofict\/etat-des-lieux-les-lieux-de-letat-publication-dun-ouvrage\/#respond\"]}]},{\"@type\":\"WebPage\",\"@id\":\"https:\/\/syndicoop.fr\/ofict\/etat-des-lieux-les-lieux-de-letat-publication-dun-ouvrage\/\",\"url\":\"https:\/\/syndicoop.fr\/ofict\/etat-des-lieux-les-lieux-de-letat-publication-dun-ouvrage\/\",\"name\":\"Etat des lieux. Les lieux de l'Etat - Publication d'un ouvrage - OFICT-CGT Equipement-Environnement\",\"isPartOf\":{\"@id\":\"https:\/\/syndicoop.fr\/ofict\/#website\"},\"primaryImageOfPage\":{\"@id\":\"https:\/\/syndicoop.fr\/ofict\/etat-des-lieux-les-lieux-de-letat-publication-dun-ouvrage\/#primaryimage\"},\"image\":{\"@id\":\"https:\/\/syndicoop.fr\/ofict\/etat-des-lieux-les-lieux-de-letat-publication-dun-ouvrage\/#primaryimage\"},\"thumbnailUrl\":\"https:\/\/syndicoop.fr\/ofict\/wp-content\/uploads\/sites\/21\/2013\/06\/etat-des-lieux.jpg\",\"datePublished\":\"2013-06-04T21:07:40+00:00\",\"dateModified\":\"2020-10-21T09:12:24+00:00\",\"breadcrumb\":{\"@id\":\"https:\/\/syndicoop.fr\/ofict\/etat-des-lieux-les-lieux-de-letat-publication-dun-ouvrage\/#breadcrumb\"},\"inLanguage\":\"fr-FR\",\"potentialAction\":[{\"@type\":\"ReadAction\",\"target\":[\"https:\/\/syndicoop.fr\/ofict\/etat-des-lieux-les-lieux-de-letat-publication-dun-ouvrage\/\"]}]},{\"@type\":\"ImageObject\",\"inLanguage\":\"fr-FR\",\"@id\":\"https:\/\/syndicoop.fr\/ofict\/etat-des-lieux-les-lieux-de-letat-publication-dun-ouvrage\/#primaryimage\",\"url\":\"https:\/\/syndicoop.fr\/ofict\/wp-content\/uploads\/sites\/21\/2013\/06\/etat-des-lieux.jpg\",\"contentUrl\":\"https:\/\/syndicoop.fr\/ofict\/wp-content\/uploads\/sites\/21\/2013\/06\/etat-des-lieux.jpg\",\"width\":620,\"height\":376},{\"@type\":\"BreadcrumbList\",\"@id\":\"https:\/\/syndicoop.fr\/ofict\/etat-des-lieux-les-lieux-de-letat-publication-dun-ouvrage\/#breadcrumb\",\"itemListElement\":[{\"@type\":\"ListItem\",\"position\":1,\"name\":\"Accueil\",\"item\":\"https:\/\/syndicoop.fr\/ofict\/\"},{\"@type\":\"ListItem\",\"position\":2,\"name\":\"Etat des lieux. Les lieux de l&#8217;Etat &#8211; Publication d&#8217;un ouvrage\"}]},{\"@type\":\"WebSite\",\"@id\":\"https:\/\/syndicoop.fr\/ofict\/#website\",\"url\":\"https:\/\/syndicoop.fr\/ofict\/\",\"name\":\"OFICT-CGT Equipement-Environnement\",\"description\":\"avec Syndicoop.fr, plateforme syndicale et coop\u00e9rative\",\"publisher\":{\"@id\":\"https:\/\/syndicoop.fr\/ofict\/#organization\"},\"potentialAction\":[{\"@type\":\"SearchAction\",\"target\":{\"@type\":\"EntryPoint\",\"urlTemplate\":\"https:\/\/syndicoop.fr\/ofict\/?s={search_term_string}\"},\"query-input\":{\"@type\":\"PropertyValueSpecification\",\"valueRequired\":true,\"valueName\":\"search_term_string\"}}],\"inLanguage\":\"fr-FR\"},{\"@type\":\"Organization\",\"@id\":\"https:\/\/syndicoop.fr\/ofict\/#organization\",\"name\":\"ofict-cgt\",\"url\":\"https:\/\/syndicoop.fr\/ofict\/\",\"logo\":{\"@type\":\"ImageObject\",\"inLanguage\":\"fr-FR\",\"@id\":\"https:\/\/syndicoop.fr\/ofict\/#\/schema\/logo\/image\/\",\"url\":\"https:\/\/syndicoop.fr\/ofict\/wp-content\/uploads\/sites\/21\/2021\/01\/0-Logo-OFICT-couleur-ombre-grand.png\",\"contentUrl\":\"https:\/\/syndicoop.fr\/ofict\/wp-content\/uploads\/sites\/21\/2021\/01\/0-Logo-OFICT-couleur-ombre-grand.png\",\"width\":853,\"height\":626,\"caption\":\"ofict-cgt\"},\"image\":{\"@id\":\"https:\/\/syndicoop.fr\/ofict\/#\/schema\/logo\/image\/\"},\"sameAs\":[\"https:\/\/www.facebook.com\/ofictcgt\",\"https:\/\/x.com\/ofictcgt\",\"https:\/\/www.youtube.com\/channel\/UCuspFuV1HGEF1weXxpWVKtQ\"]},{\"@type\":\"Person\",\"@id\":\"https:\/\/syndicoop.fr\/ofict\/#\/schema\/person\/f39466be0f2870e8872f54607694f961\",\"name\":\"ecanonne\",\"image\":{\"@type\":\"ImageObject\",\"inLanguage\":\"fr-FR\",\"@id\":\"https:\/\/syndicoop.fr\/ofict\/#\/schema\/person\/image\/\",\"url\":\"\/\/www.gravatar.com\/avatar\/d77c79c43301ad5a8b26da1071f40071?s=96&#038;r=g&#038;d=mm\",\"contentUrl\":\"\/\/www.gravatar.com\/avatar\/d77c79c43301ad5a8b26da1071f40071?s=96&#038;r=g&#038;d=mm\",\"caption\":\"ecanonne\"}}]}<\/script>\n<!-- \/ Yoast SEO plugin. -->","yoast_head_json":{"title":"Etat des lieux. Les lieux de l'Etat - Publication d'un ouvrage - OFICT-CGT Equipement-Environnement","robots":{"index":"index","follow":"follow","max-snippet":"max-snippet:-1","max-image-preview":"max-image-preview:large","max-video-preview":"max-video-preview:-1"},"canonical":"https:\/\/syndicoop.fr\/ofict\/etat-des-lieux-les-lieux-de-letat-publication-dun-ouvrage\/","og_locale":"fr_FR","og_type":"article","og_title":"Etat des lieux. Les lieux de l'Etat - Publication d'un ouvrage - OFICT-CGT Equipement-Environnement","og_description":"\u00ab \u00c9tat des lieux, les lieux de l\u2019\u00c9tat \u00bb est un livre avec des images sur un corps en souffrance : celui des fonctionnaires de l\u2019\u00c9tat. Une approche photographique contemporaine associ\u00e9e \u00e0 une analyse de la r\u00e9forme de l\u2019\u00c9tat dans ses cons\u00e9quences et effets sur les agents de la fonction publique, pour un livre-objet d\u00e9tonant [&hellip;]","og_url":"https:\/\/syndicoop.fr\/ofict\/etat-des-lieux-les-lieux-de-letat-publication-dun-ouvrage\/","og_site_name":"OFICT-CGT Equipement-Environnement","article_publisher":"https:\/\/www.facebook.com\/ofictcgt","article_published_time":"2013-06-04T21:07:40+00:00","article_modified_time":"2020-10-21T09:12:24+00:00","og_image":[{"width":620,"height":376,"url":"https:\/\/syndicoop.fr\/ofict\/wp-content\/uploads\/sites\/21\/2013\/06\/etat-des-lieux.jpg","type":"image\/jpeg"}],"author":"ecanonne","twitter_card":"summary_large_image","twitter_creator":"@ofictcgt","twitter_site":"@ofictcgt","twitter_misc":{"\u00c9crit par":"ecanonne","Dur\u00e9e de lecture estim\u00e9e":"2 minutes"},"schema":{"@context":"https:\/\/schema.org","@graph":[{"@type":"Article","@id":"https:\/\/syndicoop.fr\/ofict\/etat-des-lieux-les-lieux-de-letat-publication-dun-ouvrage\/#article","isPartOf":{"@id":"https:\/\/syndicoop.fr\/ofict\/etat-des-lieux-les-lieux-de-letat-publication-dun-ouvrage\/"},"author":{"name":"ecanonne","@id":"https:\/\/syndicoop.fr\/ofict\/#\/schema\/person\/f39466be0f2870e8872f54607694f961"},"headline":"Etat des lieux. Les lieux de l&rsquo;Etat &#8211; Publication d&rsquo;un ouvrage","datePublished":"2013-06-04T21:07:40+00:00","dateModified":"2020-10-21T09:12:24+00:00","mainEntityOfPage":{"@id":"https:\/\/syndicoop.fr\/ofict\/etat-des-lieux-les-lieux-de-letat-publication-dun-ouvrage\/"},"wordCount":331,"commentCount":0,"publisher":{"@id":"https:\/\/syndicoop.fr\/ofict\/#organization"},"image":{"@id":"https:\/\/syndicoop.fr\/ofict\/etat-des-lieux-les-lieux-de-letat-publication-dun-ouvrage\/#primaryimage"},"thumbnailUrl":"https:\/\/syndicoop.fr\/ofict\/wp-content\/uploads\/sites\/21\/2013\/06\/etat-des-lieux.jpg","articleSection":["Actus","Ofict"],"inLanguage":"fr-FR","potentialAction":[{"@type":"CommentAction","name":"Comment","target":["https:\/\/syndicoop.fr\/ofict\/etat-des-lieux-les-lieux-de-letat-publication-dun-ouvrage\/#respond"]}]},{"@type":"WebPage","@id":"https:\/\/syndicoop.fr\/ofict\/etat-des-lieux-les-lieux-de-letat-publication-dun-ouvrage\/","url":"https:\/\/syndicoop.fr\/ofict\/etat-des-lieux-les-lieux-de-letat-publication-dun-ouvrage\/","name":"Etat des lieux. Les lieux de l'Etat - Publication d'un ouvrage - OFICT-CGT Equipement-Environnement","isPartOf":{"@id":"https:\/\/syndicoop.fr\/ofict\/#website"},"primaryImageOfPage":{"@id":"https:\/\/syndicoop.fr\/ofict\/etat-des-lieux-les-lieux-de-letat-publication-dun-ouvrage\/#primaryimage"},"image":{"@id":"https:\/\/syndicoop.fr\/ofict\/etat-des-lieux-les-lieux-de-letat-publication-dun-ouvrage\/#primaryimage"},"thumbnailUrl":"https:\/\/syndicoop.fr\/ofict\/wp-content\/uploads\/sites\/21\/2013\/06\/etat-des-lieux.jpg","datePublished":"2013-06-04T21:07:40+00:00","dateModified":"2020-10-21T09:12:24+00:00","breadcrumb":{"@id":"https:\/\/syndicoop.fr\/ofict\/etat-des-lieux-les-lieux-de-letat-publication-dun-ouvrage\/#breadcrumb"},"inLanguage":"fr-FR","potentialAction":[{"@type":"ReadAction","target":["https:\/\/syndicoop.fr\/ofict\/etat-des-lieux-les-lieux-de-letat-publication-dun-ouvrage\/"]}]},{"@type":"ImageObject","inLanguage":"fr-FR","@id":"https:\/\/syndicoop.fr\/ofict\/etat-des-lieux-les-lieux-de-letat-publication-dun-ouvrage\/#primaryimage","url":"https:\/\/syndicoop.fr\/ofict\/wp-content\/uploads\/sites\/21\/2013\/06\/etat-des-lieux.jpg","contentUrl":"https:\/\/syndicoop.fr\/ofict\/wp-content\/uploads\/sites\/21\/2013\/06\/etat-des-lieux.jpg","width":620,"height":376},{"@type":"BreadcrumbList","@id":"https:\/\/syndicoop.fr\/ofict\/etat-des-lieux-les-lieux-de-letat-publication-dun-ouvrage\/#breadcrumb","itemListElement":[{"@type":"ListItem","position":1,"name":"Accueil","item":"https:\/\/syndicoop.fr\/ofict\/"},{"@type":"ListItem","position":2,"name":"Etat des lieux. Les lieux de l&#8217;Etat &#8211; Publication d&#8217;un ouvrage"}]},{"@type":"WebSite","@id":"https:\/\/syndicoop.fr\/ofict\/#website","url":"https:\/\/syndicoop.fr\/ofict\/","name":"OFICT-CGT Equipement-Environnement","description":"avec Syndicoop.fr, plateforme syndicale et coop\u00e9rative","publisher":{"@id":"https:\/\/syndicoop.fr\/ofict\/#organization"},"potentialAction":[{"@type":"SearchAction","target":{"@type":"EntryPoint","urlTemplate":"https:\/\/syndicoop.fr\/ofict\/?s={search_term_string}"},"query-input":{"@type":"PropertyValueSpecification","valueRequired":true,"valueName":"search_term_string"}}],"inLanguage":"fr-FR"},{"@type":"Organization","@id":"https:\/\/syndicoop.fr\/ofict\/#organization","name":"ofict-cgt","url":"https:\/\/syndicoop.fr\/ofict\/","logo":{"@type":"ImageObject","inLanguage":"fr-FR","@id":"https:\/\/syndicoop.fr\/ofict\/#\/schema\/logo\/image\/","url":"https:\/\/syndicoop.fr\/ofict\/wp-content\/uploads\/sites\/21\/2021\/01\/0-Logo-OFICT-couleur-ombre-grand.png","contentUrl":"https:\/\/syndicoop.fr\/ofict\/wp-content\/uploads\/sites\/21\/2021\/01\/0-Logo-OFICT-couleur-ombre-grand.png","width":853,"height":626,"caption":"ofict-cgt"},"image":{"@id":"https:\/\/syndicoop.fr\/ofict\/#\/schema\/logo\/image\/"},"sameAs":["https:\/\/www.facebook.com\/ofictcgt","https:\/\/x.com\/ofictcgt","https:\/\/www.youtube.com\/channel\/UCuspFuV1HGEF1weXxpWVKtQ"]},{"@type":"Person","@id":"https:\/\/syndicoop.fr\/ofict\/#\/schema\/person\/f39466be0f2870e8872f54607694f961","name":"ecanonne","image":{"@type":"ImageObject","inLanguage":"fr-FR","@id":"https:\/\/syndicoop.fr\/ofict\/#\/schema\/person\/image\/","url":"\/\/www.gravatar.com\/avatar\/d77c79c43301ad5a8b26da1071f40071?s=96&#038;r=g&#038;d=mm","contentUrl":"\/\/www.gravatar.com\/avatar\/d77c79c43301ad5a8b26da1071f40071?s=96&#038;r=g&#038;d=mm","caption":"ecanonne"}}]}},"_links":{"self":[{"href":"https:\/\/syndicoop.fr\/ofict\/wp-json\/wp\/v2\/posts\/1285","targetHints":{"allow":["GET"]}}],"collection":[{"href":"https:\/\/syndicoop.fr\/ofict\/wp-json\/wp\/v2\/posts"}],"about":[{"href":"https:\/\/syndicoop.fr\/ofict\/wp-json\/wp\/v2\/types\/post"}],"author":[{"embeddable":true,"href":"https:\/\/syndicoop.fr\/ofict\/wp-json\/wp\/v2\/users\/351"}],"replies":[{"embeddable":true,"href":"https:\/\/syndicoop.fr\/ofict\/wp-json\/wp\/v2\/comments?post=1285"}],"version-history":[{"count":0,"href":"https:\/\/syndicoop.fr\/ofict\/wp-json\/wp\/v2\/posts\/1285\/revisions"}],"wp:featuredmedia":[{"embeddable":true,"href":"https:\/\/syndicoop.fr\/ofict\/wp-json\/wp\/v2\/media\/1286"}],"wp:attachment":[{"href":"https:\/\/syndicoop.fr\/ofict\/wp-json\/wp\/v2\/media?parent=1285"}],"wp:term":[{"taxonomy":"category","embeddable":true,"href":"https:\/\/syndicoop.fr\/ofict\/wp-json\/wp\/v2\/categories?post=1285"},{"taxonomy":"post_tag","embeddable":true,"href":"https:\/\/syndicoop.fr\/ofict\/wp-json\/wp\/v2\/tags?post=1285"}],"curies":[{"name":"wp","href":"https:\/\/api.w.org\/{rel}","templated":true}]}}