{"id":1316,"date":"2013-06-10T20:49:55","date_gmt":"2013-06-10T18:49:55","guid":{"rendered":"http:\/\/ofict.reference-syndicale.fr\/?p=1316"},"modified":"2020-05-29T13:33:13","modified_gmt":"2020-05-29T11:33:13","slug":"rassemblement-du-19-juin-2013-declaration-des-organisations-syndicales-membres-de-la-ces","status":"publish","type":"post","link":"https:\/\/syndicoop.fr\/ofict\/rassemblement-du-19-juin-2013-declaration-des-organisations-syndicales-membres-de-la-ces\/","title":{"rendered":"Rassemblement du 19 juin 2013 | D\u00e9claration des organisations syndicales membres de la CES"},"content":{"rendered":"<p>Les organisations syndicales CFDT, CFTC, CGT, UNSA membres de la Conf\u00e9d\u00e9ration europ\u00e9enne des syndicats s\u2019inscrivent dans la campagne d\u00e9cid\u00e9e par la CES en vue du Conseil europ\u00e9en des 27 et 28 juin 2013 qui doit examiner une feuille de route pour une dimension sociale de l\u2019Union \u00e9conomique et mon\u00e9taire (UEM).<!--more--><\/p>\n<p>Les politiques d\u2019aust\u00e9rit\u00e9 font la d\u00e9monstration de leur inefficacit\u00e9, l\u2019Europe doit changer de cap.<\/p>\n<p>Si les politiques \u00e9conomiques coordonn\u00e9es et l\u2019objectif d\u2019assainissement des finances publiques sont n\u00e9cessaires, les organisations syndicales fran\u00e7aises membres de la CES consid\u00e8rent cependant qu\u2019il est urgent de mettre fin \u00e0 des coupes injustes dans les d\u00e9penses publiques qui contribuent \u00e0 augmenter le ch\u00f4mage, les in\u00e9galit\u00e9s, la pauvret\u00e9, d\u00e9gradent les services publics et aggravent la r\u00e9cession.<\/p>\n<p>Elles se prononcent en faveur d\u2019une politique d\u2019investissements favorisant une croissance et des emplois durables, des mesures permettant de mettre fin \u00e0 la concurrence en mati\u00e8re de salaires et de conditions de travail, \u00e0 la concurrence fiscale, \u00e0 la fraude et \u00e0 l\u2019\u00e9vasion fiscale. C\u2019est le sens de la proposition de contrat social pour l\u2019Europe qu\u2019elles soutiennent. Cela doit se traduire notamment par l\u2019instauration d\u2019un salaire et de revenu minimums dans chaque Etat europ\u00e9en et la mise en oeuvre d\u2019initiatives en faveur de l\u2019emploi des jeunes.<\/p>\n<p>La dimension sociale de l\u2019Europe doit faire partie int\u00e9grante de la gouvernance \u00e9conomique et budg\u00e9taire. Dans cet objectif, les partenaires sociaux doivent \u00eatre associ\u00e9s au niveau national et au niveau europ\u00e9en, aux diff\u00e9rentes \u00e9tapes des processus d\u2019\u00e9laboration des politiques au sein de la gouvernance \u00e9conomique et sociale europ\u00e9enne. Le dialogue social doit permettre d\u2019apporter des solutions justes aux probl\u00e8mes auxquels sont confront\u00e9s les salari\u00e9s.<\/p>\n<p>A leur demande, la CES et les organisations syndicales fran\u00e7aises qui en sont membres seront re\u00e7ues par le Pr\u00e9sident de la R\u00e9publique le 19 juin. Elles lui feront part de leurs demandes et attendent du chef de l\u2019Etat et du gouvernement qu\u2019ils portent ces objectifs et ces priorit\u00e9s lors du Conseil europ\u00e9en des 27 et 28 juin 2013.<\/p>\n<p>En appui \u00e0 cette d\u00e9marche et dans le cadre d\u2019une campagne syndicale europ\u00e9enne, les organisations syndicales CFDT, CFTC, CGT, UNSA appellent \u00e0 participer au rassemblement qu\u2019elles organiseront \u00e0 Paris le 19 juin, jour de la rencontre de la Secr\u00e9taire g\u00e9n\u00e9rale de la CES et des Secr\u00e9taires g\u00e9n\u00e9raux et pr\u00e9sidents des organisations fran\u00e7aises avec le Pr\u00e9sident de la R\u00e9publique.<\/p>\n<p><strong>La CGT, la CFDT, l&rsquo;UNSA organisent ce m\u00eame jour un rassemblement de 13h \u00e0 14h place de l&rsquo;Alma o\u00f9 Bernadette Segol et Thierry Lepaon (nouveau secr\u00e9taire de la CGT) prendront la parole.<\/strong><\/p>\n","protected":false},"excerpt":{"rendered":"<p>Les organisations syndicales CFDT, CFTC, CGT, UNSA membres de la Conf\u00e9d\u00e9ration europ\u00e9enne des syndicats s\u2019inscrivent dans la campagne d\u00e9cid\u00e9e par la CES en vue du Conseil europ\u00e9en des 27 et 28 juin 2013 qui doit examiner une feuille de route pour une dimension sociale de l\u2019Union \u00e9conomique et mon\u00e9taire (UEM).<\/p>\n","protected":false},"author":351,"featured_media":0,"comment_status":"open","ping_status":"closed","sticky":false,"template":"","format":"standard","meta":{"_acf_changed":false,"footnotes":""},"categories":[1],"tags":[],"class_list":["post-1316","post","type-post","status-publish","format-standard","hentry","category-actus","documents-tracts"],"acf":[],"yoast_head":"<!-- This site is optimized with the Yoast SEO plugin v26.3 - https:\/\/yoast.com\/wordpress\/plugins\/seo\/ -->\n<title>Rassemblement du 19 juin 2013 | D\u00e9claration des organisations syndicales membres de la CES - OFICT-CGT Equipement-Environnement<\/title>\n<meta name=\"robots\" content=\"index, follow, max-snippet:-1, max-image-preview:large, max-video-preview:-1\" \/>\n<link rel=\"canonical\" href=\"https:\/\/syndicoop.fr\/ofict\/rassemblement-du-19-juin-2013-declaration-des-organisations-syndicales-membres-de-la-ces\/\" \/>\n<meta property=\"og:locale\" content=\"fr_FR\" \/>\n<meta property=\"og:type\" content=\"article\" \/>\n<meta property=\"og:title\" content=\"Rassemblement du 19 juin 2013 | D\u00e9claration des organisations syndicales membres de la CES - OFICT-CGT Equipement-Environnement\" \/>\n<meta property=\"og:description\" content=\"Les organisations syndicales CFDT, CFTC, CGT, UNSA membres de la Conf\u00e9d\u00e9ration europ\u00e9enne des syndicats s\u2019inscrivent dans la campagne d\u00e9cid\u00e9e par la CES en vue du Conseil europ\u00e9en des 27 et 28 juin 2013 qui doit examiner une feuille de route pour une dimension sociale de l\u2019Union \u00e9conomique et mon\u00e9taire (UEM).\" \/>\n<meta property=\"og:url\" content=\"https:\/\/syndicoop.fr\/ofict\/rassemblement-du-19-juin-2013-declaration-des-organisations-syndicales-membres-de-la-ces\/\" \/>\n<meta property=\"og:site_name\" content=\"OFICT-CGT Equipement-Environnement\" \/>\n<meta property=\"article:publisher\" content=\"https:\/\/www.facebook.com\/ofictcgt\" \/>\n<meta property=\"article:published_time\" content=\"2013-06-10T18:49:55+00:00\" \/>\n<meta property=\"article:modified_time\" content=\"2020-05-29T11:33:13+00:00\" \/>\n<meta name=\"author\" content=\"ecanonne\" \/>\n<meta name=\"twitter:card\" content=\"summary_large_image\" \/>\n<meta name=\"twitter:creator\" content=\"@ofictcgt\" \/>\n<meta name=\"twitter:site\" content=\"@ofictcgt\" \/>\n<meta name=\"twitter:label1\" content=\"\u00c9crit par\" \/>\n\t<meta name=\"twitter:data1\" content=\"ecanonne\" \/>\n\t<meta name=\"twitter:label2\" content=\"Dur\u00e9e de lecture estim\u00e9e\" \/>\n\t<meta name=\"twitter:data2\" content=\"2 minutes\" \/>\n<script type=\"application\/ld+json\" class=\"yoast-schema-graph\">{\"@context\":\"https:\/\/schema.org\",\"@graph\":[{\"@type\":\"Article\",\"@id\":\"https:\/\/syndicoop.fr\/ofict\/rassemblement-du-19-juin-2013-declaration-des-organisations-syndicales-membres-de-la-ces\/#article\",\"isPartOf\":{\"@id\":\"https:\/\/syndicoop.fr\/ofict\/rassemblement-du-19-juin-2013-declaration-des-organisations-syndicales-membres-de-la-ces\/\"},\"author\":{\"name\":\"ecanonne\",\"@id\":\"https:\/\/syndicoop.fr\/ofict\/#\/schema\/person\/f39466be0f2870e8872f54607694f961\"},\"headline\":\"Rassemblement du 19 juin 2013 | D\u00e9claration des organisations syndicales membres de la CES\",\"datePublished\":\"2013-06-10T18:49:55+00:00\",\"dateModified\":\"2020-05-29T11:33:13+00:00\",\"mainEntityOfPage\":{\"@id\":\"https:\/\/syndicoop.fr\/ofict\/rassemblement-du-19-juin-2013-declaration-des-organisations-syndicales-membres-de-la-ces\/\"},\"wordCount\":485,\"commentCount\":0,\"publisher\":{\"@id\":\"https:\/\/syndicoop.fr\/ofict\/#organization\"},\"articleSection\":[\"Actus\"],\"inLanguage\":\"fr-FR\",\"potentialAction\":[{\"@type\":\"CommentAction\",\"name\":\"Comment\",\"target\":[\"https:\/\/syndicoop.fr\/ofict\/rassemblement-du-19-juin-2013-declaration-des-organisations-syndicales-membres-de-la-ces\/#respond\"]}]},{\"@type\":\"WebPage\",\"@id\":\"https:\/\/syndicoop.fr\/ofict\/rassemblement-du-19-juin-2013-declaration-des-organisations-syndicales-membres-de-la-ces\/\",\"url\":\"https:\/\/syndicoop.fr\/ofict\/rassemblement-du-19-juin-2013-declaration-des-organisations-syndicales-membres-de-la-ces\/\",\"name\":\"Rassemblement du 19 juin 2013 | D\u00e9claration des organisations syndicales membres de la CES - OFICT-CGT Equipement-Environnement\",\"isPartOf\":{\"@id\":\"https:\/\/syndicoop.fr\/ofict\/#website\"},\"datePublished\":\"2013-06-10T18:49:55+00:00\",\"dateModified\":\"2020-05-29T11:33:13+00:00\",\"breadcrumb\":{\"@id\":\"https:\/\/syndicoop.fr\/ofict\/rassemblement-du-19-juin-2013-declaration-des-organisations-syndicales-membres-de-la-ces\/#breadcrumb\"},\"inLanguage\":\"fr-FR\",\"potentialAction\":[{\"@type\":\"ReadAction\",\"target\":[\"https:\/\/syndicoop.fr\/ofict\/rassemblement-du-19-juin-2013-declaration-des-organisations-syndicales-membres-de-la-ces\/\"]}]},{\"@type\":\"BreadcrumbList\",\"@id\":\"https:\/\/syndicoop.fr\/ofict\/rassemblement-du-19-juin-2013-declaration-des-organisations-syndicales-membres-de-la-ces\/#breadcrumb\",\"itemListElement\":[{\"@type\":\"ListItem\",\"position\":1,\"name\":\"Accueil\",\"item\":\"https:\/\/syndicoop.fr\/ofict\/\"},{\"@type\":\"ListItem\",\"position\":2,\"name\":\"Rassemblement du 19 juin 2013 | D\u00e9claration des organisations syndicales membres de la CES\"}]},{\"@type\":\"WebSite\",\"@id\":\"https:\/\/syndicoop.fr\/ofict\/#website\",\"url\":\"https:\/\/syndicoop.fr\/ofict\/\",\"name\":\"OFICT-CGT Equipement-Environnement\",\"description\":\"avec Syndicoop.fr, plateforme syndicale et coop\u00e9rative\",\"publisher\":{\"@id\":\"https:\/\/syndicoop.fr\/ofict\/#organization\"},\"potentialAction\":[{\"@type\":\"SearchAction\",\"target\":{\"@type\":\"EntryPoint\",\"urlTemplate\":\"https:\/\/syndicoop.fr\/ofict\/?s={search_term_string}\"},\"query-input\":{\"@type\":\"PropertyValueSpecification\",\"valueRequired\":true,\"valueName\":\"search_term_string\"}}],\"inLanguage\":\"fr-FR\"},{\"@type\":\"Organization\",\"@id\":\"https:\/\/syndicoop.fr\/ofict\/#organization\",\"name\":\"ofict-cgt\",\"url\":\"https:\/\/syndicoop.fr\/ofict\/\",\"logo\":{\"@type\":\"ImageObject\",\"inLanguage\":\"fr-FR\",\"@id\":\"https:\/\/syndicoop.fr\/ofict\/#\/schema\/logo\/image\/\",\"url\":\"https:\/\/syndicoop.fr\/ofict\/wp-content\/uploads\/sites\/21\/2021\/01\/0-Logo-OFICT-couleur-ombre-grand.png\",\"contentUrl\":\"https:\/\/syndicoop.fr\/ofict\/wp-content\/uploads\/sites\/21\/2021\/01\/0-Logo-OFICT-couleur-ombre-grand.png\",\"width\":853,\"height\":626,\"caption\":\"ofict-cgt\"},\"image\":{\"@id\":\"https:\/\/syndicoop.fr\/ofict\/#\/schema\/logo\/image\/\"},\"sameAs\":[\"https:\/\/www.facebook.com\/ofictcgt\",\"https:\/\/x.com\/ofictcgt\",\"https:\/\/www.youtube.com\/channel\/UCuspFuV1HGEF1weXxpWVKtQ\"]},{\"@type\":\"Person\",\"@id\":\"https:\/\/syndicoop.fr\/ofict\/#\/schema\/person\/f39466be0f2870e8872f54607694f961\",\"name\":\"ecanonne\",\"image\":{\"@type\":\"ImageObject\",\"inLanguage\":\"fr-FR\",\"@id\":\"https:\/\/syndicoop.fr\/ofict\/#\/schema\/person\/image\/\",\"url\":\"\/\/www.gravatar.com\/avatar\/d77c79c43301ad5a8b26da1071f40071?s=96&#038;r=g&#038;d=mm\",\"contentUrl\":\"\/\/www.gravatar.com\/avatar\/d77c79c43301ad5a8b26da1071f40071?s=96&#038;r=g&#038;d=mm\",\"caption\":\"ecanonne\"}}]}<\/script>\n<!-- \/ Yoast SEO plugin. -->","yoast_head_json":{"title":"Rassemblement du 19 juin 2013 | D\u00e9claration des organisations syndicales membres de la CES - OFICT-CGT Equipement-Environnement","robots":{"index":"index","follow":"follow","max-snippet":"max-snippet:-1","max-image-preview":"max-image-preview:large","max-video-preview":"max-video-preview:-1"},"canonical":"https:\/\/syndicoop.fr\/ofict\/rassemblement-du-19-juin-2013-declaration-des-organisations-syndicales-membres-de-la-ces\/","og_locale":"fr_FR","og_type":"article","og_title":"Rassemblement du 19 juin 2013 | D\u00e9claration des organisations syndicales membres de la CES - OFICT-CGT Equipement-Environnement","og_description":"Les organisations syndicales CFDT, CFTC, CGT, UNSA membres de la Conf\u00e9d\u00e9ration europ\u00e9enne des syndicats s\u2019inscrivent dans la campagne d\u00e9cid\u00e9e par la CES en vue du Conseil europ\u00e9en des 27 et 28 juin 2013 qui doit examiner une feuille de route pour une dimension sociale de l\u2019Union \u00e9conomique et mon\u00e9taire (UEM).","og_url":"https:\/\/syndicoop.fr\/ofict\/rassemblement-du-19-juin-2013-declaration-des-organisations-syndicales-membres-de-la-ces\/","og_site_name":"OFICT-CGT Equipement-Environnement","article_publisher":"https:\/\/www.facebook.com\/ofictcgt","article_published_time":"2013-06-10T18:49:55+00:00","article_modified_time":"2020-05-29T11:33:13+00:00","author":"ecanonne","twitter_card":"summary_large_image","twitter_creator":"@ofictcgt","twitter_site":"@ofictcgt","twitter_misc":{"\u00c9crit par":"ecanonne","Dur\u00e9e de lecture estim\u00e9e":"2 minutes"},"schema":{"@context":"https:\/\/schema.org","@graph":[{"@type":"Article","@id":"https:\/\/syndicoop.fr\/ofict\/rassemblement-du-19-juin-2013-declaration-des-organisations-syndicales-membres-de-la-ces\/#article","isPartOf":{"@id":"https:\/\/syndicoop.fr\/ofict\/rassemblement-du-19-juin-2013-declaration-des-organisations-syndicales-membres-de-la-ces\/"},"author":{"name":"ecanonne","@id":"https:\/\/syndicoop.fr\/ofict\/#\/schema\/person\/f39466be0f2870e8872f54607694f961"},"headline":"Rassemblement du 19 juin 2013 | D\u00e9claration des organisations syndicales membres de la CES","datePublished":"2013-06-10T18:49:55+00:00","dateModified":"2020-05-29T11:33:13+00:00","mainEntityOfPage":{"@id":"https:\/\/syndicoop.fr\/ofict\/rassemblement-du-19-juin-2013-declaration-des-organisations-syndicales-membres-de-la-ces\/"},"wordCount":485,"commentCount":0,"publisher":{"@id":"https:\/\/syndicoop.fr\/ofict\/#organization"},"articleSection":["Actus"],"inLanguage":"fr-FR","potentialAction":[{"@type":"CommentAction","name":"Comment","target":["https:\/\/syndicoop.fr\/ofict\/rassemblement-du-19-juin-2013-declaration-des-organisations-syndicales-membres-de-la-ces\/#respond"]}]},{"@type":"WebPage","@id":"https:\/\/syndicoop.fr\/ofict\/rassemblement-du-19-juin-2013-declaration-des-organisations-syndicales-membres-de-la-ces\/","url":"https:\/\/syndicoop.fr\/ofict\/rassemblement-du-19-juin-2013-declaration-des-organisations-syndicales-membres-de-la-ces\/","name":"Rassemblement du 19 juin 2013 | D\u00e9claration des organisations syndicales membres de la CES - OFICT-CGT Equipement-Environnement","isPartOf":{"@id":"https:\/\/syndicoop.fr\/ofict\/#website"},"datePublished":"2013-06-10T18:49:55+00:00","dateModified":"2020-05-29T11:33:13+00:00","breadcrumb":{"@id":"https:\/\/syndicoop.fr\/ofict\/rassemblement-du-19-juin-2013-declaration-des-organisations-syndicales-membres-de-la-ces\/#breadcrumb"},"inLanguage":"fr-FR","potentialAction":[{"@type":"ReadAction","target":["https:\/\/syndicoop.fr\/ofict\/rassemblement-du-19-juin-2013-declaration-des-organisations-syndicales-membres-de-la-ces\/"]}]},{"@type":"BreadcrumbList","@id":"https:\/\/syndicoop.fr\/ofict\/rassemblement-du-19-juin-2013-declaration-des-organisations-syndicales-membres-de-la-ces\/#breadcrumb","itemListElement":[{"@type":"ListItem","position":1,"name":"Accueil","item":"https:\/\/syndicoop.fr\/ofict\/"},{"@type":"ListItem","position":2,"name":"Rassemblement du 19 juin 2013 | D\u00e9claration des organisations syndicales membres de la CES"}]},{"@type":"WebSite","@id":"https:\/\/syndicoop.fr\/ofict\/#website","url":"https:\/\/syndicoop.fr\/ofict\/","name":"OFICT-CGT Equipement-Environnement","description":"avec Syndicoop.fr, plateforme syndicale et coop\u00e9rative","publisher":{"@id":"https:\/\/syndicoop.fr\/ofict\/#organization"},"potentialAction":[{"@type":"SearchAction","target":{"@type":"EntryPoint","urlTemplate":"https:\/\/syndicoop.fr\/ofict\/?s={search_term_string}"},"query-input":{"@type":"PropertyValueSpecification","valueRequired":true,"valueName":"search_term_string"}}],"inLanguage":"fr-FR"},{"@type":"Organization","@id":"https:\/\/syndicoop.fr\/ofict\/#organization","name":"ofict-cgt","url":"https:\/\/syndicoop.fr\/ofict\/","logo":{"@type":"ImageObject","inLanguage":"fr-FR","@id":"https:\/\/syndicoop.fr\/ofict\/#\/schema\/logo\/image\/","url":"https:\/\/syndicoop.fr\/ofict\/wp-content\/uploads\/sites\/21\/2021\/01\/0-Logo-OFICT-couleur-ombre-grand.png","contentUrl":"https:\/\/syndicoop.fr\/ofict\/wp-content\/uploads\/sites\/21\/2021\/01\/0-Logo-OFICT-couleur-ombre-grand.png","width":853,"height":626,"caption":"ofict-cgt"},"image":{"@id":"https:\/\/syndicoop.fr\/ofict\/#\/schema\/logo\/image\/"},"sameAs":["https:\/\/www.facebook.com\/ofictcgt","https:\/\/x.com\/ofictcgt","https:\/\/www.youtube.com\/channel\/UCuspFuV1HGEF1weXxpWVKtQ"]},{"@type":"Person","@id":"https:\/\/syndicoop.fr\/ofict\/#\/schema\/person\/f39466be0f2870e8872f54607694f961","name":"ecanonne","image":{"@type":"ImageObject","inLanguage":"fr-FR","@id":"https:\/\/syndicoop.fr\/ofict\/#\/schema\/person\/image\/","url":"\/\/www.gravatar.com\/avatar\/d77c79c43301ad5a8b26da1071f40071?s=96&#038;r=g&#038;d=mm","contentUrl":"\/\/www.gravatar.com\/avatar\/d77c79c43301ad5a8b26da1071f40071?s=96&#038;r=g&#038;d=mm","caption":"ecanonne"}}]}},"_links":{"self":[{"href":"https:\/\/syndicoop.fr\/ofict\/wp-json\/wp\/v2\/posts\/1316","targetHints":{"allow":["GET"]}}],"collection":[{"href":"https:\/\/syndicoop.fr\/ofict\/wp-json\/wp\/v2\/posts"}],"about":[{"href":"https:\/\/syndicoop.fr\/ofict\/wp-json\/wp\/v2\/types\/post"}],"author":[{"embeddable":true,"href":"https:\/\/syndicoop.fr\/ofict\/wp-json\/wp\/v2\/users\/351"}],"replies":[{"embeddable":true,"href":"https:\/\/syndicoop.fr\/ofict\/wp-json\/wp\/v2\/comments?post=1316"}],"version-history":[{"count":0,"href":"https:\/\/syndicoop.fr\/ofict\/wp-json\/wp\/v2\/posts\/1316\/revisions"}],"wp:attachment":[{"href":"https:\/\/syndicoop.fr\/ofict\/wp-json\/wp\/v2\/media?parent=1316"}],"wp:term":[{"taxonomy":"category","embeddable":true,"href":"https:\/\/syndicoop.fr\/ofict\/wp-json\/wp\/v2\/categories?post=1316"},{"taxonomy":"post_tag","embeddable":true,"href":"https:\/\/syndicoop.fr\/ofict\/wp-json\/wp\/v2\/tags?post=1316"}],"curies":[{"name":"wp","href":"https:\/\/api.w.org\/{rel}","templated":true}]}}