{"id":1376,"date":"2013-06-20T17:56:33","date_gmt":"2013-06-20T16:56:33","guid":{"rendered":"http:\/\/ofict.reference-syndicale.fr\/?p=1376"},"modified":"2020-05-29T13:33:12","modified_gmt":"2020-05-29T11:33:12","slug":"austerite-initiative-europeenne-des-syndicats","status":"publish","type":"post","link":"https:\/\/syndicoop.fr\/ofict\/austerite-initiative-europeenne-des-syndicats\/","title":{"rendered":"Aust\u00e9rit\u00e9 : Initiative europ\u00e9enne des syndicats"},"content":{"rendered":"<div>\n<p>A la demande de la Conf\u00e9d\u00e9ration europ\u00e9enne des syndicats, le pr\u00e9sident Fran\u00e7ois Hollande a re\u00e7u les responsables des grands syndicats fran\u00e7ais ainsi que la secr\u00e9taire g\u00e9n\u00e9rale de la CES Bernadette Segol, mercredi 19 juin. Ils lui ont, instamment et \u00e0 l&rsquo;unisson, demand\u00e9 de plaider au sommet europ\u00e9en des 27 et 28 juin pour un \u00ab\u00a0vrai changement de cap\u00a0\u00bb et \u00ab\u00a0un plan de relance\u00a0\u00bb en Europe.<!--more--><\/p>\n<\/div>\n<div>\n<div>\n<div id=\"fb-root\">Bernadette S\u00e9gol (Conf\u00e9d\u00e9ration europ\u00e9enne des syndicats, CES), Thierry Lepaon (CGT), Laurent Berger (CFDT), Jean-Claude Mailly (FO), Philippe Louis (CFTC) et Luc B\u00e9rille (Unsa) ont \u00e9t\u00e9 re\u00e7us pendant une heure \u00e0 l&rsquo;Elys\u00e9e par le chef de l&rsquo;Etat, entour\u00e9 du Premier ministre Jean-Marc Ayrault et des ministres du Travail, Michel Sapin, et des Affaires europ\u00e9ennes, Thierry Repentin. Cette rencontre prenait place dans le cadre d&rsquo;une mobilisation europ\u00e9enne \u00ab\u00a0contre l&rsquo;aust\u00e9rit\u00e9\u00a0\u00bb.<\/div>\n<\/div>\n<div>\n<p>Bernadette S\u00e9gol a expliqu\u00e9 avoir voulu \u00ab\u00a0alerter\u00a0\u00bb le chef de l&rsquo;Etat \u00e0 propos de \u00ab\u00a0l&rsquo;inqui\u00e9tude des travailleurs sur l&rsquo;\u00e9volution de l&rsquo;Union europ\u00e9enne\u00a0\u00bb, afin que ce sommet \u00ab\u00a0ne soit pas un sommet pour rien\u00a0\u00bb.<\/p>\n<p>Le secr\u00e9taire g\u00e9n\u00e9ral de la CGT Thierry Lepaon a lu une d\u00e9claration commune de la CGT, de la CFDT et de l&rsquo;Unsa. \u00ab\u00a0Il est urgent de mettre fin aux coupes injustes des d\u00e9penses publiques en Europe\u00a0\u00bb et \u00ab\u00a0aux politiques qui mettent en concurrence les salari\u00e9s\u00a0\u00bb sur de nombreux plans tels que \u00ab\u00a0droit du travail, salaires, temps de travail, s\u00e9curit\u00e9 sociale, imp\u00f4ts\u00a0\u00bb, a-t-il affirm\u00e9.<\/p>\n<p>La veille de cette rencontre, les leaders syndicaux avaient cosign\u00e9 une tribune pour soutenir un \u00ab\u00a0contrat social pour l&rsquo;Europe\u00a0\u00bb pr\u00e9voyant \u00ab\u00a0un revenu minimum dans chaque Etat membre\u00a0\u00bb et \u00ab\u00a0un plan de relance\u00a0\u00bb, \u00e0 hauteur de 1% \u00e0 2% du PIB.<\/p>\n<\/div>\n<\/div>\n","protected":false},"excerpt":{"rendered":"<p>A la demande de la Conf\u00e9d\u00e9ration europ\u00e9enne des syndicats, le pr\u00e9sident Fran\u00e7ois Hollande a re\u00e7u les responsables des grands syndicats fran\u00e7ais ainsi que la secr\u00e9taire g\u00e9n\u00e9rale de la CES Bernadette Segol, mercredi 19 juin. Ils lui ont, instamment et \u00e0 l&rsquo;unisson, demand\u00e9 de plaider au sommet europ\u00e9en des 27 et 28 juin pour un \u00ab\u00a0vrai [&hellip;]<\/p>\n","protected":false},"author":351,"featured_media":0,"comment_status":"open","ping_status":"closed","sticky":false,"template":"","format":"standard","meta":{"_acf_changed":false,"footnotes":""},"categories":[1],"tags":[],"class_list":["post-1376","post","type-post","status-publish","format-standard","hentry","category-actus","documents-tracts"],"acf":[],"yoast_head":"<!-- This site is optimized with the Yoast SEO plugin v26.3 - https:\/\/yoast.com\/wordpress\/plugins\/seo\/ -->\n<title>Aust\u00e9rit\u00e9 : Initiative europ\u00e9enne des syndicats - OFICT-CGT Equipement-Environnement<\/title>\n<meta name=\"robots\" content=\"index, follow, max-snippet:-1, max-image-preview:large, max-video-preview:-1\" \/>\n<link rel=\"canonical\" href=\"https:\/\/syndicoop.fr\/ofict\/austerite-initiative-europeenne-des-syndicats\/\" \/>\n<meta property=\"og:locale\" content=\"fr_FR\" \/>\n<meta property=\"og:type\" content=\"article\" \/>\n<meta property=\"og:title\" content=\"Aust\u00e9rit\u00e9 : Initiative europ\u00e9enne des syndicats - OFICT-CGT Equipement-Environnement\" \/>\n<meta property=\"og:description\" content=\"A la demande de la Conf\u00e9d\u00e9ration europ\u00e9enne des syndicats, le pr\u00e9sident Fran\u00e7ois Hollande a re\u00e7u les responsables des grands syndicats fran\u00e7ais ainsi que la secr\u00e9taire g\u00e9n\u00e9rale de la CES Bernadette Segol, mercredi 19 juin. Ils lui ont, instamment et \u00e0 l&rsquo;unisson, demand\u00e9 de plaider au sommet europ\u00e9en des 27 et 28 juin pour un \u00ab\u00a0vrai [&hellip;]\" \/>\n<meta property=\"og:url\" content=\"https:\/\/syndicoop.fr\/ofict\/austerite-initiative-europeenne-des-syndicats\/\" \/>\n<meta property=\"og:site_name\" content=\"OFICT-CGT Equipement-Environnement\" \/>\n<meta property=\"article:publisher\" content=\"https:\/\/www.facebook.com\/ofictcgt\" \/>\n<meta property=\"article:published_time\" content=\"2013-06-20T16:56:33+00:00\" \/>\n<meta property=\"article:modified_time\" content=\"2020-05-29T11:33:12+00:00\" \/>\n<meta name=\"author\" content=\"ecanonne\" \/>\n<meta name=\"twitter:card\" content=\"summary_large_image\" \/>\n<meta name=\"twitter:creator\" content=\"@ofictcgt\" \/>\n<meta name=\"twitter:site\" content=\"@ofictcgt\" \/>\n<meta name=\"twitter:label1\" content=\"\u00c9crit par\" \/>\n\t<meta name=\"twitter:data1\" content=\"ecanonne\" \/>\n\t<meta name=\"twitter:label2\" content=\"Dur\u00e9e de lecture estim\u00e9e\" \/>\n\t<meta name=\"twitter:data2\" content=\"1 minute\" \/>\n<script type=\"application\/ld+json\" class=\"yoast-schema-graph\">{\"@context\":\"https:\/\/schema.org\",\"@graph\":[{\"@type\":\"Article\",\"@id\":\"https:\/\/syndicoop.fr\/ofict\/austerite-initiative-europeenne-des-syndicats\/#article\",\"isPartOf\":{\"@id\":\"https:\/\/syndicoop.fr\/ofict\/austerite-initiative-europeenne-des-syndicats\/\"},\"author\":{\"name\":\"ecanonne\",\"@id\":\"https:\/\/syndicoop.fr\/ofict\/#\/schema\/person\/f39466be0f2870e8872f54607694f961\"},\"headline\":\"Aust\u00e9rit\u00e9 : Initiative europ\u00e9enne des syndicats\",\"datePublished\":\"2013-06-20T16:56:33+00:00\",\"dateModified\":\"2020-05-29T11:33:12+00:00\",\"mainEntityOfPage\":{\"@id\":\"https:\/\/syndicoop.fr\/ofict\/austerite-initiative-europeenne-des-syndicats\/\"},\"wordCount\":299,\"commentCount\":0,\"publisher\":{\"@id\":\"https:\/\/syndicoop.fr\/ofict\/#organization\"},\"articleSection\":[\"Actus\"],\"inLanguage\":\"fr-FR\",\"potentialAction\":[{\"@type\":\"CommentAction\",\"name\":\"Comment\",\"target\":[\"https:\/\/syndicoop.fr\/ofict\/austerite-initiative-europeenne-des-syndicats\/#respond\"]}]},{\"@type\":\"WebPage\",\"@id\":\"https:\/\/syndicoop.fr\/ofict\/austerite-initiative-europeenne-des-syndicats\/\",\"url\":\"https:\/\/syndicoop.fr\/ofict\/austerite-initiative-europeenne-des-syndicats\/\",\"name\":\"Aust\u00e9rit\u00e9 : Initiative europ\u00e9enne des syndicats - OFICT-CGT Equipement-Environnement\",\"isPartOf\":{\"@id\":\"https:\/\/syndicoop.fr\/ofict\/#website\"},\"datePublished\":\"2013-06-20T16:56:33+00:00\",\"dateModified\":\"2020-05-29T11:33:12+00:00\",\"breadcrumb\":{\"@id\":\"https:\/\/syndicoop.fr\/ofict\/austerite-initiative-europeenne-des-syndicats\/#breadcrumb\"},\"inLanguage\":\"fr-FR\",\"potentialAction\":[{\"@type\":\"ReadAction\",\"target\":[\"https:\/\/syndicoop.fr\/ofict\/austerite-initiative-europeenne-des-syndicats\/\"]}]},{\"@type\":\"BreadcrumbList\",\"@id\":\"https:\/\/syndicoop.fr\/ofict\/austerite-initiative-europeenne-des-syndicats\/#breadcrumb\",\"itemListElement\":[{\"@type\":\"ListItem\",\"position\":1,\"name\":\"Accueil\",\"item\":\"https:\/\/syndicoop.fr\/ofict\/\"},{\"@type\":\"ListItem\",\"position\":2,\"name\":\"Aust\u00e9rit\u00e9&#160;: Initiative europ\u00e9enne des syndicats\"}]},{\"@type\":\"WebSite\",\"@id\":\"https:\/\/syndicoop.fr\/ofict\/#website\",\"url\":\"https:\/\/syndicoop.fr\/ofict\/\",\"name\":\"OFICT-CGT Equipement-Environnement\",\"description\":\"avec Syndicoop.fr, plateforme syndicale et coop\u00e9rative\",\"publisher\":{\"@id\":\"https:\/\/syndicoop.fr\/ofict\/#organization\"},\"potentialAction\":[{\"@type\":\"SearchAction\",\"target\":{\"@type\":\"EntryPoint\",\"urlTemplate\":\"https:\/\/syndicoop.fr\/ofict\/?s={search_term_string}\"},\"query-input\":{\"@type\":\"PropertyValueSpecification\",\"valueRequired\":true,\"valueName\":\"search_term_string\"}}],\"inLanguage\":\"fr-FR\"},{\"@type\":\"Organization\",\"@id\":\"https:\/\/syndicoop.fr\/ofict\/#organization\",\"name\":\"ofict-cgt\",\"url\":\"https:\/\/syndicoop.fr\/ofict\/\",\"logo\":{\"@type\":\"ImageObject\",\"inLanguage\":\"fr-FR\",\"@id\":\"https:\/\/syndicoop.fr\/ofict\/#\/schema\/logo\/image\/\",\"url\":\"https:\/\/syndicoop.fr\/ofict\/wp-content\/uploads\/sites\/21\/2021\/01\/0-Logo-OFICT-couleur-ombre-grand.png\",\"contentUrl\":\"https:\/\/syndicoop.fr\/ofict\/wp-content\/uploads\/sites\/21\/2021\/01\/0-Logo-OFICT-couleur-ombre-grand.png\",\"width\":853,\"height\":626,\"caption\":\"ofict-cgt\"},\"image\":{\"@id\":\"https:\/\/syndicoop.fr\/ofict\/#\/schema\/logo\/image\/\"},\"sameAs\":[\"https:\/\/www.facebook.com\/ofictcgt\",\"https:\/\/x.com\/ofictcgt\",\"https:\/\/www.youtube.com\/channel\/UCuspFuV1HGEF1weXxpWVKtQ\"]},{\"@type\":\"Person\",\"@id\":\"https:\/\/syndicoop.fr\/ofict\/#\/schema\/person\/f39466be0f2870e8872f54607694f961\",\"name\":\"ecanonne\",\"image\":{\"@type\":\"ImageObject\",\"inLanguage\":\"fr-FR\",\"@id\":\"https:\/\/syndicoop.fr\/ofict\/#\/schema\/person\/image\/\",\"url\":\"\/\/www.gravatar.com\/avatar\/d77c79c43301ad5a8b26da1071f40071?s=96&#038;r=g&#038;d=mm\",\"contentUrl\":\"\/\/www.gravatar.com\/avatar\/d77c79c43301ad5a8b26da1071f40071?s=96&#038;r=g&#038;d=mm\",\"caption\":\"ecanonne\"}}]}<\/script>\n<!-- \/ Yoast SEO plugin. -->","yoast_head_json":{"title":"Aust\u00e9rit\u00e9 : Initiative europ\u00e9enne des syndicats - OFICT-CGT Equipement-Environnement","robots":{"index":"index","follow":"follow","max-snippet":"max-snippet:-1","max-image-preview":"max-image-preview:large","max-video-preview":"max-video-preview:-1"},"canonical":"https:\/\/syndicoop.fr\/ofict\/austerite-initiative-europeenne-des-syndicats\/","og_locale":"fr_FR","og_type":"article","og_title":"Aust\u00e9rit\u00e9 : Initiative europ\u00e9enne des syndicats - OFICT-CGT Equipement-Environnement","og_description":"A la demande de la Conf\u00e9d\u00e9ration europ\u00e9enne des syndicats, le pr\u00e9sident Fran\u00e7ois Hollande a re\u00e7u les responsables des grands syndicats fran\u00e7ais ainsi que la secr\u00e9taire g\u00e9n\u00e9rale de la CES Bernadette Segol, mercredi 19 juin. Ils lui ont, instamment et \u00e0 l&rsquo;unisson, demand\u00e9 de plaider au sommet europ\u00e9en des 27 et 28 juin pour un \u00ab\u00a0vrai [&hellip;]","og_url":"https:\/\/syndicoop.fr\/ofict\/austerite-initiative-europeenne-des-syndicats\/","og_site_name":"OFICT-CGT Equipement-Environnement","article_publisher":"https:\/\/www.facebook.com\/ofictcgt","article_published_time":"2013-06-20T16:56:33+00:00","article_modified_time":"2020-05-29T11:33:12+00:00","author":"ecanonne","twitter_card":"summary_large_image","twitter_creator":"@ofictcgt","twitter_site":"@ofictcgt","twitter_misc":{"\u00c9crit par":"ecanonne","Dur\u00e9e de lecture estim\u00e9e":"1 minute"},"schema":{"@context":"https:\/\/schema.org","@graph":[{"@type":"Article","@id":"https:\/\/syndicoop.fr\/ofict\/austerite-initiative-europeenne-des-syndicats\/#article","isPartOf":{"@id":"https:\/\/syndicoop.fr\/ofict\/austerite-initiative-europeenne-des-syndicats\/"},"author":{"name":"ecanonne","@id":"https:\/\/syndicoop.fr\/ofict\/#\/schema\/person\/f39466be0f2870e8872f54607694f961"},"headline":"Aust\u00e9rit\u00e9 : Initiative europ\u00e9enne des syndicats","datePublished":"2013-06-20T16:56:33+00:00","dateModified":"2020-05-29T11:33:12+00:00","mainEntityOfPage":{"@id":"https:\/\/syndicoop.fr\/ofict\/austerite-initiative-europeenne-des-syndicats\/"},"wordCount":299,"commentCount":0,"publisher":{"@id":"https:\/\/syndicoop.fr\/ofict\/#organization"},"articleSection":["Actus"],"inLanguage":"fr-FR","potentialAction":[{"@type":"CommentAction","name":"Comment","target":["https:\/\/syndicoop.fr\/ofict\/austerite-initiative-europeenne-des-syndicats\/#respond"]}]},{"@type":"WebPage","@id":"https:\/\/syndicoop.fr\/ofict\/austerite-initiative-europeenne-des-syndicats\/","url":"https:\/\/syndicoop.fr\/ofict\/austerite-initiative-europeenne-des-syndicats\/","name":"Aust\u00e9rit\u00e9 : Initiative europ\u00e9enne des syndicats - OFICT-CGT Equipement-Environnement","isPartOf":{"@id":"https:\/\/syndicoop.fr\/ofict\/#website"},"datePublished":"2013-06-20T16:56:33+00:00","dateModified":"2020-05-29T11:33:12+00:00","breadcrumb":{"@id":"https:\/\/syndicoop.fr\/ofict\/austerite-initiative-europeenne-des-syndicats\/#breadcrumb"},"inLanguage":"fr-FR","potentialAction":[{"@type":"ReadAction","target":["https:\/\/syndicoop.fr\/ofict\/austerite-initiative-europeenne-des-syndicats\/"]}]},{"@type":"BreadcrumbList","@id":"https:\/\/syndicoop.fr\/ofict\/austerite-initiative-europeenne-des-syndicats\/#breadcrumb","itemListElement":[{"@type":"ListItem","position":1,"name":"Accueil","item":"https:\/\/syndicoop.fr\/ofict\/"},{"@type":"ListItem","position":2,"name":"Aust\u00e9rit\u00e9&#160;: Initiative europ\u00e9enne des syndicats"}]},{"@type":"WebSite","@id":"https:\/\/syndicoop.fr\/ofict\/#website","url":"https:\/\/syndicoop.fr\/ofict\/","name":"OFICT-CGT Equipement-Environnement","description":"avec Syndicoop.fr, plateforme syndicale et coop\u00e9rative","publisher":{"@id":"https:\/\/syndicoop.fr\/ofict\/#organization"},"potentialAction":[{"@type":"SearchAction","target":{"@type":"EntryPoint","urlTemplate":"https:\/\/syndicoop.fr\/ofict\/?s={search_term_string}"},"query-input":{"@type":"PropertyValueSpecification","valueRequired":true,"valueName":"search_term_string"}}],"inLanguage":"fr-FR"},{"@type":"Organization","@id":"https:\/\/syndicoop.fr\/ofict\/#organization","name":"ofict-cgt","url":"https:\/\/syndicoop.fr\/ofict\/","logo":{"@type":"ImageObject","inLanguage":"fr-FR","@id":"https:\/\/syndicoop.fr\/ofict\/#\/schema\/logo\/image\/","url":"https:\/\/syndicoop.fr\/ofict\/wp-content\/uploads\/sites\/21\/2021\/01\/0-Logo-OFICT-couleur-ombre-grand.png","contentUrl":"https:\/\/syndicoop.fr\/ofict\/wp-content\/uploads\/sites\/21\/2021\/01\/0-Logo-OFICT-couleur-ombre-grand.png","width":853,"height":626,"caption":"ofict-cgt"},"image":{"@id":"https:\/\/syndicoop.fr\/ofict\/#\/schema\/logo\/image\/"},"sameAs":["https:\/\/www.facebook.com\/ofictcgt","https:\/\/x.com\/ofictcgt","https:\/\/www.youtube.com\/channel\/UCuspFuV1HGEF1weXxpWVKtQ"]},{"@type":"Person","@id":"https:\/\/syndicoop.fr\/ofict\/#\/schema\/person\/f39466be0f2870e8872f54607694f961","name":"ecanonne","image":{"@type":"ImageObject","inLanguage":"fr-FR","@id":"https:\/\/syndicoop.fr\/ofict\/#\/schema\/person\/image\/","url":"\/\/www.gravatar.com\/avatar\/d77c79c43301ad5a8b26da1071f40071?s=96&#038;r=g&#038;d=mm","contentUrl":"\/\/www.gravatar.com\/avatar\/d77c79c43301ad5a8b26da1071f40071?s=96&#038;r=g&#038;d=mm","caption":"ecanonne"}}]}},"_links":{"self":[{"href":"https:\/\/syndicoop.fr\/ofict\/wp-json\/wp\/v2\/posts\/1376","targetHints":{"allow":["GET"]}}],"collection":[{"href":"https:\/\/syndicoop.fr\/ofict\/wp-json\/wp\/v2\/posts"}],"about":[{"href":"https:\/\/syndicoop.fr\/ofict\/wp-json\/wp\/v2\/types\/post"}],"author":[{"embeddable":true,"href":"https:\/\/syndicoop.fr\/ofict\/wp-json\/wp\/v2\/users\/351"}],"replies":[{"embeddable":true,"href":"https:\/\/syndicoop.fr\/ofict\/wp-json\/wp\/v2\/comments?post=1376"}],"version-history":[{"count":0,"href":"https:\/\/syndicoop.fr\/ofict\/wp-json\/wp\/v2\/posts\/1376\/revisions"}],"wp:attachment":[{"href":"https:\/\/syndicoop.fr\/ofict\/wp-json\/wp\/v2\/media?parent=1376"}],"wp:term":[{"taxonomy":"category","embeddable":true,"href":"https:\/\/syndicoop.fr\/ofict\/wp-json\/wp\/v2\/categories?post=1376"},{"taxonomy":"post_tag","embeddable":true,"href":"https:\/\/syndicoop.fr\/ofict\/wp-json\/wp\/v2\/tags?post=1376"}],"curies":[{"name":"wp","href":"https:\/\/api.w.org\/{rel}","templated":true}]}}