{"id":1380,"date":"2013-06-23T17:59:54","date_gmt":"2013-06-23T16:59:54","guid":{"rendered":"http:\/\/ofict.reference-syndicale.fr\/?p=1380"},"modified":"2020-10-21T11:11:14","modified_gmt":"2020-10-21T09:11:14","slug":"point-dindice-des-fonctionnaires","status":"publish","type":"post","link":"https:\/\/syndicoop.fr\/ofict\/point-dindice-des-fonctionnaires\/","title":{"rendered":"Point d&rsquo;indice des fonctionnaires"},"content":{"rendered":"<div>\n<h1><strong>Ce n&rsquo;est plus un gel c&rsquo;est la glaciation<\/strong><\/h1>\n<\/div>\n<div>\n<div>\n<div>\n<p>L\u2019annonce le 18 juin par Marylise Lebranchu sur France-Info du gel du point d\u2019indice des fonctionnaires jusqu\u2019\u00e0 la fin 2014 a \u00e9t\u00e9 ressentie comme inacceptable par les organisations syndicales qui, depuis le changement de gouvernement il y a plus d&rsquo;un an r\u00e9clament la revalorisation.<!--more--><\/p>\n<p>Pour l&rsquo;union g\u00e9n\u00e9rale des f\u00e9d\u00e9rations de fonctionnaires CGT, Jean-Marc Canon a notamment jug\u00e9 la mesure \u00ab\u00a0tout \u00e0 fait inadmissible\u00a0\u00bb et estime qu&rsquo;elle \u00ab\u00a0sera absolument catastrophique pour le pouvoir d&rsquo;achat des fonctionnaires d\u00e9j\u00e0 en chute libre. [&#8230;] \u00ab\u00a0parce qu&rsquo;en comprimant ainsi le pouvoir d&rsquo;achat des fonctionnaires, on mod\u00e8re les possibilit\u00e9s de relance\u00a0\u00bb. \u00ab\u00a0C&rsquo;est proprement scandaleux\u00a0\u00bb, a estim\u00e9, pour sa part, FO. De son c\u00f4t\u00e9, Bernadette Groison (FSU), a estim\u00e9 que poursuivre le gel n&rsquo;\u00e9tait \u00ab\u00a0pas possible\u00a0\u00bb. A deux jours de l\u2019ouverture de la conf\u00e9rence sociale pr\u00e9sent\u00e9e comme un grand moment de dialogue social, cette annonce m\u00e9diatique faisant fi de tout respect pour les organisations syndicales, a enterr\u00e9 la perspective pourtant ouverte par le gouvernement d\u2019une n\u00e9gociation sur le point d\u2019indice mi 2014, en cas de reprise de la croissance.<\/p>\n<\/div>\n<\/div>\n<div>\n<p><strong>Le point d\u2019indice de la fonction publique d\u00e9termine plus de 80% de la r\u00e9mun\u00e9ration des fonctionnaires. Il a d\u00e9j\u00e0 perdu 13.8% par rapport \u00e0 l\u2019inflation depuis le 1er janvier 2000.<\/strong><\/p>\n<p>Depuis le 1er juillet 2010, date du d\u00e9but du gel du point, il a perdu 5.5%. Dans un communiqu\u00e9, la CGT souligne que \u00ab\u00a0la r\u00e9mun\u00e9ration des 5 millions de fonctionnaires contribue \u00e0 l\u2019activit\u00e9 \u00e9conomique et au financement de la protection sociale. Le gouvernement persiste dans son erreur en aggravant l\u2019aust\u00e9rit\u00e9 et la pression sur le pouvoir d\u2019achat des agents publics.\u00a0\u00bb La CGT annonce qu&rsquo;elle appellera les personnels aux mobilisations n\u00e9cessaires pour mettre cette politique en \u00e9chec.<\/p>\n<\/div>\n<\/div>\n","protected":false},"excerpt":{"rendered":"<p>Ce n&rsquo;est plus un gel c&rsquo;est la glaciation L\u2019annonce le 18 juin par Marylise Lebranchu sur France-Info du gel du point d\u2019indice des fonctionnaires jusqu\u2019\u00e0 la fin 2014 a \u00e9t\u00e9 ressentie comme inacceptable par les organisations syndicales qui, depuis le changement de gouvernement il y a plus d&rsquo;un an r\u00e9clament la revalorisation.<\/p>\n","protected":false},"author":351,"featured_media":0,"comment_status":"open","ping_status":"closed","sticky":false,"template":"","format":"standard","meta":{"_acf_changed":false,"footnotes":""},"categories":[1],"tags":[],"class_list":["post-1380","post","type-post","status-publish","format-standard","hentry","category-actus","themes-remuneration-carriere-ldg"],"acf":[],"yoast_head":"<!-- This site is optimized with the Yoast SEO plugin v26.3 - https:\/\/yoast.com\/wordpress\/plugins\/seo\/ -->\n<title>Point d&#039;indice des fonctionnaires - OFICT-CGT Equipement-Environnement<\/title>\n<meta name=\"robots\" content=\"index, follow, max-snippet:-1, max-image-preview:large, max-video-preview:-1\" \/>\n<link rel=\"canonical\" href=\"https:\/\/syndicoop.fr\/ofict\/point-dindice-des-fonctionnaires\/\" \/>\n<meta property=\"og:locale\" content=\"fr_FR\" \/>\n<meta property=\"og:type\" content=\"article\" \/>\n<meta property=\"og:title\" content=\"Point d&#039;indice des fonctionnaires - OFICT-CGT Equipement-Environnement\" \/>\n<meta property=\"og:description\" content=\"Ce n&rsquo;est plus un gel c&rsquo;est la glaciation L\u2019annonce le 18 juin par Marylise Lebranchu sur France-Info du gel du point d\u2019indice des fonctionnaires jusqu\u2019\u00e0 la fin 2014 a \u00e9t\u00e9 ressentie comme inacceptable par les organisations syndicales qui, depuis le changement de gouvernement il y a plus d&rsquo;un an r\u00e9clament la revalorisation.\" \/>\n<meta property=\"og:url\" content=\"https:\/\/syndicoop.fr\/ofict\/point-dindice-des-fonctionnaires\/\" \/>\n<meta property=\"og:site_name\" content=\"OFICT-CGT Equipement-Environnement\" \/>\n<meta property=\"article:publisher\" content=\"https:\/\/www.facebook.com\/ofictcgt\" \/>\n<meta property=\"article:published_time\" content=\"2013-06-23T16:59:54+00:00\" \/>\n<meta property=\"article:modified_time\" content=\"2020-10-21T09:11:14+00:00\" \/>\n<meta name=\"author\" content=\"ecanonne\" \/>\n<meta name=\"twitter:card\" content=\"summary_large_image\" \/>\n<meta name=\"twitter:creator\" content=\"@ofictcgt\" \/>\n<meta name=\"twitter:site\" content=\"@ofictcgt\" \/>\n<meta name=\"twitter:label1\" content=\"\u00c9crit par\" \/>\n\t<meta name=\"twitter:data1\" content=\"ecanonne\" \/>\n\t<meta name=\"twitter:label2\" content=\"Dur\u00e9e de lecture estim\u00e9e\" \/>\n\t<meta name=\"twitter:data2\" content=\"2 minutes\" \/>\n<script type=\"application\/ld+json\" class=\"yoast-schema-graph\">{\"@context\":\"https:\/\/schema.org\",\"@graph\":[{\"@type\":\"Article\",\"@id\":\"https:\/\/syndicoop.fr\/ofict\/point-dindice-des-fonctionnaires\/#article\",\"isPartOf\":{\"@id\":\"https:\/\/syndicoop.fr\/ofict\/point-dindice-des-fonctionnaires\/\"},\"author\":{\"name\":\"ecanonne\",\"@id\":\"https:\/\/syndicoop.fr\/ofict\/#\/schema\/person\/f39466be0f2870e8872f54607694f961\"},\"headline\":\"Point d&rsquo;indice des fonctionnaires\",\"datePublished\":\"2013-06-23T16:59:54+00:00\",\"dateModified\":\"2020-10-21T09:11:14+00:00\",\"mainEntityOfPage\":{\"@id\":\"https:\/\/syndicoop.fr\/ofict\/point-dindice-des-fonctionnaires\/\"},\"wordCount\":311,\"commentCount\":0,\"publisher\":{\"@id\":\"https:\/\/syndicoop.fr\/ofict\/#organization\"},\"articleSection\":[\"Actus\"],\"inLanguage\":\"fr-FR\",\"potentialAction\":[{\"@type\":\"CommentAction\",\"name\":\"Comment\",\"target\":[\"https:\/\/syndicoop.fr\/ofict\/point-dindice-des-fonctionnaires\/#respond\"]}]},{\"@type\":\"WebPage\",\"@id\":\"https:\/\/syndicoop.fr\/ofict\/point-dindice-des-fonctionnaires\/\",\"url\":\"https:\/\/syndicoop.fr\/ofict\/point-dindice-des-fonctionnaires\/\",\"name\":\"Point d'indice des fonctionnaires - OFICT-CGT Equipement-Environnement\",\"isPartOf\":{\"@id\":\"https:\/\/syndicoop.fr\/ofict\/#website\"},\"datePublished\":\"2013-06-23T16:59:54+00:00\",\"dateModified\":\"2020-10-21T09:11:14+00:00\",\"breadcrumb\":{\"@id\":\"https:\/\/syndicoop.fr\/ofict\/point-dindice-des-fonctionnaires\/#breadcrumb\"},\"inLanguage\":\"fr-FR\",\"potentialAction\":[{\"@type\":\"ReadAction\",\"target\":[\"https:\/\/syndicoop.fr\/ofict\/point-dindice-des-fonctionnaires\/\"]}]},{\"@type\":\"BreadcrumbList\",\"@id\":\"https:\/\/syndicoop.fr\/ofict\/point-dindice-des-fonctionnaires\/#breadcrumb\",\"itemListElement\":[{\"@type\":\"ListItem\",\"position\":1,\"name\":\"Accueil\",\"item\":\"https:\/\/syndicoop.fr\/ofict\/\"},{\"@type\":\"ListItem\",\"position\":2,\"name\":\"Point d&#8217;indice des fonctionnaires\"}]},{\"@type\":\"WebSite\",\"@id\":\"https:\/\/syndicoop.fr\/ofict\/#website\",\"url\":\"https:\/\/syndicoop.fr\/ofict\/\",\"name\":\"OFICT-CGT Equipement-Environnement\",\"description\":\"avec Syndicoop.fr, plateforme syndicale et coop\u00e9rative\",\"publisher\":{\"@id\":\"https:\/\/syndicoop.fr\/ofict\/#organization\"},\"potentialAction\":[{\"@type\":\"SearchAction\",\"target\":{\"@type\":\"EntryPoint\",\"urlTemplate\":\"https:\/\/syndicoop.fr\/ofict\/?s={search_term_string}\"},\"query-input\":{\"@type\":\"PropertyValueSpecification\",\"valueRequired\":true,\"valueName\":\"search_term_string\"}}],\"inLanguage\":\"fr-FR\"},{\"@type\":\"Organization\",\"@id\":\"https:\/\/syndicoop.fr\/ofict\/#organization\",\"name\":\"ofict-cgt\",\"url\":\"https:\/\/syndicoop.fr\/ofict\/\",\"logo\":{\"@type\":\"ImageObject\",\"inLanguage\":\"fr-FR\",\"@id\":\"https:\/\/syndicoop.fr\/ofict\/#\/schema\/logo\/image\/\",\"url\":\"https:\/\/syndicoop.fr\/ofict\/wp-content\/uploads\/sites\/21\/2021\/01\/0-Logo-OFICT-couleur-ombre-grand.png\",\"contentUrl\":\"https:\/\/syndicoop.fr\/ofict\/wp-content\/uploads\/sites\/21\/2021\/01\/0-Logo-OFICT-couleur-ombre-grand.png\",\"width\":853,\"height\":626,\"caption\":\"ofict-cgt\"},\"image\":{\"@id\":\"https:\/\/syndicoop.fr\/ofict\/#\/schema\/logo\/image\/\"},\"sameAs\":[\"https:\/\/www.facebook.com\/ofictcgt\",\"https:\/\/x.com\/ofictcgt\",\"https:\/\/www.youtube.com\/channel\/UCuspFuV1HGEF1weXxpWVKtQ\"]},{\"@type\":\"Person\",\"@id\":\"https:\/\/syndicoop.fr\/ofict\/#\/schema\/person\/f39466be0f2870e8872f54607694f961\",\"name\":\"ecanonne\",\"image\":{\"@type\":\"ImageObject\",\"inLanguage\":\"fr-FR\",\"@id\":\"https:\/\/syndicoop.fr\/ofict\/#\/schema\/person\/image\/\",\"url\":\"\/\/www.gravatar.com\/avatar\/d77c79c43301ad5a8b26da1071f40071?s=96&#038;r=g&#038;d=mm\",\"contentUrl\":\"\/\/www.gravatar.com\/avatar\/d77c79c43301ad5a8b26da1071f40071?s=96&#038;r=g&#038;d=mm\",\"caption\":\"ecanonne\"}}]}<\/script>\n<!-- \/ Yoast SEO plugin. -->","yoast_head_json":{"title":"Point d'indice des fonctionnaires - OFICT-CGT Equipement-Environnement","robots":{"index":"index","follow":"follow","max-snippet":"max-snippet:-1","max-image-preview":"max-image-preview:large","max-video-preview":"max-video-preview:-1"},"canonical":"https:\/\/syndicoop.fr\/ofict\/point-dindice-des-fonctionnaires\/","og_locale":"fr_FR","og_type":"article","og_title":"Point d'indice des fonctionnaires - OFICT-CGT Equipement-Environnement","og_description":"Ce n&rsquo;est plus un gel c&rsquo;est la glaciation L\u2019annonce le 18 juin par Marylise Lebranchu sur France-Info du gel du point d\u2019indice des fonctionnaires jusqu\u2019\u00e0 la fin 2014 a \u00e9t\u00e9 ressentie comme inacceptable par les organisations syndicales qui, depuis le changement de gouvernement il y a plus d&rsquo;un an r\u00e9clament la revalorisation.","og_url":"https:\/\/syndicoop.fr\/ofict\/point-dindice-des-fonctionnaires\/","og_site_name":"OFICT-CGT Equipement-Environnement","article_publisher":"https:\/\/www.facebook.com\/ofictcgt","article_published_time":"2013-06-23T16:59:54+00:00","article_modified_time":"2020-10-21T09:11:14+00:00","author":"ecanonne","twitter_card":"summary_large_image","twitter_creator":"@ofictcgt","twitter_site":"@ofictcgt","twitter_misc":{"\u00c9crit par":"ecanonne","Dur\u00e9e de lecture estim\u00e9e":"2 minutes"},"schema":{"@context":"https:\/\/schema.org","@graph":[{"@type":"Article","@id":"https:\/\/syndicoop.fr\/ofict\/point-dindice-des-fonctionnaires\/#article","isPartOf":{"@id":"https:\/\/syndicoop.fr\/ofict\/point-dindice-des-fonctionnaires\/"},"author":{"name":"ecanonne","@id":"https:\/\/syndicoop.fr\/ofict\/#\/schema\/person\/f39466be0f2870e8872f54607694f961"},"headline":"Point d&rsquo;indice des fonctionnaires","datePublished":"2013-06-23T16:59:54+00:00","dateModified":"2020-10-21T09:11:14+00:00","mainEntityOfPage":{"@id":"https:\/\/syndicoop.fr\/ofict\/point-dindice-des-fonctionnaires\/"},"wordCount":311,"commentCount":0,"publisher":{"@id":"https:\/\/syndicoop.fr\/ofict\/#organization"},"articleSection":["Actus"],"inLanguage":"fr-FR","potentialAction":[{"@type":"CommentAction","name":"Comment","target":["https:\/\/syndicoop.fr\/ofict\/point-dindice-des-fonctionnaires\/#respond"]}]},{"@type":"WebPage","@id":"https:\/\/syndicoop.fr\/ofict\/point-dindice-des-fonctionnaires\/","url":"https:\/\/syndicoop.fr\/ofict\/point-dindice-des-fonctionnaires\/","name":"Point d'indice des fonctionnaires - OFICT-CGT Equipement-Environnement","isPartOf":{"@id":"https:\/\/syndicoop.fr\/ofict\/#website"},"datePublished":"2013-06-23T16:59:54+00:00","dateModified":"2020-10-21T09:11:14+00:00","breadcrumb":{"@id":"https:\/\/syndicoop.fr\/ofict\/point-dindice-des-fonctionnaires\/#breadcrumb"},"inLanguage":"fr-FR","potentialAction":[{"@type":"ReadAction","target":["https:\/\/syndicoop.fr\/ofict\/point-dindice-des-fonctionnaires\/"]}]},{"@type":"BreadcrumbList","@id":"https:\/\/syndicoop.fr\/ofict\/point-dindice-des-fonctionnaires\/#breadcrumb","itemListElement":[{"@type":"ListItem","position":1,"name":"Accueil","item":"https:\/\/syndicoop.fr\/ofict\/"},{"@type":"ListItem","position":2,"name":"Point d&#8217;indice des fonctionnaires"}]},{"@type":"WebSite","@id":"https:\/\/syndicoop.fr\/ofict\/#website","url":"https:\/\/syndicoop.fr\/ofict\/","name":"OFICT-CGT Equipement-Environnement","description":"avec Syndicoop.fr, plateforme syndicale et coop\u00e9rative","publisher":{"@id":"https:\/\/syndicoop.fr\/ofict\/#organization"},"potentialAction":[{"@type":"SearchAction","target":{"@type":"EntryPoint","urlTemplate":"https:\/\/syndicoop.fr\/ofict\/?s={search_term_string}"},"query-input":{"@type":"PropertyValueSpecification","valueRequired":true,"valueName":"search_term_string"}}],"inLanguage":"fr-FR"},{"@type":"Organization","@id":"https:\/\/syndicoop.fr\/ofict\/#organization","name":"ofict-cgt","url":"https:\/\/syndicoop.fr\/ofict\/","logo":{"@type":"ImageObject","inLanguage":"fr-FR","@id":"https:\/\/syndicoop.fr\/ofict\/#\/schema\/logo\/image\/","url":"https:\/\/syndicoop.fr\/ofict\/wp-content\/uploads\/sites\/21\/2021\/01\/0-Logo-OFICT-couleur-ombre-grand.png","contentUrl":"https:\/\/syndicoop.fr\/ofict\/wp-content\/uploads\/sites\/21\/2021\/01\/0-Logo-OFICT-couleur-ombre-grand.png","width":853,"height":626,"caption":"ofict-cgt"},"image":{"@id":"https:\/\/syndicoop.fr\/ofict\/#\/schema\/logo\/image\/"},"sameAs":["https:\/\/www.facebook.com\/ofictcgt","https:\/\/x.com\/ofictcgt","https:\/\/www.youtube.com\/channel\/UCuspFuV1HGEF1weXxpWVKtQ"]},{"@type":"Person","@id":"https:\/\/syndicoop.fr\/ofict\/#\/schema\/person\/f39466be0f2870e8872f54607694f961","name":"ecanonne","image":{"@type":"ImageObject","inLanguage":"fr-FR","@id":"https:\/\/syndicoop.fr\/ofict\/#\/schema\/person\/image\/","url":"\/\/www.gravatar.com\/avatar\/d77c79c43301ad5a8b26da1071f40071?s=96&#038;r=g&#038;d=mm","contentUrl":"\/\/www.gravatar.com\/avatar\/d77c79c43301ad5a8b26da1071f40071?s=96&#038;r=g&#038;d=mm","caption":"ecanonne"}}]}},"_links":{"self":[{"href":"https:\/\/syndicoop.fr\/ofict\/wp-json\/wp\/v2\/posts\/1380","targetHints":{"allow":["GET"]}}],"collection":[{"href":"https:\/\/syndicoop.fr\/ofict\/wp-json\/wp\/v2\/posts"}],"about":[{"href":"https:\/\/syndicoop.fr\/ofict\/wp-json\/wp\/v2\/types\/post"}],"author":[{"embeddable":true,"href":"https:\/\/syndicoop.fr\/ofict\/wp-json\/wp\/v2\/users\/351"}],"replies":[{"embeddable":true,"href":"https:\/\/syndicoop.fr\/ofict\/wp-json\/wp\/v2\/comments?post=1380"}],"version-history":[{"count":0,"href":"https:\/\/syndicoop.fr\/ofict\/wp-json\/wp\/v2\/posts\/1380\/revisions"}],"wp:attachment":[{"href":"https:\/\/syndicoop.fr\/ofict\/wp-json\/wp\/v2\/media?parent=1380"}],"wp:term":[{"taxonomy":"category","embeddable":true,"href":"https:\/\/syndicoop.fr\/ofict\/wp-json\/wp\/v2\/categories?post=1380"},{"taxonomy":"post_tag","embeddable":true,"href":"https:\/\/syndicoop.fr\/ofict\/wp-json\/wp\/v2\/tags?post=1380"}],"curies":[{"name":"wp","href":"https:\/\/api.w.org\/{rel}","templated":true}]}}