{"id":1382,"date":"2013-06-23T18:02:20","date_gmt":"2013-06-23T17:02:20","guid":{"rendered":"http:\/\/ofict.reference-syndicale.fr\/?p=1382"},"modified":"2020-10-21T11:14:43","modified_gmt":"2020-10-21T09:14:43","slug":"retraites-le-chantier-de-lete-lance-le-4-juillet","status":"publish","type":"post","link":"https:\/\/syndicoop.fr\/ofict\/retraites-le-chantier-de-lete-lance-le-4-juillet\/","title":{"rendered":"Retraites : Le chantier de l&rsquo;\u00e9t\u00e9 lanc\u00e9 le 4 juillet"},"content":{"rendered":"<div>\n<p>C&rsquo;est sur fond de d\u00e9saccords avec les pistes du rapport Moreau que le gouvernement va lancer \u00e0 partir du 4 juillet ses r\u00e9unions de concertation sur la future r\u00e9forme des retraites avec l&rsquo;ambition d&rsquo;aboutir \u00e0 un projet de loi du gouvernement attendu en septembre.<!--more-->En ouverture de la Conf\u00e9rence sociale, le chef de l&rsquo;Etat a confirm\u00e9 que l&rsquo;allongement de la dur\u00e9e de cotisation, actuellement de 41,5 ans serait la mesure principale privil\u00e9gi\u00e9e par le gouvernement, par ailleurs appliqu\u00e9e \u00e0 tous, agents du public (fonctionnaires et r\u00e9gimes sp\u00e9ciaux), comme aux salari\u00e9s du priv\u00e9.<\/p>\n<\/div>\n<div>\n<div>\n<p>La pr\u00e9sidente du Medef Laurence Parisot a pour sa part r\u00e9p\u00e9t\u00e9 qu&rsquo;il ne suffisait pas d&rsquo;allonger la dur\u00e9e de cotisation, si on ne reculait pas parall\u00e8lement l&rsquo;\u00e2ge l\u00e9gal de d\u00e9part, fix\u00e9 \u00e0 62 ans d&rsquo;ici 2017 par la r\u00e9forme Sarkozy de 2010 &#8211; \u00e0 63 ans d&rsquo;ici 2020 et 65 ans d&rsquo;ici 2040.<br \/>\nAu cours de la table ronde consacr\u00e9e aux retraites, la future ex-patronne des patrons s&rsquo;est d\u00e9clar\u00e9e \u00ab\u00a0constern\u00e9e\u00a0\u00bb par les positions des syndicats.<br \/>\nDevant les journalistes, elle en a rajout\u00e9 une couche en accusant les syndicats de \u00ab\u00a0d\u00e9ni de la gravit\u00e9\u00a0\u00bb de la situation \u00e9conomique de la France.<\/p>\n<\/div>\n<\/div>\n","protected":false},"excerpt":{"rendered":"<p>C&rsquo;est sur fond de d\u00e9saccords avec les pistes du rapport Moreau que le gouvernement va lancer \u00e0 partir du 4 juillet ses r\u00e9unions de concertation sur la future r\u00e9forme des retraites avec l&rsquo;ambition d&rsquo;aboutir \u00e0 un projet de loi du gouvernement attendu en septembre.<\/p>\n","protected":false},"author":351,"featured_media":0,"comment_status":"open","ping_status":"closed","sticky":false,"template":"","format":"standard","meta":{"_acf_changed":false,"footnotes":""},"categories":[1],"tags":[],"class_list":["post-1382","post","type-post","status-publish","format-standard","hentry","category-actus","themes-remuneration-carriere-ldg"],"acf":[],"yoast_head":"<!-- This site is optimized with the Yoast SEO plugin v26.3 - https:\/\/yoast.com\/wordpress\/plugins\/seo\/ -->\n<title>Retraites : Le chantier de l&#039;\u00e9t\u00e9 lanc\u00e9 le 4 juillet - OFICT-CGT Equipement-Environnement<\/title>\n<meta name=\"robots\" content=\"index, follow, max-snippet:-1, max-image-preview:large, max-video-preview:-1\" \/>\n<link rel=\"canonical\" href=\"https:\/\/syndicoop.fr\/ofict\/retraites-le-chantier-de-lete-lance-le-4-juillet\/\" \/>\n<meta property=\"og:locale\" content=\"fr_FR\" \/>\n<meta property=\"og:type\" content=\"article\" \/>\n<meta property=\"og:title\" content=\"Retraites : Le chantier de l&#039;\u00e9t\u00e9 lanc\u00e9 le 4 juillet - OFICT-CGT Equipement-Environnement\" \/>\n<meta property=\"og:description\" content=\"C&rsquo;est sur fond de d\u00e9saccords avec les pistes du rapport Moreau que le gouvernement va lancer \u00e0 partir du 4 juillet ses r\u00e9unions de concertation sur la future r\u00e9forme des retraites avec l&rsquo;ambition d&rsquo;aboutir \u00e0 un projet de loi du gouvernement attendu en septembre.\" \/>\n<meta property=\"og:url\" content=\"https:\/\/syndicoop.fr\/ofict\/retraites-le-chantier-de-lete-lance-le-4-juillet\/\" \/>\n<meta property=\"og:site_name\" content=\"OFICT-CGT Equipement-Environnement\" \/>\n<meta property=\"article:publisher\" content=\"https:\/\/www.facebook.com\/ofictcgt\" \/>\n<meta property=\"article:published_time\" content=\"2013-06-23T17:02:20+00:00\" \/>\n<meta property=\"article:modified_time\" content=\"2020-10-21T09:14:43+00:00\" \/>\n<meta name=\"author\" content=\"ecanonne\" \/>\n<meta name=\"twitter:card\" content=\"summary_large_image\" \/>\n<meta name=\"twitter:creator\" content=\"@ofictcgt\" \/>\n<meta name=\"twitter:site\" content=\"@ofictcgt\" \/>\n<meta name=\"twitter:label1\" content=\"\u00c9crit par\" \/>\n\t<meta name=\"twitter:data1\" content=\"ecanonne\" \/>\n\t<meta name=\"twitter:label2\" content=\"Dur\u00e9e de lecture estim\u00e9e\" \/>\n\t<meta name=\"twitter:data2\" content=\"1 minute\" \/>\n<script type=\"application\/ld+json\" class=\"yoast-schema-graph\">{\"@context\":\"https:\/\/schema.org\",\"@graph\":[{\"@type\":\"Article\",\"@id\":\"https:\/\/syndicoop.fr\/ofict\/retraites-le-chantier-de-lete-lance-le-4-juillet\/#article\",\"isPartOf\":{\"@id\":\"https:\/\/syndicoop.fr\/ofict\/retraites-le-chantier-de-lete-lance-le-4-juillet\/\"},\"author\":{\"name\":\"ecanonne\",\"@id\":\"https:\/\/syndicoop.fr\/ofict\/#\/schema\/person\/f39466be0f2870e8872f54607694f961\"},\"headline\":\"Retraites : Le chantier de l&rsquo;\u00e9t\u00e9 lanc\u00e9 le 4 juillet\",\"datePublished\":\"2013-06-23T17:02:20+00:00\",\"dateModified\":\"2020-10-21T09:14:43+00:00\",\"mainEntityOfPage\":{\"@id\":\"https:\/\/syndicoop.fr\/ofict\/retraites-le-chantier-de-lete-lance-le-4-juillet\/\"},\"wordCount\":212,\"commentCount\":0,\"publisher\":{\"@id\":\"https:\/\/syndicoop.fr\/ofict\/#organization\"},\"articleSection\":[\"Actus\"],\"inLanguage\":\"fr-FR\",\"potentialAction\":[{\"@type\":\"CommentAction\",\"name\":\"Comment\",\"target\":[\"https:\/\/syndicoop.fr\/ofict\/retraites-le-chantier-de-lete-lance-le-4-juillet\/#respond\"]}]},{\"@type\":\"WebPage\",\"@id\":\"https:\/\/syndicoop.fr\/ofict\/retraites-le-chantier-de-lete-lance-le-4-juillet\/\",\"url\":\"https:\/\/syndicoop.fr\/ofict\/retraites-le-chantier-de-lete-lance-le-4-juillet\/\",\"name\":\"Retraites : Le chantier de l'\u00e9t\u00e9 lanc\u00e9 le 4 juillet - OFICT-CGT Equipement-Environnement\",\"isPartOf\":{\"@id\":\"https:\/\/syndicoop.fr\/ofict\/#website\"},\"datePublished\":\"2013-06-23T17:02:20+00:00\",\"dateModified\":\"2020-10-21T09:14:43+00:00\",\"breadcrumb\":{\"@id\":\"https:\/\/syndicoop.fr\/ofict\/retraites-le-chantier-de-lete-lance-le-4-juillet\/#breadcrumb\"},\"inLanguage\":\"fr-FR\",\"potentialAction\":[{\"@type\":\"ReadAction\",\"target\":[\"https:\/\/syndicoop.fr\/ofict\/retraites-le-chantier-de-lete-lance-le-4-juillet\/\"]}]},{\"@type\":\"BreadcrumbList\",\"@id\":\"https:\/\/syndicoop.fr\/ofict\/retraites-le-chantier-de-lete-lance-le-4-juillet\/#breadcrumb\",\"itemListElement\":[{\"@type\":\"ListItem\",\"position\":1,\"name\":\"Accueil\",\"item\":\"https:\/\/syndicoop.fr\/ofict\/\"},{\"@type\":\"ListItem\",\"position\":2,\"name\":\"Retraites&#160;: Le chantier de l&#8217;\u00e9t\u00e9 lanc\u00e9 le 4 juillet\"}]},{\"@type\":\"WebSite\",\"@id\":\"https:\/\/syndicoop.fr\/ofict\/#website\",\"url\":\"https:\/\/syndicoop.fr\/ofict\/\",\"name\":\"OFICT-CGT Equipement-Environnement\",\"description\":\"avec Syndicoop.fr, plateforme syndicale et coop\u00e9rative\",\"publisher\":{\"@id\":\"https:\/\/syndicoop.fr\/ofict\/#organization\"},\"potentialAction\":[{\"@type\":\"SearchAction\",\"target\":{\"@type\":\"EntryPoint\",\"urlTemplate\":\"https:\/\/syndicoop.fr\/ofict\/?s={search_term_string}\"},\"query-input\":{\"@type\":\"PropertyValueSpecification\",\"valueRequired\":true,\"valueName\":\"search_term_string\"}}],\"inLanguage\":\"fr-FR\"},{\"@type\":\"Organization\",\"@id\":\"https:\/\/syndicoop.fr\/ofict\/#organization\",\"name\":\"ofict-cgt\",\"url\":\"https:\/\/syndicoop.fr\/ofict\/\",\"logo\":{\"@type\":\"ImageObject\",\"inLanguage\":\"fr-FR\",\"@id\":\"https:\/\/syndicoop.fr\/ofict\/#\/schema\/logo\/image\/\",\"url\":\"https:\/\/syndicoop.fr\/ofict\/wp-content\/uploads\/sites\/21\/2021\/01\/0-Logo-OFICT-couleur-ombre-grand.png\",\"contentUrl\":\"https:\/\/syndicoop.fr\/ofict\/wp-content\/uploads\/sites\/21\/2021\/01\/0-Logo-OFICT-couleur-ombre-grand.png\",\"width\":853,\"height\":626,\"caption\":\"ofict-cgt\"},\"image\":{\"@id\":\"https:\/\/syndicoop.fr\/ofict\/#\/schema\/logo\/image\/\"},\"sameAs\":[\"https:\/\/www.facebook.com\/ofictcgt\",\"https:\/\/x.com\/ofictcgt\",\"https:\/\/www.youtube.com\/channel\/UCuspFuV1HGEF1weXxpWVKtQ\"]},{\"@type\":\"Person\",\"@id\":\"https:\/\/syndicoop.fr\/ofict\/#\/schema\/person\/f39466be0f2870e8872f54607694f961\",\"name\":\"ecanonne\",\"image\":{\"@type\":\"ImageObject\",\"inLanguage\":\"fr-FR\",\"@id\":\"https:\/\/syndicoop.fr\/ofict\/#\/schema\/person\/image\/\",\"url\":\"\/\/www.gravatar.com\/avatar\/d77c79c43301ad5a8b26da1071f40071?s=96&#038;r=g&#038;d=mm\",\"contentUrl\":\"\/\/www.gravatar.com\/avatar\/d77c79c43301ad5a8b26da1071f40071?s=96&#038;r=g&#038;d=mm\",\"caption\":\"ecanonne\"}}]}<\/script>\n<!-- \/ Yoast SEO plugin. -->","yoast_head_json":{"title":"Retraites : Le chantier de l'\u00e9t\u00e9 lanc\u00e9 le 4 juillet - OFICT-CGT Equipement-Environnement","robots":{"index":"index","follow":"follow","max-snippet":"max-snippet:-1","max-image-preview":"max-image-preview:large","max-video-preview":"max-video-preview:-1"},"canonical":"https:\/\/syndicoop.fr\/ofict\/retraites-le-chantier-de-lete-lance-le-4-juillet\/","og_locale":"fr_FR","og_type":"article","og_title":"Retraites : Le chantier de l'\u00e9t\u00e9 lanc\u00e9 le 4 juillet - OFICT-CGT Equipement-Environnement","og_description":"C&rsquo;est sur fond de d\u00e9saccords avec les pistes du rapport Moreau que le gouvernement va lancer \u00e0 partir du 4 juillet ses r\u00e9unions de concertation sur la future r\u00e9forme des retraites avec l&rsquo;ambition d&rsquo;aboutir \u00e0 un projet de loi du gouvernement attendu en septembre.","og_url":"https:\/\/syndicoop.fr\/ofict\/retraites-le-chantier-de-lete-lance-le-4-juillet\/","og_site_name":"OFICT-CGT Equipement-Environnement","article_publisher":"https:\/\/www.facebook.com\/ofictcgt","article_published_time":"2013-06-23T17:02:20+00:00","article_modified_time":"2020-10-21T09:14:43+00:00","author":"ecanonne","twitter_card":"summary_large_image","twitter_creator":"@ofictcgt","twitter_site":"@ofictcgt","twitter_misc":{"\u00c9crit par":"ecanonne","Dur\u00e9e de lecture estim\u00e9e":"1 minute"},"schema":{"@context":"https:\/\/schema.org","@graph":[{"@type":"Article","@id":"https:\/\/syndicoop.fr\/ofict\/retraites-le-chantier-de-lete-lance-le-4-juillet\/#article","isPartOf":{"@id":"https:\/\/syndicoop.fr\/ofict\/retraites-le-chantier-de-lete-lance-le-4-juillet\/"},"author":{"name":"ecanonne","@id":"https:\/\/syndicoop.fr\/ofict\/#\/schema\/person\/f39466be0f2870e8872f54607694f961"},"headline":"Retraites : Le chantier de l&rsquo;\u00e9t\u00e9 lanc\u00e9 le 4 juillet","datePublished":"2013-06-23T17:02:20+00:00","dateModified":"2020-10-21T09:14:43+00:00","mainEntityOfPage":{"@id":"https:\/\/syndicoop.fr\/ofict\/retraites-le-chantier-de-lete-lance-le-4-juillet\/"},"wordCount":212,"commentCount":0,"publisher":{"@id":"https:\/\/syndicoop.fr\/ofict\/#organization"},"articleSection":["Actus"],"inLanguage":"fr-FR","potentialAction":[{"@type":"CommentAction","name":"Comment","target":["https:\/\/syndicoop.fr\/ofict\/retraites-le-chantier-de-lete-lance-le-4-juillet\/#respond"]}]},{"@type":"WebPage","@id":"https:\/\/syndicoop.fr\/ofict\/retraites-le-chantier-de-lete-lance-le-4-juillet\/","url":"https:\/\/syndicoop.fr\/ofict\/retraites-le-chantier-de-lete-lance-le-4-juillet\/","name":"Retraites : Le chantier de l'\u00e9t\u00e9 lanc\u00e9 le 4 juillet - OFICT-CGT Equipement-Environnement","isPartOf":{"@id":"https:\/\/syndicoop.fr\/ofict\/#website"},"datePublished":"2013-06-23T17:02:20+00:00","dateModified":"2020-10-21T09:14:43+00:00","breadcrumb":{"@id":"https:\/\/syndicoop.fr\/ofict\/retraites-le-chantier-de-lete-lance-le-4-juillet\/#breadcrumb"},"inLanguage":"fr-FR","potentialAction":[{"@type":"ReadAction","target":["https:\/\/syndicoop.fr\/ofict\/retraites-le-chantier-de-lete-lance-le-4-juillet\/"]}]},{"@type":"BreadcrumbList","@id":"https:\/\/syndicoop.fr\/ofict\/retraites-le-chantier-de-lete-lance-le-4-juillet\/#breadcrumb","itemListElement":[{"@type":"ListItem","position":1,"name":"Accueil","item":"https:\/\/syndicoop.fr\/ofict\/"},{"@type":"ListItem","position":2,"name":"Retraites&#160;: Le chantier de l&#8217;\u00e9t\u00e9 lanc\u00e9 le 4 juillet"}]},{"@type":"WebSite","@id":"https:\/\/syndicoop.fr\/ofict\/#website","url":"https:\/\/syndicoop.fr\/ofict\/","name":"OFICT-CGT Equipement-Environnement","description":"avec Syndicoop.fr, plateforme syndicale et coop\u00e9rative","publisher":{"@id":"https:\/\/syndicoop.fr\/ofict\/#organization"},"potentialAction":[{"@type":"SearchAction","target":{"@type":"EntryPoint","urlTemplate":"https:\/\/syndicoop.fr\/ofict\/?s={search_term_string}"},"query-input":{"@type":"PropertyValueSpecification","valueRequired":true,"valueName":"search_term_string"}}],"inLanguage":"fr-FR"},{"@type":"Organization","@id":"https:\/\/syndicoop.fr\/ofict\/#organization","name":"ofict-cgt","url":"https:\/\/syndicoop.fr\/ofict\/","logo":{"@type":"ImageObject","inLanguage":"fr-FR","@id":"https:\/\/syndicoop.fr\/ofict\/#\/schema\/logo\/image\/","url":"https:\/\/syndicoop.fr\/ofict\/wp-content\/uploads\/sites\/21\/2021\/01\/0-Logo-OFICT-couleur-ombre-grand.png","contentUrl":"https:\/\/syndicoop.fr\/ofict\/wp-content\/uploads\/sites\/21\/2021\/01\/0-Logo-OFICT-couleur-ombre-grand.png","width":853,"height":626,"caption":"ofict-cgt"},"image":{"@id":"https:\/\/syndicoop.fr\/ofict\/#\/schema\/logo\/image\/"},"sameAs":["https:\/\/www.facebook.com\/ofictcgt","https:\/\/x.com\/ofictcgt","https:\/\/www.youtube.com\/channel\/UCuspFuV1HGEF1weXxpWVKtQ"]},{"@type":"Person","@id":"https:\/\/syndicoop.fr\/ofict\/#\/schema\/person\/f39466be0f2870e8872f54607694f961","name":"ecanonne","image":{"@type":"ImageObject","inLanguage":"fr-FR","@id":"https:\/\/syndicoop.fr\/ofict\/#\/schema\/person\/image\/","url":"\/\/www.gravatar.com\/avatar\/d77c79c43301ad5a8b26da1071f40071?s=96&#038;r=g&#038;d=mm","contentUrl":"\/\/www.gravatar.com\/avatar\/d77c79c43301ad5a8b26da1071f40071?s=96&#038;r=g&#038;d=mm","caption":"ecanonne"}}]}},"_links":{"self":[{"href":"https:\/\/syndicoop.fr\/ofict\/wp-json\/wp\/v2\/posts\/1382","targetHints":{"allow":["GET"]}}],"collection":[{"href":"https:\/\/syndicoop.fr\/ofict\/wp-json\/wp\/v2\/posts"}],"about":[{"href":"https:\/\/syndicoop.fr\/ofict\/wp-json\/wp\/v2\/types\/post"}],"author":[{"embeddable":true,"href":"https:\/\/syndicoop.fr\/ofict\/wp-json\/wp\/v2\/users\/351"}],"replies":[{"embeddable":true,"href":"https:\/\/syndicoop.fr\/ofict\/wp-json\/wp\/v2\/comments?post=1382"}],"version-history":[{"count":0,"href":"https:\/\/syndicoop.fr\/ofict\/wp-json\/wp\/v2\/posts\/1382\/revisions"}],"wp:attachment":[{"href":"https:\/\/syndicoop.fr\/ofict\/wp-json\/wp\/v2\/media?parent=1382"}],"wp:term":[{"taxonomy":"category","embeddable":true,"href":"https:\/\/syndicoop.fr\/ofict\/wp-json\/wp\/v2\/categories?post=1382"},{"taxonomy":"post_tag","embeddable":true,"href":"https:\/\/syndicoop.fr\/ofict\/wp-json\/wp\/v2\/tags?post=1382"}],"curies":[{"name":"wp","href":"https:\/\/api.w.org\/{rel}","templated":true}]}}