{"id":1425,"date":"2013-08-28T21:51:55","date_gmt":"2013-08-28T19:51:55","guid":{"rendered":"http:\/\/ofict.reference-syndicale.fr\/?p=1425"},"modified":"2020-05-29T14:09:51","modified_gmt":"2020-05-29T12:09:51","slug":"journee-daction-interprofessionnelle-avec-greves-et-manifestations-le-10-septembre-2013","status":"publish","type":"post","link":"https:\/\/syndicoop.fr\/ofict\/journee-daction-interprofessionnelle-avec-greves-et-manifestations-le-10-septembre-2013\/","title":{"rendered":"Journ\u00e9e d\u2019action interprofessionnelle avec gr\u00e8ves et manifestations le 10 septembre 2013"},"content":{"rendered":"<div>Communiqu\u00e9 CGT-FO-FSU-Solidaires\u00a0:<\/div>\n<div>\n<p>Les organisations syndicales CGT, CGT-FO, FSU, Solidaires se sont r\u00e9unies aujourd\u2019hui sur les questions des retraites, de l\u2019emploi, des salaires, de l\u2019avenir des services publics.<!--more--><\/p>\n<p>Apr\u00e8s la Conf\u00e9rence sociale et les concertations de l\u2019\u00e9t\u00e9, le Gouvernement attend le mois de septembre pour donner les grandes mesures qu\u2019il compte prendre.<\/p>\n<p>Ses premi\u00e8res d\u00e9clarations inqui\u00e8tent les salari\u00e9s, les retrait\u00e9s et les demandeurs d\u2019emploi d\u2019autant que le calendrier impos\u00e9 est tr\u00e8s resserr\u00e9.<\/p>\n<p>Lire la suite dans\u00a0<a href=\"http:\/\/www.equipement.cgt.fr\/IMG\/pdf\/communique_8_juillet.pdf\" target=\"_blank\">le communiqu\u00e9 CGT-FO-FSU-Solidaires<\/a>\u00a0ci-joint.<\/p>\n<p>Consultez \u00e9galement\u00a0:<\/p>\n<div>&#8211; Carte de France des mobilisations :Vous pouvez consulter la carte de France des mobilisations du 10 septembre en\u00a0<strong><a href=\"http:\/\/www.cgt.fr\/Carte-des-initiatives-prevues.html\" target=\"_blank\" rel=\"external\">cliquant ICI<\/a><\/strong><\/div>\n<div><a href=\"http:\/\/ofict.reference-syndicale.fr\/2013\/08\/27\/1528\/\" target=\"_blank\">-Tract de l&rsquo;OFICT<\/a><\/div>\n<p>&#8211;<a href=\"http:\/\/www.cgt.fr\/IMG\/pdf\/retraite4pages.pdf\" target=\"_blank\">Une bonne\u00a0r\u00e9forme\u00a0des retraites :\u00a0c\u2019est\u00a0possible (PDF de 4 pages)<\/a><\/p>\n<p>&#8211;<a href=\"http:\/\/www.ugict.cgt.fr\/articles\/actus\/reforme-retraites-10-sept\" target=\"_blank\">Pr\u00eats pour une baisse de votre retraite ? 3 raisons de vous mobiliser le 10 septembre &#8211; tract de l&rsquo;UGICT<\/a><\/p>\n<p>-C<a href=\"http:\/\/www.cgt.fr\/IMG\/pdf\/Appel_MEDDE_METL_10_septembre.pdf\" target=\"_blank\">ommuniqu\u00e9 des organisations syndicales\u00a0CGT, FO, FSU, Solidaires du MEDDE et du METL &#8211;\u00a0Appel \u00e0 la gr\u00e8ve et aux manifestations du 10 septembre 2013<\/a><\/p>\n<p>&#8211;<a title=\"T\u00e9l\u00e9charger\" href=\"http:\/\/www.cgt.fr\/IMG\/pdf\/tract_10092013.pdf\">T\u00e9l\u00e9charger le tract pour le 10 septembre 2013<\/a><\/p>\n<p>&#8211;\u00a0<a href=\"http:\/\/www.equipement.cgt.fr\/spip.php?article5033\">Appel de la Commission Ex\u00e9cutive F\u00e9d\u00e9rale des 25 et 26 juin 2013<\/a><\/p>\n<p>&#8211;\u00a0<a href=\"http:\/\/www.equipement.cgt.fr\/spip.php?article5042\" target=\"_blank\">Meetings CGT de Rentr\u00e9e<\/a><\/p>\n<p>&#8211;\u00a0<a href=\"http:\/\/www.equipement.cgt.fr\/spip.php?rubrique653\" target=\"_blank\">Consultez le dossier \u00ab\u00a0Journ\u00e9e d\u2019actions interprofessionnelles du 10 septembre 2013\u00a0\u00bb<\/a>\u00a0sur le site de la f\u00e9d\u00e9ration \u00e9quipement environnement<\/p>\n<p>-T\u00e9l\u00e9charger les affiches : <a href=\"http:\/\/www.cgt.fr\/IMG\/pdf\/Affi40x60_MOBILISATION_HD.pdf\" target=\"_blank\">Affiche 1 <\/a>et <a href=\"http:\/\/www.equipement.cgt.fr\/spip.php?article5130\" target=\"_blank\">Affiche 2<\/a><\/p>\n<p><img loading=\"lazy\" decoding=\"async\" class=\"alignnone\" alt=\"\" src=\"http:\/\/www.equipement.cgt.fr\/IMG\/jpg\/affiche_ete_2013_action_10septA3-2.jpg\" width=\"842\" height=\"1191\" \/><\/p>\n<\/div>\n","protected":false},"excerpt":{"rendered":"<p>Communiqu\u00e9 CGT-FO-FSU-Solidaires\u00a0: Les organisations syndicales CGT, CGT-FO, FSU, Solidaires se sont r\u00e9unies aujourd\u2019hui sur les questions des retraites, de l\u2019emploi, des salaires, de l\u2019avenir des services publics.<\/p>\n","protected":false},"author":351,"featured_media":0,"comment_status":"open","ping_status":"closed","sticky":false,"template":"","format":"standard","meta":{"_acf_changed":false,"footnotes":""},"categories":[1,382,383],"tags":[],"class_list":["post-1425","post","type-post","status-publish","format-standard","hentry","category-actus","category-ofict","category-ugict","documents-tracts"],"acf":[],"yoast_head":"<!-- This site is optimized with the Yoast SEO plugin v26.3 - https:\/\/yoast.com\/wordpress\/plugins\/seo\/ -->\n<title>Journ\u00e9e d\u2019action interprofessionnelle avec gr\u00e8ves et manifestations le 10 septembre 2013 - OFICT-CGT Equipement-Environnement<\/title>\n<meta name=\"robots\" content=\"index, follow, max-snippet:-1, max-image-preview:large, max-video-preview:-1\" \/>\n<link rel=\"canonical\" href=\"https:\/\/syndicoop.fr\/ofict\/journee-daction-interprofessionnelle-avec-greves-et-manifestations-le-10-septembre-2013\/\" \/>\n<meta property=\"og:locale\" content=\"fr_FR\" \/>\n<meta property=\"og:type\" content=\"article\" \/>\n<meta property=\"og:title\" content=\"Journ\u00e9e d\u2019action interprofessionnelle avec gr\u00e8ves et manifestations le 10 septembre 2013 - OFICT-CGT Equipement-Environnement\" \/>\n<meta property=\"og:description\" content=\"Communiqu\u00e9 CGT-FO-FSU-Solidaires\u00a0: Les organisations syndicales CGT, CGT-FO, FSU, Solidaires se sont r\u00e9unies aujourd\u2019hui sur les questions des retraites, de l\u2019emploi, des salaires, de l\u2019avenir des services publics.\" \/>\n<meta property=\"og:url\" content=\"https:\/\/syndicoop.fr\/ofict\/journee-daction-interprofessionnelle-avec-greves-et-manifestations-le-10-septembre-2013\/\" \/>\n<meta property=\"og:site_name\" content=\"OFICT-CGT Equipement-Environnement\" \/>\n<meta property=\"article:publisher\" content=\"https:\/\/www.facebook.com\/ofictcgt\" \/>\n<meta property=\"article:published_time\" content=\"2013-08-28T19:51:55+00:00\" \/>\n<meta property=\"article:modified_time\" content=\"2020-05-29T12:09:51+00:00\" \/>\n<meta property=\"og:image\" content=\"http:\/\/www.equipement.cgt.fr\/IMG\/jpg\/affiche_ete_2013_action_10septA3-2.jpg\" \/>\n<meta name=\"author\" content=\"ecanonne\" \/>\n<meta name=\"twitter:card\" content=\"summary_large_image\" \/>\n<meta name=\"twitter:creator\" content=\"@ofictcgt\" \/>\n<meta name=\"twitter:site\" content=\"@ofictcgt\" \/>\n<meta name=\"twitter:label1\" content=\"\u00c9crit par\" \/>\n\t<meta name=\"twitter:data1\" content=\"ecanonne\" \/>\n\t<meta name=\"twitter:label2\" content=\"Dur\u00e9e de lecture estim\u00e9e\" \/>\n\t<meta name=\"twitter:data2\" content=\"1 minute\" \/>\n<script type=\"application\/ld+json\" class=\"yoast-schema-graph\">{\"@context\":\"https:\/\/schema.org\",\"@graph\":[{\"@type\":\"Article\",\"@id\":\"https:\/\/syndicoop.fr\/ofict\/journee-daction-interprofessionnelle-avec-greves-et-manifestations-le-10-septembre-2013\/#article\",\"isPartOf\":{\"@id\":\"https:\/\/syndicoop.fr\/ofict\/journee-daction-interprofessionnelle-avec-greves-et-manifestations-le-10-septembre-2013\/\"},\"author\":{\"name\":\"ecanonne\",\"@id\":\"https:\/\/syndicoop.fr\/ofict\/#\/schema\/person\/f39466be0f2870e8872f54607694f961\"},\"headline\":\"Journ\u00e9e d\u2019action interprofessionnelle avec gr\u00e8ves et manifestations le 10 septembre 2013\",\"datePublished\":\"2013-08-28T19:51:55+00:00\",\"dateModified\":\"2020-05-29T12:09:51+00:00\",\"mainEntityOfPage\":{\"@id\":\"https:\/\/syndicoop.fr\/ofict\/journee-daction-interprofessionnelle-avec-greves-et-manifestations-le-10-septembre-2013\/\"},\"wordCount\":241,\"commentCount\":0,\"publisher\":{\"@id\":\"https:\/\/syndicoop.fr\/ofict\/#organization\"},\"image\":{\"@id\":\"https:\/\/syndicoop.fr\/ofict\/journee-daction-interprofessionnelle-avec-greves-et-manifestations-le-10-septembre-2013\/#primaryimage\"},\"thumbnailUrl\":\"http:\/\/www.equipement.cgt.fr\/IMG\/jpg\/affiche_ete_2013_action_10septA3-2.jpg\",\"articleSection\":[\"Actus\",\"Ofict\",\"Ugict\"],\"inLanguage\":\"fr-FR\",\"potentialAction\":[{\"@type\":\"CommentAction\",\"name\":\"Comment\",\"target\":[\"https:\/\/syndicoop.fr\/ofict\/journee-daction-interprofessionnelle-avec-greves-et-manifestations-le-10-septembre-2013\/#respond\"]}]},{\"@type\":\"WebPage\",\"@id\":\"https:\/\/syndicoop.fr\/ofict\/journee-daction-interprofessionnelle-avec-greves-et-manifestations-le-10-septembre-2013\/\",\"url\":\"https:\/\/syndicoop.fr\/ofict\/journee-daction-interprofessionnelle-avec-greves-et-manifestations-le-10-septembre-2013\/\",\"name\":\"Journ\u00e9e d\u2019action interprofessionnelle avec gr\u00e8ves et manifestations le 10 septembre 2013 - OFICT-CGT Equipement-Environnement\",\"isPartOf\":{\"@id\":\"https:\/\/syndicoop.fr\/ofict\/#website\"},\"primaryImageOfPage\":{\"@id\":\"https:\/\/syndicoop.fr\/ofict\/journee-daction-interprofessionnelle-avec-greves-et-manifestations-le-10-septembre-2013\/#primaryimage\"},\"image\":{\"@id\":\"https:\/\/syndicoop.fr\/ofict\/journee-daction-interprofessionnelle-avec-greves-et-manifestations-le-10-septembre-2013\/#primaryimage\"},\"thumbnailUrl\":\"http:\/\/www.equipement.cgt.fr\/IMG\/jpg\/affiche_ete_2013_action_10septA3-2.jpg\",\"datePublished\":\"2013-08-28T19:51:55+00:00\",\"dateModified\":\"2020-05-29T12:09:51+00:00\",\"breadcrumb\":{\"@id\":\"https:\/\/syndicoop.fr\/ofict\/journee-daction-interprofessionnelle-avec-greves-et-manifestations-le-10-septembre-2013\/#breadcrumb\"},\"inLanguage\":\"fr-FR\",\"potentialAction\":[{\"@type\":\"ReadAction\",\"target\":[\"https:\/\/syndicoop.fr\/ofict\/journee-daction-interprofessionnelle-avec-greves-et-manifestations-le-10-septembre-2013\/\"]}]},{\"@type\":\"ImageObject\",\"inLanguage\":\"fr-FR\",\"@id\":\"https:\/\/syndicoop.fr\/ofict\/journee-daction-interprofessionnelle-avec-greves-et-manifestations-le-10-septembre-2013\/#primaryimage\",\"url\":\"http:\/\/www.equipement.cgt.fr\/IMG\/jpg\/affiche_ete_2013_action_10septA3-2.jpg\",\"contentUrl\":\"http:\/\/www.equipement.cgt.fr\/IMG\/jpg\/affiche_ete_2013_action_10septA3-2.jpg\"},{\"@type\":\"BreadcrumbList\",\"@id\":\"https:\/\/syndicoop.fr\/ofict\/journee-daction-interprofessionnelle-avec-greves-et-manifestations-le-10-septembre-2013\/#breadcrumb\",\"itemListElement\":[{\"@type\":\"ListItem\",\"position\":1,\"name\":\"Accueil\",\"item\":\"https:\/\/syndicoop.fr\/ofict\/\"},{\"@type\":\"ListItem\",\"position\":2,\"name\":\"Journ\u00e9e d\u2019action interprofessionnelle avec gr\u00e8ves et manifestations le 10 septembre 2013\"}]},{\"@type\":\"WebSite\",\"@id\":\"https:\/\/syndicoop.fr\/ofict\/#website\",\"url\":\"https:\/\/syndicoop.fr\/ofict\/\",\"name\":\"OFICT-CGT Equipement-Environnement\",\"description\":\"avec Syndicoop.fr, plateforme syndicale et coop\u00e9rative\",\"publisher\":{\"@id\":\"https:\/\/syndicoop.fr\/ofict\/#organization\"},\"potentialAction\":[{\"@type\":\"SearchAction\",\"target\":{\"@type\":\"EntryPoint\",\"urlTemplate\":\"https:\/\/syndicoop.fr\/ofict\/?s={search_term_string}\"},\"query-input\":{\"@type\":\"PropertyValueSpecification\",\"valueRequired\":true,\"valueName\":\"search_term_string\"}}],\"inLanguage\":\"fr-FR\"},{\"@type\":\"Organization\",\"@id\":\"https:\/\/syndicoop.fr\/ofict\/#organization\",\"name\":\"ofict-cgt\",\"url\":\"https:\/\/syndicoop.fr\/ofict\/\",\"logo\":{\"@type\":\"ImageObject\",\"inLanguage\":\"fr-FR\",\"@id\":\"https:\/\/syndicoop.fr\/ofict\/#\/schema\/logo\/image\/\",\"url\":\"https:\/\/syndicoop.fr\/ofict\/wp-content\/uploads\/sites\/21\/2021\/01\/0-Logo-OFICT-couleur-ombre-grand.png\",\"contentUrl\":\"https:\/\/syndicoop.fr\/ofict\/wp-content\/uploads\/sites\/21\/2021\/01\/0-Logo-OFICT-couleur-ombre-grand.png\",\"width\":853,\"height\":626,\"caption\":\"ofict-cgt\"},\"image\":{\"@id\":\"https:\/\/syndicoop.fr\/ofict\/#\/schema\/logo\/image\/\"},\"sameAs\":[\"https:\/\/www.facebook.com\/ofictcgt\",\"https:\/\/x.com\/ofictcgt\",\"https:\/\/www.youtube.com\/channel\/UCuspFuV1HGEF1weXxpWVKtQ\"]},{\"@type\":\"Person\",\"@id\":\"https:\/\/syndicoop.fr\/ofict\/#\/schema\/person\/f39466be0f2870e8872f54607694f961\",\"name\":\"ecanonne\",\"image\":{\"@type\":\"ImageObject\",\"inLanguage\":\"fr-FR\",\"@id\":\"https:\/\/syndicoop.fr\/ofict\/#\/schema\/person\/image\/\",\"url\":\"\/\/www.gravatar.com\/avatar\/d77c79c43301ad5a8b26da1071f40071?s=96&#038;r=g&#038;d=mm\",\"contentUrl\":\"\/\/www.gravatar.com\/avatar\/d77c79c43301ad5a8b26da1071f40071?s=96&#038;r=g&#038;d=mm\",\"caption\":\"ecanonne\"}}]}<\/script>\n<!-- \/ Yoast SEO plugin. -->","yoast_head_json":{"title":"Journ\u00e9e d\u2019action interprofessionnelle avec gr\u00e8ves et manifestations le 10 septembre 2013 - OFICT-CGT Equipement-Environnement","robots":{"index":"index","follow":"follow","max-snippet":"max-snippet:-1","max-image-preview":"max-image-preview:large","max-video-preview":"max-video-preview:-1"},"canonical":"https:\/\/syndicoop.fr\/ofict\/journee-daction-interprofessionnelle-avec-greves-et-manifestations-le-10-septembre-2013\/","og_locale":"fr_FR","og_type":"article","og_title":"Journ\u00e9e d\u2019action interprofessionnelle avec gr\u00e8ves et manifestations le 10 septembre 2013 - OFICT-CGT Equipement-Environnement","og_description":"Communiqu\u00e9 CGT-FO-FSU-Solidaires\u00a0: Les organisations syndicales CGT, CGT-FO, FSU, Solidaires se sont r\u00e9unies aujourd\u2019hui sur les questions des retraites, de l\u2019emploi, des salaires, de l\u2019avenir des services publics.","og_url":"https:\/\/syndicoop.fr\/ofict\/journee-daction-interprofessionnelle-avec-greves-et-manifestations-le-10-septembre-2013\/","og_site_name":"OFICT-CGT Equipement-Environnement","article_publisher":"https:\/\/www.facebook.com\/ofictcgt","article_published_time":"2013-08-28T19:51:55+00:00","article_modified_time":"2020-05-29T12:09:51+00:00","og_image":[{"url":"http:\/\/www.equipement.cgt.fr\/IMG\/jpg\/affiche_ete_2013_action_10septA3-2.jpg","type":"","width":"","height":""}],"author":"ecanonne","twitter_card":"summary_large_image","twitter_creator":"@ofictcgt","twitter_site":"@ofictcgt","twitter_misc":{"\u00c9crit par":"ecanonne","Dur\u00e9e de lecture estim\u00e9e":"1 minute"},"schema":{"@context":"https:\/\/schema.org","@graph":[{"@type":"Article","@id":"https:\/\/syndicoop.fr\/ofict\/journee-daction-interprofessionnelle-avec-greves-et-manifestations-le-10-septembre-2013\/#article","isPartOf":{"@id":"https:\/\/syndicoop.fr\/ofict\/journee-daction-interprofessionnelle-avec-greves-et-manifestations-le-10-septembre-2013\/"},"author":{"name":"ecanonne","@id":"https:\/\/syndicoop.fr\/ofict\/#\/schema\/person\/f39466be0f2870e8872f54607694f961"},"headline":"Journ\u00e9e d\u2019action interprofessionnelle avec gr\u00e8ves et manifestations le 10 septembre 2013","datePublished":"2013-08-28T19:51:55+00:00","dateModified":"2020-05-29T12:09:51+00:00","mainEntityOfPage":{"@id":"https:\/\/syndicoop.fr\/ofict\/journee-daction-interprofessionnelle-avec-greves-et-manifestations-le-10-septembre-2013\/"},"wordCount":241,"commentCount":0,"publisher":{"@id":"https:\/\/syndicoop.fr\/ofict\/#organization"},"image":{"@id":"https:\/\/syndicoop.fr\/ofict\/journee-daction-interprofessionnelle-avec-greves-et-manifestations-le-10-septembre-2013\/#primaryimage"},"thumbnailUrl":"http:\/\/www.equipement.cgt.fr\/IMG\/jpg\/affiche_ete_2013_action_10septA3-2.jpg","articleSection":["Actus","Ofict","Ugict"],"inLanguage":"fr-FR","potentialAction":[{"@type":"CommentAction","name":"Comment","target":["https:\/\/syndicoop.fr\/ofict\/journee-daction-interprofessionnelle-avec-greves-et-manifestations-le-10-septembre-2013\/#respond"]}]},{"@type":"WebPage","@id":"https:\/\/syndicoop.fr\/ofict\/journee-daction-interprofessionnelle-avec-greves-et-manifestations-le-10-septembre-2013\/","url":"https:\/\/syndicoop.fr\/ofict\/journee-daction-interprofessionnelle-avec-greves-et-manifestations-le-10-septembre-2013\/","name":"Journ\u00e9e d\u2019action interprofessionnelle avec gr\u00e8ves et manifestations le 10 septembre 2013 - OFICT-CGT Equipement-Environnement","isPartOf":{"@id":"https:\/\/syndicoop.fr\/ofict\/#website"},"primaryImageOfPage":{"@id":"https:\/\/syndicoop.fr\/ofict\/journee-daction-interprofessionnelle-avec-greves-et-manifestations-le-10-septembre-2013\/#primaryimage"},"image":{"@id":"https:\/\/syndicoop.fr\/ofict\/journee-daction-interprofessionnelle-avec-greves-et-manifestations-le-10-septembre-2013\/#primaryimage"},"thumbnailUrl":"http:\/\/www.equipement.cgt.fr\/IMG\/jpg\/affiche_ete_2013_action_10septA3-2.jpg","datePublished":"2013-08-28T19:51:55+00:00","dateModified":"2020-05-29T12:09:51+00:00","breadcrumb":{"@id":"https:\/\/syndicoop.fr\/ofict\/journee-daction-interprofessionnelle-avec-greves-et-manifestations-le-10-septembre-2013\/#breadcrumb"},"inLanguage":"fr-FR","potentialAction":[{"@type":"ReadAction","target":["https:\/\/syndicoop.fr\/ofict\/journee-daction-interprofessionnelle-avec-greves-et-manifestations-le-10-septembre-2013\/"]}]},{"@type":"ImageObject","inLanguage":"fr-FR","@id":"https:\/\/syndicoop.fr\/ofict\/journee-daction-interprofessionnelle-avec-greves-et-manifestations-le-10-septembre-2013\/#primaryimage","url":"http:\/\/www.equipement.cgt.fr\/IMG\/jpg\/affiche_ete_2013_action_10septA3-2.jpg","contentUrl":"http:\/\/www.equipement.cgt.fr\/IMG\/jpg\/affiche_ete_2013_action_10septA3-2.jpg"},{"@type":"BreadcrumbList","@id":"https:\/\/syndicoop.fr\/ofict\/journee-daction-interprofessionnelle-avec-greves-et-manifestations-le-10-septembre-2013\/#breadcrumb","itemListElement":[{"@type":"ListItem","position":1,"name":"Accueil","item":"https:\/\/syndicoop.fr\/ofict\/"},{"@type":"ListItem","position":2,"name":"Journ\u00e9e d\u2019action interprofessionnelle avec gr\u00e8ves et manifestations le 10 septembre 2013"}]},{"@type":"WebSite","@id":"https:\/\/syndicoop.fr\/ofict\/#website","url":"https:\/\/syndicoop.fr\/ofict\/","name":"OFICT-CGT Equipement-Environnement","description":"avec Syndicoop.fr, plateforme syndicale et coop\u00e9rative","publisher":{"@id":"https:\/\/syndicoop.fr\/ofict\/#organization"},"potentialAction":[{"@type":"SearchAction","target":{"@type":"EntryPoint","urlTemplate":"https:\/\/syndicoop.fr\/ofict\/?s={search_term_string}"},"query-input":{"@type":"PropertyValueSpecification","valueRequired":true,"valueName":"search_term_string"}}],"inLanguage":"fr-FR"},{"@type":"Organization","@id":"https:\/\/syndicoop.fr\/ofict\/#organization","name":"ofict-cgt","url":"https:\/\/syndicoop.fr\/ofict\/","logo":{"@type":"ImageObject","inLanguage":"fr-FR","@id":"https:\/\/syndicoop.fr\/ofict\/#\/schema\/logo\/image\/","url":"https:\/\/syndicoop.fr\/ofict\/wp-content\/uploads\/sites\/21\/2021\/01\/0-Logo-OFICT-couleur-ombre-grand.png","contentUrl":"https:\/\/syndicoop.fr\/ofict\/wp-content\/uploads\/sites\/21\/2021\/01\/0-Logo-OFICT-couleur-ombre-grand.png","width":853,"height":626,"caption":"ofict-cgt"},"image":{"@id":"https:\/\/syndicoop.fr\/ofict\/#\/schema\/logo\/image\/"},"sameAs":["https:\/\/www.facebook.com\/ofictcgt","https:\/\/x.com\/ofictcgt","https:\/\/www.youtube.com\/channel\/UCuspFuV1HGEF1weXxpWVKtQ"]},{"@type":"Person","@id":"https:\/\/syndicoop.fr\/ofict\/#\/schema\/person\/f39466be0f2870e8872f54607694f961","name":"ecanonne","image":{"@type":"ImageObject","inLanguage":"fr-FR","@id":"https:\/\/syndicoop.fr\/ofict\/#\/schema\/person\/image\/","url":"\/\/www.gravatar.com\/avatar\/d77c79c43301ad5a8b26da1071f40071?s=96&#038;r=g&#038;d=mm","contentUrl":"\/\/www.gravatar.com\/avatar\/d77c79c43301ad5a8b26da1071f40071?s=96&#038;r=g&#038;d=mm","caption":"ecanonne"}}]}},"_links":{"self":[{"href":"https:\/\/syndicoop.fr\/ofict\/wp-json\/wp\/v2\/posts\/1425","targetHints":{"allow":["GET"]}}],"collection":[{"href":"https:\/\/syndicoop.fr\/ofict\/wp-json\/wp\/v2\/posts"}],"about":[{"href":"https:\/\/syndicoop.fr\/ofict\/wp-json\/wp\/v2\/types\/post"}],"author":[{"embeddable":true,"href":"https:\/\/syndicoop.fr\/ofict\/wp-json\/wp\/v2\/users\/351"}],"replies":[{"embeddable":true,"href":"https:\/\/syndicoop.fr\/ofict\/wp-json\/wp\/v2\/comments?post=1425"}],"version-history":[{"count":0,"href":"https:\/\/syndicoop.fr\/ofict\/wp-json\/wp\/v2\/posts\/1425\/revisions"}],"wp:attachment":[{"href":"https:\/\/syndicoop.fr\/ofict\/wp-json\/wp\/v2\/media?parent=1425"}],"wp:term":[{"taxonomy":"category","embeddable":true,"href":"https:\/\/syndicoop.fr\/ofict\/wp-json\/wp\/v2\/categories?post=1425"},{"taxonomy":"post_tag","embeddable":true,"href":"https:\/\/syndicoop.fr\/ofict\/wp-json\/wp\/v2\/tags?post=1425"}],"curies":[{"name":"wp","href":"https:\/\/api.w.org\/{rel}","templated":true}]}}