{"id":1428,"date":"2013-07-18T15:23:14","date_gmt":"2013-07-18T14:23:14","guid":{"rendered":"http:\/\/ofict.reference-syndicale.fr\/?p=1428"},"modified":"2020-10-21T09:29:52","modified_gmt":"2020-10-21T07:29:52","slug":"communique-federation-cgt-equipement-environnement-et-ofict-cgt","status":"publish","type":"post","link":"https:\/\/syndicoop.fr\/ofict\/communique-federation-cgt-equipement-environnement-et-ofict-cgt\/","title":{"rendered":"Communiqu\u00e9 F\u00e9d\u00e9ration CGT Equipement-Environnement et OFICT-CGT"},"content":{"rendered":"<h1 style=\"text-align: left\"><span style=\"color: #ff0000\"><strong>ASSISES DES INGENIEURS\u00a0:\u00a0<\/strong><\/span><\/h1>\n<h2 style=\"text-align: justify\"><span style=\"color: #ff0000\"><strong>Apr\u00e8s le 3 juillet, il est urgent de continuer \u00e0 s&rsquo;exprimer, et de se faire entendre\u00a0!<!--more--><\/strong><\/span><\/h2>\n<p>Les assises des ing\u00e9nieurs, le 3 juillet, ont confirm\u00e9 l&rsquo;impact des mobilisations contre les fusions de corps\u00a0: \u00ab\u00a0la r\u00e9ponse ne passe pas n\u00e9cessairement par la fusion\u00a0\u00bb pour la Ministre de l\u2019Egalit\u00e9 des Territoires et du Logement, Mme Duflot, \u00ab\u00a0la fusion \u00e0 marche forc\u00e9e n&rsquo;est plus \u00e0 l&rsquo;ordre du jour\u00a0\u00bb pour le Ministre de l\u2019Ecologie, du D\u00e9veloppement Durable et de l\u2019Energie, M.Martin. Le gouvernement montre un int\u00e9r\u00eat strat\u00e9gique marqu\u00e9 pour le processus de r\u00e9forme des corps d&rsquo;ing\u00e9nieurs de l\u2019\u00c9tat, avec l&rsquo;intervention de 4 ministres (Ecologie, Transports, Logement et Agriculture).<!--more--><\/p>\n<p>Il a plus \u00e9t\u00e9 question de la nouvelle \u00ab\u00a0figure\u00a0\u00bb de l&rsquo;ing\u00e9nieur de l\u2019\u00c9tat, organis\u00e9e autour du territoire avec de fortes bases techniques, p\u00e9tri de sciences sociales, communiquant, \u00ab\u00a0facilitateur\u00a0\u00bb, engag\u00e9, que de revalorisation du m\u00e9tier.<\/p>\n<p dir=\"ltr\">Le sch\u00e9ma a-priori r\u00e9p\u00e9t\u00e9 par les ministres et les intervenants des tables rondes est celui de l\u2019\u00c9tat du faire-faire. \u00c0 l&rsquo;exigence fortement exprim\u00e9e dans les d\u00e9bats des assises d&rsquo;exercer le m\u00e9tier d&rsquo;ing\u00e9nieur de mani\u00e8re directement op\u00e9rationnelle, les minist\u00e8res r\u00e9pondent en proposant des postes d&rsquo;experts et de managers dans les services de l&rsquo;\u00c9tat ayant acquis une exp\u00e9rience op\u00e9rationnelle dans les \u00e9tablissements publics ou les collectivit\u00e9s voire\u2026 dans des \u00ab\u00a0entreprises publiques d&rsquo;ing\u00e9nierie\u00a0?\u00a0\u00bb.<\/p>\n<p>La mobilit\u00e9, d&rsquo;autant plus importante pour les ing\u00e9nieurs de l\u2019\u00c9tat que leur d\u00e9roulement de carri\u00e8re en d\u00e9pend, est \u00e9videmment d\u00e9cisive dans ce sch\u00e9ma.<\/p>\n<p dir=\"ltr\">Ing\u00e9nierie de l&rsquo;Etat\u00a0? Mme la Ministre de l&rsquo;Egalit\u00e9 des Territoires et du Logement a voulu marquer avec \u00e9nergie la fin de la discussion sur l&rsquo;ADS et l&rsquo;ATESAT op\u00e9r\u00e9es par les services de l\u2019\u00c9tat, qui ne s&rsquo;occuperaient plus que des zones \u00e0 risques, en justifiant par le fardeau insupportable pour les agents de missions qu&rsquo;ils n&rsquo;arrivent plus \u00e0 faire correctement et par l&rsquo;inefficacit\u00e9 illustr\u00e9e par la catastrophe de la Faute-sur-Mer\u00a0(temp\u00eate Xynthia) !<\/p>\n<p>La Gestion Pr\u00e9visionnelle des Emplois des Effectifs et des Comp\u00e9tences (GPEEC) des ing\u00e9nieurs, les mobilit\u00e9s et la mise en r\u00e9seau des \u00c9coles seront donc les outils principaux de ces r\u00e9formes.<\/p>\n<p><strong>Pour la CGT, le poids donn\u00e9 \u00e0 la technicit\u00e9 dans les d\u00e9bats, et l&rsquo;abandon, (relatif, cependant), des objectifs de fusions de corps doivent beaucoup \u00e0 la mobilisation des personnels et repr\u00e9sentent des r\u00e9sultats appr\u00e9ciables des actions men\u00e9es et de la prise de parole des ing\u00e9nieurs.<\/strong><\/p>\n<p dir=\"ltr\">Cependant les propositions faites interrogent sur la capacit\u00e9 de mettre en \u0153uvre les m\u00e9tiers d&rsquo;ing\u00e9nieurs dans de bonnes conditions.<\/p>\n<p>Dans ces assises se dessinent de nouveaux passages oblig\u00e9s entre \u00ab\u00a0faire\u00a0\u00bb et \u00ab\u00a0faire-faire\u00a0\u00bb et de nouvelles barri\u00e8res dans un contexte de r\u00e9duction des moyens et des effectifs, de d\u00e9veloppement de l&rsquo;externalisation et des PPP. Est-ce porteur d&rsquo;avenir pour r\u00e9pondre aux exigences de la transition \u00e9nerg\u00e9tique, de l&rsquo;am\u00e9nagement du territoire, du d\u00e9veloppement de l&#8217;emploi, etc\u00a0?<\/p>\n<p>Les corps d&rsquo;ing\u00e9nieurs de l&rsquo;Etat doivent \u00eatre d\u00e9velopp\u00e9s, bien form\u00e9s, reconnus dans leurs qualifications, pour \u00a0\u00eatre capables d&rsquo;assumer activit\u00e9 op\u00e9rationnelle et le r\u00f4le de strat\u00e8ge de l\u2019\u00c9tat, en mettant en valeur leur technicit\u00e9 et toutes les facettes de leur \u00a0m\u00e9tier d&rsquo;ing\u00e9nieur. La pr\u00e9sence d&rsquo;ing\u00e9nieurs des corps de l\u2019\u00c9tat dans les \u00e9tablissements publics et les collectivit\u00e9s doit permettre de conforter les moyens de ceux-ci et de d\u00e9velopper les coop\u00e9rations.<\/p>\n<p>Le chantier de la GPEEC doit r\u00e9pondre effectivement \u00e0 la question des besoins \u00e0 satisfaire\u00a0: les r\u00e9ponses ne peuvent partir d&rsquo;un a-priori sur la fin du \u00ab\u00a0faire\u00a0\u00bb dans l\u2019\u00c9tat.<\/p>\n<p>En finir avec les freins absurdes aux mobilit\u00e9s est effectivement urgent. Cela suppose aussi des recrutements et des moyens, de la formation initiale et continue, la reconnaissance de la disponibilit\u00e9 demand\u00e9e. La politique de l&rsquo;ing\u00e9nieur rare et de diminution des effectifs de l&rsquo;Etat conduit aux blocages administratifs et \u00e0 l&rsquo;inefficacit\u00e9, \u00a0\u00e0 des charges de travail excessives et des postes vacants. Cela doit changer\u00a0!<\/p>\n<p dir=\"ltr\">La promotion des techniciens doit \u00eatre amplifi\u00e9e. L&rsquo;acc\u00e8s des femmes aux m\u00e9tiers d&rsquo;ing\u00e9nieur, encore tr\u00e8s insuffisant aujourd&rsquo;hui, demande des \u00e9volutions en terme d&rsquo;image, de condition d&rsquo;exercice du m\u00e9tier.<\/p>\n<p>La reconnaissance de la qualification des ing\u00e9nieurs et des m\u00e9tiers d&rsquo;ing\u00e9nieurs de l\u2019\u00c9tat est une question urgente alors que les \u00e9coles connaissent des difficult\u00e9s de recrutements d&rsquo;\u00e9l\u00e8ves-ing\u00e9nieurs.<\/p>\n<p><strong>La CGT demande un d\u00e9but de carri\u00e8re \u00e0 deux fois le SMIC, (revendiqu\u00e9 \u00e0 1700\u20ac brut). Les propositions faites pour les \u00e9coles doivent participer de cette revalorisation. Il faut leur en donner les moyens\u00a0et stopper la diminution des effectifs et des moyens des \u00e9coles! L&rsquo;excellence scientifique et technique en reste le c\u0153ur. La formation sociale et soci\u00e9tale, juridique, \u00e9conomique prend une nouvelle importance\u00a0. Quel sens va-t-on donner \u00e0 ces formations\u00a0? Comment les valoriser\u00a0?<\/strong><\/p>\n<p>Le m\u00e9tier d&rsquo;ing\u00e9nieur \u00e9volue\u00a0: parlons aussi de r\u00f4le contributif des ing\u00e9nieurs aux d\u00e9cisions, de v\u00e9ritable droit d&rsquo;exprimer des points de vue professionnels contradictoires, de valorisation r\u00e9elle de l&rsquo;avis technique dans les d\u00e9cisions et le d\u00e9bat public. Au del\u00e0 \u00a0de la \u00ab\u00a0posture du doute\u00a0\u00bb n&rsquo;est-ce pas le besoin urgent de d\u00e9bat non corset\u00e9s, en particulier par les dogmes budg\u00e9taires, d&rsquo;ouverture \u00e0 des solutions plus originales qui s&rsquo;exprime?<\/p>\n<p>Le 3 juillet, les ing\u00e9nieurs ont sans doute \u00e9t\u00e9 \u00e9cout\u00e9s. Il faut maintenant les entendre.<\/p>\n<p style=\"text-align: right\">Montreuil, le 12 juillet 2013<\/p>\n","protected":false},"excerpt":{"rendered":"<p>ASSISES DES INGENIEURS\u00a0:\u00a0 Apr\u00e8s le 3 juillet, il est urgent de continuer \u00e0 s&rsquo;exprimer, et de se faire entendre\u00a0!<\/p>\n","protected":false},"author":351,"featured_media":1413,"comment_status":"open","ping_status":"closed","sticky":false,"template":"","format":"standard","meta":{"_acf_changed":false,"footnotes":""},"categories":[1,382],"tags":[92,105],"class_list":["post-1428","post","type-post","status-publish","format-standard","has-post-thumbnail","hentry","category-actus","category-ofict","tag-ingenieur","tag-reformes","perimetre-a-tech","themes-formation-qualification-et-metier"],"acf":[],"yoast_head":"<!-- This site is optimized with the Yoast SEO plugin v26.3 - https:\/\/yoast.com\/wordpress\/plugins\/seo\/ -->\n<title>Communiqu\u00e9 F\u00e9d\u00e9ration CGT Equipement-Environnement et OFICT-CGT - OFICT-CGT Equipement-Environnement<\/title>\n<meta name=\"robots\" content=\"index, follow, max-snippet:-1, max-image-preview:large, max-video-preview:-1\" \/>\n<link rel=\"canonical\" href=\"https:\/\/syndicoop.fr\/ofict\/communique-federation-cgt-equipement-environnement-et-ofict-cgt\/\" \/>\n<meta property=\"og:locale\" content=\"fr_FR\" \/>\n<meta property=\"og:type\" content=\"article\" \/>\n<meta property=\"og:title\" content=\"Communiqu\u00e9 F\u00e9d\u00e9ration CGT Equipement-Environnement et OFICT-CGT - OFICT-CGT Equipement-Environnement\" \/>\n<meta property=\"og:description\" content=\"ASSISES DES INGENIEURS\u00a0:\u00a0 Apr\u00e8s le 3 juillet, il est urgent de continuer \u00e0 s&rsquo;exprimer, et de se faire entendre\u00a0!\" \/>\n<meta property=\"og:url\" content=\"https:\/\/syndicoop.fr\/ofict\/communique-federation-cgt-equipement-environnement-et-ofict-cgt\/\" \/>\n<meta property=\"og:site_name\" content=\"OFICT-CGT Equipement-Environnement\" \/>\n<meta property=\"article:publisher\" content=\"https:\/\/www.facebook.com\/ofictcgt\" \/>\n<meta property=\"article:published_time\" content=\"2013-07-18T14:23:14+00:00\" \/>\n<meta property=\"article:modified_time\" content=\"2020-10-21T07:29:52+00:00\" \/>\n<meta property=\"og:image\" content=\"https:\/\/syndicoop.fr\/ofict\/wp-content\/uploads\/sites\/21\/2013\/07\/assises.jpg\" \/>\n\t<meta property=\"og:image:width\" content=\"500\" \/>\n\t<meta property=\"og:image:height\" content=\"73\" \/>\n\t<meta property=\"og:image:type\" content=\"image\/jpeg\" \/>\n<meta name=\"author\" content=\"ecanonne\" \/>\n<meta name=\"twitter:card\" content=\"summary_large_image\" \/>\n<meta name=\"twitter:creator\" content=\"@ofictcgt\" \/>\n<meta name=\"twitter:site\" content=\"@ofictcgt\" \/>\n<meta name=\"twitter:label1\" content=\"\u00c9crit par\" \/>\n\t<meta name=\"twitter:data1\" content=\"ecanonne\" \/>\n\t<meta name=\"twitter:label2\" content=\"Dur\u00e9e de lecture estim\u00e9e\" \/>\n\t<meta name=\"twitter:data2\" content=\"5 minutes\" \/>\n<script type=\"application\/ld+json\" class=\"yoast-schema-graph\">{\"@context\":\"https:\/\/schema.org\",\"@graph\":[{\"@type\":\"Article\",\"@id\":\"https:\/\/syndicoop.fr\/ofict\/communique-federation-cgt-equipement-environnement-et-ofict-cgt\/#article\",\"isPartOf\":{\"@id\":\"https:\/\/syndicoop.fr\/ofict\/communique-federation-cgt-equipement-environnement-et-ofict-cgt\/\"},\"author\":{\"name\":\"ecanonne\",\"@id\":\"https:\/\/syndicoop.fr\/ofict\/#\/schema\/person\/f39466be0f2870e8872f54607694f961\"},\"headline\":\"Communiqu\u00e9 F\u00e9d\u00e9ration CGT Equipement-Environnement et OFICT-CGT\",\"datePublished\":\"2013-07-18T14:23:14+00:00\",\"dateModified\":\"2020-10-21T07:29:52+00:00\",\"mainEntityOfPage\":{\"@id\":\"https:\/\/syndicoop.fr\/ofict\/communique-federation-cgt-equipement-environnement-et-ofict-cgt\/\"},\"wordCount\":940,\"commentCount\":0,\"publisher\":{\"@id\":\"https:\/\/syndicoop.fr\/ofict\/#organization\"},\"image\":{\"@id\":\"https:\/\/syndicoop.fr\/ofict\/communique-federation-cgt-equipement-environnement-et-ofict-cgt\/#primaryimage\"},\"thumbnailUrl\":\"https:\/\/syndicoop.fr\/ofict\/wp-content\/uploads\/sites\/21\/2013\/07\/assises.jpg\",\"keywords\":[\"Ing\u00e9nieur\",\"R\u00e9formes\"],\"articleSection\":[\"Actus\",\"Ofict\"],\"inLanguage\":\"fr-FR\",\"potentialAction\":[{\"@type\":\"CommentAction\",\"name\":\"Comment\",\"target\":[\"https:\/\/syndicoop.fr\/ofict\/communique-federation-cgt-equipement-environnement-et-ofict-cgt\/#respond\"]}]},{\"@type\":\"WebPage\",\"@id\":\"https:\/\/syndicoop.fr\/ofict\/communique-federation-cgt-equipement-environnement-et-ofict-cgt\/\",\"url\":\"https:\/\/syndicoop.fr\/ofict\/communique-federation-cgt-equipement-environnement-et-ofict-cgt\/\",\"name\":\"Communiqu\u00e9 F\u00e9d\u00e9ration CGT Equipement-Environnement et OFICT-CGT - OFICT-CGT Equipement-Environnement\",\"isPartOf\":{\"@id\":\"https:\/\/syndicoop.fr\/ofict\/#website\"},\"primaryImageOfPage\":{\"@id\":\"https:\/\/syndicoop.fr\/ofict\/communique-federation-cgt-equipement-environnement-et-ofict-cgt\/#primaryimage\"},\"image\":{\"@id\":\"https:\/\/syndicoop.fr\/ofict\/communique-federation-cgt-equipement-environnement-et-ofict-cgt\/#primaryimage\"},\"thumbnailUrl\":\"https:\/\/syndicoop.fr\/ofict\/wp-content\/uploads\/sites\/21\/2013\/07\/assises.jpg\",\"datePublished\":\"2013-07-18T14:23:14+00:00\",\"dateModified\":\"2020-10-21T07:29:52+00:00\",\"breadcrumb\":{\"@id\":\"https:\/\/syndicoop.fr\/ofict\/communique-federation-cgt-equipement-environnement-et-ofict-cgt\/#breadcrumb\"},\"inLanguage\":\"fr-FR\",\"potentialAction\":[{\"@type\":\"ReadAction\",\"target\":[\"https:\/\/syndicoop.fr\/ofict\/communique-federation-cgt-equipement-environnement-et-ofict-cgt\/\"]}]},{\"@type\":\"ImageObject\",\"inLanguage\":\"fr-FR\",\"@id\":\"https:\/\/syndicoop.fr\/ofict\/communique-federation-cgt-equipement-environnement-et-ofict-cgt\/#primaryimage\",\"url\":\"https:\/\/syndicoop.fr\/ofict\/wp-content\/uploads\/sites\/21\/2013\/07\/assises.jpg\",\"contentUrl\":\"https:\/\/syndicoop.fr\/ofict\/wp-content\/uploads\/sites\/21\/2013\/07\/assises.jpg\",\"width\":500,\"height\":73},{\"@type\":\"BreadcrumbList\",\"@id\":\"https:\/\/syndicoop.fr\/ofict\/communique-federation-cgt-equipement-environnement-et-ofict-cgt\/#breadcrumb\",\"itemListElement\":[{\"@type\":\"ListItem\",\"position\":1,\"name\":\"Accueil\",\"item\":\"https:\/\/syndicoop.fr\/ofict\/\"},{\"@type\":\"ListItem\",\"position\":2,\"name\":\"Communiqu\u00e9 F\u00e9d\u00e9ration CGT Equipement-Environnement et OFICT-CGT\"}]},{\"@type\":\"WebSite\",\"@id\":\"https:\/\/syndicoop.fr\/ofict\/#website\",\"url\":\"https:\/\/syndicoop.fr\/ofict\/\",\"name\":\"OFICT-CGT Equipement-Environnement\",\"description\":\"avec Syndicoop.fr, plateforme syndicale et coop\u00e9rative\",\"publisher\":{\"@id\":\"https:\/\/syndicoop.fr\/ofict\/#organization\"},\"potentialAction\":[{\"@type\":\"SearchAction\",\"target\":{\"@type\":\"EntryPoint\",\"urlTemplate\":\"https:\/\/syndicoop.fr\/ofict\/?s={search_term_string}\"},\"query-input\":{\"@type\":\"PropertyValueSpecification\",\"valueRequired\":true,\"valueName\":\"search_term_string\"}}],\"inLanguage\":\"fr-FR\"},{\"@type\":\"Organization\",\"@id\":\"https:\/\/syndicoop.fr\/ofict\/#organization\",\"name\":\"ofict-cgt\",\"url\":\"https:\/\/syndicoop.fr\/ofict\/\",\"logo\":{\"@type\":\"ImageObject\",\"inLanguage\":\"fr-FR\",\"@id\":\"https:\/\/syndicoop.fr\/ofict\/#\/schema\/logo\/image\/\",\"url\":\"https:\/\/syndicoop.fr\/ofict\/wp-content\/uploads\/sites\/21\/2021\/01\/0-Logo-OFICT-couleur-ombre-grand.png\",\"contentUrl\":\"https:\/\/syndicoop.fr\/ofict\/wp-content\/uploads\/sites\/21\/2021\/01\/0-Logo-OFICT-couleur-ombre-grand.png\",\"width\":853,\"height\":626,\"caption\":\"ofict-cgt\"},\"image\":{\"@id\":\"https:\/\/syndicoop.fr\/ofict\/#\/schema\/logo\/image\/\"},\"sameAs\":[\"https:\/\/www.facebook.com\/ofictcgt\",\"https:\/\/x.com\/ofictcgt\",\"https:\/\/www.youtube.com\/channel\/UCuspFuV1HGEF1weXxpWVKtQ\"]},{\"@type\":\"Person\",\"@id\":\"https:\/\/syndicoop.fr\/ofict\/#\/schema\/person\/f39466be0f2870e8872f54607694f961\",\"name\":\"ecanonne\",\"image\":{\"@type\":\"ImageObject\",\"inLanguage\":\"fr-FR\",\"@id\":\"https:\/\/syndicoop.fr\/ofict\/#\/schema\/person\/image\/\",\"url\":\"\/\/www.gravatar.com\/avatar\/d77c79c43301ad5a8b26da1071f40071?s=96&#038;r=g&#038;d=mm\",\"contentUrl\":\"\/\/www.gravatar.com\/avatar\/d77c79c43301ad5a8b26da1071f40071?s=96&#038;r=g&#038;d=mm\",\"caption\":\"ecanonne\"}}]}<\/script>\n<!-- \/ Yoast SEO plugin. -->","yoast_head_json":{"title":"Communiqu\u00e9 F\u00e9d\u00e9ration CGT Equipement-Environnement et OFICT-CGT - OFICT-CGT Equipement-Environnement","robots":{"index":"index","follow":"follow","max-snippet":"max-snippet:-1","max-image-preview":"max-image-preview:large","max-video-preview":"max-video-preview:-1"},"canonical":"https:\/\/syndicoop.fr\/ofict\/communique-federation-cgt-equipement-environnement-et-ofict-cgt\/","og_locale":"fr_FR","og_type":"article","og_title":"Communiqu\u00e9 F\u00e9d\u00e9ration CGT Equipement-Environnement et OFICT-CGT - OFICT-CGT Equipement-Environnement","og_description":"ASSISES DES INGENIEURS\u00a0:\u00a0 Apr\u00e8s le 3 juillet, il est urgent de continuer \u00e0 s&rsquo;exprimer, et de se faire entendre\u00a0!","og_url":"https:\/\/syndicoop.fr\/ofict\/communique-federation-cgt-equipement-environnement-et-ofict-cgt\/","og_site_name":"OFICT-CGT Equipement-Environnement","article_publisher":"https:\/\/www.facebook.com\/ofictcgt","article_published_time":"2013-07-18T14:23:14+00:00","article_modified_time":"2020-10-21T07:29:52+00:00","og_image":[{"width":500,"height":73,"url":"https:\/\/syndicoop.fr\/ofict\/wp-content\/uploads\/sites\/21\/2013\/07\/assises.jpg","type":"image\/jpeg"}],"author":"ecanonne","twitter_card":"summary_large_image","twitter_creator":"@ofictcgt","twitter_site":"@ofictcgt","twitter_misc":{"\u00c9crit par":"ecanonne","Dur\u00e9e de lecture estim\u00e9e":"5 minutes"},"schema":{"@context":"https:\/\/schema.org","@graph":[{"@type":"Article","@id":"https:\/\/syndicoop.fr\/ofict\/communique-federation-cgt-equipement-environnement-et-ofict-cgt\/#article","isPartOf":{"@id":"https:\/\/syndicoop.fr\/ofict\/communique-federation-cgt-equipement-environnement-et-ofict-cgt\/"},"author":{"name":"ecanonne","@id":"https:\/\/syndicoop.fr\/ofict\/#\/schema\/person\/f39466be0f2870e8872f54607694f961"},"headline":"Communiqu\u00e9 F\u00e9d\u00e9ration CGT Equipement-Environnement et OFICT-CGT","datePublished":"2013-07-18T14:23:14+00:00","dateModified":"2020-10-21T07:29:52+00:00","mainEntityOfPage":{"@id":"https:\/\/syndicoop.fr\/ofict\/communique-federation-cgt-equipement-environnement-et-ofict-cgt\/"},"wordCount":940,"commentCount":0,"publisher":{"@id":"https:\/\/syndicoop.fr\/ofict\/#organization"},"image":{"@id":"https:\/\/syndicoop.fr\/ofict\/communique-federation-cgt-equipement-environnement-et-ofict-cgt\/#primaryimage"},"thumbnailUrl":"https:\/\/syndicoop.fr\/ofict\/wp-content\/uploads\/sites\/21\/2013\/07\/assises.jpg","keywords":["Ing\u00e9nieur","R\u00e9formes"],"articleSection":["Actus","Ofict"],"inLanguage":"fr-FR","potentialAction":[{"@type":"CommentAction","name":"Comment","target":["https:\/\/syndicoop.fr\/ofict\/communique-federation-cgt-equipement-environnement-et-ofict-cgt\/#respond"]}]},{"@type":"WebPage","@id":"https:\/\/syndicoop.fr\/ofict\/communique-federation-cgt-equipement-environnement-et-ofict-cgt\/","url":"https:\/\/syndicoop.fr\/ofict\/communique-federation-cgt-equipement-environnement-et-ofict-cgt\/","name":"Communiqu\u00e9 F\u00e9d\u00e9ration CGT Equipement-Environnement et OFICT-CGT - OFICT-CGT Equipement-Environnement","isPartOf":{"@id":"https:\/\/syndicoop.fr\/ofict\/#website"},"primaryImageOfPage":{"@id":"https:\/\/syndicoop.fr\/ofict\/communique-federation-cgt-equipement-environnement-et-ofict-cgt\/#primaryimage"},"image":{"@id":"https:\/\/syndicoop.fr\/ofict\/communique-federation-cgt-equipement-environnement-et-ofict-cgt\/#primaryimage"},"thumbnailUrl":"https:\/\/syndicoop.fr\/ofict\/wp-content\/uploads\/sites\/21\/2013\/07\/assises.jpg","datePublished":"2013-07-18T14:23:14+00:00","dateModified":"2020-10-21T07:29:52+00:00","breadcrumb":{"@id":"https:\/\/syndicoop.fr\/ofict\/communique-federation-cgt-equipement-environnement-et-ofict-cgt\/#breadcrumb"},"inLanguage":"fr-FR","potentialAction":[{"@type":"ReadAction","target":["https:\/\/syndicoop.fr\/ofict\/communique-federation-cgt-equipement-environnement-et-ofict-cgt\/"]}]},{"@type":"ImageObject","inLanguage":"fr-FR","@id":"https:\/\/syndicoop.fr\/ofict\/communique-federation-cgt-equipement-environnement-et-ofict-cgt\/#primaryimage","url":"https:\/\/syndicoop.fr\/ofict\/wp-content\/uploads\/sites\/21\/2013\/07\/assises.jpg","contentUrl":"https:\/\/syndicoop.fr\/ofict\/wp-content\/uploads\/sites\/21\/2013\/07\/assises.jpg","width":500,"height":73},{"@type":"BreadcrumbList","@id":"https:\/\/syndicoop.fr\/ofict\/communique-federation-cgt-equipement-environnement-et-ofict-cgt\/#breadcrumb","itemListElement":[{"@type":"ListItem","position":1,"name":"Accueil","item":"https:\/\/syndicoop.fr\/ofict\/"},{"@type":"ListItem","position":2,"name":"Communiqu\u00e9 F\u00e9d\u00e9ration CGT Equipement-Environnement et OFICT-CGT"}]},{"@type":"WebSite","@id":"https:\/\/syndicoop.fr\/ofict\/#website","url":"https:\/\/syndicoop.fr\/ofict\/","name":"OFICT-CGT Equipement-Environnement","description":"avec Syndicoop.fr, plateforme syndicale et coop\u00e9rative","publisher":{"@id":"https:\/\/syndicoop.fr\/ofict\/#organization"},"potentialAction":[{"@type":"SearchAction","target":{"@type":"EntryPoint","urlTemplate":"https:\/\/syndicoop.fr\/ofict\/?s={search_term_string}"},"query-input":{"@type":"PropertyValueSpecification","valueRequired":true,"valueName":"search_term_string"}}],"inLanguage":"fr-FR"},{"@type":"Organization","@id":"https:\/\/syndicoop.fr\/ofict\/#organization","name":"ofict-cgt","url":"https:\/\/syndicoop.fr\/ofict\/","logo":{"@type":"ImageObject","inLanguage":"fr-FR","@id":"https:\/\/syndicoop.fr\/ofict\/#\/schema\/logo\/image\/","url":"https:\/\/syndicoop.fr\/ofict\/wp-content\/uploads\/sites\/21\/2021\/01\/0-Logo-OFICT-couleur-ombre-grand.png","contentUrl":"https:\/\/syndicoop.fr\/ofict\/wp-content\/uploads\/sites\/21\/2021\/01\/0-Logo-OFICT-couleur-ombre-grand.png","width":853,"height":626,"caption":"ofict-cgt"},"image":{"@id":"https:\/\/syndicoop.fr\/ofict\/#\/schema\/logo\/image\/"},"sameAs":["https:\/\/www.facebook.com\/ofictcgt","https:\/\/x.com\/ofictcgt","https:\/\/www.youtube.com\/channel\/UCuspFuV1HGEF1weXxpWVKtQ"]},{"@type":"Person","@id":"https:\/\/syndicoop.fr\/ofict\/#\/schema\/person\/f39466be0f2870e8872f54607694f961","name":"ecanonne","image":{"@type":"ImageObject","inLanguage":"fr-FR","@id":"https:\/\/syndicoop.fr\/ofict\/#\/schema\/person\/image\/","url":"\/\/www.gravatar.com\/avatar\/d77c79c43301ad5a8b26da1071f40071?s=96&#038;r=g&#038;d=mm","contentUrl":"\/\/www.gravatar.com\/avatar\/d77c79c43301ad5a8b26da1071f40071?s=96&#038;r=g&#038;d=mm","caption":"ecanonne"}}]}},"_links":{"self":[{"href":"https:\/\/syndicoop.fr\/ofict\/wp-json\/wp\/v2\/posts\/1428","targetHints":{"allow":["GET"]}}],"collection":[{"href":"https:\/\/syndicoop.fr\/ofict\/wp-json\/wp\/v2\/posts"}],"about":[{"href":"https:\/\/syndicoop.fr\/ofict\/wp-json\/wp\/v2\/types\/post"}],"author":[{"embeddable":true,"href":"https:\/\/syndicoop.fr\/ofict\/wp-json\/wp\/v2\/users\/351"}],"replies":[{"embeddable":true,"href":"https:\/\/syndicoop.fr\/ofict\/wp-json\/wp\/v2\/comments?post=1428"}],"version-history":[{"count":0,"href":"https:\/\/syndicoop.fr\/ofict\/wp-json\/wp\/v2\/posts\/1428\/revisions"}],"wp:featuredmedia":[{"embeddable":true,"href":"https:\/\/syndicoop.fr\/ofict\/wp-json\/wp\/v2\/media\/1413"}],"wp:attachment":[{"href":"https:\/\/syndicoop.fr\/ofict\/wp-json\/wp\/v2\/media?parent=1428"}],"wp:term":[{"taxonomy":"category","embeddable":true,"href":"https:\/\/syndicoop.fr\/ofict\/wp-json\/wp\/v2\/categories?post=1428"},{"taxonomy":"post_tag","embeddable":true,"href":"https:\/\/syndicoop.fr\/ofict\/wp-json\/wp\/v2\/tags?post=1428"}],"curies":[{"name":"wp","href":"https:\/\/api.w.org\/{rel}","templated":true}]}}