{"id":1470,"date":"2013-07-30T20:26:16","date_gmt":"2013-07-30T19:26:16","guid":{"rendered":"http:\/\/ofict.reference-syndicale.fr\/?p=1470"},"modified":"2013-07-30T20:26:16","modified_gmt":"2013-07-30T19:26:16","slug":"compte-rendu-du-conseil-de-perfectionnement-du-cmvrh-du-5-juillet-2013","status":"publish","type":"post","link":"https:\/\/syndicoop.fr\/ofict\/compte-rendu-du-conseil-de-perfectionnement-du-cmvrh-du-5-juillet-2013\/","title":{"rendered":"Compte rendu du conseil de perfectionnement du CMVRH du 5 juillet 2013"},"content":{"rendered":"<div>Cette premi\u00e8re r\u00e9union du conseil de perfectionnement est pr\u00e9sid\u00e9e par M.\u00a0V Mazauric, Secr\u00e9taire g\u00e9n\u00e9ral des MEDDE\/METL.<\/div>\n<div>\n<p>Outre les organisations repr\u00e9sentatives au comit\u00e9 technique du centre minist\u00e9riel de valorisation des ressources humaines (CMVRH), \u00e9taient invit\u00e9s les repr\u00e9sentant-e-s des directions g\u00e9n\u00e9rales, de la sous-direction de la formation, des comp\u00e9tences et des qualifications, de carri\u00e8res et de l\u2019encadrement, du pilotage de l\u2019\u00e9volution des services, de deux DREAL, d\u2019une DDT, d\u2019une DIR, d\u2019un CETE, de VNF, de l\u2019ENTPE et d\u2019un IRA.<\/p>\n<p>Lire la suite dans\u00a0<a href=\"http:\/\/www.equipement.cgt.fr\/IMG\/pdf\/cr_conseil_perf_cmvrh_5juillet13.pdf\" target=\"_blank\">le compte-rendu CGT<\/a>\u00a0ci-joint.<\/p>\n<\/div>\n","protected":false},"excerpt":{"rendered":"<p>Cette premi\u00e8re r\u00e9union du conseil de perfectionnement est pr\u00e9sid\u00e9e par M.\u00a0V Mazauric, Secr\u00e9taire g\u00e9n\u00e9ral des MEDDE\/METL. Outre les organisations repr\u00e9sentatives au comit\u00e9 technique du centre minist\u00e9riel de valorisation des ressources humaines (CMVRH), \u00e9taient invit\u00e9s les repr\u00e9sentant-e-s des directions g\u00e9n\u00e9rales, de la sous-direction de la formation, des comp\u00e9tences et des qualifications, de carri\u00e8res et de l\u2019encadrement, [&hellip;]<\/p>\n","protected":false},"author":351,"featured_media":0,"comment_status":"open","ping_status":"closed","sticky":false,"template":"","format":"standard","meta":{"_acf_changed":false,"footnotes":""},"categories":[1],"tags":[86],"class_list":["post-1470","post","type-post","status-publish","format-standard","hentry","category-actus","tag-formation"],"acf":[],"yoast_head":"<!-- This site is optimized with the Yoast SEO plugin v26.3 - https:\/\/yoast.com\/wordpress\/plugins\/seo\/ -->\n<title>Compte rendu du conseil de perfectionnement du CMVRH du 5 juillet 2013 - OFICT-CGT Equipement-Environnement<\/title>\n<meta name=\"robots\" content=\"index, follow, max-snippet:-1, max-image-preview:large, max-video-preview:-1\" \/>\n<link rel=\"canonical\" href=\"https:\/\/syndicoop.fr\/ofict\/compte-rendu-du-conseil-de-perfectionnement-du-cmvrh-du-5-juillet-2013\/\" \/>\n<meta property=\"og:locale\" content=\"fr_FR\" \/>\n<meta property=\"og:type\" content=\"article\" \/>\n<meta property=\"og:title\" content=\"Compte rendu du conseil de perfectionnement du CMVRH du 5 juillet 2013 - OFICT-CGT Equipement-Environnement\" \/>\n<meta property=\"og:description\" content=\"Cette premi\u00e8re r\u00e9union du conseil de perfectionnement est pr\u00e9sid\u00e9e par M.\u00a0V Mazauric, Secr\u00e9taire g\u00e9n\u00e9ral des MEDDE\/METL. Outre les organisations repr\u00e9sentatives au comit\u00e9 technique du centre minist\u00e9riel de valorisation des ressources humaines (CMVRH), \u00e9taient invit\u00e9s les repr\u00e9sentant-e-s des directions g\u00e9n\u00e9rales, de la sous-direction de la formation, des comp\u00e9tences et des qualifications, de carri\u00e8res et de l\u2019encadrement, [&hellip;]\" \/>\n<meta property=\"og:url\" content=\"https:\/\/syndicoop.fr\/ofict\/compte-rendu-du-conseil-de-perfectionnement-du-cmvrh-du-5-juillet-2013\/\" \/>\n<meta property=\"og:site_name\" content=\"OFICT-CGT Equipement-Environnement\" \/>\n<meta property=\"article:publisher\" content=\"https:\/\/www.facebook.com\/ofictcgt\" \/>\n<meta property=\"article:published_time\" content=\"2013-07-30T19:26:16+00:00\" \/>\n<meta name=\"author\" content=\"ecanonne\" \/>\n<meta name=\"twitter:card\" content=\"summary_large_image\" \/>\n<meta name=\"twitter:creator\" content=\"@ofictcgt\" \/>\n<meta name=\"twitter:site\" content=\"@ofictcgt\" \/>\n<meta name=\"twitter:label1\" content=\"\u00c9crit par\" \/>\n\t<meta name=\"twitter:data1\" content=\"ecanonne\" \/>\n\t<meta name=\"twitter:label2\" content=\"Dur\u00e9e de lecture estim\u00e9e\" \/>\n\t<meta name=\"twitter:data2\" content=\"1 minute\" \/>\n<script type=\"application\/ld+json\" class=\"yoast-schema-graph\">{\"@context\":\"https:\/\/schema.org\",\"@graph\":[{\"@type\":\"Article\",\"@id\":\"https:\/\/syndicoop.fr\/ofict\/compte-rendu-du-conseil-de-perfectionnement-du-cmvrh-du-5-juillet-2013\/#article\",\"isPartOf\":{\"@id\":\"https:\/\/syndicoop.fr\/ofict\/compte-rendu-du-conseil-de-perfectionnement-du-cmvrh-du-5-juillet-2013\/\"},\"author\":{\"name\":\"ecanonne\",\"@id\":\"https:\/\/syndicoop.fr\/ofict\/#\/schema\/person\/f39466be0f2870e8872f54607694f961\"},\"headline\":\"Compte rendu du conseil de perfectionnement du CMVRH du 5 juillet 2013\",\"datePublished\":\"2013-07-30T19:26:16+00:00\",\"mainEntityOfPage\":{\"@id\":\"https:\/\/syndicoop.fr\/ofict\/compte-rendu-du-conseil-de-perfectionnement-du-cmvrh-du-5-juillet-2013\/\"},\"wordCount\":119,\"commentCount\":0,\"publisher\":{\"@id\":\"https:\/\/syndicoop.fr\/ofict\/#organization\"},\"keywords\":[\"Formation\"],\"articleSection\":[\"Actus\"],\"inLanguage\":\"fr-FR\",\"potentialAction\":[{\"@type\":\"CommentAction\",\"name\":\"Comment\",\"target\":[\"https:\/\/syndicoop.fr\/ofict\/compte-rendu-du-conseil-de-perfectionnement-du-cmvrh-du-5-juillet-2013\/#respond\"]}]},{\"@type\":\"WebPage\",\"@id\":\"https:\/\/syndicoop.fr\/ofict\/compte-rendu-du-conseil-de-perfectionnement-du-cmvrh-du-5-juillet-2013\/\",\"url\":\"https:\/\/syndicoop.fr\/ofict\/compte-rendu-du-conseil-de-perfectionnement-du-cmvrh-du-5-juillet-2013\/\",\"name\":\"Compte rendu du conseil de perfectionnement du CMVRH du 5 juillet 2013 - OFICT-CGT Equipement-Environnement\",\"isPartOf\":{\"@id\":\"https:\/\/syndicoop.fr\/ofict\/#website\"},\"datePublished\":\"2013-07-30T19:26:16+00:00\",\"breadcrumb\":{\"@id\":\"https:\/\/syndicoop.fr\/ofict\/compte-rendu-du-conseil-de-perfectionnement-du-cmvrh-du-5-juillet-2013\/#breadcrumb\"},\"inLanguage\":\"fr-FR\",\"potentialAction\":[{\"@type\":\"ReadAction\",\"target\":[\"https:\/\/syndicoop.fr\/ofict\/compte-rendu-du-conseil-de-perfectionnement-du-cmvrh-du-5-juillet-2013\/\"]}]},{\"@type\":\"BreadcrumbList\",\"@id\":\"https:\/\/syndicoop.fr\/ofict\/compte-rendu-du-conseil-de-perfectionnement-du-cmvrh-du-5-juillet-2013\/#breadcrumb\",\"itemListElement\":[{\"@type\":\"ListItem\",\"position\":1,\"name\":\"Accueil\",\"item\":\"https:\/\/syndicoop.fr\/ofict\/\"},{\"@type\":\"ListItem\",\"position\":2,\"name\":\"Compte rendu du conseil de perfectionnement du CMVRH du 5 juillet 2013\"}]},{\"@type\":\"WebSite\",\"@id\":\"https:\/\/syndicoop.fr\/ofict\/#website\",\"url\":\"https:\/\/syndicoop.fr\/ofict\/\",\"name\":\"OFICT-CGT Equipement-Environnement\",\"description\":\"avec Syndicoop.fr, plateforme syndicale et coop\u00e9rative\",\"publisher\":{\"@id\":\"https:\/\/syndicoop.fr\/ofict\/#organization\"},\"potentialAction\":[{\"@type\":\"SearchAction\",\"target\":{\"@type\":\"EntryPoint\",\"urlTemplate\":\"https:\/\/syndicoop.fr\/ofict\/?s={search_term_string}\"},\"query-input\":{\"@type\":\"PropertyValueSpecification\",\"valueRequired\":true,\"valueName\":\"search_term_string\"}}],\"inLanguage\":\"fr-FR\"},{\"@type\":\"Organization\",\"@id\":\"https:\/\/syndicoop.fr\/ofict\/#organization\",\"name\":\"ofict-cgt\",\"url\":\"https:\/\/syndicoop.fr\/ofict\/\",\"logo\":{\"@type\":\"ImageObject\",\"inLanguage\":\"fr-FR\",\"@id\":\"https:\/\/syndicoop.fr\/ofict\/#\/schema\/logo\/image\/\",\"url\":\"https:\/\/syndicoop.fr\/ofict\/wp-content\/uploads\/sites\/21\/2021\/01\/0-Logo-OFICT-couleur-ombre-grand.png\",\"contentUrl\":\"https:\/\/syndicoop.fr\/ofict\/wp-content\/uploads\/sites\/21\/2021\/01\/0-Logo-OFICT-couleur-ombre-grand.png\",\"width\":853,\"height\":626,\"caption\":\"ofict-cgt\"},\"image\":{\"@id\":\"https:\/\/syndicoop.fr\/ofict\/#\/schema\/logo\/image\/\"},\"sameAs\":[\"https:\/\/www.facebook.com\/ofictcgt\",\"https:\/\/x.com\/ofictcgt\",\"https:\/\/www.youtube.com\/channel\/UCuspFuV1HGEF1weXxpWVKtQ\"]},{\"@type\":\"Person\",\"@id\":\"https:\/\/syndicoop.fr\/ofict\/#\/schema\/person\/f39466be0f2870e8872f54607694f961\",\"name\":\"ecanonne\",\"image\":{\"@type\":\"ImageObject\",\"inLanguage\":\"fr-FR\",\"@id\":\"https:\/\/syndicoop.fr\/ofict\/#\/schema\/person\/image\/\",\"url\":\"\/\/www.gravatar.com\/avatar\/d77c79c43301ad5a8b26da1071f40071?s=96&#038;r=g&#038;d=mm\",\"contentUrl\":\"\/\/www.gravatar.com\/avatar\/d77c79c43301ad5a8b26da1071f40071?s=96&#038;r=g&#038;d=mm\",\"caption\":\"ecanonne\"}}]}<\/script>\n<!-- \/ Yoast SEO plugin. -->","yoast_head_json":{"title":"Compte rendu du conseil de perfectionnement du CMVRH du 5 juillet 2013 - OFICT-CGT Equipement-Environnement","robots":{"index":"index","follow":"follow","max-snippet":"max-snippet:-1","max-image-preview":"max-image-preview:large","max-video-preview":"max-video-preview:-1"},"canonical":"https:\/\/syndicoop.fr\/ofict\/compte-rendu-du-conseil-de-perfectionnement-du-cmvrh-du-5-juillet-2013\/","og_locale":"fr_FR","og_type":"article","og_title":"Compte rendu du conseil de perfectionnement du CMVRH du 5 juillet 2013 - OFICT-CGT Equipement-Environnement","og_description":"Cette premi\u00e8re r\u00e9union du conseil de perfectionnement est pr\u00e9sid\u00e9e par M.\u00a0V Mazauric, Secr\u00e9taire g\u00e9n\u00e9ral des MEDDE\/METL. Outre les organisations repr\u00e9sentatives au comit\u00e9 technique du centre minist\u00e9riel de valorisation des ressources humaines (CMVRH), \u00e9taient invit\u00e9s les repr\u00e9sentant-e-s des directions g\u00e9n\u00e9rales, de la sous-direction de la formation, des comp\u00e9tences et des qualifications, de carri\u00e8res et de l\u2019encadrement, [&hellip;]","og_url":"https:\/\/syndicoop.fr\/ofict\/compte-rendu-du-conseil-de-perfectionnement-du-cmvrh-du-5-juillet-2013\/","og_site_name":"OFICT-CGT Equipement-Environnement","article_publisher":"https:\/\/www.facebook.com\/ofictcgt","article_published_time":"2013-07-30T19:26:16+00:00","author":"ecanonne","twitter_card":"summary_large_image","twitter_creator":"@ofictcgt","twitter_site":"@ofictcgt","twitter_misc":{"\u00c9crit par":"ecanonne","Dur\u00e9e de lecture estim\u00e9e":"1 minute"},"schema":{"@context":"https:\/\/schema.org","@graph":[{"@type":"Article","@id":"https:\/\/syndicoop.fr\/ofict\/compte-rendu-du-conseil-de-perfectionnement-du-cmvrh-du-5-juillet-2013\/#article","isPartOf":{"@id":"https:\/\/syndicoop.fr\/ofict\/compte-rendu-du-conseil-de-perfectionnement-du-cmvrh-du-5-juillet-2013\/"},"author":{"name":"ecanonne","@id":"https:\/\/syndicoop.fr\/ofict\/#\/schema\/person\/f39466be0f2870e8872f54607694f961"},"headline":"Compte rendu du conseil de perfectionnement du CMVRH du 5 juillet 2013","datePublished":"2013-07-30T19:26:16+00:00","mainEntityOfPage":{"@id":"https:\/\/syndicoop.fr\/ofict\/compte-rendu-du-conseil-de-perfectionnement-du-cmvrh-du-5-juillet-2013\/"},"wordCount":119,"commentCount":0,"publisher":{"@id":"https:\/\/syndicoop.fr\/ofict\/#organization"},"keywords":["Formation"],"articleSection":["Actus"],"inLanguage":"fr-FR","potentialAction":[{"@type":"CommentAction","name":"Comment","target":["https:\/\/syndicoop.fr\/ofict\/compte-rendu-du-conseil-de-perfectionnement-du-cmvrh-du-5-juillet-2013\/#respond"]}]},{"@type":"WebPage","@id":"https:\/\/syndicoop.fr\/ofict\/compte-rendu-du-conseil-de-perfectionnement-du-cmvrh-du-5-juillet-2013\/","url":"https:\/\/syndicoop.fr\/ofict\/compte-rendu-du-conseil-de-perfectionnement-du-cmvrh-du-5-juillet-2013\/","name":"Compte rendu du conseil de perfectionnement du CMVRH du 5 juillet 2013 - OFICT-CGT Equipement-Environnement","isPartOf":{"@id":"https:\/\/syndicoop.fr\/ofict\/#website"},"datePublished":"2013-07-30T19:26:16+00:00","breadcrumb":{"@id":"https:\/\/syndicoop.fr\/ofict\/compte-rendu-du-conseil-de-perfectionnement-du-cmvrh-du-5-juillet-2013\/#breadcrumb"},"inLanguage":"fr-FR","potentialAction":[{"@type":"ReadAction","target":["https:\/\/syndicoop.fr\/ofict\/compte-rendu-du-conseil-de-perfectionnement-du-cmvrh-du-5-juillet-2013\/"]}]},{"@type":"BreadcrumbList","@id":"https:\/\/syndicoop.fr\/ofict\/compte-rendu-du-conseil-de-perfectionnement-du-cmvrh-du-5-juillet-2013\/#breadcrumb","itemListElement":[{"@type":"ListItem","position":1,"name":"Accueil","item":"https:\/\/syndicoop.fr\/ofict\/"},{"@type":"ListItem","position":2,"name":"Compte rendu du conseil de perfectionnement du CMVRH du 5 juillet 2013"}]},{"@type":"WebSite","@id":"https:\/\/syndicoop.fr\/ofict\/#website","url":"https:\/\/syndicoop.fr\/ofict\/","name":"OFICT-CGT Equipement-Environnement","description":"avec Syndicoop.fr, plateforme syndicale et coop\u00e9rative","publisher":{"@id":"https:\/\/syndicoop.fr\/ofict\/#organization"},"potentialAction":[{"@type":"SearchAction","target":{"@type":"EntryPoint","urlTemplate":"https:\/\/syndicoop.fr\/ofict\/?s={search_term_string}"},"query-input":{"@type":"PropertyValueSpecification","valueRequired":true,"valueName":"search_term_string"}}],"inLanguage":"fr-FR"},{"@type":"Organization","@id":"https:\/\/syndicoop.fr\/ofict\/#organization","name":"ofict-cgt","url":"https:\/\/syndicoop.fr\/ofict\/","logo":{"@type":"ImageObject","inLanguage":"fr-FR","@id":"https:\/\/syndicoop.fr\/ofict\/#\/schema\/logo\/image\/","url":"https:\/\/syndicoop.fr\/ofict\/wp-content\/uploads\/sites\/21\/2021\/01\/0-Logo-OFICT-couleur-ombre-grand.png","contentUrl":"https:\/\/syndicoop.fr\/ofict\/wp-content\/uploads\/sites\/21\/2021\/01\/0-Logo-OFICT-couleur-ombre-grand.png","width":853,"height":626,"caption":"ofict-cgt"},"image":{"@id":"https:\/\/syndicoop.fr\/ofict\/#\/schema\/logo\/image\/"},"sameAs":["https:\/\/www.facebook.com\/ofictcgt","https:\/\/x.com\/ofictcgt","https:\/\/www.youtube.com\/channel\/UCuspFuV1HGEF1weXxpWVKtQ"]},{"@type":"Person","@id":"https:\/\/syndicoop.fr\/ofict\/#\/schema\/person\/f39466be0f2870e8872f54607694f961","name":"ecanonne","image":{"@type":"ImageObject","inLanguage":"fr-FR","@id":"https:\/\/syndicoop.fr\/ofict\/#\/schema\/person\/image\/","url":"\/\/www.gravatar.com\/avatar\/d77c79c43301ad5a8b26da1071f40071?s=96&#038;r=g&#038;d=mm","contentUrl":"\/\/www.gravatar.com\/avatar\/d77c79c43301ad5a8b26da1071f40071?s=96&#038;r=g&#038;d=mm","caption":"ecanonne"}}]}},"_links":{"self":[{"href":"https:\/\/syndicoop.fr\/ofict\/wp-json\/wp\/v2\/posts\/1470","targetHints":{"allow":["GET"]}}],"collection":[{"href":"https:\/\/syndicoop.fr\/ofict\/wp-json\/wp\/v2\/posts"}],"about":[{"href":"https:\/\/syndicoop.fr\/ofict\/wp-json\/wp\/v2\/types\/post"}],"author":[{"embeddable":true,"href":"https:\/\/syndicoop.fr\/ofict\/wp-json\/wp\/v2\/users\/351"}],"replies":[{"embeddable":true,"href":"https:\/\/syndicoop.fr\/ofict\/wp-json\/wp\/v2\/comments?post=1470"}],"version-history":[{"count":0,"href":"https:\/\/syndicoop.fr\/ofict\/wp-json\/wp\/v2\/posts\/1470\/revisions"}],"wp:attachment":[{"href":"https:\/\/syndicoop.fr\/ofict\/wp-json\/wp\/v2\/media?parent=1470"}],"wp:term":[{"taxonomy":"category","embeddable":true,"href":"https:\/\/syndicoop.fr\/ofict\/wp-json\/wp\/v2\/categories?post=1470"},{"taxonomy":"post_tag","embeddable":true,"href":"https:\/\/syndicoop.fr\/ofict\/wp-json\/wp\/v2\/tags?post=1470"}],"curies":[{"name":"wp","href":"https:\/\/api.w.org\/{rel}","templated":true}]}}