{"id":1528,"date":"2013-08-27T21:37:57","date_gmt":"2013-08-27T19:37:57","guid":{"rendered":"http:\/\/ofict.reference-syndicale.fr\/?p=1528"},"modified":"2020-05-29T14:09:51","modified_gmt":"2020-05-29T12:09:51","slug":"1528-2","status":"publish","type":"post","link":"https:\/\/syndicoop.fr\/ofict\/1528-2\/","title":{"rendered":"10 septembre gr\u00e8ves et manifestations : Tract de l\u2019OFICT"},"content":{"rendered":"<div>La mobilisation des salari\u00e9s concernant les retraites, salaires, conditions de travail, emploi et services publics sera marqu\u00e9e par une premi\u00e8re manifestation interprofessionnelle et unitaire le 10 septembre, dans un contexte o\u00f9 il est l&rsquo;\u00e9vidence n\u00e9cessaire que les salari\u00e9s, et parmi eux les cadres et techniciens et administratifs B s&rsquo;expriment fortement.<!--more--><\/div>\n<div><\/div>\n<div>Il n&rsquo;y a donc pas de temps \u00e0 perdre pour informer et mobiliser les coll\u00e8gues, qui seront v\u00e9ritablement rentr\u00e9s de cong\u00e9s \u00e0 partir de cette semaine.<\/div>\n<div><\/div>\n<div><a href=\"http:\/\/www.equipement.cgt.fr\/IMG\/pdf\/tract1009bis.pdf\" target=\"_blank\">L&rsquo;OFICT met \u00e0 disposition le tract ci-joint qui s&rsquo;adresse plus particuli\u00e8rement aux ing\u00e9nieurs, cadres, \u00a0techniciens et administratifs B.<\/a><\/div>\n<div><\/div>\n<div>A venir : la lettre de l&rsquo;OFICT de la rentr\u00e9e, et des affichettes sur le th\u00e8me temps et charges de travail<\/div>\n<div><\/div>\n<div><a href=\"http:\/\/www.ugict.cgt.fr\/articles\/actus\/reforme-retraites-10-sept\" target=\"_blank\">Acc\u00e9der au tract de l&rsquo;UGICT<\/a><\/div>\n<div><\/div>\n<div><a href=\"http:\/\/ofict.reference-syndicale.fr\/2013\/08\/28\/journee-daction-interprofessionnelle-avec-greves-et-manifestations-le-10-septembre-2013\/\" target=\"_blank\">Acc\u00e9der \u00e0 l&rsquo;article sur la mobilisation du 10 septembre\u00a0<\/a><\/div>\n<div><\/div>\n<div><\/div>\n","protected":false},"excerpt":{"rendered":"<p>La mobilisation des salari\u00e9s concernant les retraites, salaires, conditions de travail, emploi et services publics sera marqu\u00e9e par une premi\u00e8re manifestation interprofessionnelle et unitaire le 10 septembre, dans un contexte o\u00f9 il est l&rsquo;\u00e9vidence n\u00e9cessaire que les salari\u00e9s, et parmi eux les cadres et techniciens et administratifs B s&rsquo;expriment fortement.<\/p>\n","protected":false},"author":351,"featured_media":81,"comment_status":"open","ping_status":"closed","sticky":false,"template":"","format":"standard","meta":{"_acf_changed":false,"footnotes":""},"categories":[1,382,383],"tags":[],"class_list":["post-1528","post","type-post","status-publish","format-standard","has-post-thumbnail","hentry","category-actus","category-ofict","category-ugict","documents-tracts"],"acf":[],"yoast_head":"<!-- This site is optimized with the Yoast SEO plugin v26.3 - https:\/\/yoast.com\/wordpress\/plugins\/seo\/ -->\n<title>10 septembre gr\u00e8ves et manifestations : Tract de l\u2019OFICT - OFICT-CGT Equipement-Environnement<\/title>\n<meta name=\"robots\" content=\"index, follow, max-snippet:-1, max-image-preview:large, max-video-preview:-1\" \/>\n<link rel=\"canonical\" href=\"https:\/\/syndicoop.fr\/ofict\/1528-2\/\" \/>\n<meta property=\"og:locale\" content=\"fr_FR\" \/>\n<meta property=\"og:type\" content=\"article\" \/>\n<meta property=\"og:title\" content=\"10 septembre gr\u00e8ves et manifestations : Tract de l\u2019OFICT - OFICT-CGT Equipement-Environnement\" \/>\n<meta property=\"og:description\" content=\"La mobilisation des salari\u00e9s concernant les retraites, salaires, conditions de travail, emploi et services publics sera marqu\u00e9e par une premi\u00e8re manifestation interprofessionnelle et unitaire le 10 septembre, dans un contexte o\u00f9 il est l&rsquo;\u00e9vidence n\u00e9cessaire que les salari\u00e9s, et parmi eux les cadres et techniciens et administratifs B s&rsquo;expriment fortement.\" \/>\n<meta property=\"og:url\" content=\"https:\/\/syndicoop.fr\/ofict\/1528-2\/\" \/>\n<meta property=\"og:site_name\" content=\"OFICT-CGT Equipement-Environnement\" \/>\n<meta property=\"article:publisher\" content=\"https:\/\/www.facebook.com\/ofictcgt\" \/>\n<meta property=\"article:published_time\" content=\"2013-08-27T19:37:57+00:00\" \/>\n<meta property=\"article:modified_time\" content=\"2020-05-29T12:09:51+00:00\" \/>\n<meta property=\"og:image\" content=\"https:\/\/syndicoop.fr\/ofict\/wp-content\/uploads\/sites\/21\/2012\/11\/121023-manif-avec-ofict2.jpg\" \/>\n\t<meta property=\"og:image:width\" content=\"1296\" \/>\n\t<meta property=\"og:image:height\" content=\"968\" \/>\n\t<meta property=\"og:image:type\" content=\"image\/jpeg\" \/>\n<meta name=\"author\" content=\"ecanonne\" \/>\n<meta name=\"twitter:card\" content=\"summary_large_image\" \/>\n<meta name=\"twitter:creator\" content=\"@ofictcgt\" \/>\n<meta name=\"twitter:site\" content=\"@ofictcgt\" \/>\n<meta name=\"twitter:label1\" content=\"\u00c9crit par\" \/>\n\t<meta name=\"twitter:data1\" content=\"ecanonne\" \/>\n\t<meta name=\"twitter:label2\" content=\"Dur\u00e9e de lecture estim\u00e9e\" \/>\n\t<meta name=\"twitter:data2\" content=\"1 minute\" \/>\n<script type=\"application\/ld+json\" class=\"yoast-schema-graph\">{\"@context\":\"https:\/\/schema.org\",\"@graph\":[{\"@type\":\"Article\",\"@id\":\"https:\/\/syndicoop.fr\/ofict\/1528-2\/#article\",\"isPartOf\":{\"@id\":\"https:\/\/syndicoop.fr\/ofict\/1528-2\/\"},\"author\":{\"name\":\"ecanonne\",\"@id\":\"https:\/\/syndicoop.fr\/ofict\/#\/schema\/person\/f39466be0f2870e8872f54607694f961\"},\"headline\":\"10 septembre gr\u00e8ves et manifestations : Tract de l\u2019OFICT\",\"datePublished\":\"2013-08-27T19:37:57+00:00\",\"dateModified\":\"2020-05-29T12:09:51+00:00\",\"mainEntityOfPage\":{\"@id\":\"https:\/\/syndicoop.fr\/ofict\/1528-2\/\"},\"wordCount\":147,\"commentCount\":0,\"publisher\":{\"@id\":\"https:\/\/syndicoop.fr\/ofict\/#organization\"},\"image\":{\"@id\":\"https:\/\/syndicoop.fr\/ofict\/1528-2\/#primaryimage\"},\"thumbnailUrl\":\"https:\/\/syndicoop.fr\/ofict\/wp-content\/uploads\/sites\/21\/2012\/11\/121023-manif-avec-ofict2.jpg\",\"articleSection\":[\"Actus\",\"Ofict\",\"Ugict\"],\"inLanguage\":\"fr-FR\",\"potentialAction\":[{\"@type\":\"CommentAction\",\"name\":\"Comment\",\"target\":[\"https:\/\/syndicoop.fr\/ofict\/1528-2\/#respond\"]}]},{\"@type\":\"WebPage\",\"@id\":\"https:\/\/syndicoop.fr\/ofict\/1528-2\/\",\"url\":\"https:\/\/syndicoop.fr\/ofict\/1528-2\/\",\"name\":\"10 septembre gr\u00e8ves et manifestations : Tract de l\u2019OFICT - OFICT-CGT Equipement-Environnement\",\"isPartOf\":{\"@id\":\"https:\/\/syndicoop.fr\/ofict\/#website\"},\"primaryImageOfPage\":{\"@id\":\"https:\/\/syndicoop.fr\/ofict\/1528-2\/#primaryimage\"},\"image\":{\"@id\":\"https:\/\/syndicoop.fr\/ofict\/1528-2\/#primaryimage\"},\"thumbnailUrl\":\"https:\/\/syndicoop.fr\/ofict\/wp-content\/uploads\/sites\/21\/2012\/11\/121023-manif-avec-ofict2.jpg\",\"datePublished\":\"2013-08-27T19:37:57+00:00\",\"dateModified\":\"2020-05-29T12:09:51+00:00\",\"breadcrumb\":{\"@id\":\"https:\/\/syndicoop.fr\/ofict\/1528-2\/#breadcrumb\"},\"inLanguage\":\"fr-FR\",\"potentialAction\":[{\"@type\":\"ReadAction\",\"target\":[\"https:\/\/syndicoop.fr\/ofict\/1528-2\/\"]}]},{\"@type\":\"ImageObject\",\"inLanguage\":\"fr-FR\",\"@id\":\"https:\/\/syndicoop.fr\/ofict\/1528-2\/#primaryimage\",\"url\":\"https:\/\/syndicoop.fr\/ofict\/wp-content\/uploads\/sites\/21\/2012\/11\/121023-manif-avec-ofict2.jpg\",\"contentUrl\":\"https:\/\/syndicoop.fr\/ofict\/wp-content\/uploads\/sites\/21\/2012\/11\/121023-manif-avec-ofict2.jpg\",\"width\":1296,\"height\":968},{\"@type\":\"BreadcrumbList\",\"@id\":\"https:\/\/syndicoop.fr\/ofict\/1528-2\/#breadcrumb\",\"itemListElement\":[{\"@type\":\"ListItem\",\"position\":1,\"name\":\"Accueil\",\"item\":\"https:\/\/syndicoop.fr\/ofict\/\"},{\"@type\":\"ListItem\",\"position\":2,\"name\":\"10 septembre gr\u00e8ves et manifestations&#160;: Tract de l\u2019OFICT\"}]},{\"@type\":\"WebSite\",\"@id\":\"https:\/\/syndicoop.fr\/ofict\/#website\",\"url\":\"https:\/\/syndicoop.fr\/ofict\/\",\"name\":\"OFICT-CGT Equipement-Environnement\",\"description\":\"avec Syndicoop.fr, plateforme syndicale et coop\u00e9rative\",\"publisher\":{\"@id\":\"https:\/\/syndicoop.fr\/ofict\/#organization\"},\"potentialAction\":[{\"@type\":\"SearchAction\",\"target\":{\"@type\":\"EntryPoint\",\"urlTemplate\":\"https:\/\/syndicoop.fr\/ofict\/?s={search_term_string}\"},\"query-input\":{\"@type\":\"PropertyValueSpecification\",\"valueRequired\":true,\"valueName\":\"search_term_string\"}}],\"inLanguage\":\"fr-FR\"},{\"@type\":\"Organization\",\"@id\":\"https:\/\/syndicoop.fr\/ofict\/#organization\",\"name\":\"ofict-cgt\",\"url\":\"https:\/\/syndicoop.fr\/ofict\/\",\"logo\":{\"@type\":\"ImageObject\",\"inLanguage\":\"fr-FR\",\"@id\":\"https:\/\/syndicoop.fr\/ofict\/#\/schema\/logo\/image\/\",\"url\":\"https:\/\/syndicoop.fr\/ofict\/wp-content\/uploads\/sites\/21\/2021\/01\/0-Logo-OFICT-couleur-ombre-grand.png\",\"contentUrl\":\"https:\/\/syndicoop.fr\/ofict\/wp-content\/uploads\/sites\/21\/2021\/01\/0-Logo-OFICT-couleur-ombre-grand.png\",\"width\":853,\"height\":626,\"caption\":\"ofict-cgt\"},\"image\":{\"@id\":\"https:\/\/syndicoop.fr\/ofict\/#\/schema\/logo\/image\/\"},\"sameAs\":[\"https:\/\/www.facebook.com\/ofictcgt\",\"https:\/\/x.com\/ofictcgt\",\"https:\/\/www.youtube.com\/channel\/UCuspFuV1HGEF1weXxpWVKtQ\"]},{\"@type\":\"Person\",\"@id\":\"https:\/\/syndicoop.fr\/ofict\/#\/schema\/person\/f39466be0f2870e8872f54607694f961\",\"name\":\"ecanonne\",\"image\":{\"@type\":\"ImageObject\",\"inLanguage\":\"fr-FR\",\"@id\":\"https:\/\/syndicoop.fr\/ofict\/#\/schema\/person\/image\/\",\"url\":\"\/\/www.gravatar.com\/avatar\/d77c79c43301ad5a8b26da1071f40071?s=96&#038;r=g&#038;d=mm\",\"contentUrl\":\"\/\/www.gravatar.com\/avatar\/d77c79c43301ad5a8b26da1071f40071?s=96&#038;r=g&#038;d=mm\",\"caption\":\"ecanonne\"}}]}<\/script>\n<!-- \/ Yoast SEO plugin. -->","yoast_head_json":{"title":"10 septembre gr\u00e8ves et manifestations : Tract de l\u2019OFICT - OFICT-CGT Equipement-Environnement","robots":{"index":"index","follow":"follow","max-snippet":"max-snippet:-1","max-image-preview":"max-image-preview:large","max-video-preview":"max-video-preview:-1"},"canonical":"https:\/\/syndicoop.fr\/ofict\/1528-2\/","og_locale":"fr_FR","og_type":"article","og_title":"10 septembre gr\u00e8ves et manifestations : Tract de l\u2019OFICT - OFICT-CGT Equipement-Environnement","og_description":"La mobilisation des salari\u00e9s concernant les retraites, salaires, conditions de travail, emploi et services publics sera marqu\u00e9e par une premi\u00e8re manifestation interprofessionnelle et unitaire le 10 septembre, dans un contexte o\u00f9 il est l&rsquo;\u00e9vidence n\u00e9cessaire que les salari\u00e9s, et parmi eux les cadres et techniciens et administratifs B s&rsquo;expriment fortement.","og_url":"https:\/\/syndicoop.fr\/ofict\/1528-2\/","og_site_name":"OFICT-CGT Equipement-Environnement","article_publisher":"https:\/\/www.facebook.com\/ofictcgt","article_published_time":"2013-08-27T19:37:57+00:00","article_modified_time":"2020-05-29T12:09:51+00:00","og_image":[{"width":1296,"height":968,"url":"https:\/\/syndicoop.fr\/ofict\/wp-content\/uploads\/sites\/21\/2012\/11\/121023-manif-avec-ofict2.jpg","type":"image\/jpeg"}],"author":"ecanonne","twitter_card":"summary_large_image","twitter_creator":"@ofictcgt","twitter_site":"@ofictcgt","twitter_misc":{"\u00c9crit par":"ecanonne","Dur\u00e9e de lecture estim\u00e9e":"1 minute"},"schema":{"@context":"https:\/\/schema.org","@graph":[{"@type":"Article","@id":"https:\/\/syndicoop.fr\/ofict\/1528-2\/#article","isPartOf":{"@id":"https:\/\/syndicoop.fr\/ofict\/1528-2\/"},"author":{"name":"ecanonne","@id":"https:\/\/syndicoop.fr\/ofict\/#\/schema\/person\/f39466be0f2870e8872f54607694f961"},"headline":"10 septembre gr\u00e8ves et manifestations : Tract de l\u2019OFICT","datePublished":"2013-08-27T19:37:57+00:00","dateModified":"2020-05-29T12:09:51+00:00","mainEntityOfPage":{"@id":"https:\/\/syndicoop.fr\/ofict\/1528-2\/"},"wordCount":147,"commentCount":0,"publisher":{"@id":"https:\/\/syndicoop.fr\/ofict\/#organization"},"image":{"@id":"https:\/\/syndicoop.fr\/ofict\/1528-2\/#primaryimage"},"thumbnailUrl":"https:\/\/syndicoop.fr\/ofict\/wp-content\/uploads\/sites\/21\/2012\/11\/121023-manif-avec-ofict2.jpg","articleSection":["Actus","Ofict","Ugict"],"inLanguage":"fr-FR","potentialAction":[{"@type":"CommentAction","name":"Comment","target":["https:\/\/syndicoop.fr\/ofict\/1528-2\/#respond"]}]},{"@type":"WebPage","@id":"https:\/\/syndicoop.fr\/ofict\/1528-2\/","url":"https:\/\/syndicoop.fr\/ofict\/1528-2\/","name":"10 septembre gr\u00e8ves et manifestations : Tract de l\u2019OFICT - OFICT-CGT Equipement-Environnement","isPartOf":{"@id":"https:\/\/syndicoop.fr\/ofict\/#website"},"primaryImageOfPage":{"@id":"https:\/\/syndicoop.fr\/ofict\/1528-2\/#primaryimage"},"image":{"@id":"https:\/\/syndicoop.fr\/ofict\/1528-2\/#primaryimage"},"thumbnailUrl":"https:\/\/syndicoop.fr\/ofict\/wp-content\/uploads\/sites\/21\/2012\/11\/121023-manif-avec-ofict2.jpg","datePublished":"2013-08-27T19:37:57+00:00","dateModified":"2020-05-29T12:09:51+00:00","breadcrumb":{"@id":"https:\/\/syndicoop.fr\/ofict\/1528-2\/#breadcrumb"},"inLanguage":"fr-FR","potentialAction":[{"@type":"ReadAction","target":["https:\/\/syndicoop.fr\/ofict\/1528-2\/"]}]},{"@type":"ImageObject","inLanguage":"fr-FR","@id":"https:\/\/syndicoop.fr\/ofict\/1528-2\/#primaryimage","url":"https:\/\/syndicoop.fr\/ofict\/wp-content\/uploads\/sites\/21\/2012\/11\/121023-manif-avec-ofict2.jpg","contentUrl":"https:\/\/syndicoop.fr\/ofict\/wp-content\/uploads\/sites\/21\/2012\/11\/121023-manif-avec-ofict2.jpg","width":1296,"height":968},{"@type":"BreadcrumbList","@id":"https:\/\/syndicoop.fr\/ofict\/1528-2\/#breadcrumb","itemListElement":[{"@type":"ListItem","position":1,"name":"Accueil","item":"https:\/\/syndicoop.fr\/ofict\/"},{"@type":"ListItem","position":2,"name":"10 septembre gr\u00e8ves et manifestations&#160;: Tract de l\u2019OFICT"}]},{"@type":"WebSite","@id":"https:\/\/syndicoop.fr\/ofict\/#website","url":"https:\/\/syndicoop.fr\/ofict\/","name":"OFICT-CGT Equipement-Environnement","description":"avec Syndicoop.fr, plateforme syndicale et coop\u00e9rative","publisher":{"@id":"https:\/\/syndicoop.fr\/ofict\/#organization"},"potentialAction":[{"@type":"SearchAction","target":{"@type":"EntryPoint","urlTemplate":"https:\/\/syndicoop.fr\/ofict\/?s={search_term_string}"},"query-input":{"@type":"PropertyValueSpecification","valueRequired":true,"valueName":"search_term_string"}}],"inLanguage":"fr-FR"},{"@type":"Organization","@id":"https:\/\/syndicoop.fr\/ofict\/#organization","name":"ofict-cgt","url":"https:\/\/syndicoop.fr\/ofict\/","logo":{"@type":"ImageObject","inLanguage":"fr-FR","@id":"https:\/\/syndicoop.fr\/ofict\/#\/schema\/logo\/image\/","url":"https:\/\/syndicoop.fr\/ofict\/wp-content\/uploads\/sites\/21\/2021\/01\/0-Logo-OFICT-couleur-ombre-grand.png","contentUrl":"https:\/\/syndicoop.fr\/ofict\/wp-content\/uploads\/sites\/21\/2021\/01\/0-Logo-OFICT-couleur-ombre-grand.png","width":853,"height":626,"caption":"ofict-cgt"},"image":{"@id":"https:\/\/syndicoop.fr\/ofict\/#\/schema\/logo\/image\/"},"sameAs":["https:\/\/www.facebook.com\/ofictcgt","https:\/\/x.com\/ofictcgt","https:\/\/www.youtube.com\/channel\/UCuspFuV1HGEF1weXxpWVKtQ"]},{"@type":"Person","@id":"https:\/\/syndicoop.fr\/ofict\/#\/schema\/person\/f39466be0f2870e8872f54607694f961","name":"ecanonne","image":{"@type":"ImageObject","inLanguage":"fr-FR","@id":"https:\/\/syndicoop.fr\/ofict\/#\/schema\/person\/image\/","url":"\/\/www.gravatar.com\/avatar\/d77c79c43301ad5a8b26da1071f40071?s=96&#038;r=g&#038;d=mm","contentUrl":"\/\/www.gravatar.com\/avatar\/d77c79c43301ad5a8b26da1071f40071?s=96&#038;r=g&#038;d=mm","caption":"ecanonne"}}]}},"_links":{"self":[{"href":"https:\/\/syndicoop.fr\/ofict\/wp-json\/wp\/v2\/posts\/1528","targetHints":{"allow":["GET"]}}],"collection":[{"href":"https:\/\/syndicoop.fr\/ofict\/wp-json\/wp\/v2\/posts"}],"about":[{"href":"https:\/\/syndicoop.fr\/ofict\/wp-json\/wp\/v2\/types\/post"}],"author":[{"embeddable":true,"href":"https:\/\/syndicoop.fr\/ofict\/wp-json\/wp\/v2\/users\/351"}],"replies":[{"embeddable":true,"href":"https:\/\/syndicoop.fr\/ofict\/wp-json\/wp\/v2\/comments?post=1528"}],"version-history":[{"count":0,"href":"https:\/\/syndicoop.fr\/ofict\/wp-json\/wp\/v2\/posts\/1528\/revisions"}],"wp:featuredmedia":[{"embeddable":true,"href":"https:\/\/syndicoop.fr\/ofict\/wp-json\/wp\/v2\/media\/81"}],"wp:attachment":[{"href":"https:\/\/syndicoop.fr\/ofict\/wp-json\/wp\/v2\/media?parent=1528"}],"wp:term":[{"taxonomy":"category","embeddable":true,"href":"https:\/\/syndicoop.fr\/ofict\/wp-json\/wp\/v2\/categories?post=1528"},{"taxonomy":"post_tag","embeddable":true,"href":"https:\/\/syndicoop.fr\/ofict\/wp-json\/wp\/v2\/tags?post=1528"}],"curies":[{"name":"wp","href":"https:\/\/api.w.org\/{rel}","templated":true}]}}