{"id":1548,"date":"2013-08-27T19:11:32","date_gmt":"2013-08-27T17:11:32","guid":{"rendered":"http:\/\/ofict.reference-syndicale.fr\/?p=1548"},"modified":"2020-10-21T11:14:42","modified_gmt":"2020-10-21T09:14:42","slug":"13-fiches-pour-decrypter-la-reforme-des-retraites","status":"publish","type":"post","link":"https:\/\/syndicoop.fr\/ofict\/13-fiches-pour-decrypter-la-reforme-des-retraites\/","title":{"rendered":"13 fiches pour d\u00e9crypter la r\u00e9forme des retraites"},"content":{"rendered":"<div>\n<p>Ce document a \u00e9t\u00e9 publi\u00e9 par la CGT le 27 ao\u00fbt 2013, juste avant les annonces du Premier Ministre. Pour voir la r\u00e9action de la CGT \u00e0 ces annonces et l&rsquo;appel \u00e0 la mobilisaiton le mardi 10 septembre 2013, voir le communiqu\u00e9 \u00ab\u00a0<a title=\"communiqu\u00e9 cgt retraites 2013\" href=\"http:\/\/cgt.fr\/Une-reforme-qui-penalise-les.html\" target=\"_blank\" rel=\"noopener noreferrer\">Une r\u00e9forme qui p\u00e9nalise les salari\u00e9s et les jeunes<\/a>\u00ab\u00a0<!--more--><\/p>\n<\/div>\n<div>\n<h2>Sommaire<\/h2>\n<ol>\n<li>La retraite \u00e0 60 ans, un sujet toujours d\u2019actualit\u00e9<\/li>\n<li>Allongement de la dur\u00e9e de cotisation<\/li>\n<li>Calcul des pensions<\/li>\n<li>Garantir un bon niveau de pension<\/li>\n<li>Reconna\u00eetre la p\u00e9nibilit\u00e9<\/li>\n<li>Corriger les in\u00e9galit\u00e9s femmes-hommes<\/li>\n<li>Droits familiaux<\/li>\n<li>Jeunes et retraite<\/li>\n<li>Validation des ann\u00e9es d\u2019\u00e9tudes<\/li>\n<li>Validation des p\u00e9riodes de pr\u00e9carit\u00e9<\/li>\n<li>Financement<\/li>\n<li>\u00ab Co\u00fbt du travail \u00bb et co\u00fbt du capital<\/li>\n<li>Maison commune des r\u00e9gimes de retraite<\/li>\n<\/ol>\n<p><strong>T\u00e9l\u00e9charger :\u00a0<a href=\"http:\/\/www.ugict.cgt.fr\/doc_download\/203-fiches-retraites-2013\" target=\"_blank\" rel=\"noopener noreferrer\"><img decoding=\"async\" alt=\"icon\" src=\"http:\/\/www.ugict.cgt.fr\/components\/com_docman\/themes\/default\/images\/icons\/16x16\/pdf.png\" border=\"0\" \/>\u00a0Fiches Retraites 2013 (1.56 MB)<\/a><\/strong><\/p>\n<\/div>\n","protected":false},"excerpt":{"rendered":"<p>Ce document a \u00e9t\u00e9 publi\u00e9 par la CGT le 27 ao\u00fbt 2013, juste avant les annonces du Premier Ministre. Pour voir la r\u00e9action de la CGT \u00e0 ces annonces et l&rsquo;appel \u00e0 la mobilisaiton le mardi 10 septembre 2013, voir le communiqu\u00e9 \u00ab\u00a0Une r\u00e9forme qui p\u00e9nalise les salari\u00e9s et les jeunes\u00ab\u00a0<\/p>\n","protected":false},"author":351,"featured_media":0,"comment_status":"open","ping_status":"closed","sticky":false,"template":"","format":"standard","meta":{"_acf_changed":false,"footnotes":""},"categories":[1,383],"tags":[],"class_list":["post-1548","post","type-post","status-publish","format-standard","hentry","category-actus","category-ugict","themes-remuneration-carriere-ldg"],"acf":[],"yoast_head":"<!-- This site is optimized with the Yoast SEO plugin v26.3 - https:\/\/yoast.com\/wordpress\/plugins\/seo\/ -->\n<title>13 fiches pour d\u00e9crypter la r\u00e9forme des retraites - OFICT-CGT Equipement-Environnement<\/title>\n<meta name=\"robots\" content=\"index, follow, max-snippet:-1, max-image-preview:large, max-video-preview:-1\" \/>\n<link rel=\"canonical\" href=\"https:\/\/syndicoop.fr\/ofict\/13-fiches-pour-decrypter-la-reforme-des-retraites\/\" \/>\n<meta property=\"og:locale\" content=\"fr_FR\" \/>\n<meta property=\"og:type\" content=\"article\" \/>\n<meta property=\"og:title\" content=\"13 fiches pour d\u00e9crypter la r\u00e9forme des retraites - OFICT-CGT Equipement-Environnement\" \/>\n<meta property=\"og:description\" content=\"Ce document a \u00e9t\u00e9 publi\u00e9 par la CGT le 27 ao\u00fbt 2013, juste avant les annonces du Premier Ministre. Pour voir la r\u00e9action de la CGT \u00e0 ces annonces et l&rsquo;appel \u00e0 la mobilisaiton le mardi 10 septembre 2013, voir le communiqu\u00e9 \u00ab\u00a0Une r\u00e9forme qui p\u00e9nalise les salari\u00e9s et les jeunes\u00ab\u00a0\" \/>\n<meta property=\"og:url\" content=\"https:\/\/syndicoop.fr\/ofict\/13-fiches-pour-decrypter-la-reforme-des-retraites\/\" \/>\n<meta property=\"og:site_name\" content=\"OFICT-CGT Equipement-Environnement\" \/>\n<meta property=\"article:publisher\" content=\"https:\/\/www.facebook.com\/ofictcgt\" \/>\n<meta property=\"article:published_time\" content=\"2013-08-27T17:11:32+00:00\" \/>\n<meta property=\"article:modified_time\" content=\"2020-10-21T09:14:42+00:00\" \/>\n<meta property=\"og:image\" content=\"http:\/\/www.ugict.cgt.fr\/components\/com_docman\/themes\/default\/images\/icons\/16x16\/pdf.png\" \/>\n<meta name=\"author\" content=\"ecanonne\" \/>\n<meta name=\"twitter:card\" content=\"summary_large_image\" \/>\n<meta name=\"twitter:creator\" content=\"@ofictcgt\" \/>\n<meta name=\"twitter:site\" content=\"@ofictcgt\" \/>\n<meta name=\"twitter:label1\" content=\"\u00c9crit par\" \/>\n\t<meta name=\"twitter:data1\" content=\"ecanonne\" \/>\n\t<meta name=\"twitter:label2\" content=\"Dur\u00e9e de lecture estim\u00e9e\" \/>\n\t<meta name=\"twitter:data2\" content=\"1 minute\" \/>\n<script type=\"application\/ld+json\" class=\"yoast-schema-graph\">{\"@context\":\"https:\/\/schema.org\",\"@graph\":[{\"@type\":\"Article\",\"@id\":\"https:\/\/syndicoop.fr\/ofict\/13-fiches-pour-decrypter-la-reforme-des-retraites\/#article\",\"isPartOf\":{\"@id\":\"https:\/\/syndicoop.fr\/ofict\/13-fiches-pour-decrypter-la-reforme-des-retraites\/\"},\"author\":{\"name\":\"ecanonne\",\"@id\":\"https:\/\/syndicoop.fr\/ofict\/#\/schema\/person\/f39466be0f2870e8872f54607694f961\"},\"headline\":\"13 fiches pour d\u00e9crypter la r\u00e9forme des retraites\",\"datePublished\":\"2013-08-27T17:11:32+00:00\",\"dateModified\":\"2020-10-21T09:14:42+00:00\",\"mainEntityOfPage\":{\"@id\":\"https:\/\/syndicoop.fr\/ofict\/13-fiches-pour-decrypter-la-reforme-des-retraites\/\"},\"wordCount\":136,\"commentCount\":0,\"publisher\":{\"@id\":\"https:\/\/syndicoop.fr\/ofict\/#organization\"},\"image\":{\"@id\":\"https:\/\/syndicoop.fr\/ofict\/13-fiches-pour-decrypter-la-reforme-des-retraites\/#primaryimage\"},\"thumbnailUrl\":\"http:\/\/www.ugict.cgt.fr\/components\/com_docman\/themes\/default\/images\/icons\/16x16\/pdf.png\",\"articleSection\":[\"Actus\",\"Ugict\"],\"inLanguage\":\"fr-FR\",\"potentialAction\":[{\"@type\":\"CommentAction\",\"name\":\"Comment\",\"target\":[\"https:\/\/syndicoop.fr\/ofict\/13-fiches-pour-decrypter-la-reforme-des-retraites\/#respond\"]}]},{\"@type\":\"WebPage\",\"@id\":\"https:\/\/syndicoop.fr\/ofict\/13-fiches-pour-decrypter-la-reforme-des-retraites\/\",\"url\":\"https:\/\/syndicoop.fr\/ofict\/13-fiches-pour-decrypter-la-reforme-des-retraites\/\",\"name\":\"13 fiches pour d\u00e9crypter la r\u00e9forme des retraites - OFICT-CGT Equipement-Environnement\",\"isPartOf\":{\"@id\":\"https:\/\/syndicoop.fr\/ofict\/#website\"},\"primaryImageOfPage\":{\"@id\":\"https:\/\/syndicoop.fr\/ofict\/13-fiches-pour-decrypter-la-reforme-des-retraites\/#primaryimage\"},\"image\":{\"@id\":\"https:\/\/syndicoop.fr\/ofict\/13-fiches-pour-decrypter-la-reforme-des-retraites\/#primaryimage\"},\"thumbnailUrl\":\"http:\/\/www.ugict.cgt.fr\/components\/com_docman\/themes\/default\/images\/icons\/16x16\/pdf.png\",\"datePublished\":\"2013-08-27T17:11:32+00:00\",\"dateModified\":\"2020-10-21T09:14:42+00:00\",\"breadcrumb\":{\"@id\":\"https:\/\/syndicoop.fr\/ofict\/13-fiches-pour-decrypter-la-reforme-des-retraites\/#breadcrumb\"},\"inLanguage\":\"fr-FR\",\"potentialAction\":[{\"@type\":\"ReadAction\",\"target\":[\"https:\/\/syndicoop.fr\/ofict\/13-fiches-pour-decrypter-la-reforme-des-retraites\/\"]}]},{\"@type\":\"ImageObject\",\"inLanguage\":\"fr-FR\",\"@id\":\"https:\/\/syndicoop.fr\/ofict\/13-fiches-pour-decrypter-la-reforme-des-retraites\/#primaryimage\",\"url\":\"http:\/\/www.ugict.cgt.fr\/components\/com_docman\/themes\/default\/images\/icons\/16x16\/pdf.png\",\"contentUrl\":\"http:\/\/www.ugict.cgt.fr\/components\/com_docman\/themes\/default\/images\/icons\/16x16\/pdf.png\"},{\"@type\":\"BreadcrumbList\",\"@id\":\"https:\/\/syndicoop.fr\/ofict\/13-fiches-pour-decrypter-la-reforme-des-retraites\/#breadcrumb\",\"itemListElement\":[{\"@type\":\"ListItem\",\"position\":1,\"name\":\"Accueil\",\"item\":\"https:\/\/syndicoop.fr\/ofict\/\"},{\"@type\":\"ListItem\",\"position\":2,\"name\":\"13 fiches pour d\u00e9crypter la r\u00e9forme des retraites\"}]},{\"@type\":\"WebSite\",\"@id\":\"https:\/\/syndicoop.fr\/ofict\/#website\",\"url\":\"https:\/\/syndicoop.fr\/ofict\/\",\"name\":\"OFICT-CGT Equipement-Environnement\",\"description\":\"avec Syndicoop.fr, plateforme syndicale et coop\u00e9rative\",\"publisher\":{\"@id\":\"https:\/\/syndicoop.fr\/ofict\/#organization\"},\"potentialAction\":[{\"@type\":\"SearchAction\",\"target\":{\"@type\":\"EntryPoint\",\"urlTemplate\":\"https:\/\/syndicoop.fr\/ofict\/?s={search_term_string}\"},\"query-input\":{\"@type\":\"PropertyValueSpecification\",\"valueRequired\":true,\"valueName\":\"search_term_string\"}}],\"inLanguage\":\"fr-FR\"},{\"@type\":\"Organization\",\"@id\":\"https:\/\/syndicoop.fr\/ofict\/#organization\",\"name\":\"ofict-cgt\",\"url\":\"https:\/\/syndicoop.fr\/ofict\/\",\"logo\":{\"@type\":\"ImageObject\",\"inLanguage\":\"fr-FR\",\"@id\":\"https:\/\/syndicoop.fr\/ofict\/#\/schema\/logo\/image\/\",\"url\":\"https:\/\/syndicoop.fr\/ofict\/wp-content\/uploads\/sites\/21\/2021\/01\/0-Logo-OFICT-couleur-ombre-grand.png\",\"contentUrl\":\"https:\/\/syndicoop.fr\/ofict\/wp-content\/uploads\/sites\/21\/2021\/01\/0-Logo-OFICT-couleur-ombre-grand.png\",\"width\":853,\"height\":626,\"caption\":\"ofict-cgt\"},\"image\":{\"@id\":\"https:\/\/syndicoop.fr\/ofict\/#\/schema\/logo\/image\/\"},\"sameAs\":[\"https:\/\/www.facebook.com\/ofictcgt\",\"https:\/\/x.com\/ofictcgt\",\"https:\/\/www.youtube.com\/channel\/UCuspFuV1HGEF1weXxpWVKtQ\"]},{\"@type\":\"Person\",\"@id\":\"https:\/\/syndicoop.fr\/ofict\/#\/schema\/person\/f39466be0f2870e8872f54607694f961\",\"name\":\"ecanonne\",\"image\":{\"@type\":\"ImageObject\",\"inLanguage\":\"fr-FR\",\"@id\":\"https:\/\/syndicoop.fr\/ofict\/#\/schema\/person\/image\/\",\"url\":\"\/\/www.gravatar.com\/avatar\/d77c79c43301ad5a8b26da1071f40071?s=96&#038;r=g&#038;d=mm\",\"contentUrl\":\"\/\/www.gravatar.com\/avatar\/d77c79c43301ad5a8b26da1071f40071?s=96&#038;r=g&#038;d=mm\",\"caption\":\"ecanonne\"}}]}<\/script>\n<!-- \/ Yoast SEO plugin. -->","yoast_head_json":{"title":"13 fiches pour d\u00e9crypter la r\u00e9forme des retraites - OFICT-CGT Equipement-Environnement","robots":{"index":"index","follow":"follow","max-snippet":"max-snippet:-1","max-image-preview":"max-image-preview:large","max-video-preview":"max-video-preview:-1"},"canonical":"https:\/\/syndicoop.fr\/ofict\/13-fiches-pour-decrypter-la-reforme-des-retraites\/","og_locale":"fr_FR","og_type":"article","og_title":"13 fiches pour d\u00e9crypter la r\u00e9forme des retraites - OFICT-CGT Equipement-Environnement","og_description":"Ce document a \u00e9t\u00e9 publi\u00e9 par la CGT le 27 ao\u00fbt 2013, juste avant les annonces du Premier Ministre. Pour voir la r\u00e9action de la CGT \u00e0 ces annonces et l&rsquo;appel \u00e0 la mobilisaiton le mardi 10 septembre 2013, voir le communiqu\u00e9 \u00ab\u00a0Une r\u00e9forme qui p\u00e9nalise les salari\u00e9s et les jeunes\u00ab\u00a0","og_url":"https:\/\/syndicoop.fr\/ofict\/13-fiches-pour-decrypter-la-reforme-des-retraites\/","og_site_name":"OFICT-CGT Equipement-Environnement","article_publisher":"https:\/\/www.facebook.com\/ofictcgt","article_published_time":"2013-08-27T17:11:32+00:00","article_modified_time":"2020-10-21T09:14:42+00:00","og_image":[{"url":"http:\/\/www.ugict.cgt.fr\/components\/com_docman\/themes\/default\/images\/icons\/16x16\/pdf.png","type":"","width":"","height":""}],"author":"ecanonne","twitter_card":"summary_large_image","twitter_creator":"@ofictcgt","twitter_site":"@ofictcgt","twitter_misc":{"\u00c9crit par":"ecanonne","Dur\u00e9e de lecture estim\u00e9e":"1 minute"},"schema":{"@context":"https:\/\/schema.org","@graph":[{"@type":"Article","@id":"https:\/\/syndicoop.fr\/ofict\/13-fiches-pour-decrypter-la-reforme-des-retraites\/#article","isPartOf":{"@id":"https:\/\/syndicoop.fr\/ofict\/13-fiches-pour-decrypter-la-reforme-des-retraites\/"},"author":{"name":"ecanonne","@id":"https:\/\/syndicoop.fr\/ofict\/#\/schema\/person\/f39466be0f2870e8872f54607694f961"},"headline":"13 fiches pour d\u00e9crypter la r\u00e9forme des retraites","datePublished":"2013-08-27T17:11:32+00:00","dateModified":"2020-10-21T09:14:42+00:00","mainEntityOfPage":{"@id":"https:\/\/syndicoop.fr\/ofict\/13-fiches-pour-decrypter-la-reforme-des-retraites\/"},"wordCount":136,"commentCount":0,"publisher":{"@id":"https:\/\/syndicoop.fr\/ofict\/#organization"},"image":{"@id":"https:\/\/syndicoop.fr\/ofict\/13-fiches-pour-decrypter-la-reforme-des-retraites\/#primaryimage"},"thumbnailUrl":"http:\/\/www.ugict.cgt.fr\/components\/com_docman\/themes\/default\/images\/icons\/16x16\/pdf.png","articleSection":["Actus","Ugict"],"inLanguage":"fr-FR","potentialAction":[{"@type":"CommentAction","name":"Comment","target":["https:\/\/syndicoop.fr\/ofict\/13-fiches-pour-decrypter-la-reforme-des-retraites\/#respond"]}]},{"@type":"WebPage","@id":"https:\/\/syndicoop.fr\/ofict\/13-fiches-pour-decrypter-la-reforme-des-retraites\/","url":"https:\/\/syndicoop.fr\/ofict\/13-fiches-pour-decrypter-la-reforme-des-retraites\/","name":"13 fiches pour d\u00e9crypter la r\u00e9forme des retraites - OFICT-CGT Equipement-Environnement","isPartOf":{"@id":"https:\/\/syndicoop.fr\/ofict\/#website"},"primaryImageOfPage":{"@id":"https:\/\/syndicoop.fr\/ofict\/13-fiches-pour-decrypter-la-reforme-des-retraites\/#primaryimage"},"image":{"@id":"https:\/\/syndicoop.fr\/ofict\/13-fiches-pour-decrypter-la-reforme-des-retraites\/#primaryimage"},"thumbnailUrl":"http:\/\/www.ugict.cgt.fr\/components\/com_docman\/themes\/default\/images\/icons\/16x16\/pdf.png","datePublished":"2013-08-27T17:11:32+00:00","dateModified":"2020-10-21T09:14:42+00:00","breadcrumb":{"@id":"https:\/\/syndicoop.fr\/ofict\/13-fiches-pour-decrypter-la-reforme-des-retraites\/#breadcrumb"},"inLanguage":"fr-FR","potentialAction":[{"@type":"ReadAction","target":["https:\/\/syndicoop.fr\/ofict\/13-fiches-pour-decrypter-la-reforme-des-retraites\/"]}]},{"@type":"ImageObject","inLanguage":"fr-FR","@id":"https:\/\/syndicoop.fr\/ofict\/13-fiches-pour-decrypter-la-reforme-des-retraites\/#primaryimage","url":"http:\/\/www.ugict.cgt.fr\/components\/com_docman\/themes\/default\/images\/icons\/16x16\/pdf.png","contentUrl":"http:\/\/www.ugict.cgt.fr\/components\/com_docman\/themes\/default\/images\/icons\/16x16\/pdf.png"},{"@type":"BreadcrumbList","@id":"https:\/\/syndicoop.fr\/ofict\/13-fiches-pour-decrypter-la-reforme-des-retraites\/#breadcrumb","itemListElement":[{"@type":"ListItem","position":1,"name":"Accueil","item":"https:\/\/syndicoop.fr\/ofict\/"},{"@type":"ListItem","position":2,"name":"13 fiches pour d\u00e9crypter la r\u00e9forme des retraites"}]},{"@type":"WebSite","@id":"https:\/\/syndicoop.fr\/ofict\/#website","url":"https:\/\/syndicoop.fr\/ofict\/","name":"OFICT-CGT Equipement-Environnement","description":"avec Syndicoop.fr, plateforme syndicale et coop\u00e9rative","publisher":{"@id":"https:\/\/syndicoop.fr\/ofict\/#organization"},"potentialAction":[{"@type":"SearchAction","target":{"@type":"EntryPoint","urlTemplate":"https:\/\/syndicoop.fr\/ofict\/?s={search_term_string}"},"query-input":{"@type":"PropertyValueSpecification","valueRequired":true,"valueName":"search_term_string"}}],"inLanguage":"fr-FR"},{"@type":"Organization","@id":"https:\/\/syndicoop.fr\/ofict\/#organization","name":"ofict-cgt","url":"https:\/\/syndicoop.fr\/ofict\/","logo":{"@type":"ImageObject","inLanguage":"fr-FR","@id":"https:\/\/syndicoop.fr\/ofict\/#\/schema\/logo\/image\/","url":"https:\/\/syndicoop.fr\/ofict\/wp-content\/uploads\/sites\/21\/2021\/01\/0-Logo-OFICT-couleur-ombre-grand.png","contentUrl":"https:\/\/syndicoop.fr\/ofict\/wp-content\/uploads\/sites\/21\/2021\/01\/0-Logo-OFICT-couleur-ombre-grand.png","width":853,"height":626,"caption":"ofict-cgt"},"image":{"@id":"https:\/\/syndicoop.fr\/ofict\/#\/schema\/logo\/image\/"},"sameAs":["https:\/\/www.facebook.com\/ofictcgt","https:\/\/x.com\/ofictcgt","https:\/\/www.youtube.com\/channel\/UCuspFuV1HGEF1weXxpWVKtQ"]},{"@type":"Person","@id":"https:\/\/syndicoop.fr\/ofict\/#\/schema\/person\/f39466be0f2870e8872f54607694f961","name":"ecanonne","image":{"@type":"ImageObject","inLanguage":"fr-FR","@id":"https:\/\/syndicoop.fr\/ofict\/#\/schema\/person\/image\/","url":"\/\/www.gravatar.com\/avatar\/d77c79c43301ad5a8b26da1071f40071?s=96&#038;r=g&#038;d=mm","contentUrl":"\/\/www.gravatar.com\/avatar\/d77c79c43301ad5a8b26da1071f40071?s=96&#038;r=g&#038;d=mm","caption":"ecanonne"}}]}},"_links":{"self":[{"href":"https:\/\/syndicoop.fr\/ofict\/wp-json\/wp\/v2\/posts\/1548","targetHints":{"allow":["GET"]}}],"collection":[{"href":"https:\/\/syndicoop.fr\/ofict\/wp-json\/wp\/v2\/posts"}],"about":[{"href":"https:\/\/syndicoop.fr\/ofict\/wp-json\/wp\/v2\/types\/post"}],"author":[{"embeddable":true,"href":"https:\/\/syndicoop.fr\/ofict\/wp-json\/wp\/v2\/users\/351"}],"replies":[{"embeddable":true,"href":"https:\/\/syndicoop.fr\/ofict\/wp-json\/wp\/v2\/comments?post=1548"}],"version-history":[{"count":0,"href":"https:\/\/syndicoop.fr\/ofict\/wp-json\/wp\/v2\/posts\/1548\/revisions"}],"wp:attachment":[{"href":"https:\/\/syndicoop.fr\/ofict\/wp-json\/wp\/v2\/media?parent=1548"}],"wp:term":[{"taxonomy":"category","embeddable":true,"href":"https:\/\/syndicoop.fr\/ofict\/wp-json\/wp\/v2\/categories?post=1548"},{"taxonomy":"post_tag","embeddable":true,"href":"https:\/\/syndicoop.fr\/ofict\/wp-json\/wp\/v2\/tags?post=1548"}],"curies":[{"name":"wp","href":"https:\/\/api.w.org\/{rel}","templated":true}]}}