{"id":1581,"date":"2013-09-10T21:05:13","date_gmt":"2013-09-10T19:05:13","guid":{"rendered":"http:\/\/ofict.reference-syndicale.fr\/?p=1581"},"modified":"2020-05-29T14:08:19","modified_gmt":"2020-05-29T12:08:19","slug":"journee-daction-du-10-septembre-2013-une-journee-de-mobilisation-qui-va-compter","status":"publish","type":"post","link":"https:\/\/syndicoop.fr\/ofict\/journee-daction-du-10-septembre-2013-une-journee-de-mobilisation-qui-va-compter\/","title":{"rendered":"Journ\u00e9e d\u2019action du 10 septembre 2013 : Une journ\u00e9e de mobilisation qui va compter !"},"content":{"rendered":"<div><a href=\"http:\/\/ofict.reference-syndicale.fr\/files\/2013\/09\/2013-1.jpg\"><img loading=\"lazy\" decoding=\"async\" class=\"size-medium wp-image-1587 alignleft\" alt=\"2013 - 1\" src=\"http:\/\/ofict.reference-syndicale.fr\/files\/2013\/09\/2013-1-300x225.jpg\" width=\"300\" height=\"225\" srcset=\"https:\/\/syndicoop.fr\/ofict\/wp-content\/uploads\/sites\/21\/2013\/09\/2013-1-300x225.jpg 300w, https:\/\/syndicoop.fr\/ofict\/wp-content\/uploads\/sites\/21\/2013\/09\/2013-1.jpg 408w\" sizes=\"auto, (max-width: 300px) 100vw, 300px\" \/><\/a>La mobilisation de 370 000 salari\u00e9s dans pr\u00e8s de 200 rassemblements et manifestations, ce jour, d\u00e9montre que les salari\u00e9s et une majorit\u00e9 de la population de notre pays refusent une capitulation face aux exigences des march\u00e9s financiers qui veulent affaiblir, puis d\u00e9truire notre syst\u00e8me de retraite par r\u00e9partition. <!--more-->La mobilisation d\u2019aujourd\u2019hui vient confirmer les sondages d\u2019opinion de ces derniers jours pour exiger une autre r\u00e9forme. Elle contredit l\u2019\u00e9chec annonc\u00e9 par les d\u00e9fenseurs de cette r\u00e9forme.<\/div>\n<div>\n<p>Les salari\u00e9s ne se r\u00e9signent pas \u00e0 la baisse des pensions et \u00e0 l\u2019allongement de la dur\u00e9e de cotisations.<\/p>\n<p>Lire la suite dans\u00a0<a href=\"http:\/\/www.equipement.cgt.fr\/IMG\/pdf\/comm_10sept.pdf\" target=\"_blank\">le communiqu\u00e9 CGT<\/a>\u00a0ci-joint.<\/p>\n<p>&#8211;\u00a0<a href=\"http:\/\/www.cgt.fr\/article40533.html\" target=\"_blank\" rel=\"external\">Consultez le reportage dans le cort\u00e8ge francilien et premi\u00e8res r\u00e9actions des dirigeants syndicaux<\/a><\/p>\n<p>&#8211;\u00a0<a href=\"http:\/\/www.equipement.cgt.fr\/spip.php?article5173\" target=\"_blank\">Photos de la manifestation \u00e0 Paris<\/a><\/p>\n<\/div>\n","protected":false},"excerpt":{"rendered":"<p>La mobilisation de 370 000 salari\u00e9s dans pr\u00e8s de 200 rassemblements et manifestations, ce jour, d\u00e9montre que les salari\u00e9s et une majorit\u00e9 de la population de notre pays refusent une capitulation face aux exigences des march\u00e9s financiers qui veulent affaiblir, puis d\u00e9truire notre syst\u00e8me de retraite par r\u00e9partition.<\/p>\n","protected":false},"author":351,"featured_media":1587,"comment_status":"open","ping_status":"closed","sticky":false,"template":"","format":"standard","meta":{"_acf_changed":false,"footnotes":""},"categories":[1,382],"tags":[],"class_list":["post-1581","post","type-post","status-publish","format-standard","has-post-thumbnail","hentry","category-actus","category-ofict","documents-tracts"],"acf":[],"yoast_head":"<!-- This site is optimized with the Yoast SEO plugin v26.3 - https:\/\/yoast.com\/wordpress\/plugins\/seo\/ -->\n<title>Journ\u00e9e d\u2019action du 10 septembre 2013 : Une journ\u00e9e de mobilisation qui va compter ! - OFICT-CGT Equipement-Environnement<\/title>\n<meta name=\"robots\" content=\"index, follow, max-snippet:-1, max-image-preview:large, max-video-preview:-1\" \/>\n<link rel=\"canonical\" href=\"https:\/\/syndicoop.fr\/ofict\/journee-daction-du-10-septembre-2013-une-journee-de-mobilisation-qui-va-compter\/\" \/>\n<meta property=\"og:locale\" content=\"fr_FR\" \/>\n<meta property=\"og:type\" content=\"article\" \/>\n<meta property=\"og:title\" content=\"Journ\u00e9e d\u2019action du 10 septembre 2013 : Une journ\u00e9e de mobilisation qui va compter ! - OFICT-CGT Equipement-Environnement\" \/>\n<meta property=\"og:description\" content=\"La mobilisation de 370 000 salari\u00e9s dans pr\u00e8s de 200 rassemblements et manifestations, ce jour, d\u00e9montre que les salari\u00e9s et une majorit\u00e9 de la population de notre pays refusent une capitulation face aux exigences des march\u00e9s financiers qui veulent affaiblir, puis d\u00e9truire notre syst\u00e8me de retraite par r\u00e9partition.\" \/>\n<meta property=\"og:url\" content=\"https:\/\/syndicoop.fr\/ofict\/journee-daction-du-10-septembre-2013-une-journee-de-mobilisation-qui-va-compter\/\" \/>\n<meta property=\"og:site_name\" content=\"OFICT-CGT Equipement-Environnement\" \/>\n<meta property=\"article:publisher\" content=\"https:\/\/www.facebook.com\/ofictcgt\" \/>\n<meta property=\"article:published_time\" content=\"2013-09-10T19:05:13+00:00\" \/>\n<meta property=\"article:modified_time\" content=\"2020-05-29T12:08:19+00:00\" \/>\n<meta property=\"og:image\" content=\"https:\/\/syndicoop.fr\/ofict\/wp-content\/uploads\/sites\/21\/2013\/09\/2013-1.jpg\" \/>\n\t<meta property=\"og:image:width\" content=\"408\" \/>\n\t<meta property=\"og:image:height\" content=\"306\" \/>\n\t<meta property=\"og:image:type\" content=\"image\/jpeg\" \/>\n<meta name=\"author\" content=\"ecanonne\" \/>\n<meta name=\"twitter:card\" content=\"summary_large_image\" \/>\n<meta name=\"twitter:creator\" content=\"@ofictcgt\" \/>\n<meta name=\"twitter:site\" content=\"@ofictcgt\" \/>\n<meta name=\"twitter:label1\" content=\"\u00c9crit par\" \/>\n\t<meta name=\"twitter:data1\" content=\"ecanonne\" \/>\n\t<meta name=\"twitter:label2\" content=\"Dur\u00e9e de lecture estim\u00e9e\" \/>\n\t<meta name=\"twitter:data2\" content=\"1 minute\" \/>\n<script type=\"application\/ld+json\" class=\"yoast-schema-graph\">{\"@context\":\"https:\/\/schema.org\",\"@graph\":[{\"@type\":\"Article\",\"@id\":\"https:\/\/syndicoop.fr\/ofict\/journee-daction-du-10-septembre-2013-une-journee-de-mobilisation-qui-va-compter\/#article\",\"isPartOf\":{\"@id\":\"https:\/\/syndicoop.fr\/ofict\/journee-daction-du-10-septembre-2013-une-journee-de-mobilisation-qui-va-compter\/\"},\"author\":{\"name\":\"ecanonne\",\"@id\":\"https:\/\/syndicoop.fr\/ofict\/#\/schema\/person\/f39466be0f2870e8872f54607694f961\"},\"headline\":\"Journ\u00e9e d\u2019action du 10 septembre 2013 : Une journ\u00e9e de mobilisation qui va compter !\",\"datePublished\":\"2013-09-10T19:05:13+00:00\",\"dateModified\":\"2020-05-29T12:08:19+00:00\",\"mainEntityOfPage\":{\"@id\":\"https:\/\/syndicoop.fr\/ofict\/journee-daction-du-10-septembre-2013-une-journee-de-mobilisation-qui-va-compter\/\"},\"wordCount\":153,\"commentCount\":0,\"publisher\":{\"@id\":\"https:\/\/syndicoop.fr\/ofict\/#organization\"},\"image\":{\"@id\":\"https:\/\/syndicoop.fr\/ofict\/journee-daction-du-10-septembre-2013-une-journee-de-mobilisation-qui-va-compter\/#primaryimage\"},\"thumbnailUrl\":\"https:\/\/syndicoop.fr\/ofict\/wp-content\/uploads\/sites\/21\/2013\/09\/2013-1.jpg\",\"articleSection\":[\"Actus\",\"Ofict\"],\"inLanguage\":\"fr-FR\",\"potentialAction\":[{\"@type\":\"CommentAction\",\"name\":\"Comment\",\"target\":[\"https:\/\/syndicoop.fr\/ofict\/journee-daction-du-10-septembre-2013-une-journee-de-mobilisation-qui-va-compter\/#respond\"]}]},{\"@type\":\"WebPage\",\"@id\":\"https:\/\/syndicoop.fr\/ofict\/journee-daction-du-10-septembre-2013-une-journee-de-mobilisation-qui-va-compter\/\",\"url\":\"https:\/\/syndicoop.fr\/ofict\/journee-daction-du-10-septembre-2013-une-journee-de-mobilisation-qui-va-compter\/\",\"name\":\"Journ\u00e9e d\u2019action du 10 septembre 2013 : Une journ\u00e9e de mobilisation qui va compter ! - OFICT-CGT Equipement-Environnement\",\"isPartOf\":{\"@id\":\"https:\/\/syndicoop.fr\/ofict\/#website\"},\"primaryImageOfPage\":{\"@id\":\"https:\/\/syndicoop.fr\/ofict\/journee-daction-du-10-septembre-2013-une-journee-de-mobilisation-qui-va-compter\/#primaryimage\"},\"image\":{\"@id\":\"https:\/\/syndicoop.fr\/ofict\/journee-daction-du-10-septembre-2013-une-journee-de-mobilisation-qui-va-compter\/#primaryimage\"},\"thumbnailUrl\":\"https:\/\/syndicoop.fr\/ofict\/wp-content\/uploads\/sites\/21\/2013\/09\/2013-1.jpg\",\"datePublished\":\"2013-09-10T19:05:13+00:00\",\"dateModified\":\"2020-05-29T12:08:19+00:00\",\"breadcrumb\":{\"@id\":\"https:\/\/syndicoop.fr\/ofict\/journee-daction-du-10-septembre-2013-une-journee-de-mobilisation-qui-va-compter\/#breadcrumb\"},\"inLanguage\":\"fr-FR\",\"potentialAction\":[{\"@type\":\"ReadAction\",\"target\":[\"https:\/\/syndicoop.fr\/ofict\/journee-daction-du-10-septembre-2013-une-journee-de-mobilisation-qui-va-compter\/\"]}]},{\"@type\":\"ImageObject\",\"inLanguage\":\"fr-FR\",\"@id\":\"https:\/\/syndicoop.fr\/ofict\/journee-daction-du-10-septembre-2013-une-journee-de-mobilisation-qui-va-compter\/#primaryimage\",\"url\":\"https:\/\/syndicoop.fr\/ofict\/wp-content\/uploads\/sites\/21\/2013\/09\/2013-1.jpg\",\"contentUrl\":\"https:\/\/syndicoop.fr\/ofict\/wp-content\/uploads\/sites\/21\/2013\/09\/2013-1.jpg\",\"width\":408,\"height\":306},{\"@type\":\"BreadcrumbList\",\"@id\":\"https:\/\/syndicoop.fr\/ofict\/journee-daction-du-10-septembre-2013-une-journee-de-mobilisation-qui-va-compter\/#breadcrumb\",\"itemListElement\":[{\"@type\":\"ListItem\",\"position\":1,\"name\":\"Accueil\",\"item\":\"https:\/\/syndicoop.fr\/ofict\/\"},{\"@type\":\"ListItem\",\"position\":2,\"name\":\"Journ\u00e9e d\u2019action du 10 septembre 2013&#160;: Une journ\u00e9e de mobilisation qui va compter&#160;!\"}]},{\"@type\":\"WebSite\",\"@id\":\"https:\/\/syndicoop.fr\/ofict\/#website\",\"url\":\"https:\/\/syndicoop.fr\/ofict\/\",\"name\":\"OFICT-CGT Equipement-Environnement\",\"description\":\"avec Syndicoop.fr, plateforme syndicale et coop\u00e9rative\",\"publisher\":{\"@id\":\"https:\/\/syndicoop.fr\/ofict\/#organization\"},\"potentialAction\":[{\"@type\":\"SearchAction\",\"target\":{\"@type\":\"EntryPoint\",\"urlTemplate\":\"https:\/\/syndicoop.fr\/ofict\/?s={search_term_string}\"},\"query-input\":{\"@type\":\"PropertyValueSpecification\",\"valueRequired\":true,\"valueName\":\"search_term_string\"}}],\"inLanguage\":\"fr-FR\"},{\"@type\":\"Organization\",\"@id\":\"https:\/\/syndicoop.fr\/ofict\/#organization\",\"name\":\"ofict-cgt\",\"url\":\"https:\/\/syndicoop.fr\/ofict\/\",\"logo\":{\"@type\":\"ImageObject\",\"inLanguage\":\"fr-FR\",\"@id\":\"https:\/\/syndicoop.fr\/ofict\/#\/schema\/logo\/image\/\",\"url\":\"https:\/\/syndicoop.fr\/ofict\/wp-content\/uploads\/sites\/21\/2021\/01\/0-Logo-OFICT-couleur-ombre-grand.png\",\"contentUrl\":\"https:\/\/syndicoop.fr\/ofict\/wp-content\/uploads\/sites\/21\/2021\/01\/0-Logo-OFICT-couleur-ombre-grand.png\",\"width\":853,\"height\":626,\"caption\":\"ofict-cgt\"},\"image\":{\"@id\":\"https:\/\/syndicoop.fr\/ofict\/#\/schema\/logo\/image\/\"},\"sameAs\":[\"https:\/\/www.facebook.com\/ofictcgt\",\"https:\/\/x.com\/ofictcgt\",\"https:\/\/www.youtube.com\/channel\/UCuspFuV1HGEF1weXxpWVKtQ\"]},{\"@type\":\"Person\",\"@id\":\"https:\/\/syndicoop.fr\/ofict\/#\/schema\/person\/f39466be0f2870e8872f54607694f961\",\"name\":\"ecanonne\",\"image\":{\"@type\":\"ImageObject\",\"inLanguage\":\"fr-FR\",\"@id\":\"https:\/\/syndicoop.fr\/ofict\/#\/schema\/person\/image\/\",\"url\":\"\/\/www.gravatar.com\/avatar\/d77c79c43301ad5a8b26da1071f40071?s=96&#038;r=g&#038;d=mm\",\"contentUrl\":\"\/\/www.gravatar.com\/avatar\/d77c79c43301ad5a8b26da1071f40071?s=96&#038;r=g&#038;d=mm\",\"caption\":\"ecanonne\"}}]}<\/script>\n<!-- \/ Yoast SEO plugin. -->","yoast_head_json":{"title":"Journ\u00e9e d\u2019action du 10 septembre 2013 : Une journ\u00e9e de mobilisation qui va compter ! - OFICT-CGT Equipement-Environnement","robots":{"index":"index","follow":"follow","max-snippet":"max-snippet:-1","max-image-preview":"max-image-preview:large","max-video-preview":"max-video-preview:-1"},"canonical":"https:\/\/syndicoop.fr\/ofict\/journee-daction-du-10-septembre-2013-une-journee-de-mobilisation-qui-va-compter\/","og_locale":"fr_FR","og_type":"article","og_title":"Journ\u00e9e d\u2019action du 10 septembre 2013 : Une journ\u00e9e de mobilisation qui va compter ! - OFICT-CGT Equipement-Environnement","og_description":"La mobilisation de 370 000 salari\u00e9s dans pr\u00e8s de 200 rassemblements et manifestations, ce jour, d\u00e9montre que les salari\u00e9s et une majorit\u00e9 de la population de notre pays refusent une capitulation face aux exigences des march\u00e9s financiers qui veulent affaiblir, puis d\u00e9truire notre syst\u00e8me de retraite par r\u00e9partition.","og_url":"https:\/\/syndicoop.fr\/ofict\/journee-daction-du-10-septembre-2013-une-journee-de-mobilisation-qui-va-compter\/","og_site_name":"OFICT-CGT Equipement-Environnement","article_publisher":"https:\/\/www.facebook.com\/ofictcgt","article_published_time":"2013-09-10T19:05:13+00:00","article_modified_time":"2020-05-29T12:08:19+00:00","og_image":[{"width":408,"height":306,"url":"https:\/\/syndicoop.fr\/ofict\/wp-content\/uploads\/sites\/21\/2013\/09\/2013-1.jpg","type":"image\/jpeg"}],"author":"ecanonne","twitter_card":"summary_large_image","twitter_creator":"@ofictcgt","twitter_site":"@ofictcgt","twitter_misc":{"\u00c9crit par":"ecanonne","Dur\u00e9e de lecture estim\u00e9e":"1 minute"},"schema":{"@context":"https:\/\/schema.org","@graph":[{"@type":"Article","@id":"https:\/\/syndicoop.fr\/ofict\/journee-daction-du-10-septembre-2013-une-journee-de-mobilisation-qui-va-compter\/#article","isPartOf":{"@id":"https:\/\/syndicoop.fr\/ofict\/journee-daction-du-10-septembre-2013-une-journee-de-mobilisation-qui-va-compter\/"},"author":{"name":"ecanonne","@id":"https:\/\/syndicoop.fr\/ofict\/#\/schema\/person\/f39466be0f2870e8872f54607694f961"},"headline":"Journ\u00e9e d\u2019action du 10 septembre 2013 : Une journ\u00e9e de mobilisation qui va compter !","datePublished":"2013-09-10T19:05:13+00:00","dateModified":"2020-05-29T12:08:19+00:00","mainEntityOfPage":{"@id":"https:\/\/syndicoop.fr\/ofict\/journee-daction-du-10-septembre-2013-une-journee-de-mobilisation-qui-va-compter\/"},"wordCount":153,"commentCount":0,"publisher":{"@id":"https:\/\/syndicoop.fr\/ofict\/#organization"},"image":{"@id":"https:\/\/syndicoop.fr\/ofict\/journee-daction-du-10-septembre-2013-une-journee-de-mobilisation-qui-va-compter\/#primaryimage"},"thumbnailUrl":"https:\/\/syndicoop.fr\/ofict\/wp-content\/uploads\/sites\/21\/2013\/09\/2013-1.jpg","articleSection":["Actus","Ofict"],"inLanguage":"fr-FR","potentialAction":[{"@type":"CommentAction","name":"Comment","target":["https:\/\/syndicoop.fr\/ofict\/journee-daction-du-10-septembre-2013-une-journee-de-mobilisation-qui-va-compter\/#respond"]}]},{"@type":"WebPage","@id":"https:\/\/syndicoop.fr\/ofict\/journee-daction-du-10-septembre-2013-une-journee-de-mobilisation-qui-va-compter\/","url":"https:\/\/syndicoop.fr\/ofict\/journee-daction-du-10-septembre-2013-une-journee-de-mobilisation-qui-va-compter\/","name":"Journ\u00e9e d\u2019action du 10 septembre 2013 : Une journ\u00e9e de mobilisation qui va compter ! - OFICT-CGT Equipement-Environnement","isPartOf":{"@id":"https:\/\/syndicoop.fr\/ofict\/#website"},"primaryImageOfPage":{"@id":"https:\/\/syndicoop.fr\/ofict\/journee-daction-du-10-septembre-2013-une-journee-de-mobilisation-qui-va-compter\/#primaryimage"},"image":{"@id":"https:\/\/syndicoop.fr\/ofict\/journee-daction-du-10-septembre-2013-une-journee-de-mobilisation-qui-va-compter\/#primaryimage"},"thumbnailUrl":"https:\/\/syndicoop.fr\/ofict\/wp-content\/uploads\/sites\/21\/2013\/09\/2013-1.jpg","datePublished":"2013-09-10T19:05:13+00:00","dateModified":"2020-05-29T12:08:19+00:00","breadcrumb":{"@id":"https:\/\/syndicoop.fr\/ofict\/journee-daction-du-10-septembre-2013-une-journee-de-mobilisation-qui-va-compter\/#breadcrumb"},"inLanguage":"fr-FR","potentialAction":[{"@type":"ReadAction","target":["https:\/\/syndicoop.fr\/ofict\/journee-daction-du-10-septembre-2013-une-journee-de-mobilisation-qui-va-compter\/"]}]},{"@type":"ImageObject","inLanguage":"fr-FR","@id":"https:\/\/syndicoop.fr\/ofict\/journee-daction-du-10-septembre-2013-une-journee-de-mobilisation-qui-va-compter\/#primaryimage","url":"https:\/\/syndicoop.fr\/ofict\/wp-content\/uploads\/sites\/21\/2013\/09\/2013-1.jpg","contentUrl":"https:\/\/syndicoop.fr\/ofict\/wp-content\/uploads\/sites\/21\/2013\/09\/2013-1.jpg","width":408,"height":306},{"@type":"BreadcrumbList","@id":"https:\/\/syndicoop.fr\/ofict\/journee-daction-du-10-septembre-2013-une-journee-de-mobilisation-qui-va-compter\/#breadcrumb","itemListElement":[{"@type":"ListItem","position":1,"name":"Accueil","item":"https:\/\/syndicoop.fr\/ofict\/"},{"@type":"ListItem","position":2,"name":"Journ\u00e9e d\u2019action du 10 septembre 2013&#160;: Une journ\u00e9e de mobilisation qui va compter&#160;!"}]},{"@type":"WebSite","@id":"https:\/\/syndicoop.fr\/ofict\/#website","url":"https:\/\/syndicoop.fr\/ofict\/","name":"OFICT-CGT Equipement-Environnement","description":"avec Syndicoop.fr, plateforme syndicale et coop\u00e9rative","publisher":{"@id":"https:\/\/syndicoop.fr\/ofict\/#organization"},"potentialAction":[{"@type":"SearchAction","target":{"@type":"EntryPoint","urlTemplate":"https:\/\/syndicoop.fr\/ofict\/?s={search_term_string}"},"query-input":{"@type":"PropertyValueSpecification","valueRequired":true,"valueName":"search_term_string"}}],"inLanguage":"fr-FR"},{"@type":"Organization","@id":"https:\/\/syndicoop.fr\/ofict\/#organization","name":"ofict-cgt","url":"https:\/\/syndicoop.fr\/ofict\/","logo":{"@type":"ImageObject","inLanguage":"fr-FR","@id":"https:\/\/syndicoop.fr\/ofict\/#\/schema\/logo\/image\/","url":"https:\/\/syndicoop.fr\/ofict\/wp-content\/uploads\/sites\/21\/2021\/01\/0-Logo-OFICT-couleur-ombre-grand.png","contentUrl":"https:\/\/syndicoop.fr\/ofict\/wp-content\/uploads\/sites\/21\/2021\/01\/0-Logo-OFICT-couleur-ombre-grand.png","width":853,"height":626,"caption":"ofict-cgt"},"image":{"@id":"https:\/\/syndicoop.fr\/ofict\/#\/schema\/logo\/image\/"},"sameAs":["https:\/\/www.facebook.com\/ofictcgt","https:\/\/x.com\/ofictcgt","https:\/\/www.youtube.com\/channel\/UCuspFuV1HGEF1weXxpWVKtQ"]},{"@type":"Person","@id":"https:\/\/syndicoop.fr\/ofict\/#\/schema\/person\/f39466be0f2870e8872f54607694f961","name":"ecanonne","image":{"@type":"ImageObject","inLanguage":"fr-FR","@id":"https:\/\/syndicoop.fr\/ofict\/#\/schema\/person\/image\/","url":"\/\/www.gravatar.com\/avatar\/d77c79c43301ad5a8b26da1071f40071?s=96&#038;r=g&#038;d=mm","contentUrl":"\/\/www.gravatar.com\/avatar\/d77c79c43301ad5a8b26da1071f40071?s=96&#038;r=g&#038;d=mm","caption":"ecanonne"}}]}},"_links":{"self":[{"href":"https:\/\/syndicoop.fr\/ofict\/wp-json\/wp\/v2\/posts\/1581","targetHints":{"allow":["GET"]}}],"collection":[{"href":"https:\/\/syndicoop.fr\/ofict\/wp-json\/wp\/v2\/posts"}],"about":[{"href":"https:\/\/syndicoop.fr\/ofict\/wp-json\/wp\/v2\/types\/post"}],"author":[{"embeddable":true,"href":"https:\/\/syndicoop.fr\/ofict\/wp-json\/wp\/v2\/users\/351"}],"replies":[{"embeddable":true,"href":"https:\/\/syndicoop.fr\/ofict\/wp-json\/wp\/v2\/comments?post=1581"}],"version-history":[{"count":0,"href":"https:\/\/syndicoop.fr\/ofict\/wp-json\/wp\/v2\/posts\/1581\/revisions"}],"wp:featuredmedia":[{"embeddable":true,"href":"https:\/\/syndicoop.fr\/ofict\/wp-json\/wp\/v2\/media\/1587"}],"wp:attachment":[{"href":"https:\/\/syndicoop.fr\/ofict\/wp-json\/wp\/v2\/media?parent=1581"}],"wp:term":[{"taxonomy":"category","embeddable":true,"href":"https:\/\/syndicoop.fr\/ofict\/wp-json\/wp\/v2\/categories?post=1581"},{"taxonomy":"post_tag","embeddable":true,"href":"https:\/\/syndicoop.fr\/ofict\/wp-json\/wp\/v2\/tags?post=1581"}],"curies":[{"name":"wp","href":"https:\/\/api.w.org\/{rel}","templated":true}]}}