{"id":1598,"date":"2013-09-19T20:50:51","date_gmt":"2013-09-19T18:50:51","guid":{"rendered":"http:\/\/ofict.reference-syndicale.fr\/?p=1598"},"modified":"2020-10-21T11:14:42","modified_gmt":"2020-10-21T09:14:42","slug":"pot-de-non-depart-a-la-retraite-les-jeunes-denoncent-la-double-injustice-de-la-reforme","status":"publish","type":"post","link":"https:\/\/syndicoop.fr\/ofict\/pot-de-non-depart-a-la-retraite-les-jeunes-denoncent-la-double-injustice-de-la-reforme\/","title":{"rendered":"Pot de non-d\u00e9part \u00e0 la retraite: les jeunes d\u00e9noncent la double injustice de la r\u00e9forme"},"content":{"rendered":"<p><img loading=\"lazy\" decoding=\"async\" class=\"alignnone\" alt=\"\" src=\"http:\/\/www.humanite.fr\/sites\/default\/files\/imagecache\/une_article_horizontal\/jeunes-retraite_0.jpg\" width=\"588\" height=\"294\" \/><\/p>\n<p><a href=\"http:\/\/www.cgt.fr\/Pot-de-non-depart-en-retraite.html\" target=\"_blank\" rel=\"noopener noreferrer\">lien vers la vid\u00e9o sur le site de la conf\u00e9d\u00e9ration CGT<\/a><\/p>\n<p><a href=\"http:\/\/www.humanite.fr\/social-eco\/pot-de-non-depart-la-retraite-les-jeunes-denoncent-549167\" target=\"_blank\" rel=\"noopener noreferrer\">article publi\u00e9 le 18 septembre 2013 sur l&rsquo;humanit\u00e9.fr<\/a><\/p>\n<p><strong>Le collectif la retraite : une affaire de jeunes, rassemblant 18 organisations de jeunes, s\u2019est invit\u00e9 ce mercredi devant \u00e0 un pot symbolique de non-d\u00e9part \u00e0 la retraite devant l\u2019\u00c9lys\u00e9e, alors que la r\u00e9forme \u00e9tait pr\u00e9sent\u00e9e en Conseil des ministres.<!--more--><\/strong><\/p>\n<p>\u00ab\u00a0L\u2019allongement de la dur\u00e9e de cotisation \u00e0 43 annuit\u00e9s, signifie pour les jeunes : \u00eatre au ch\u00f4mage aujourd\u2019hui, et toucher une retraite incompl\u00e8te demain\u00a0\u00bb d\u00e9nonce le collectif. R\u00e9unis pr\u00e8s de l\u2019\u00c9lys\u00e9e, o\u00f9 le projet de loi sur la r\u00e9forme des retraites \u00e9tait pr\u00e9sent\u00e9 en Conseil des ministres, plus de 200 personnes ont particip\u00e9 \u00e0 la course d&rsquo;obstacles \u00ab\u00a0Attrape ta retraite si tu peux\u00a0\u00bb. Cheveux et barbe teint\u00e9s de blanc, Nelson, \u00e9tudiant de 19 ans, a pris part \u00e0 l&rsquo;\u00e9preuve, franchissant des obstacles comme le licenciement, le travail pr\u00e9caire ou la maladie &#8212; symbolis\u00e9es par des tr\u00e9teaux &#8212; pour finalement franchir la ligne d&rsquo;arriv\u00e9e \u00e0 la retraite \u00e0 65 ans.<\/p>\n<p>Les participants \u00e0 ce parcours sem\u00e9 d&#8217;embuches \u00e9taient soutenus par le collectif la retraite\u00a0: une affaire de jeunes, qui rassemble plusieurs organisations comme l\u2019Unef, les JC, la JOC, les jeunes \u00e9cologistes la mutuelle \u00e9tudiante LMDE, mais aussi la CGT, Solidaires ou la FSU ainsi que le Front de gauche. Le secr\u00e9taire national du parti communiste, Pierre Laurent, \u00e9tait d\u2019ailleurs pr\u00e9sent. \u00ab\u00a0On veut garder le sourire, on ne veut pas renoncer \u00e0 \u00eatre optimistes car le gouvernement a les moyens de nous enlever certains obstacles\u00a0\u00bb sur le chemin de la retraite, a d\u00e9clar\u00e9 Emmanuel Zemmour, pr\u00e9sident de l&rsquo;Unef, \u00e0 l&rsquo;issue de la course d&rsquo;obstacles.<\/p>\n<p>\u00ab\u00a0Nous souhaitons que cette nouvelle r\u00e9forme permette la reconnaissance de la jeunesse via la prise en compte de nos ann\u00e9es d&rsquo;\u00e9tude, d&rsquo;insertion professionnelle et de stages dans le calcul des retraites\u00a0\u00bb r\u00e9clame le collectif. Le projet de r\u00e9forme pr\u00e9voit uniquement la prise en compte des trimestres d&rsquo;apprentissage dans le calcul des trimestres.<br \/>\nL\u2019allongement de la dur\u00e9e de cotisation \u00e0 43 ans (172 trimestres), pr\u00e9vu dans la r\u00e9forme est ainsi particuli\u00e8rement d\u00e9nonc\u00e9. Une situation particuli\u00e8rement injuste pour les femmes, d\u00e9noncent les organisation de \u00ab\u00a0la retraite : une affaire de jeunes\u00a0\u00bb, \u00ab\u00a0elles qui sont plus nombreuses \u00e0 \u00eatre au ch\u00f4mage et ont des carri\u00e8res plus courtes. Le collectif s\u2019oppose \u00e0 tout allongement de la dur\u00e9e de cotisation. D\u2019autres choix sont possibles : taxer les revenus du capital et lutter contre les in\u00e9galit\u00e9s salariales femmes-hommes par exemple.\u00a0\u00bb<\/p>\n","protected":false},"excerpt":{"rendered":"<p>lien vers la vid\u00e9o sur le site de la conf\u00e9d\u00e9ration CGT article publi\u00e9 le 18 septembre 2013 sur l&rsquo;humanit\u00e9.fr Le collectif la retraite : une affaire de jeunes, rassemblant 18 organisations de jeunes, s\u2019est invit\u00e9 ce mercredi devant \u00e0 un pot symbolique de non-d\u00e9part \u00e0 la retraite devant l\u2019\u00c9lys\u00e9e, alors que la r\u00e9forme \u00e9tait pr\u00e9sent\u00e9e [&hellip;]<\/p>\n","protected":false},"author":351,"featured_media":0,"comment_status":"open","ping_status":"closed","sticky":false,"template":"","format":"standard","meta":{"_acf_changed":false,"footnotes":""},"categories":[1],"tags":[],"class_list":["post-1598","post","type-post","status-publish","format-standard","hentry","category-actus","themes-remuneration-carriere-ldg"],"acf":[],"yoast_head":"<!-- This site is optimized with the Yoast SEO plugin v26.3 - https:\/\/yoast.com\/wordpress\/plugins\/seo\/ -->\n<title>Pot de non-d\u00e9part \u00e0 la retraite: les jeunes d\u00e9noncent la double injustice de la r\u00e9forme - OFICT-CGT Equipement-Environnement<\/title>\n<meta name=\"robots\" content=\"index, follow, max-snippet:-1, max-image-preview:large, max-video-preview:-1\" \/>\n<link rel=\"canonical\" href=\"https:\/\/syndicoop.fr\/ofict\/pot-de-non-depart-a-la-retraite-les-jeunes-denoncent-la-double-injustice-de-la-reforme\/\" \/>\n<meta property=\"og:locale\" content=\"fr_FR\" \/>\n<meta property=\"og:type\" content=\"article\" \/>\n<meta property=\"og:title\" content=\"Pot de non-d\u00e9part \u00e0 la retraite: les jeunes d\u00e9noncent la double injustice de la r\u00e9forme - OFICT-CGT Equipement-Environnement\" \/>\n<meta property=\"og:description\" content=\"lien vers la vid\u00e9o sur le site de la conf\u00e9d\u00e9ration CGT article publi\u00e9 le 18 septembre 2013 sur l&rsquo;humanit\u00e9.fr Le collectif la retraite : une affaire de jeunes, rassemblant 18 organisations de jeunes, s\u2019est invit\u00e9 ce mercredi devant \u00e0 un pot symbolique de non-d\u00e9part \u00e0 la retraite devant l\u2019\u00c9lys\u00e9e, alors que la r\u00e9forme \u00e9tait pr\u00e9sent\u00e9e [&hellip;]\" \/>\n<meta property=\"og:url\" content=\"https:\/\/syndicoop.fr\/ofict\/pot-de-non-depart-a-la-retraite-les-jeunes-denoncent-la-double-injustice-de-la-reforme\/\" \/>\n<meta property=\"og:site_name\" content=\"OFICT-CGT Equipement-Environnement\" \/>\n<meta property=\"article:publisher\" content=\"https:\/\/www.facebook.com\/ofictcgt\" \/>\n<meta property=\"article:published_time\" content=\"2013-09-19T18:50:51+00:00\" \/>\n<meta property=\"article:modified_time\" content=\"2020-10-21T09:14:42+00:00\" \/>\n<meta property=\"og:image\" content=\"http:\/\/www.humanite.fr\/sites\/default\/files\/imagecache\/une_article_horizontal\/jeunes-retraite_0.jpg\" \/>\n<meta name=\"author\" content=\"ecanonne\" \/>\n<meta name=\"twitter:card\" content=\"summary_large_image\" \/>\n<meta name=\"twitter:creator\" content=\"@ofictcgt\" \/>\n<meta name=\"twitter:site\" content=\"@ofictcgt\" \/>\n<meta name=\"twitter:label1\" content=\"\u00c9crit par\" \/>\n\t<meta name=\"twitter:data1\" content=\"ecanonne\" \/>\n\t<meta name=\"twitter:label2\" content=\"Dur\u00e9e de lecture estim\u00e9e\" \/>\n\t<meta name=\"twitter:data2\" content=\"2 minutes\" \/>\n<script type=\"application\/ld+json\" class=\"yoast-schema-graph\">{\"@context\":\"https:\/\/schema.org\",\"@graph\":[{\"@type\":\"Article\",\"@id\":\"https:\/\/syndicoop.fr\/ofict\/pot-de-non-depart-a-la-retraite-les-jeunes-denoncent-la-double-injustice-de-la-reforme\/#article\",\"isPartOf\":{\"@id\":\"https:\/\/syndicoop.fr\/ofict\/pot-de-non-depart-a-la-retraite-les-jeunes-denoncent-la-double-injustice-de-la-reforme\/\"},\"author\":{\"name\":\"ecanonne\",\"@id\":\"https:\/\/syndicoop.fr\/ofict\/#\/schema\/person\/f39466be0f2870e8872f54607694f961\"},\"headline\":\"Pot de non-d\u00e9part \u00e0 la retraite: les jeunes d\u00e9noncent la double injustice de la r\u00e9forme\",\"datePublished\":\"2013-09-19T18:50:51+00:00\",\"dateModified\":\"2020-10-21T09:14:42+00:00\",\"mainEntityOfPage\":{\"@id\":\"https:\/\/syndicoop.fr\/ofict\/pot-de-non-depart-a-la-retraite-les-jeunes-denoncent-la-double-injustice-de-la-reforme\/\"},\"wordCount\":453,\"commentCount\":0,\"publisher\":{\"@id\":\"https:\/\/syndicoop.fr\/ofict\/#organization\"},\"image\":{\"@id\":\"https:\/\/syndicoop.fr\/ofict\/pot-de-non-depart-a-la-retraite-les-jeunes-denoncent-la-double-injustice-de-la-reforme\/#primaryimage\"},\"thumbnailUrl\":\"http:\/\/www.humanite.fr\/sites\/default\/files\/imagecache\/une_article_horizontal\/jeunes-retraite_0.jpg\",\"articleSection\":[\"Actus\"],\"inLanguage\":\"fr-FR\",\"potentialAction\":[{\"@type\":\"CommentAction\",\"name\":\"Comment\",\"target\":[\"https:\/\/syndicoop.fr\/ofict\/pot-de-non-depart-a-la-retraite-les-jeunes-denoncent-la-double-injustice-de-la-reforme\/#respond\"]}]},{\"@type\":\"WebPage\",\"@id\":\"https:\/\/syndicoop.fr\/ofict\/pot-de-non-depart-a-la-retraite-les-jeunes-denoncent-la-double-injustice-de-la-reforme\/\",\"url\":\"https:\/\/syndicoop.fr\/ofict\/pot-de-non-depart-a-la-retraite-les-jeunes-denoncent-la-double-injustice-de-la-reforme\/\",\"name\":\"Pot de non-d\u00e9part \u00e0 la retraite: les jeunes d\u00e9noncent la double injustice de la r\u00e9forme - OFICT-CGT Equipement-Environnement\",\"isPartOf\":{\"@id\":\"https:\/\/syndicoop.fr\/ofict\/#website\"},\"primaryImageOfPage\":{\"@id\":\"https:\/\/syndicoop.fr\/ofict\/pot-de-non-depart-a-la-retraite-les-jeunes-denoncent-la-double-injustice-de-la-reforme\/#primaryimage\"},\"image\":{\"@id\":\"https:\/\/syndicoop.fr\/ofict\/pot-de-non-depart-a-la-retraite-les-jeunes-denoncent-la-double-injustice-de-la-reforme\/#primaryimage\"},\"thumbnailUrl\":\"http:\/\/www.humanite.fr\/sites\/default\/files\/imagecache\/une_article_horizontal\/jeunes-retraite_0.jpg\",\"datePublished\":\"2013-09-19T18:50:51+00:00\",\"dateModified\":\"2020-10-21T09:14:42+00:00\",\"breadcrumb\":{\"@id\":\"https:\/\/syndicoop.fr\/ofict\/pot-de-non-depart-a-la-retraite-les-jeunes-denoncent-la-double-injustice-de-la-reforme\/#breadcrumb\"},\"inLanguage\":\"fr-FR\",\"potentialAction\":[{\"@type\":\"ReadAction\",\"target\":[\"https:\/\/syndicoop.fr\/ofict\/pot-de-non-depart-a-la-retraite-les-jeunes-denoncent-la-double-injustice-de-la-reforme\/\"]}]},{\"@type\":\"ImageObject\",\"inLanguage\":\"fr-FR\",\"@id\":\"https:\/\/syndicoop.fr\/ofict\/pot-de-non-depart-a-la-retraite-les-jeunes-denoncent-la-double-injustice-de-la-reforme\/#primaryimage\",\"url\":\"http:\/\/www.humanite.fr\/sites\/default\/files\/imagecache\/une_article_horizontal\/jeunes-retraite_0.jpg\",\"contentUrl\":\"http:\/\/www.humanite.fr\/sites\/default\/files\/imagecache\/une_article_horizontal\/jeunes-retraite_0.jpg\"},{\"@type\":\"BreadcrumbList\",\"@id\":\"https:\/\/syndicoop.fr\/ofict\/pot-de-non-depart-a-la-retraite-les-jeunes-denoncent-la-double-injustice-de-la-reforme\/#breadcrumb\",\"itemListElement\":[{\"@type\":\"ListItem\",\"position\":1,\"name\":\"Accueil\",\"item\":\"https:\/\/syndicoop.fr\/ofict\/\"},{\"@type\":\"ListItem\",\"position\":2,\"name\":\"Pot de non-d\u00e9part \u00e0 la retraite&#160;: les jeunes d\u00e9noncent la double injustice de la r\u00e9forme\"}]},{\"@type\":\"WebSite\",\"@id\":\"https:\/\/syndicoop.fr\/ofict\/#website\",\"url\":\"https:\/\/syndicoop.fr\/ofict\/\",\"name\":\"OFICT-CGT Equipement-Environnement\",\"description\":\"avec Syndicoop.fr, plateforme syndicale et coop\u00e9rative\",\"publisher\":{\"@id\":\"https:\/\/syndicoop.fr\/ofict\/#organization\"},\"potentialAction\":[{\"@type\":\"SearchAction\",\"target\":{\"@type\":\"EntryPoint\",\"urlTemplate\":\"https:\/\/syndicoop.fr\/ofict\/?s={search_term_string}\"},\"query-input\":{\"@type\":\"PropertyValueSpecification\",\"valueRequired\":true,\"valueName\":\"search_term_string\"}}],\"inLanguage\":\"fr-FR\"},{\"@type\":\"Organization\",\"@id\":\"https:\/\/syndicoop.fr\/ofict\/#organization\",\"name\":\"ofict-cgt\",\"url\":\"https:\/\/syndicoop.fr\/ofict\/\",\"logo\":{\"@type\":\"ImageObject\",\"inLanguage\":\"fr-FR\",\"@id\":\"https:\/\/syndicoop.fr\/ofict\/#\/schema\/logo\/image\/\",\"url\":\"https:\/\/syndicoop.fr\/ofict\/wp-content\/uploads\/sites\/21\/2021\/01\/0-Logo-OFICT-couleur-ombre-grand.png\",\"contentUrl\":\"https:\/\/syndicoop.fr\/ofict\/wp-content\/uploads\/sites\/21\/2021\/01\/0-Logo-OFICT-couleur-ombre-grand.png\",\"width\":853,\"height\":626,\"caption\":\"ofict-cgt\"},\"image\":{\"@id\":\"https:\/\/syndicoop.fr\/ofict\/#\/schema\/logo\/image\/\"},\"sameAs\":[\"https:\/\/www.facebook.com\/ofictcgt\",\"https:\/\/x.com\/ofictcgt\",\"https:\/\/www.youtube.com\/channel\/UCuspFuV1HGEF1weXxpWVKtQ\"]},{\"@type\":\"Person\",\"@id\":\"https:\/\/syndicoop.fr\/ofict\/#\/schema\/person\/f39466be0f2870e8872f54607694f961\",\"name\":\"ecanonne\",\"image\":{\"@type\":\"ImageObject\",\"inLanguage\":\"fr-FR\",\"@id\":\"https:\/\/syndicoop.fr\/ofict\/#\/schema\/person\/image\/\",\"url\":\"\/\/www.gravatar.com\/avatar\/d77c79c43301ad5a8b26da1071f40071?s=96&#038;r=g&#038;d=mm\",\"contentUrl\":\"\/\/www.gravatar.com\/avatar\/d77c79c43301ad5a8b26da1071f40071?s=96&#038;r=g&#038;d=mm\",\"caption\":\"ecanonne\"}}]}<\/script>\n<!-- \/ Yoast SEO plugin. -->","yoast_head_json":{"title":"Pot de non-d\u00e9part \u00e0 la retraite: les jeunes d\u00e9noncent la double injustice de la r\u00e9forme - OFICT-CGT Equipement-Environnement","robots":{"index":"index","follow":"follow","max-snippet":"max-snippet:-1","max-image-preview":"max-image-preview:large","max-video-preview":"max-video-preview:-1"},"canonical":"https:\/\/syndicoop.fr\/ofict\/pot-de-non-depart-a-la-retraite-les-jeunes-denoncent-la-double-injustice-de-la-reforme\/","og_locale":"fr_FR","og_type":"article","og_title":"Pot de non-d\u00e9part \u00e0 la retraite: les jeunes d\u00e9noncent la double injustice de la r\u00e9forme - OFICT-CGT Equipement-Environnement","og_description":"lien vers la vid\u00e9o sur le site de la conf\u00e9d\u00e9ration CGT article publi\u00e9 le 18 septembre 2013 sur l&rsquo;humanit\u00e9.fr Le collectif la retraite : une affaire de jeunes, rassemblant 18 organisations de jeunes, s\u2019est invit\u00e9 ce mercredi devant \u00e0 un pot symbolique de non-d\u00e9part \u00e0 la retraite devant l\u2019\u00c9lys\u00e9e, alors que la r\u00e9forme \u00e9tait pr\u00e9sent\u00e9e [&hellip;]","og_url":"https:\/\/syndicoop.fr\/ofict\/pot-de-non-depart-a-la-retraite-les-jeunes-denoncent-la-double-injustice-de-la-reforme\/","og_site_name":"OFICT-CGT Equipement-Environnement","article_publisher":"https:\/\/www.facebook.com\/ofictcgt","article_published_time":"2013-09-19T18:50:51+00:00","article_modified_time":"2020-10-21T09:14:42+00:00","og_image":[{"url":"http:\/\/www.humanite.fr\/sites\/default\/files\/imagecache\/une_article_horizontal\/jeunes-retraite_0.jpg","type":"","width":"","height":""}],"author":"ecanonne","twitter_card":"summary_large_image","twitter_creator":"@ofictcgt","twitter_site":"@ofictcgt","twitter_misc":{"\u00c9crit par":"ecanonne","Dur\u00e9e de lecture estim\u00e9e":"2 minutes"},"schema":{"@context":"https:\/\/schema.org","@graph":[{"@type":"Article","@id":"https:\/\/syndicoop.fr\/ofict\/pot-de-non-depart-a-la-retraite-les-jeunes-denoncent-la-double-injustice-de-la-reforme\/#article","isPartOf":{"@id":"https:\/\/syndicoop.fr\/ofict\/pot-de-non-depart-a-la-retraite-les-jeunes-denoncent-la-double-injustice-de-la-reforme\/"},"author":{"name":"ecanonne","@id":"https:\/\/syndicoop.fr\/ofict\/#\/schema\/person\/f39466be0f2870e8872f54607694f961"},"headline":"Pot de non-d\u00e9part \u00e0 la retraite: les jeunes d\u00e9noncent la double injustice de la r\u00e9forme","datePublished":"2013-09-19T18:50:51+00:00","dateModified":"2020-10-21T09:14:42+00:00","mainEntityOfPage":{"@id":"https:\/\/syndicoop.fr\/ofict\/pot-de-non-depart-a-la-retraite-les-jeunes-denoncent-la-double-injustice-de-la-reforme\/"},"wordCount":453,"commentCount":0,"publisher":{"@id":"https:\/\/syndicoop.fr\/ofict\/#organization"},"image":{"@id":"https:\/\/syndicoop.fr\/ofict\/pot-de-non-depart-a-la-retraite-les-jeunes-denoncent-la-double-injustice-de-la-reforme\/#primaryimage"},"thumbnailUrl":"http:\/\/www.humanite.fr\/sites\/default\/files\/imagecache\/une_article_horizontal\/jeunes-retraite_0.jpg","articleSection":["Actus"],"inLanguage":"fr-FR","potentialAction":[{"@type":"CommentAction","name":"Comment","target":["https:\/\/syndicoop.fr\/ofict\/pot-de-non-depart-a-la-retraite-les-jeunes-denoncent-la-double-injustice-de-la-reforme\/#respond"]}]},{"@type":"WebPage","@id":"https:\/\/syndicoop.fr\/ofict\/pot-de-non-depart-a-la-retraite-les-jeunes-denoncent-la-double-injustice-de-la-reforme\/","url":"https:\/\/syndicoop.fr\/ofict\/pot-de-non-depart-a-la-retraite-les-jeunes-denoncent-la-double-injustice-de-la-reforme\/","name":"Pot de non-d\u00e9part \u00e0 la retraite: les jeunes d\u00e9noncent la double injustice de la r\u00e9forme - OFICT-CGT Equipement-Environnement","isPartOf":{"@id":"https:\/\/syndicoop.fr\/ofict\/#website"},"primaryImageOfPage":{"@id":"https:\/\/syndicoop.fr\/ofict\/pot-de-non-depart-a-la-retraite-les-jeunes-denoncent-la-double-injustice-de-la-reforme\/#primaryimage"},"image":{"@id":"https:\/\/syndicoop.fr\/ofict\/pot-de-non-depart-a-la-retraite-les-jeunes-denoncent-la-double-injustice-de-la-reforme\/#primaryimage"},"thumbnailUrl":"http:\/\/www.humanite.fr\/sites\/default\/files\/imagecache\/une_article_horizontal\/jeunes-retraite_0.jpg","datePublished":"2013-09-19T18:50:51+00:00","dateModified":"2020-10-21T09:14:42+00:00","breadcrumb":{"@id":"https:\/\/syndicoop.fr\/ofict\/pot-de-non-depart-a-la-retraite-les-jeunes-denoncent-la-double-injustice-de-la-reforme\/#breadcrumb"},"inLanguage":"fr-FR","potentialAction":[{"@type":"ReadAction","target":["https:\/\/syndicoop.fr\/ofict\/pot-de-non-depart-a-la-retraite-les-jeunes-denoncent-la-double-injustice-de-la-reforme\/"]}]},{"@type":"ImageObject","inLanguage":"fr-FR","@id":"https:\/\/syndicoop.fr\/ofict\/pot-de-non-depart-a-la-retraite-les-jeunes-denoncent-la-double-injustice-de-la-reforme\/#primaryimage","url":"http:\/\/www.humanite.fr\/sites\/default\/files\/imagecache\/une_article_horizontal\/jeunes-retraite_0.jpg","contentUrl":"http:\/\/www.humanite.fr\/sites\/default\/files\/imagecache\/une_article_horizontal\/jeunes-retraite_0.jpg"},{"@type":"BreadcrumbList","@id":"https:\/\/syndicoop.fr\/ofict\/pot-de-non-depart-a-la-retraite-les-jeunes-denoncent-la-double-injustice-de-la-reforme\/#breadcrumb","itemListElement":[{"@type":"ListItem","position":1,"name":"Accueil","item":"https:\/\/syndicoop.fr\/ofict\/"},{"@type":"ListItem","position":2,"name":"Pot de non-d\u00e9part \u00e0 la retraite&#160;: les jeunes d\u00e9noncent la double injustice de la r\u00e9forme"}]},{"@type":"WebSite","@id":"https:\/\/syndicoop.fr\/ofict\/#website","url":"https:\/\/syndicoop.fr\/ofict\/","name":"OFICT-CGT Equipement-Environnement","description":"avec Syndicoop.fr, plateforme syndicale et coop\u00e9rative","publisher":{"@id":"https:\/\/syndicoop.fr\/ofict\/#organization"},"potentialAction":[{"@type":"SearchAction","target":{"@type":"EntryPoint","urlTemplate":"https:\/\/syndicoop.fr\/ofict\/?s={search_term_string}"},"query-input":{"@type":"PropertyValueSpecification","valueRequired":true,"valueName":"search_term_string"}}],"inLanguage":"fr-FR"},{"@type":"Organization","@id":"https:\/\/syndicoop.fr\/ofict\/#organization","name":"ofict-cgt","url":"https:\/\/syndicoop.fr\/ofict\/","logo":{"@type":"ImageObject","inLanguage":"fr-FR","@id":"https:\/\/syndicoop.fr\/ofict\/#\/schema\/logo\/image\/","url":"https:\/\/syndicoop.fr\/ofict\/wp-content\/uploads\/sites\/21\/2021\/01\/0-Logo-OFICT-couleur-ombre-grand.png","contentUrl":"https:\/\/syndicoop.fr\/ofict\/wp-content\/uploads\/sites\/21\/2021\/01\/0-Logo-OFICT-couleur-ombre-grand.png","width":853,"height":626,"caption":"ofict-cgt"},"image":{"@id":"https:\/\/syndicoop.fr\/ofict\/#\/schema\/logo\/image\/"},"sameAs":["https:\/\/www.facebook.com\/ofictcgt","https:\/\/x.com\/ofictcgt","https:\/\/www.youtube.com\/channel\/UCuspFuV1HGEF1weXxpWVKtQ"]},{"@type":"Person","@id":"https:\/\/syndicoop.fr\/ofict\/#\/schema\/person\/f39466be0f2870e8872f54607694f961","name":"ecanonne","image":{"@type":"ImageObject","inLanguage":"fr-FR","@id":"https:\/\/syndicoop.fr\/ofict\/#\/schema\/person\/image\/","url":"\/\/www.gravatar.com\/avatar\/d77c79c43301ad5a8b26da1071f40071?s=96&#038;r=g&#038;d=mm","contentUrl":"\/\/www.gravatar.com\/avatar\/d77c79c43301ad5a8b26da1071f40071?s=96&#038;r=g&#038;d=mm","caption":"ecanonne"}}]}},"_links":{"self":[{"href":"https:\/\/syndicoop.fr\/ofict\/wp-json\/wp\/v2\/posts\/1598","targetHints":{"allow":["GET"]}}],"collection":[{"href":"https:\/\/syndicoop.fr\/ofict\/wp-json\/wp\/v2\/posts"}],"about":[{"href":"https:\/\/syndicoop.fr\/ofict\/wp-json\/wp\/v2\/types\/post"}],"author":[{"embeddable":true,"href":"https:\/\/syndicoop.fr\/ofict\/wp-json\/wp\/v2\/users\/351"}],"replies":[{"embeddable":true,"href":"https:\/\/syndicoop.fr\/ofict\/wp-json\/wp\/v2\/comments?post=1598"}],"version-history":[{"count":0,"href":"https:\/\/syndicoop.fr\/ofict\/wp-json\/wp\/v2\/posts\/1598\/revisions"}],"wp:attachment":[{"href":"https:\/\/syndicoop.fr\/ofict\/wp-json\/wp\/v2\/media?parent=1598"}],"wp:term":[{"taxonomy":"category","embeddable":true,"href":"https:\/\/syndicoop.fr\/ofict\/wp-json\/wp\/v2\/categories?post=1598"},{"taxonomy":"post_tag","embeddable":true,"href":"https:\/\/syndicoop.fr\/ofict\/wp-json\/wp\/v2\/tags?post=1598"}],"curies":[{"name":"wp","href":"https:\/\/api.w.org\/{rel}","templated":true}]}}