{"id":1677,"date":"2013-12-03T21:02:23","date_gmt":"2013-12-03T20:02:23","guid":{"rendered":"http:\/\/ofict.reference-syndicale.fr\/?p=1677"},"modified":"2020-10-21T11:12:24","modified_gmt":"2020-10-21T09:12:24","slug":"rapport-pecheur-sur-les-fonctionnaires","status":"publish","type":"post","link":"https:\/\/syndicoop.fr\/ofict\/rapport-pecheur-sur-les-fonctionnaires\/","title":{"rendered":"Rapport P\u00eacheur sur les Fonctionnaires"},"content":{"rendered":"<div>\n<p><span style=\"color: #000000;font-weight: bold\">Et maintenant, il faut ouvrir de vraies n\u00e9gociations<\/span><\/p>\n<\/div>\n<div>\n<p>Le 7 novembre le rapport P\u00eacheur a \u00e9t\u00e9 remis aux organisations syndicales des trois versants de la Fonction publique.<!--more--><\/p>\n<\/div>\n<div>\n<p>A cette occasion, un premier tour de table a \u00e9t\u00e9 men\u00e9 par Marylise Lebranchu, la ministre de la Fonction publique qui devrait entamer une concertation le 5 d\u00e9cembre prochain. Pour la CGT Fonction publique, il est encore trop t\u00f4t pour avoir un avis d\u00e9finitif et boucl\u00e9 tant que le gouvernement n\u2019aura pas fait savoir ce qu\u2019il retiendra du rapport.<\/p>\n<p>La CGT Fonction publique note que\u00a0<i>\u00ab\u00a0si, compte tenu d\u2019ann\u00e9es successives de politiques r\u00e9gressives, la n\u00e9cessit\u00e9 imp\u00e9rieuse d\u2019une vaste r\u00e9forme de progr\u00e8s sur la grille indiciaire, les traitements, les d\u00e9roulements de carri\u00e8re n\u2019est pas contestable, celle-ci ne peut \u00eatre envisag\u00e9e dans un contexte d\u00e9vastateur de politique d\u2019aust\u00e9rit\u00e9 et elle ne peut pas \u00eatre synonyme de mesurettes de pur affichage.\u00a0\u00bb<\/i><\/p>\n<p>La CGT Fonction publique se f\u00e9licite de ce que le rapport indique que\u00a0<i>\u00ab\u00a0les services publics ne sont pas une exception vou\u00e9e \u00e0 l\u2019extinction mais une valeur d\u2019avenir\u00a0\u00bb<\/i>, en r\u00e9affirmant la pertinence du Statut G\u00e9n\u00e9ral et de la Fonction publique de carri\u00e8re. Elle partage aussi les critiques formul\u00e9es contre la R\u00e9vision g\u00e9n\u00e9ral des politiques publiques (RGPP) et la r\u00e9forme de l\u2019administration territoriale de l\u2019\u00c9tat (R\u00c9ATE)<i>\u00ab\u00a0conduites \u00e0 marche forc\u00e9e\u00a0\u00bb<\/i>. De m\u00eame elle partage l\u2019id\u00e9e que la part des primes<i>\u00ab\u00a0est devenue trop importante\u00a0\u00bb<\/i>, que les d\u00e9roulements de carri\u00e8re sont devenus \u00e9triqu\u00e9s. Des constats que la CGT fait depuis des ann\u00e9es.<\/p>\n<p>Mais maintenant, le plus dur est \u00e0 faire, car CGT Fonction publique a fait conna\u00eetre son d\u00e9saccord avec certaines pistes pr\u00e9conis\u00e9es comme\u00a0<i>\u00ab\u00a0le maintien du recours \u00e0 l\u2019int\u00e9rim, la dilution de la prise en compte des dipl\u00f4mes, des corps \u00e0 3 grades quand nous en r\u00e9clamons 2 maximum, l\u2019\u00e9cartement de toute forme d\u2019indexation des salaires, le recours accru \u00e0 des \u00e9chelons fonctionnels ou sp\u00e9ciaux \u2026\u00a0\u00bb<\/i>\u00a0Enfin, la CGT Fonction publique a relev\u00e9 que le rapport est\u00a0<i>\u00ab\u00a0muet sur le fa\u00e7on dont on redonne concr\u00e8tement de l\u2019amplitude aux carri\u00e8res, sur les fa\u00e7ons de r\u00e9duire l\u2019emploi pr\u00e9caire, sur l\u2019\u00e9galit\u00e9 professionnelle, sur les cadres d\u2019emploi de la Fonction publique territoriale dont nous revendiquons l\u2019abandon au profit de corps, l\u2019abrogation de l\u2019inacceptable syst\u00e8me des \u00ab\u00a0re\u00e7us\u2013coll\u00e9s\u00a0\u00bb toujours dans la territoriale, etc.<\/i><\/p>\n<p><i>\u00ab\u00a0Sur toutes ces questions, et bien d\u2019autres, l\u2019heure est \u00e0 pr\u00e9sent \u00e0 de v\u00e9ritables n\u00e9gociations\u00a0\u00bb,\u00a0<\/i>affirme CGT Fonction publique qui les abordera\u00a0<i>\u00ab\u00a0de mani\u00e8re offensive et d\u00e9termin\u00e9e.\u00a0\u00bb<\/i><\/p>\n<p>source :\u00a0<a href=\"http:\/\/www.cgt.fr\/Et-maintenant-il-faut-ouvrir-de.html\">http:\/\/www.cgt.fr\/Et-maintenant-il-faut-ouvrir-de.html<\/a><\/p>\n<p>Voici le <a href=\"http:\/\/www.equipement.cgt.fr\/IMG\/pdf\/Rapport_PECHEUR.pdf\" target=\"_blank\" rel=\"noopener noreferrer\">rapport<\/a> en question ainsi qu\u2019<a href=\"http:\/\/www.equipement.cgt.fr\/IMG\/pdf\/REVUE_de_PRESSE_RAPPORT_PECHEUR_4-11-13_19h00.pdf\" target=\"_blank\" rel=\"noopener noreferrer\">une revue de presse<\/a>\u00a0sur le sujet.<\/p>\n<p>&#8211;\u00a0<a href=\"http:\/\/www.equipement.cgt.fr\/IMG\/pdf\/Presentation_du_rapport_Pecheur.pdf\" target=\"_blank\" rel=\"noopener noreferrer\">Communiqu\u00e9 de la CGT-Fonction publique<\/a><\/p>\n<\/div>\n","protected":false},"excerpt":{"rendered":"<p>Et maintenant, il faut ouvrir de vraies n\u00e9gociations Le 7 novembre le rapport P\u00eacheur a \u00e9t\u00e9 remis aux organisations syndicales des trois versants de la Fonction publique.<\/p>\n","protected":false},"author":351,"featured_media":0,"comment_status":"open","ping_status":"closed","sticky":false,"template":"","format":"standard","meta":{"_acf_changed":false,"footnotes":""},"categories":[1],"tags":[],"class_list":["post-1677","post","type-post","status-publish","format-standard","hentry","category-actus","themes-services-missions-et-sens-du-travail"],"acf":[],"yoast_head":"<!-- This site is optimized with the Yoast SEO plugin v26.3 - https:\/\/yoast.com\/wordpress\/plugins\/seo\/ -->\n<title>Rapport P\u00eacheur sur les Fonctionnaires - OFICT-CGT Equipement-Environnement<\/title>\n<meta name=\"robots\" content=\"index, follow, max-snippet:-1, max-image-preview:large, max-video-preview:-1\" \/>\n<link rel=\"canonical\" href=\"https:\/\/syndicoop.fr\/ofict\/rapport-pecheur-sur-les-fonctionnaires\/\" \/>\n<meta property=\"og:locale\" content=\"fr_FR\" \/>\n<meta property=\"og:type\" content=\"article\" \/>\n<meta property=\"og:title\" content=\"Rapport P\u00eacheur sur les Fonctionnaires - OFICT-CGT Equipement-Environnement\" \/>\n<meta property=\"og:description\" content=\"Et maintenant, il faut ouvrir de vraies n\u00e9gociations Le 7 novembre le rapport P\u00eacheur a \u00e9t\u00e9 remis aux organisations syndicales des trois versants de la Fonction publique.\" \/>\n<meta property=\"og:url\" content=\"https:\/\/syndicoop.fr\/ofict\/rapport-pecheur-sur-les-fonctionnaires\/\" \/>\n<meta property=\"og:site_name\" content=\"OFICT-CGT Equipement-Environnement\" \/>\n<meta property=\"article:publisher\" content=\"https:\/\/www.facebook.com\/ofictcgt\" \/>\n<meta property=\"article:published_time\" content=\"2013-12-03T20:02:23+00:00\" \/>\n<meta property=\"article:modified_time\" content=\"2020-10-21T09:12:24+00:00\" \/>\n<meta name=\"author\" content=\"ecanonne\" \/>\n<meta name=\"twitter:card\" content=\"summary_large_image\" \/>\n<meta name=\"twitter:creator\" content=\"@ofictcgt\" \/>\n<meta name=\"twitter:site\" content=\"@ofictcgt\" \/>\n<meta name=\"twitter:label1\" content=\"\u00c9crit par\" \/>\n\t<meta name=\"twitter:data1\" content=\"ecanonne\" \/>\n\t<meta name=\"twitter:label2\" content=\"Dur\u00e9e de lecture estim\u00e9e\" \/>\n\t<meta name=\"twitter:data2\" content=\"2 minutes\" \/>\n<script type=\"application\/ld+json\" class=\"yoast-schema-graph\">{\"@context\":\"https:\/\/schema.org\",\"@graph\":[{\"@type\":\"Article\",\"@id\":\"https:\/\/syndicoop.fr\/ofict\/rapport-pecheur-sur-les-fonctionnaires\/#article\",\"isPartOf\":{\"@id\":\"https:\/\/syndicoop.fr\/ofict\/rapport-pecheur-sur-les-fonctionnaires\/\"},\"author\":{\"name\":\"ecanonne\",\"@id\":\"https:\/\/syndicoop.fr\/ofict\/#\/schema\/person\/f39466be0f2870e8872f54607694f961\"},\"headline\":\"Rapport P\u00eacheur sur les Fonctionnaires\",\"datePublished\":\"2013-12-03T20:02:23+00:00\",\"dateModified\":\"2020-10-21T09:12:24+00:00\",\"mainEntityOfPage\":{\"@id\":\"https:\/\/syndicoop.fr\/ofict\/rapport-pecheur-sur-les-fonctionnaires\/\"},\"wordCount\":500,\"commentCount\":0,\"publisher\":{\"@id\":\"https:\/\/syndicoop.fr\/ofict\/#organization\"},\"articleSection\":[\"Actus\"],\"inLanguage\":\"fr-FR\",\"potentialAction\":[{\"@type\":\"CommentAction\",\"name\":\"Comment\",\"target\":[\"https:\/\/syndicoop.fr\/ofict\/rapport-pecheur-sur-les-fonctionnaires\/#respond\"]}]},{\"@type\":\"WebPage\",\"@id\":\"https:\/\/syndicoop.fr\/ofict\/rapport-pecheur-sur-les-fonctionnaires\/\",\"url\":\"https:\/\/syndicoop.fr\/ofict\/rapport-pecheur-sur-les-fonctionnaires\/\",\"name\":\"Rapport P\u00eacheur sur les Fonctionnaires - OFICT-CGT Equipement-Environnement\",\"isPartOf\":{\"@id\":\"https:\/\/syndicoop.fr\/ofict\/#website\"},\"datePublished\":\"2013-12-03T20:02:23+00:00\",\"dateModified\":\"2020-10-21T09:12:24+00:00\",\"breadcrumb\":{\"@id\":\"https:\/\/syndicoop.fr\/ofict\/rapport-pecheur-sur-les-fonctionnaires\/#breadcrumb\"},\"inLanguage\":\"fr-FR\",\"potentialAction\":[{\"@type\":\"ReadAction\",\"target\":[\"https:\/\/syndicoop.fr\/ofict\/rapport-pecheur-sur-les-fonctionnaires\/\"]}]},{\"@type\":\"BreadcrumbList\",\"@id\":\"https:\/\/syndicoop.fr\/ofict\/rapport-pecheur-sur-les-fonctionnaires\/#breadcrumb\",\"itemListElement\":[{\"@type\":\"ListItem\",\"position\":1,\"name\":\"Accueil\",\"item\":\"https:\/\/syndicoop.fr\/ofict\/\"},{\"@type\":\"ListItem\",\"position\":2,\"name\":\"Rapport P\u00eacheur sur les Fonctionnaires\"}]},{\"@type\":\"WebSite\",\"@id\":\"https:\/\/syndicoop.fr\/ofict\/#website\",\"url\":\"https:\/\/syndicoop.fr\/ofict\/\",\"name\":\"OFICT-CGT Equipement-Environnement\",\"description\":\"avec Syndicoop.fr, plateforme syndicale et coop\u00e9rative\",\"publisher\":{\"@id\":\"https:\/\/syndicoop.fr\/ofict\/#organization\"},\"potentialAction\":[{\"@type\":\"SearchAction\",\"target\":{\"@type\":\"EntryPoint\",\"urlTemplate\":\"https:\/\/syndicoop.fr\/ofict\/?s={search_term_string}\"},\"query-input\":{\"@type\":\"PropertyValueSpecification\",\"valueRequired\":true,\"valueName\":\"search_term_string\"}}],\"inLanguage\":\"fr-FR\"},{\"@type\":\"Organization\",\"@id\":\"https:\/\/syndicoop.fr\/ofict\/#organization\",\"name\":\"ofict-cgt\",\"url\":\"https:\/\/syndicoop.fr\/ofict\/\",\"logo\":{\"@type\":\"ImageObject\",\"inLanguage\":\"fr-FR\",\"@id\":\"https:\/\/syndicoop.fr\/ofict\/#\/schema\/logo\/image\/\",\"url\":\"https:\/\/syndicoop.fr\/ofict\/wp-content\/uploads\/sites\/21\/2021\/01\/0-Logo-OFICT-couleur-ombre-grand.png\",\"contentUrl\":\"https:\/\/syndicoop.fr\/ofict\/wp-content\/uploads\/sites\/21\/2021\/01\/0-Logo-OFICT-couleur-ombre-grand.png\",\"width\":853,\"height\":626,\"caption\":\"ofict-cgt\"},\"image\":{\"@id\":\"https:\/\/syndicoop.fr\/ofict\/#\/schema\/logo\/image\/\"},\"sameAs\":[\"https:\/\/www.facebook.com\/ofictcgt\",\"https:\/\/x.com\/ofictcgt\",\"https:\/\/www.youtube.com\/channel\/UCuspFuV1HGEF1weXxpWVKtQ\"]},{\"@type\":\"Person\",\"@id\":\"https:\/\/syndicoop.fr\/ofict\/#\/schema\/person\/f39466be0f2870e8872f54607694f961\",\"name\":\"ecanonne\",\"image\":{\"@type\":\"ImageObject\",\"inLanguage\":\"fr-FR\",\"@id\":\"https:\/\/syndicoop.fr\/ofict\/#\/schema\/person\/image\/\",\"url\":\"\/\/www.gravatar.com\/avatar\/d77c79c43301ad5a8b26da1071f40071?s=96&#038;r=g&#038;d=mm\",\"contentUrl\":\"\/\/www.gravatar.com\/avatar\/d77c79c43301ad5a8b26da1071f40071?s=96&#038;r=g&#038;d=mm\",\"caption\":\"ecanonne\"}}]}<\/script>\n<!-- \/ Yoast SEO plugin. -->","yoast_head_json":{"title":"Rapport P\u00eacheur sur les Fonctionnaires - OFICT-CGT Equipement-Environnement","robots":{"index":"index","follow":"follow","max-snippet":"max-snippet:-1","max-image-preview":"max-image-preview:large","max-video-preview":"max-video-preview:-1"},"canonical":"https:\/\/syndicoop.fr\/ofict\/rapport-pecheur-sur-les-fonctionnaires\/","og_locale":"fr_FR","og_type":"article","og_title":"Rapport P\u00eacheur sur les Fonctionnaires - OFICT-CGT Equipement-Environnement","og_description":"Et maintenant, il faut ouvrir de vraies n\u00e9gociations Le 7 novembre le rapport P\u00eacheur a \u00e9t\u00e9 remis aux organisations syndicales des trois versants de la Fonction publique.","og_url":"https:\/\/syndicoop.fr\/ofict\/rapport-pecheur-sur-les-fonctionnaires\/","og_site_name":"OFICT-CGT Equipement-Environnement","article_publisher":"https:\/\/www.facebook.com\/ofictcgt","article_published_time":"2013-12-03T20:02:23+00:00","article_modified_time":"2020-10-21T09:12:24+00:00","author":"ecanonne","twitter_card":"summary_large_image","twitter_creator":"@ofictcgt","twitter_site":"@ofictcgt","twitter_misc":{"\u00c9crit par":"ecanonne","Dur\u00e9e de lecture estim\u00e9e":"2 minutes"},"schema":{"@context":"https:\/\/schema.org","@graph":[{"@type":"Article","@id":"https:\/\/syndicoop.fr\/ofict\/rapport-pecheur-sur-les-fonctionnaires\/#article","isPartOf":{"@id":"https:\/\/syndicoop.fr\/ofict\/rapport-pecheur-sur-les-fonctionnaires\/"},"author":{"name":"ecanonne","@id":"https:\/\/syndicoop.fr\/ofict\/#\/schema\/person\/f39466be0f2870e8872f54607694f961"},"headline":"Rapport P\u00eacheur sur les Fonctionnaires","datePublished":"2013-12-03T20:02:23+00:00","dateModified":"2020-10-21T09:12:24+00:00","mainEntityOfPage":{"@id":"https:\/\/syndicoop.fr\/ofict\/rapport-pecheur-sur-les-fonctionnaires\/"},"wordCount":500,"commentCount":0,"publisher":{"@id":"https:\/\/syndicoop.fr\/ofict\/#organization"},"articleSection":["Actus"],"inLanguage":"fr-FR","potentialAction":[{"@type":"CommentAction","name":"Comment","target":["https:\/\/syndicoop.fr\/ofict\/rapport-pecheur-sur-les-fonctionnaires\/#respond"]}]},{"@type":"WebPage","@id":"https:\/\/syndicoop.fr\/ofict\/rapport-pecheur-sur-les-fonctionnaires\/","url":"https:\/\/syndicoop.fr\/ofict\/rapport-pecheur-sur-les-fonctionnaires\/","name":"Rapport P\u00eacheur sur les Fonctionnaires - OFICT-CGT Equipement-Environnement","isPartOf":{"@id":"https:\/\/syndicoop.fr\/ofict\/#website"},"datePublished":"2013-12-03T20:02:23+00:00","dateModified":"2020-10-21T09:12:24+00:00","breadcrumb":{"@id":"https:\/\/syndicoop.fr\/ofict\/rapport-pecheur-sur-les-fonctionnaires\/#breadcrumb"},"inLanguage":"fr-FR","potentialAction":[{"@type":"ReadAction","target":["https:\/\/syndicoop.fr\/ofict\/rapport-pecheur-sur-les-fonctionnaires\/"]}]},{"@type":"BreadcrumbList","@id":"https:\/\/syndicoop.fr\/ofict\/rapport-pecheur-sur-les-fonctionnaires\/#breadcrumb","itemListElement":[{"@type":"ListItem","position":1,"name":"Accueil","item":"https:\/\/syndicoop.fr\/ofict\/"},{"@type":"ListItem","position":2,"name":"Rapport P\u00eacheur sur les Fonctionnaires"}]},{"@type":"WebSite","@id":"https:\/\/syndicoop.fr\/ofict\/#website","url":"https:\/\/syndicoop.fr\/ofict\/","name":"OFICT-CGT Equipement-Environnement","description":"avec Syndicoop.fr, plateforme syndicale et coop\u00e9rative","publisher":{"@id":"https:\/\/syndicoop.fr\/ofict\/#organization"},"potentialAction":[{"@type":"SearchAction","target":{"@type":"EntryPoint","urlTemplate":"https:\/\/syndicoop.fr\/ofict\/?s={search_term_string}"},"query-input":{"@type":"PropertyValueSpecification","valueRequired":true,"valueName":"search_term_string"}}],"inLanguage":"fr-FR"},{"@type":"Organization","@id":"https:\/\/syndicoop.fr\/ofict\/#organization","name":"ofict-cgt","url":"https:\/\/syndicoop.fr\/ofict\/","logo":{"@type":"ImageObject","inLanguage":"fr-FR","@id":"https:\/\/syndicoop.fr\/ofict\/#\/schema\/logo\/image\/","url":"https:\/\/syndicoop.fr\/ofict\/wp-content\/uploads\/sites\/21\/2021\/01\/0-Logo-OFICT-couleur-ombre-grand.png","contentUrl":"https:\/\/syndicoop.fr\/ofict\/wp-content\/uploads\/sites\/21\/2021\/01\/0-Logo-OFICT-couleur-ombre-grand.png","width":853,"height":626,"caption":"ofict-cgt"},"image":{"@id":"https:\/\/syndicoop.fr\/ofict\/#\/schema\/logo\/image\/"},"sameAs":["https:\/\/www.facebook.com\/ofictcgt","https:\/\/x.com\/ofictcgt","https:\/\/www.youtube.com\/channel\/UCuspFuV1HGEF1weXxpWVKtQ"]},{"@type":"Person","@id":"https:\/\/syndicoop.fr\/ofict\/#\/schema\/person\/f39466be0f2870e8872f54607694f961","name":"ecanonne","image":{"@type":"ImageObject","inLanguage":"fr-FR","@id":"https:\/\/syndicoop.fr\/ofict\/#\/schema\/person\/image\/","url":"\/\/www.gravatar.com\/avatar\/d77c79c43301ad5a8b26da1071f40071?s=96&#038;r=g&#038;d=mm","contentUrl":"\/\/www.gravatar.com\/avatar\/d77c79c43301ad5a8b26da1071f40071?s=96&#038;r=g&#038;d=mm","caption":"ecanonne"}}]}},"_links":{"self":[{"href":"https:\/\/syndicoop.fr\/ofict\/wp-json\/wp\/v2\/posts\/1677","targetHints":{"allow":["GET"]}}],"collection":[{"href":"https:\/\/syndicoop.fr\/ofict\/wp-json\/wp\/v2\/posts"}],"about":[{"href":"https:\/\/syndicoop.fr\/ofict\/wp-json\/wp\/v2\/types\/post"}],"author":[{"embeddable":true,"href":"https:\/\/syndicoop.fr\/ofict\/wp-json\/wp\/v2\/users\/351"}],"replies":[{"embeddable":true,"href":"https:\/\/syndicoop.fr\/ofict\/wp-json\/wp\/v2\/comments?post=1677"}],"version-history":[{"count":0,"href":"https:\/\/syndicoop.fr\/ofict\/wp-json\/wp\/v2\/posts\/1677\/revisions"}],"wp:attachment":[{"href":"https:\/\/syndicoop.fr\/ofict\/wp-json\/wp\/v2\/media?parent=1677"}],"wp:term":[{"taxonomy":"category","embeddable":true,"href":"https:\/\/syndicoop.fr\/ofict\/wp-json\/wp\/v2\/categories?post=1677"},{"taxonomy":"post_tag","embeddable":true,"href":"https:\/\/syndicoop.fr\/ofict\/wp-json\/wp\/v2\/tags?post=1677"}],"curies":[{"name":"wp","href":"https:\/\/api.w.org\/{rel}","templated":true}]}}