{"id":1755,"date":"2014-01-26T18:51:10","date_gmt":"2014-01-26T17:51:10","guid":{"rendered":"http:\/\/ofict.reference-syndicale.fr\/?p=1755"},"modified":"2020-05-29T14:09:25","modified_gmt":"2020-05-29T12:09:25","slug":"formations-syndicales-specifiques-ict","status":"publish","type":"post","link":"https:\/\/syndicoop.fr\/ofict\/formations-syndicales-specifiques-ict\/","title":{"rendered":"FORMATIONS SYNDICALES sp\u00e9cifiques ICT"},"content":{"rendered":"<p><strong>Programme 2014:<\/strong><\/p>\n<p>Formation \u00ab\u00a0Rep\u00e8res pour la bataille salariale\u00a0\u00bb : prendre en compte efficacement les niveaux de qualifications des ing\u00e9nieurs cadres et techniciens dans les grilles salariales pour rassembler, revendiquer et n\u00e9gocier<!--more--><\/p>\n<p><i>Sessions : 5 au 7 f\u00e9vrier 2014 \/ 6 au 10 octobre 2014 \/ 3 au 5 d\u00e9cembre 2014<\/i><\/p>\n<p>Stage national UGICT : les \u00e9l\u00e9ments de compr\u00e9hension qui fondent la n\u00e9cessit\u00e9 de d\u00e9velopper activit\u00e9 et organisation sp\u00e9cifiques. Mieux ma\u00eetriser les objectifs et le fonctionnement, \u00e0 tous les niveaux, de l\u2019outil de la CGT qu\u2019est l\u2019UGICT. Construit pour les \u00e9lus et militants confront\u00e9s \u00e0 l&rsquo;enjeu du d\u00e9veloppement du syndicalisme sp\u00e9cifique.<\/p>\n<p><i>Sessions : 26 au 28 mars 2014 \/ 20 au 24 octobre 2014<\/i><\/p>\n<p>Formation \u00ab\u00a0Les ICTAM dans la CGT &#8211; Pourquoi ? Comment ?\u00a0\u00bb : stage de deux jours \u00e0 organiser localement. Comment r\u00e9pondre aux \u00e9volutions du salariat ? Quelle organisation des Ing\u00e9nieurs Cadres Techniciens dans la CGT pour cela ?<\/p>\n<p><i>Sessions : sur demande locale<\/i><\/p>\n<p><i>Pour s&rsquo;inscrire : informer l&rsquo;OFICT (\u00e0 l&rsquo;attention de Fabienne Tatot) &#8211; s&rsquo;adresser \u00e0 son syndicat (financement de la formation) &#8211; faire une demande de cong\u00e9 \u00e0 son administration pour formation syndicale &#8211; s&rsquo;inscrire aupr\u00e8s de l&rsquo;organisme formateur (UGICT, UD, UL&#8230;)<\/i><\/p>\n<p><a href=\"http:\/\/www.ugict.cgt.fr\/formation\" target=\"_blank\">http:\/\/www.ugict.cgt.fr\/formation<\/a><\/p>\n","protected":false},"excerpt":{"rendered":"<p>Programme 2014: Formation \u00ab\u00a0Rep\u00e8res pour la bataille salariale\u00a0\u00bb : prendre en compte efficacement les niveaux de qualifications des ing\u00e9nieurs cadres et techniciens dans les grilles salariales pour rassembler, revendiquer et n\u00e9gocier<\/p>\n","protected":false},"author":351,"featured_media":0,"comment_status":"open","ping_status":"closed","sticky":false,"template":"","format":"standard","meta":{"_acf_changed":false,"footnotes":""},"categories":[1,382,383],"tags":[86],"class_list":["post-1755","post","type-post","status-publish","format-standard","hentry","category-actus","category-ofict","category-ugict","tag-formation"],"acf":[],"yoast_head":"<!-- This site is optimized with the Yoast SEO plugin v26.3 - https:\/\/yoast.com\/wordpress\/plugins\/seo\/ -->\n<title>FORMATIONS SYNDICALES sp\u00e9cifiques ICT - OFICT-CGT Equipement-Environnement<\/title>\n<meta name=\"robots\" content=\"index, follow, max-snippet:-1, max-image-preview:large, max-video-preview:-1\" \/>\n<link rel=\"canonical\" href=\"https:\/\/syndicoop.fr\/ofict\/formations-syndicales-specifiques-ict\/\" \/>\n<meta property=\"og:locale\" content=\"fr_FR\" \/>\n<meta property=\"og:type\" content=\"article\" \/>\n<meta property=\"og:title\" content=\"FORMATIONS SYNDICALES sp\u00e9cifiques ICT - OFICT-CGT Equipement-Environnement\" \/>\n<meta property=\"og:description\" content=\"Programme 2014: Formation \u00ab\u00a0Rep\u00e8res pour la bataille salariale\u00a0\u00bb : prendre en compte efficacement les niveaux de qualifications des ing\u00e9nieurs cadres et techniciens dans les grilles salariales pour rassembler, revendiquer et n\u00e9gocier\" \/>\n<meta property=\"og:url\" content=\"https:\/\/syndicoop.fr\/ofict\/formations-syndicales-specifiques-ict\/\" \/>\n<meta property=\"og:site_name\" content=\"OFICT-CGT Equipement-Environnement\" \/>\n<meta property=\"article:publisher\" content=\"https:\/\/www.facebook.com\/ofictcgt\" \/>\n<meta property=\"article:published_time\" content=\"2014-01-26T17:51:10+00:00\" \/>\n<meta property=\"article:modified_time\" content=\"2020-05-29T12:09:25+00:00\" \/>\n<meta name=\"author\" content=\"ecanonne\" \/>\n<meta name=\"twitter:card\" content=\"summary_large_image\" \/>\n<meta name=\"twitter:creator\" content=\"@ofictcgt\" \/>\n<meta name=\"twitter:site\" content=\"@ofictcgt\" \/>\n<meta name=\"twitter:label1\" content=\"\u00c9crit par\" \/>\n\t<meta name=\"twitter:data1\" content=\"ecanonne\" \/>\n\t<meta name=\"twitter:label2\" content=\"Dur\u00e9e de lecture estim\u00e9e\" \/>\n\t<meta name=\"twitter:data2\" content=\"1 minute\" \/>\n<script type=\"application\/ld+json\" class=\"yoast-schema-graph\">{\"@context\":\"https:\/\/schema.org\",\"@graph\":[{\"@type\":\"Article\",\"@id\":\"https:\/\/syndicoop.fr\/ofict\/formations-syndicales-specifiques-ict\/#article\",\"isPartOf\":{\"@id\":\"https:\/\/syndicoop.fr\/ofict\/formations-syndicales-specifiques-ict\/\"},\"author\":{\"name\":\"ecanonne\",\"@id\":\"https:\/\/syndicoop.fr\/ofict\/#\/schema\/person\/f39466be0f2870e8872f54607694f961\"},\"headline\":\"FORMATIONS SYNDICALES sp\u00e9cifiques ICT\",\"datePublished\":\"2014-01-26T17:51:10+00:00\",\"dateModified\":\"2020-05-29T12:09:25+00:00\",\"mainEntityOfPage\":{\"@id\":\"https:\/\/syndicoop.fr\/ofict\/formations-syndicales-specifiques-ict\/\"},\"wordCount\":191,\"commentCount\":0,\"publisher\":{\"@id\":\"https:\/\/syndicoop.fr\/ofict\/#organization\"},\"keywords\":[\"Formation\"],\"articleSection\":[\"Actus\",\"Ofict\",\"Ugict\"],\"inLanguage\":\"fr-FR\",\"potentialAction\":[{\"@type\":\"CommentAction\",\"name\":\"Comment\",\"target\":[\"https:\/\/syndicoop.fr\/ofict\/formations-syndicales-specifiques-ict\/#respond\"]}]},{\"@type\":\"WebPage\",\"@id\":\"https:\/\/syndicoop.fr\/ofict\/formations-syndicales-specifiques-ict\/\",\"url\":\"https:\/\/syndicoop.fr\/ofict\/formations-syndicales-specifiques-ict\/\",\"name\":\"FORMATIONS SYNDICALES sp\u00e9cifiques ICT - OFICT-CGT Equipement-Environnement\",\"isPartOf\":{\"@id\":\"https:\/\/syndicoop.fr\/ofict\/#website\"},\"datePublished\":\"2014-01-26T17:51:10+00:00\",\"dateModified\":\"2020-05-29T12:09:25+00:00\",\"breadcrumb\":{\"@id\":\"https:\/\/syndicoop.fr\/ofict\/formations-syndicales-specifiques-ict\/#breadcrumb\"},\"inLanguage\":\"fr-FR\",\"potentialAction\":[{\"@type\":\"ReadAction\",\"target\":[\"https:\/\/syndicoop.fr\/ofict\/formations-syndicales-specifiques-ict\/\"]}]},{\"@type\":\"BreadcrumbList\",\"@id\":\"https:\/\/syndicoop.fr\/ofict\/formations-syndicales-specifiques-ict\/#breadcrumb\",\"itemListElement\":[{\"@type\":\"ListItem\",\"position\":1,\"name\":\"Accueil\",\"item\":\"https:\/\/syndicoop.fr\/ofict\/\"},{\"@type\":\"ListItem\",\"position\":2,\"name\":\"FORMATIONS SYNDICALES sp\u00e9cifiques ICT\"}]},{\"@type\":\"WebSite\",\"@id\":\"https:\/\/syndicoop.fr\/ofict\/#website\",\"url\":\"https:\/\/syndicoop.fr\/ofict\/\",\"name\":\"OFICT-CGT Equipement-Environnement\",\"description\":\"avec Syndicoop.fr, plateforme syndicale et coop\u00e9rative\",\"publisher\":{\"@id\":\"https:\/\/syndicoop.fr\/ofict\/#organization\"},\"potentialAction\":[{\"@type\":\"SearchAction\",\"target\":{\"@type\":\"EntryPoint\",\"urlTemplate\":\"https:\/\/syndicoop.fr\/ofict\/?s={search_term_string}\"},\"query-input\":{\"@type\":\"PropertyValueSpecification\",\"valueRequired\":true,\"valueName\":\"search_term_string\"}}],\"inLanguage\":\"fr-FR\"},{\"@type\":\"Organization\",\"@id\":\"https:\/\/syndicoop.fr\/ofict\/#organization\",\"name\":\"ofict-cgt\",\"url\":\"https:\/\/syndicoop.fr\/ofict\/\",\"logo\":{\"@type\":\"ImageObject\",\"inLanguage\":\"fr-FR\",\"@id\":\"https:\/\/syndicoop.fr\/ofict\/#\/schema\/logo\/image\/\",\"url\":\"https:\/\/syndicoop.fr\/ofict\/wp-content\/uploads\/sites\/21\/2021\/01\/0-Logo-OFICT-couleur-ombre-grand.png\",\"contentUrl\":\"https:\/\/syndicoop.fr\/ofict\/wp-content\/uploads\/sites\/21\/2021\/01\/0-Logo-OFICT-couleur-ombre-grand.png\",\"width\":853,\"height\":626,\"caption\":\"ofict-cgt\"},\"image\":{\"@id\":\"https:\/\/syndicoop.fr\/ofict\/#\/schema\/logo\/image\/\"},\"sameAs\":[\"https:\/\/www.facebook.com\/ofictcgt\",\"https:\/\/x.com\/ofictcgt\",\"https:\/\/www.youtube.com\/channel\/UCuspFuV1HGEF1weXxpWVKtQ\"]},{\"@type\":\"Person\",\"@id\":\"https:\/\/syndicoop.fr\/ofict\/#\/schema\/person\/f39466be0f2870e8872f54607694f961\",\"name\":\"ecanonne\",\"image\":{\"@type\":\"ImageObject\",\"inLanguage\":\"fr-FR\",\"@id\":\"https:\/\/syndicoop.fr\/ofict\/#\/schema\/person\/image\/\",\"url\":\"\/\/www.gravatar.com\/avatar\/d77c79c43301ad5a8b26da1071f40071?s=96&#038;r=g&#038;d=mm\",\"contentUrl\":\"\/\/www.gravatar.com\/avatar\/d77c79c43301ad5a8b26da1071f40071?s=96&#038;r=g&#038;d=mm\",\"caption\":\"ecanonne\"}}]}<\/script>\n<!-- \/ Yoast SEO plugin. -->","yoast_head_json":{"title":"FORMATIONS SYNDICALES sp\u00e9cifiques ICT - OFICT-CGT Equipement-Environnement","robots":{"index":"index","follow":"follow","max-snippet":"max-snippet:-1","max-image-preview":"max-image-preview:large","max-video-preview":"max-video-preview:-1"},"canonical":"https:\/\/syndicoop.fr\/ofict\/formations-syndicales-specifiques-ict\/","og_locale":"fr_FR","og_type":"article","og_title":"FORMATIONS SYNDICALES sp\u00e9cifiques ICT - OFICT-CGT Equipement-Environnement","og_description":"Programme 2014: Formation \u00ab\u00a0Rep\u00e8res pour la bataille salariale\u00a0\u00bb : prendre en compte efficacement les niveaux de qualifications des ing\u00e9nieurs cadres et techniciens dans les grilles salariales pour rassembler, revendiquer et n\u00e9gocier","og_url":"https:\/\/syndicoop.fr\/ofict\/formations-syndicales-specifiques-ict\/","og_site_name":"OFICT-CGT Equipement-Environnement","article_publisher":"https:\/\/www.facebook.com\/ofictcgt","article_published_time":"2014-01-26T17:51:10+00:00","article_modified_time":"2020-05-29T12:09:25+00:00","author":"ecanonne","twitter_card":"summary_large_image","twitter_creator":"@ofictcgt","twitter_site":"@ofictcgt","twitter_misc":{"\u00c9crit par":"ecanonne","Dur\u00e9e de lecture estim\u00e9e":"1 minute"},"schema":{"@context":"https:\/\/schema.org","@graph":[{"@type":"Article","@id":"https:\/\/syndicoop.fr\/ofict\/formations-syndicales-specifiques-ict\/#article","isPartOf":{"@id":"https:\/\/syndicoop.fr\/ofict\/formations-syndicales-specifiques-ict\/"},"author":{"name":"ecanonne","@id":"https:\/\/syndicoop.fr\/ofict\/#\/schema\/person\/f39466be0f2870e8872f54607694f961"},"headline":"FORMATIONS SYNDICALES sp\u00e9cifiques ICT","datePublished":"2014-01-26T17:51:10+00:00","dateModified":"2020-05-29T12:09:25+00:00","mainEntityOfPage":{"@id":"https:\/\/syndicoop.fr\/ofict\/formations-syndicales-specifiques-ict\/"},"wordCount":191,"commentCount":0,"publisher":{"@id":"https:\/\/syndicoop.fr\/ofict\/#organization"},"keywords":["Formation"],"articleSection":["Actus","Ofict","Ugict"],"inLanguage":"fr-FR","potentialAction":[{"@type":"CommentAction","name":"Comment","target":["https:\/\/syndicoop.fr\/ofict\/formations-syndicales-specifiques-ict\/#respond"]}]},{"@type":"WebPage","@id":"https:\/\/syndicoop.fr\/ofict\/formations-syndicales-specifiques-ict\/","url":"https:\/\/syndicoop.fr\/ofict\/formations-syndicales-specifiques-ict\/","name":"FORMATIONS SYNDICALES sp\u00e9cifiques ICT - OFICT-CGT Equipement-Environnement","isPartOf":{"@id":"https:\/\/syndicoop.fr\/ofict\/#website"},"datePublished":"2014-01-26T17:51:10+00:00","dateModified":"2020-05-29T12:09:25+00:00","breadcrumb":{"@id":"https:\/\/syndicoop.fr\/ofict\/formations-syndicales-specifiques-ict\/#breadcrumb"},"inLanguage":"fr-FR","potentialAction":[{"@type":"ReadAction","target":["https:\/\/syndicoop.fr\/ofict\/formations-syndicales-specifiques-ict\/"]}]},{"@type":"BreadcrumbList","@id":"https:\/\/syndicoop.fr\/ofict\/formations-syndicales-specifiques-ict\/#breadcrumb","itemListElement":[{"@type":"ListItem","position":1,"name":"Accueil","item":"https:\/\/syndicoop.fr\/ofict\/"},{"@type":"ListItem","position":2,"name":"FORMATIONS SYNDICALES sp\u00e9cifiques ICT"}]},{"@type":"WebSite","@id":"https:\/\/syndicoop.fr\/ofict\/#website","url":"https:\/\/syndicoop.fr\/ofict\/","name":"OFICT-CGT Equipement-Environnement","description":"avec Syndicoop.fr, plateforme syndicale et coop\u00e9rative","publisher":{"@id":"https:\/\/syndicoop.fr\/ofict\/#organization"},"potentialAction":[{"@type":"SearchAction","target":{"@type":"EntryPoint","urlTemplate":"https:\/\/syndicoop.fr\/ofict\/?s={search_term_string}"},"query-input":{"@type":"PropertyValueSpecification","valueRequired":true,"valueName":"search_term_string"}}],"inLanguage":"fr-FR"},{"@type":"Organization","@id":"https:\/\/syndicoop.fr\/ofict\/#organization","name":"ofict-cgt","url":"https:\/\/syndicoop.fr\/ofict\/","logo":{"@type":"ImageObject","inLanguage":"fr-FR","@id":"https:\/\/syndicoop.fr\/ofict\/#\/schema\/logo\/image\/","url":"https:\/\/syndicoop.fr\/ofict\/wp-content\/uploads\/sites\/21\/2021\/01\/0-Logo-OFICT-couleur-ombre-grand.png","contentUrl":"https:\/\/syndicoop.fr\/ofict\/wp-content\/uploads\/sites\/21\/2021\/01\/0-Logo-OFICT-couleur-ombre-grand.png","width":853,"height":626,"caption":"ofict-cgt"},"image":{"@id":"https:\/\/syndicoop.fr\/ofict\/#\/schema\/logo\/image\/"},"sameAs":["https:\/\/www.facebook.com\/ofictcgt","https:\/\/x.com\/ofictcgt","https:\/\/www.youtube.com\/channel\/UCuspFuV1HGEF1weXxpWVKtQ"]},{"@type":"Person","@id":"https:\/\/syndicoop.fr\/ofict\/#\/schema\/person\/f39466be0f2870e8872f54607694f961","name":"ecanonne","image":{"@type":"ImageObject","inLanguage":"fr-FR","@id":"https:\/\/syndicoop.fr\/ofict\/#\/schema\/person\/image\/","url":"\/\/www.gravatar.com\/avatar\/d77c79c43301ad5a8b26da1071f40071?s=96&#038;r=g&#038;d=mm","contentUrl":"\/\/www.gravatar.com\/avatar\/d77c79c43301ad5a8b26da1071f40071?s=96&#038;r=g&#038;d=mm","caption":"ecanonne"}}]}},"_links":{"self":[{"href":"https:\/\/syndicoop.fr\/ofict\/wp-json\/wp\/v2\/posts\/1755","targetHints":{"allow":["GET"]}}],"collection":[{"href":"https:\/\/syndicoop.fr\/ofict\/wp-json\/wp\/v2\/posts"}],"about":[{"href":"https:\/\/syndicoop.fr\/ofict\/wp-json\/wp\/v2\/types\/post"}],"author":[{"embeddable":true,"href":"https:\/\/syndicoop.fr\/ofict\/wp-json\/wp\/v2\/users\/351"}],"replies":[{"embeddable":true,"href":"https:\/\/syndicoop.fr\/ofict\/wp-json\/wp\/v2\/comments?post=1755"}],"version-history":[{"count":0,"href":"https:\/\/syndicoop.fr\/ofict\/wp-json\/wp\/v2\/posts\/1755\/revisions"}],"wp:attachment":[{"href":"https:\/\/syndicoop.fr\/ofict\/wp-json\/wp\/v2\/media?parent=1755"}],"wp:term":[{"taxonomy":"category","embeddable":true,"href":"https:\/\/syndicoop.fr\/ofict\/wp-json\/wp\/v2\/categories?post=1755"},{"taxonomy":"post_tag","embeddable":true,"href":"https:\/\/syndicoop.fr\/ofict\/wp-json\/wp\/v2\/tags?post=1755"}],"curies":[{"name":"wp","href":"https:\/\/api.w.org\/{rel}","templated":true}]}}