{"id":1779,"date":"2014-01-31T09:58:14","date_gmt":"2014-01-31T08:58:14","guid":{"rendered":"http:\/\/ofict.reference-syndicale.fr\/?p=1779"},"modified":"2020-10-21T11:14:42","modified_gmt":"2020-10-21T09:14:42","slug":"compte-rendu-cgt-de-la-reunion-dgafpsyndicats-du-30-janvier-2014-sur-les-parcours-professionnels-carrieres-et-remunerations","status":"publish","type":"post","link":"https:\/\/syndicoop.fr\/ofict\/compte-rendu-cgt-de-la-reunion-dgafpsyndicats-du-30-janvier-2014-sur-les-parcours-professionnels-carrieres-et-remunerations\/","title":{"rendered":"Compte-rendu CGT de la r\u00e9union DGAFP\/syndicats du 30 janvier 2014 sur les parcours professionnels, carri\u00e8res et r\u00e9mun\u00e9rations"},"content":{"rendered":"<div>Dans le cadre de l\u2019agenda social, un vaste chantier est ouvert sur les \u00ab\u00a0parcours professionnels, carri\u00e8res et r\u00e9mun\u00e9rations\u00a0\u00bb. Le 30 janvier a eu lieu la 2\u00e8me r\u00e9union, sur la m\u00e9thode et le calendrier des n\u00e9gociations. Il s\u2019agissait aussi d\u2019identifier les th\u00e8mes de discussions, pour \u00e9tablir la version d\u00e9finitive du relev\u00e9 de conclusion organisant les presque un an de n\u00e9gociations qui s\u2019ouvrent. Suite \u00e0 cette r\u00e9union, et avant la conclusive pr\u00e9sid\u00e9e par la ministre (mi-f\u00e9vrier &#8211; d\u00e9but mars), chaque organisation syndicale sera re\u00e7ue en bilat\u00e9rale.<!--more--><\/div>\n<div>\n<p>Deux r\u00e9unions sont pr\u00e9vues en mars-avril avant l\u2019ouverture mi-mai des n\u00e9gociations (voir le calendrier pr\u00e9visionnel ci-apr\u00e8s).<\/p>\n<p>Ce chantier d\u2019une grande ampleur va impacter tous les agents de la Fonction Publique puisqu\u2019il se fixe comme objectif\u00a0:<br \/>\n&#8211; \u00a0La r\u00e9forme de l\u2019architecture statutaire,<br \/>\n&#8211; \u00a0La r\u00e9forme de l\u2019architecture des r\u00e9mun\u00e9rations,<br \/>\n&#8211; \u00a0La simplification et l\u2019am\u00e9lioration de la gestion des agents.<\/p>\n<p>L\u2019ensemble des syndicats ont r\u00e9clam\u00e9 en liminaire le d\u00e9gel imm\u00e9diat du point d\u2019indice.<\/p>\n<p>Lire la suite dans\u00a0<a href=\"http:\/\/www.equipement.cgt.fr\/IMG\/pdf\/CR___PPCR__30_janvier_2014.pdf\" target=\"_blank\" rel=\"noopener noreferrer\">le compte-rendu CGT-FP<\/a>\u00a0ci-joint.<\/p>\n<\/div>\n","protected":false},"excerpt":{"rendered":"<p>Dans le cadre de l\u2019agenda social, un vaste chantier est ouvert sur les \u00ab\u00a0parcours professionnels, carri\u00e8res et r\u00e9mun\u00e9rations\u00a0\u00bb. Le 30 janvier a eu lieu la 2\u00e8me r\u00e9union, sur la m\u00e9thode et le calendrier des n\u00e9gociations. Il s\u2019agissait aussi d\u2019identifier les th\u00e8mes de discussions, pour \u00e9tablir la version d\u00e9finitive du relev\u00e9 de conclusion organisant les presque [&hellip;]<\/p>\n","protected":false},"author":351,"featured_media":0,"comment_status":"open","ping_status":"closed","sticky":false,"template":"","format":"standard","meta":{"_acf_changed":false,"footnotes":""},"categories":[1],"tags":[],"class_list":["post-1779","post","type-post","status-publish","format-standard","hentry","category-actus","themes-remuneration-carriere-ldg"],"acf":[],"yoast_head":"<!-- This site is optimized with the Yoast SEO plugin v26.3 - https:\/\/yoast.com\/wordpress\/plugins\/seo\/ -->\n<title>Compte-rendu CGT de la r\u00e9union DGAFP\/syndicats du 30 janvier 2014 sur les parcours professionnels, carri\u00e8res et r\u00e9mun\u00e9rations - OFICT-CGT Equipement-Environnement<\/title>\n<meta name=\"robots\" content=\"index, follow, max-snippet:-1, max-image-preview:large, max-video-preview:-1\" \/>\n<link rel=\"canonical\" href=\"https:\/\/syndicoop.fr\/ofict\/compte-rendu-cgt-de-la-reunion-dgafpsyndicats-du-30-janvier-2014-sur-les-parcours-professionnels-carrieres-et-remunerations\/\" \/>\n<meta property=\"og:locale\" content=\"fr_FR\" \/>\n<meta property=\"og:type\" content=\"article\" \/>\n<meta property=\"og:title\" content=\"Compte-rendu CGT de la r\u00e9union DGAFP\/syndicats du 30 janvier 2014 sur les parcours professionnels, carri\u00e8res et r\u00e9mun\u00e9rations - OFICT-CGT Equipement-Environnement\" \/>\n<meta property=\"og:description\" content=\"Dans le cadre de l\u2019agenda social, un vaste chantier est ouvert sur les \u00ab\u00a0parcours professionnels, carri\u00e8res et r\u00e9mun\u00e9rations\u00a0\u00bb. Le 30 janvier a eu lieu la 2\u00e8me r\u00e9union, sur la m\u00e9thode et le calendrier des n\u00e9gociations. Il s\u2019agissait aussi d\u2019identifier les th\u00e8mes de discussions, pour \u00e9tablir la version d\u00e9finitive du relev\u00e9 de conclusion organisant les presque [&hellip;]\" \/>\n<meta property=\"og:url\" content=\"https:\/\/syndicoop.fr\/ofict\/compte-rendu-cgt-de-la-reunion-dgafpsyndicats-du-30-janvier-2014-sur-les-parcours-professionnels-carrieres-et-remunerations\/\" \/>\n<meta property=\"og:site_name\" content=\"OFICT-CGT Equipement-Environnement\" \/>\n<meta property=\"article:publisher\" content=\"https:\/\/www.facebook.com\/ofictcgt\" \/>\n<meta property=\"article:published_time\" content=\"2014-01-31T08:58:14+00:00\" \/>\n<meta property=\"article:modified_time\" content=\"2020-10-21T09:14:42+00:00\" \/>\n<meta name=\"author\" content=\"ecanonne\" \/>\n<meta name=\"twitter:card\" content=\"summary_large_image\" \/>\n<meta name=\"twitter:creator\" content=\"@ofictcgt\" \/>\n<meta name=\"twitter:site\" content=\"@ofictcgt\" \/>\n<meta name=\"twitter:label1\" content=\"\u00c9crit par\" \/>\n\t<meta name=\"twitter:data1\" content=\"ecanonne\" \/>\n\t<meta name=\"twitter:label2\" content=\"Dur\u00e9e de lecture estim\u00e9e\" \/>\n\t<meta name=\"twitter:data2\" content=\"1 minute\" \/>\n<script type=\"application\/ld+json\" class=\"yoast-schema-graph\">{\"@context\":\"https:\/\/schema.org\",\"@graph\":[{\"@type\":\"Article\",\"@id\":\"https:\/\/syndicoop.fr\/ofict\/compte-rendu-cgt-de-la-reunion-dgafpsyndicats-du-30-janvier-2014-sur-les-parcours-professionnels-carrieres-et-remunerations\/#article\",\"isPartOf\":{\"@id\":\"https:\/\/syndicoop.fr\/ofict\/compte-rendu-cgt-de-la-reunion-dgafpsyndicats-du-30-janvier-2014-sur-les-parcours-professionnels-carrieres-et-remunerations\/\"},\"author\":{\"name\":\"ecanonne\",\"@id\":\"https:\/\/syndicoop.fr\/ofict\/#\/schema\/person\/f39466be0f2870e8872f54607694f961\"},\"headline\":\"Compte-rendu CGT de la r\u00e9union DGAFP\/syndicats du 30 janvier 2014 sur les parcours professionnels, carri\u00e8res et r\u00e9mun\u00e9rations\",\"datePublished\":\"2014-01-31T08:58:14+00:00\",\"dateModified\":\"2020-10-21T09:14:42+00:00\",\"mainEntityOfPage\":{\"@id\":\"https:\/\/syndicoop.fr\/ofict\/compte-rendu-cgt-de-la-reunion-dgafpsyndicats-du-30-janvier-2014-sur-les-parcours-professionnels-carrieres-et-remunerations\/\"},\"wordCount\":222,\"commentCount\":0,\"publisher\":{\"@id\":\"https:\/\/syndicoop.fr\/ofict\/#organization\"},\"articleSection\":[\"Actus\"],\"inLanguage\":\"fr-FR\",\"potentialAction\":[{\"@type\":\"CommentAction\",\"name\":\"Comment\",\"target\":[\"https:\/\/syndicoop.fr\/ofict\/compte-rendu-cgt-de-la-reunion-dgafpsyndicats-du-30-janvier-2014-sur-les-parcours-professionnels-carrieres-et-remunerations\/#respond\"]}]},{\"@type\":\"WebPage\",\"@id\":\"https:\/\/syndicoop.fr\/ofict\/compte-rendu-cgt-de-la-reunion-dgafpsyndicats-du-30-janvier-2014-sur-les-parcours-professionnels-carrieres-et-remunerations\/\",\"url\":\"https:\/\/syndicoop.fr\/ofict\/compte-rendu-cgt-de-la-reunion-dgafpsyndicats-du-30-janvier-2014-sur-les-parcours-professionnels-carrieres-et-remunerations\/\",\"name\":\"Compte-rendu CGT de la r\u00e9union DGAFP\/syndicats du 30 janvier 2014 sur les parcours professionnels, carri\u00e8res et r\u00e9mun\u00e9rations - OFICT-CGT Equipement-Environnement\",\"isPartOf\":{\"@id\":\"https:\/\/syndicoop.fr\/ofict\/#website\"},\"datePublished\":\"2014-01-31T08:58:14+00:00\",\"dateModified\":\"2020-10-21T09:14:42+00:00\",\"breadcrumb\":{\"@id\":\"https:\/\/syndicoop.fr\/ofict\/compte-rendu-cgt-de-la-reunion-dgafpsyndicats-du-30-janvier-2014-sur-les-parcours-professionnels-carrieres-et-remunerations\/#breadcrumb\"},\"inLanguage\":\"fr-FR\",\"potentialAction\":[{\"@type\":\"ReadAction\",\"target\":[\"https:\/\/syndicoop.fr\/ofict\/compte-rendu-cgt-de-la-reunion-dgafpsyndicats-du-30-janvier-2014-sur-les-parcours-professionnels-carrieres-et-remunerations\/\"]}]},{\"@type\":\"BreadcrumbList\",\"@id\":\"https:\/\/syndicoop.fr\/ofict\/compte-rendu-cgt-de-la-reunion-dgafpsyndicats-du-30-janvier-2014-sur-les-parcours-professionnels-carrieres-et-remunerations\/#breadcrumb\",\"itemListElement\":[{\"@type\":\"ListItem\",\"position\":1,\"name\":\"Accueil\",\"item\":\"https:\/\/syndicoop.fr\/ofict\/\"},{\"@type\":\"ListItem\",\"position\":2,\"name\":\"Compte-rendu CGT de la r\u00e9union DGAFP\/syndicats du 30 janvier 2014 sur les parcours professionnels, carri\u00e8res et r\u00e9mun\u00e9rations\"}]},{\"@type\":\"WebSite\",\"@id\":\"https:\/\/syndicoop.fr\/ofict\/#website\",\"url\":\"https:\/\/syndicoop.fr\/ofict\/\",\"name\":\"OFICT-CGT Equipement-Environnement\",\"description\":\"avec Syndicoop.fr, plateforme syndicale et coop\u00e9rative\",\"publisher\":{\"@id\":\"https:\/\/syndicoop.fr\/ofict\/#organization\"},\"potentialAction\":[{\"@type\":\"SearchAction\",\"target\":{\"@type\":\"EntryPoint\",\"urlTemplate\":\"https:\/\/syndicoop.fr\/ofict\/?s={search_term_string}\"},\"query-input\":{\"@type\":\"PropertyValueSpecification\",\"valueRequired\":true,\"valueName\":\"search_term_string\"}}],\"inLanguage\":\"fr-FR\"},{\"@type\":\"Organization\",\"@id\":\"https:\/\/syndicoop.fr\/ofict\/#organization\",\"name\":\"ofict-cgt\",\"url\":\"https:\/\/syndicoop.fr\/ofict\/\",\"logo\":{\"@type\":\"ImageObject\",\"inLanguage\":\"fr-FR\",\"@id\":\"https:\/\/syndicoop.fr\/ofict\/#\/schema\/logo\/image\/\",\"url\":\"https:\/\/syndicoop.fr\/ofict\/wp-content\/uploads\/sites\/21\/2021\/01\/0-Logo-OFICT-couleur-ombre-grand.png\",\"contentUrl\":\"https:\/\/syndicoop.fr\/ofict\/wp-content\/uploads\/sites\/21\/2021\/01\/0-Logo-OFICT-couleur-ombre-grand.png\",\"width\":853,\"height\":626,\"caption\":\"ofict-cgt\"},\"image\":{\"@id\":\"https:\/\/syndicoop.fr\/ofict\/#\/schema\/logo\/image\/\"},\"sameAs\":[\"https:\/\/www.facebook.com\/ofictcgt\",\"https:\/\/x.com\/ofictcgt\",\"https:\/\/www.youtube.com\/channel\/UCuspFuV1HGEF1weXxpWVKtQ\"]},{\"@type\":\"Person\",\"@id\":\"https:\/\/syndicoop.fr\/ofict\/#\/schema\/person\/f39466be0f2870e8872f54607694f961\",\"name\":\"ecanonne\",\"image\":{\"@type\":\"ImageObject\",\"inLanguage\":\"fr-FR\",\"@id\":\"https:\/\/syndicoop.fr\/ofict\/#\/schema\/person\/image\/\",\"url\":\"\/\/www.gravatar.com\/avatar\/d77c79c43301ad5a8b26da1071f40071?s=96&#038;r=g&#038;d=mm\",\"contentUrl\":\"\/\/www.gravatar.com\/avatar\/d77c79c43301ad5a8b26da1071f40071?s=96&#038;r=g&#038;d=mm\",\"caption\":\"ecanonne\"}}]}<\/script>\n<!-- \/ Yoast SEO plugin. -->","yoast_head_json":{"title":"Compte-rendu CGT de la r\u00e9union DGAFP\/syndicats du 30 janvier 2014 sur les parcours professionnels, carri\u00e8res et r\u00e9mun\u00e9rations - OFICT-CGT Equipement-Environnement","robots":{"index":"index","follow":"follow","max-snippet":"max-snippet:-1","max-image-preview":"max-image-preview:large","max-video-preview":"max-video-preview:-1"},"canonical":"https:\/\/syndicoop.fr\/ofict\/compte-rendu-cgt-de-la-reunion-dgafpsyndicats-du-30-janvier-2014-sur-les-parcours-professionnels-carrieres-et-remunerations\/","og_locale":"fr_FR","og_type":"article","og_title":"Compte-rendu CGT de la r\u00e9union DGAFP\/syndicats du 30 janvier 2014 sur les parcours professionnels, carri\u00e8res et r\u00e9mun\u00e9rations - OFICT-CGT Equipement-Environnement","og_description":"Dans le cadre de l\u2019agenda social, un vaste chantier est ouvert sur les \u00ab\u00a0parcours professionnels, carri\u00e8res et r\u00e9mun\u00e9rations\u00a0\u00bb. Le 30 janvier a eu lieu la 2\u00e8me r\u00e9union, sur la m\u00e9thode et le calendrier des n\u00e9gociations. Il s\u2019agissait aussi d\u2019identifier les th\u00e8mes de discussions, pour \u00e9tablir la version d\u00e9finitive du relev\u00e9 de conclusion organisant les presque [&hellip;]","og_url":"https:\/\/syndicoop.fr\/ofict\/compte-rendu-cgt-de-la-reunion-dgafpsyndicats-du-30-janvier-2014-sur-les-parcours-professionnels-carrieres-et-remunerations\/","og_site_name":"OFICT-CGT Equipement-Environnement","article_publisher":"https:\/\/www.facebook.com\/ofictcgt","article_published_time":"2014-01-31T08:58:14+00:00","article_modified_time":"2020-10-21T09:14:42+00:00","author":"ecanonne","twitter_card":"summary_large_image","twitter_creator":"@ofictcgt","twitter_site":"@ofictcgt","twitter_misc":{"\u00c9crit par":"ecanonne","Dur\u00e9e de lecture estim\u00e9e":"1 minute"},"schema":{"@context":"https:\/\/schema.org","@graph":[{"@type":"Article","@id":"https:\/\/syndicoop.fr\/ofict\/compte-rendu-cgt-de-la-reunion-dgafpsyndicats-du-30-janvier-2014-sur-les-parcours-professionnels-carrieres-et-remunerations\/#article","isPartOf":{"@id":"https:\/\/syndicoop.fr\/ofict\/compte-rendu-cgt-de-la-reunion-dgafpsyndicats-du-30-janvier-2014-sur-les-parcours-professionnels-carrieres-et-remunerations\/"},"author":{"name":"ecanonne","@id":"https:\/\/syndicoop.fr\/ofict\/#\/schema\/person\/f39466be0f2870e8872f54607694f961"},"headline":"Compte-rendu CGT de la r\u00e9union DGAFP\/syndicats du 30 janvier 2014 sur les parcours professionnels, carri\u00e8res et r\u00e9mun\u00e9rations","datePublished":"2014-01-31T08:58:14+00:00","dateModified":"2020-10-21T09:14:42+00:00","mainEntityOfPage":{"@id":"https:\/\/syndicoop.fr\/ofict\/compte-rendu-cgt-de-la-reunion-dgafpsyndicats-du-30-janvier-2014-sur-les-parcours-professionnels-carrieres-et-remunerations\/"},"wordCount":222,"commentCount":0,"publisher":{"@id":"https:\/\/syndicoop.fr\/ofict\/#organization"},"articleSection":["Actus"],"inLanguage":"fr-FR","potentialAction":[{"@type":"CommentAction","name":"Comment","target":["https:\/\/syndicoop.fr\/ofict\/compte-rendu-cgt-de-la-reunion-dgafpsyndicats-du-30-janvier-2014-sur-les-parcours-professionnels-carrieres-et-remunerations\/#respond"]}]},{"@type":"WebPage","@id":"https:\/\/syndicoop.fr\/ofict\/compte-rendu-cgt-de-la-reunion-dgafpsyndicats-du-30-janvier-2014-sur-les-parcours-professionnels-carrieres-et-remunerations\/","url":"https:\/\/syndicoop.fr\/ofict\/compte-rendu-cgt-de-la-reunion-dgafpsyndicats-du-30-janvier-2014-sur-les-parcours-professionnels-carrieres-et-remunerations\/","name":"Compte-rendu CGT de la r\u00e9union DGAFP\/syndicats du 30 janvier 2014 sur les parcours professionnels, carri\u00e8res et r\u00e9mun\u00e9rations - OFICT-CGT Equipement-Environnement","isPartOf":{"@id":"https:\/\/syndicoop.fr\/ofict\/#website"},"datePublished":"2014-01-31T08:58:14+00:00","dateModified":"2020-10-21T09:14:42+00:00","breadcrumb":{"@id":"https:\/\/syndicoop.fr\/ofict\/compte-rendu-cgt-de-la-reunion-dgafpsyndicats-du-30-janvier-2014-sur-les-parcours-professionnels-carrieres-et-remunerations\/#breadcrumb"},"inLanguage":"fr-FR","potentialAction":[{"@type":"ReadAction","target":["https:\/\/syndicoop.fr\/ofict\/compte-rendu-cgt-de-la-reunion-dgafpsyndicats-du-30-janvier-2014-sur-les-parcours-professionnels-carrieres-et-remunerations\/"]}]},{"@type":"BreadcrumbList","@id":"https:\/\/syndicoop.fr\/ofict\/compte-rendu-cgt-de-la-reunion-dgafpsyndicats-du-30-janvier-2014-sur-les-parcours-professionnels-carrieres-et-remunerations\/#breadcrumb","itemListElement":[{"@type":"ListItem","position":1,"name":"Accueil","item":"https:\/\/syndicoop.fr\/ofict\/"},{"@type":"ListItem","position":2,"name":"Compte-rendu CGT de la r\u00e9union DGAFP\/syndicats du 30 janvier 2014 sur les parcours professionnels, carri\u00e8res et r\u00e9mun\u00e9rations"}]},{"@type":"WebSite","@id":"https:\/\/syndicoop.fr\/ofict\/#website","url":"https:\/\/syndicoop.fr\/ofict\/","name":"OFICT-CGT Equipement-Environnement","description":"avec Syndicoop.fr, plateforme syndicale et coop\u00e9rative","publisher":{"@id":"https:\/\/syndicoop.fr\/ofict\/#organization"},"potentialAction":[{"@type":"SearchAction","target":{"@type":"EntryPoint","urlTemplate":"https:\/\/syndicoop.fr\/ofict\/?s={search_term_string}"},"query-input":{"@type":"PropertyValueSpecification","valueRequired":true,"valueName":"search_term_string"}}],"inLanguage":"fr-FR"},{"@type":"Organization","@id":"https:\/\/syndicoop.fr\/ofict\/#organization","name":"ofict-cgt","url":"https:\/\/syndicoop.fr\/ofict\/","logo":{"@type":"ImageObject","inLanguage":"fr-FR","@id":"https:\/\/syndicoop.fr\/ofict\/#\/schema\/logo\/image\/","url":"https:\/\/syndicoop.fr\/ofict\/wp-content\/uploads\/sites\/21\/2021\/01\/0-Logo-OFICT-couleur-ombre-grand.png","contentUrl":"https:\/\/syndicoop.fr\/ofict\/wp-content\/uploads\/sites\/21\/2021\/01\/0-Logo-OFICT-couleur-ombre-grand.png","width":853,"height":626,"caption":"ofict-cgt"},"image":{"@id":"https:\/\/syndicoop.fr\/ofict\/#\/schema\/logo\/image\/"},"sameAs":["https:\/\/www.facebook.com\/ofictcgt","https:\/\/x.com\/ofictcgt","https:\/\/www.youtube.com\/channel\/UCuspFuV1HGEF1weXxpWVKtQ"]},{"@type":"Person","@id":"https:\/\/syndicoop.fr\/ofict\/#\/schema\/person\/f39466be0f2870e8872f54607694f961","name":"ecanonne","image":{"@type":"ImageObject","inLanguage":"fr-FR","@id":"https:\/\/syndicoop.fr\/ofict\/#\/schema\/person\/image\/","url":"\/\/www.gravatar.com\/avatar\/d77c79c43301ad5a8b26da1071f40071?s=96&#038;r=g&#038;d=mm","contentUrl":"\/\/www.gravatar.com\/avatar\/d77c79c43301ad5a8b26da1071f40071?s=96&#038;r=g&#038;d=mm","caption":"ecanonne"}}]}},"_links":{"self":[{"href":"https:\/\/syndicoop.fr\/ofict\/wp-json\/wp\/v2\/posts\/1779","targetHints":{"allow":["GET"]}}],"collection":[{"href":"https:\/\/syndicoop.fr\/ofict\/wp-json\/wp\/v2\/posts"}],"about":[{"href":"https:\/\/syndicoop.fr\/ofict\/wp-json\/wp\/v2\/types\/post"}],"author":[{"embeddable":true,"href":"https:\/\/syndicoop.fr\/ofict\/wp-json\/wp\/v2\/users\/351"}],"replies":[{"embeddable":true,"href":"https:\/\/syndicoop.fr\/ofict\/wp-json\/wp\/v2\/comments?post=1779"}],"version-history":[{"count":0,"href":"https:\/\/syndicoop.fr\/ofict\/wp-json\/wp\/v2\/posts\/1779\/revisions"}],"wp:attachment":[{"href":"https:\/\/syndicoop.fr\/ofict\/wp-json\/wp\/v2\/media?parent=1779"}],"wp:term":[{"taxonomy":"category","embeddable":true,"href":"https:\/\/syndicoop.fr\/ofict\/wp-json\/wp\/v2\/categories?post=1779"},{"taxonomy":"post_tag","embeddable":true,"href":"https:\/\/syndicoop.fr\/ofict\/wp-json\/wp\/v2\/tags?post=1779"}],"curies":[{"name":"wp","href":"https:\/\/api.w.org\/{rel}","templated":true}]}}