{"id":1803,"date":"2014-02-13T21:45:24","date_gmt":"2014-02-13T20:45:24","guid":{"rendered":"http:\/\/ofict.reference-syndicale.fr\/?p=1803"},"modified":"2020-05-29T14:09:17","modified_gmt":"2020-05-29T12:09:17","slug":"stages-chaque-signature-compte-petition-de-lugict","status":"publish","type":"post","link":"https:\/\/syndicoop.fr\/ofict\/stages-chaque-signature-compte-petition-de-lugict\/","title":{"rendered":"STAGES :  CHAQUE SIGNATURE COMPTE &#8211; P\u00e9tition de l&rsquo;UGICT"},"content":{"rendered":"<p>Une loi sur les stages est actuellement en cours de discussion au Parlement.<br \/>\nLa CGT et son UGICT vous appellent \u00e0 relayer\u00a0<a title=\"Signer la p\u00e9tition sur les stages\" href=\"http:\/\/change.org\/LoiStages\" target=\"_blank\">cette p\u00e9tition en ligne<\/a>\u00a0pour que la loi ne se limite pas \u00e0 une d\u00e9claration de principes qui ne changerait rien aux pratiques abusives des entreprises. Il est temps de mettre fin au rite initiatique des stages \u00e0 r\u00e9p\u00e9tition qui transforment l&rsquo;entr\u00e9e dans la vie professionnelle en v\u00e9ritable bizutage social de longue dur\u00e9e et sacrifient toute une g\u00e9n\u00e9ration pourtant qualifi\u00e9e et motiv\u00e9e.<!--more--><\/p>\n<p>A l&rsquo;initiative de\u00a0<a href=\"http:\/\/twitter.com\/GenerationPreca\" target=\"_blank\">G\u00e9n\u00e9ration Pr\u00e9caire<\/a>, vous pouvez aussi utiliser le mot di\u00e8se #HashStage sur Twitter pour d\u00e9noncer le nombre d&#8217;emplois occup\u00e9s par des stagiaires sur votre lieu de travail.<\/p>\n<h1>5 secondes pour signer la p\u00e9tition :<br \/>\n<a href=\"http:\/\/change.org\/LoiStages\" target=\"_blank\">Change.org\/LoiStages<\/a><\/h1>\n","protected":false},"excerpt":{"rendered":"<p>Une loi sur les stages est actuellement en cours de discussion au Parlement. La CGT et son UGICT vous appellent \u00e0 relayer\u00a0cette p\u00e9tition en ligne\u00a0pour que la loi ne se limite pas \u00e0 une d\u00e9claration de principes qui ne changerait rien aux pratiques abusives des entreprises. Il est temps de mettre fin au rite initiatique [&hellip;]<\/p>\n","protected":false},"author":351,"featured_media":0,"comment_status":"open","ping_status":"closed","sticky":false,"template":"","format":"standard","meta":{"_acf_changed":false,"footnotes":""},"categories":[1,383],"tags":[],"class_list":["post-1803","post","type-post","status-publish","format-standard","hentry","category-actus","category-ugict","documents-tracts"],"acf":[],"yoast_head":"<!-- This site is optimized with the Yoast SEO plugin v26.3 - https:\/\/yoast.com\/wordpress\/plugins\/seo\/ -->\n<title>STAGES : CHAQUE SIGNATURE COMPTE - P\u00e9tition de l&#039;UGICT - OFICT-CGT Equipement-Environnement<\/title>\n<meta name=\"robots\" content=\"index, follow, max-snippet:-1, max-image-preview:large, max-video-preview:-1\" \/>\n<link rel=\"canonical\" href=\"https:\/\/syndicoop.fr\/ofict\/stages-chaque-signature-compte-petition-de-lugict\/\" \/>\n<meta property=\"og:locale\" content=\"fr_FR\" \/>\n<meta property=\"og:type\" content=\"article\" \/>\n<meta property=\"og:title\" content=\"STAGES : CHAQUE SIGNATURE COMPTE - P\u00e9tition de l&#039;UGICT - OFICT-CGT Equipement-Environnement\" \/>\n<meta property=\"og:description\" content=\"Une loi sur les stages est actuellement en cours de discussion au Parlement. La CGT et son UGICT vous appellent \u00e0 relayer\u00a0cette p\u00e9tition en ligne\u00a0pour que la loi ne se limite pas \u00e0 une d\u00e9claration de principes qui ne changerait rien aux pratiques abusives des entreprises. Il est temps de mettre fin au rite initiatique [&hellip;]\" \/>\n<meta property=\"og:url\" content=\"https:\/\/syndicoop.fr\/ofict\/stages-chaque-signature-compte-petition-de-lugict\/\" \/>\n<meta property=\"og:site_name\" content=\"OFICT-CGT Equipement-Environnement\" \/>\n<meta property=\"article:publisher\" content=\"https:\/\/www.facebook.com\/ofictcgt\" \/>\n<meta property=\"article:published_time\" content=\"2014-02-13T20:45:24+00:00\" \/>\n<meta property=\"article:modified_time\" content=\"2020-05-29T12:09:17+00:00\" \/>\n<meta name=\"author\" content=\"ecanonne\" \/>\n<meta name=\"twitter:card\" content=\"summary_large_image\" \/>\n<meta name=\"twitter:creator\" content=\"@ofictcgt\" \/>\n<meta name=\"twitter:site\" content=\"@ofictcgt\" \/>\n<meta name=\"twitter:label1\" content=\"\u00c9crit par\" \/>\n\t<meta name=\"twitter:data1\" content=\"ecanonne\" \/>\n\t<meta name=\"twitter:label2\" content=\"Dur\u00e9e de lecture estim\u00e9e\" \/>\n\t<meta name=\"twitter:data2\" content=\"1 minute\" \/>\n<script type=\"application\/ld+json\" class=\"yoast-schema-graph\">{\"@context\":\"https:\/\/schema.org\",\"@graph\":[{\"@type\":\"Article\",\"@id\":\"https:\/\/syndicoop.fr\/ofict\/stages-chaque-signature-compte-petition-de-lugict\/#article\",\"isPartOf\":{\"@id\":\"https:\/\/syndicoop.fr\/ofict\/stages-chaque-signature-compte-petition-de-lugict\/\"},\"author\":{\"name\":\"ecanonne\",\"@id\":\"https:\/\/syndicoop.fr\/ofict\/#\/schema\/person\/f39466be0f2870e8872f54607694f961\"},\"headline\":\"STAGES : CHAQUE SIGNATURE COMPTE &#8211; P\u00e9tition de l&rsquo;UGICT\",\"datePublished\":\"2014-02-13T20:45:24+00:00\",\"dateModified\":\"2020-05-29T12:09:17+00:00\",\"mainEntityOfPage\":{\"@id\":\"https:\/\/syndicoop.fr\/ofict\/stages-chaque-signature-compte-petition-de-lugict\/\"},\"wordCount\":145,\"commentCount\":0,\"publisher\":{\"@id\":\"https:\/\/syndicoop.fr\/ofict\/#organization\"},\"articleSection\":[\"Actus\",\"Ugict\"],\"inLanguage\":\"fr-FR\",\"potentialAction\":[{\"@type\":\"CommentAction\",\"name\":\"Comment\",\"target\":[\"https:\/\/syndicoop.fr\/ofict\/stages-chaque-signature-compte-petition-de-lugict\/#respond\"]}]},{\"@type\":\"WebPage\",\"@id\":\"https:\/\/syndicoop.fr\/ofict\/stages-chaque-signature-compte-petition-de-lugict\/\",\"url\":\"https:\/\/syndicoop.fr\/ofict\/stages-chaque-signature-compte-petition-de-lugict\/\",\"name\":\"STAGES : CHAQUE SIGNATURE COMPTE - P\u00e9tition de l'UGICT - OFICT-CGT Equipement-Environnement\",\"isPartOf\":{\"@id\":\"https:\/\/syndicoop.fr\/ofict\/#website\"},\"datePublished\":\"2014-02-13T20:45:24+00:00\",\"dateModified\":\"2020-05-29T12:09:17+00:00\",\"breadcrumb\":{\"@id\":\"https:\/\/syndicoop.fr\/ofict\/stages-chaque-signature-compte-petition-de-lugict\/#breadcrumb\"},\"inLanguage\":\"fr-FR\",\"potentialAction\":[{\"@type\":\"ReadAction\",\"target\":[\"https:\/\/syndicoop.fr\/ofict\/stages-chaque-signature-compte-petition-de-lugict\/\"]}]},{\"@type\":\"BreadcrumbList\",\"@id\":\"https:\/\/syndicoop.fr\/ofict\/stages-chaque-signature-compte-petition-de-lugict\/#breadcrumb\",\"itemListElement\":[{\"@type\":\"ListItem\",\"position\":1,\"name\":\"Accueil\",\"item\":\"https:\/\/syndicoop.fr\/ofict\/\"},{\"@type\":\"ListItem\",\"position\":2,\"name\":\"STAGES&#160;: CHAQUE SIGNATURE COMPTE &#8211; P\u00e9tition de l&#8217;UGICT\"}]},{\"@type\":\"WebSite\",\"@id\":\"https:\/\/syndicoop.fr\/ofict\/#website\",\"url\":\"https:\/\/syndicoop.fr\/ofict\/\",\"name\":\"OFICT-CGT Equipement-Environnement\",\"description\":\"avec Syndicoop.fr, plateforme syndicale et coop\u00e9rative\",\"publisher\":{\"@id\":\"https:\/\/syndicoop.fr\/ofict\/#organization\"},\"potentialAction\":[{\"@type\":\"SearchAction\",\"target\":{\"@type\":\"EntryPoint\",\"urlTemplate\":\"https:\/\/syndicoop.fr\/ofict\/?s={search_term_string}\"},\"query-input\":{\"@type\":\"PropertyValueSpecification\",\"valueRequired\":true,\"valueName\":\"search_term_string\"}}],\"inLanguage\":\"fr-FR\"},{\"@type\":\"Organization\",\"@id\":\"https:\/\/syndicoop.fr\/ofict\/#organization\",\"name\":\"ofict-cgt\",\"url\":\"https:\/\/syndicoop.fr\/ofict\/\",\"logo\":{\"@type\":\"ImageObject\",\"inLanguage\":\"fr-FR\",\"@id\":\"https:\/\/syndicoop.fr\/ofict\/#\/schema\/logo\/image\/\",\"url\":\"https:\/\/syndicoop.fr\/ofict\/wp-content\/uploads\/sites\/21\/2021\/01\/0-Logo-OFICT-couleur-ombre-grand.png\",\"contentUrl\":\"https:\/\/syndicoop.fr\/ofict\/wp-content\/uploads\/sites\/21\/2021\/01\/0-Logo-OFICT-couleur-ombre-grand.png\",\"width\":853,\"height\":626,\"caption\":\"ofict-cgt\"},\"image\":{\"@id\":\"https:\/\/syndicoop.fr\/ofict\/#\/schema\/logo\/image\/\"},\"sameAs\":[\"https:\/\/www.facebook.com\/ofictcgt\",\"https:\/\/x.com\/ofictcgt\",\"https:\/\/www.youtube.com\/channel\/UCuspFuV1HGEF1weXxpWVKtQ\"]},{\"@type\":\"Person\",\"@id\":\"https:\/\/syndicoop.fr\/ofict\/#\/schema\/person\/f39466be0f2870e8872f54607694f961\",\"name\":\"ecanonne\",\"image\":{\"@type\":\"ImageObject\",\"inLanguage\":\"fr-FR\",\"@id\":\"https:\/\/syndicoop.fr\/ofict\/#\/schema\/person\/image\/\",\"url\":\"\/\/www.gravatar.com\/avatar\/d77c79c43301ad5a8b26da1071f40071?s=96&#038;r=g&#038;d=mm\",\"contentUrl\":\"\/\/www.gravatar.com\/avatar\/d77c79c43301ad5a8b26da1071f40071?s=96&#038;r=g&#038;d=mm\",\"caption\":\"ecanonne\"}}]}<\/script>\n<!-- \/ Yoast SEO plugin. -->","yoast_head_json":{"title":"STAGES : CHAQUE SIGNATURE COMPTE - P\u00e9tition de l'UGICT - OFICT-CGT Equipement-Environnement","robots":{"index":"index","follow":"follow","max-snippet":"max-snippet:-1","max-image-preview":"max-image-preview:large","max-video-preview":"max-video-preview:-1"},"canonical":"https:\/\/syndicoop.fr\/ofict\/stages-chaque-signature-compte-petition-de-lugict\/","og_locale":"fr_FR","og_type":"article","og_title":"STAGES : CHAQUE SIGNATURE COMPTE - P\u00e9tition de l'UGICT - OFICT-CGT Equipement-Environnement","og_description":"Une loi sur les stages est actuellement en cours de discussion au Parlement. La CGT et son UGICT vous appellent \u00e0 relayer\u00a0cette p\u00e9tition en ligne\u00a0pour que la loi ne se limite pas \u00e0 une d\u00e9claration de principes qui ne changerait rien aux pratiques abusives des entreprises. Il est temps de mettre fin au rite initiatique [&hellip;]","og_url":"https:\/\/syndicoop.fr\/ofict\/stages-chaque-signature-compte-petition-de-lugict\/","og_site_name":"OFICT-CGT Equipement-Environnement","article_publisher":"https:\/\/www.facebook.com\/ofictcgt","article_published_time":"2014-02-13T20:45:24+00:00","article_modified_time":"2020-05-29T12:09:17+00:00","author":"ecanonne","twitter_card":"summary_large_image","twitter_creator":"@ofictcgt","twitter_site":"@ofictcgt","twitter_misc":{"\u00c9crit par":"ecanonne","Dur\u00e9e de lecture estim\u00e9e":"1 minute"},"schema":{"@context":"https:\/\/schema.org","@graph":[{"@type":"Article","@id":"https:\/\/syndicoop.fr\/ofict\/stages-chaque-signature-compte-petition-de-lugict\/#article","isPartOf":{"@id":"https:\/\/syndicoop.fr\/ofict\/stages-chaque-signature-compte-petition-de-lugict\/"},"author":{"name":"ecanonne","@id":"https:\/\/syndicoop.fr\/ofict\/#\/schema\/person\/f39466be0f2870e8872f54607694f961"},"headline":"STAGES : CHAQUE SIGNATURE COMPTE &#8211; P\u00e9tition de l&rsquo;UGICT","datePublished":"2014-02-13T20:45:24+00:00","dateModified":"2020-05-29T12:09:17+00:00","mainEntityOfPage":{"@id":"https:\/\/syndicoop.fr\/ofict\/stages-chaque-signature-compte-petition-de-lugict\/"},"wordCount":145,"commentCount":0,"publisher":{"@id":"https:\/\/syndicoop.fr\/ofict\/#organization"},"articleSection":["Actus","Ugict"],"inLanguage":"fr-FR","potentialAction":[{"@type":"CommentAction","name":"Comment","target":["https:\/\/syndicoop.fr\/ofict\/stages-chaque-signature-compte-petition-de-lugict\/#respond"]}]},{"@type":"WebPage","@id":"https:\/\/syndicoop.fr\/ofict\/stages-chaque-signature-compte-petition-de-lugict\/","url":"https:\/\/syndicoop.fr\/ofict\/stages-chaque-signature-compte-petition-de-lugict\/","name":"STAGES : CHAQUE SIGNATURE COMPTE - P\u00e9tition de l'UGICT - OFICT-CGT Equipement-Environnement","isPartOf":{"@id":"https:\/\/syndicoop.fr\/ofict\/#website"},"datePublished":"2014-02-13T20:45:24+00:00","dateModified":"2020-05-29T12:09:17+00:00","breadcrumb":{"@id":"https:\/\/syndicoop.fr\/ofict\/stages-chaque-signature-compte-petition-de-lugict\/#breadcrumb"},"inLanguage":"fr-FR","potentialAction":[{"@type":"ReadAction","target":["https:\/\/syndicoop.fr\/ofict\/stages-chaque-signature-compte-petition-de-lugict\/"]}]},{"@type":"BreadcrumbList","@id":"https:\/\/syndicoop.fr\/ofict\/stages-chaque-signature-compte-petition-de-lugict\/#breadcrumb","itemListElement":[{"@type":"ListItem","position":1,"name":"Accueil","item":"https:\/\/syndicoop.fr\/ofict\/"},{"@type":"ListItem","position":2,"name":"STAGES&#160;: CHAQUE SIGNATURE COMPTE &#8211; P\u00e9tition de l&#8217;UGICT"}]},{"@type":"WebSite","@id":"https:\/\/syndicoop.fr\/ofict\/#website","url":"https:\/\/syndicoop.fr\/ofict\/","name":"OFICT-CGT Equipement-Environnement","description":"avec Syndicoop.fr, plateforme syndicale et coop\u00e9rative","publisher":{"@id":"https:\/\/syndicoop.fr\/ofict\/#organization"},"potentialAction":[{"@type":"SearchAction","target":{"@type":"EntryPoint","urlTemplate":"https:\/\/syndicoop.fr\/ofict\/?s={search_term_string}"},"query-input":{"@type":"PropertyValueSpecification","valueRequired":true,"valueName":"search_term_string"}}],"inLanguage":"fr-FR"},{"@type":"Organization","@id":"https:\/\/syndicoop.fr\/ofict\/#organization","name":"ofict-cgt","url":"https:\/\/syndicoop.fr\/ofict\/","logo":{"@type":"ImageObject","inLanguage":"fr-FR","@id":"https:\/\/syndicoop.fr\/ofict\/#\/schema\/logo\/image\/","url":"https:\/\/syndicoop.fr\/ofict\/wp-content\/uploads\/sites\/21\/2021\/01\/0-Logo-OFICT-couleur-ombre-grand.png","contentUrl":"https:\/\/syndicoop.fr\/ofict\/wp-content\/uploads\/sites\/21\/2021\/01\/0-Logo-OFICT-couleur-ombre-grand.png","width":853,"height":626,"caption":"ofict-cgt"},"image":{"@id":"https:\/\/syndicoop.fr\/ofict\/#\/schema\/logo\/image\/"},"sameAs":["https:\/\/www.facebook.com\/ofictcgt","https:\/\/x.com\/ofictcgt","https:\/\/www.youtube.com\/channel\/UCuspFuV1HGEF1weXxpWVKtQ"]},{"@type":"Person","@id":"https:\/\/syndicoop.fr\/ofict\/#\/schema\/person\/f39466be0f2870e8872f54607694f961","name":"ecanonne","image":{"@type":"ImageObject","inLanguage":"fr-FR","@id":"https:\/\/syndicoop.fr\/ofict\/#\/schema\/person\/image\/","url":"\/\/www.gravatar.com\/avatar\/d77c79c43301ad5a8b26da1071f40071?s=96&#038;r=g&#038;d=mm","contentUrl":"\/\/www.gravatar.com\/avatar\/d77c79c43301ad5a8b26da1071f40071?s=96&#038;r=g&#038;d=mm","caption":"ecanonne"}}]}},"_links":{"self":[{"href":"https:\/\/syndicoop.fr\/ofict\/wp-json\/wp\/v2\/posts\/1803","targetHints":{"allow":["GET"]}}],"collection":[{"href":"https:\/\/syndicoop.fr\/ofict\/wp-json\/wp\/v2\/posts"}],"about":[{"href":"https:\/\/syndicoop.fr\/ofict\/wp-json\/wp\/v2\/types\/post"}],"author":[{"embeddable":true,"href":"https:\/\/syndicoop.fr\/ofict\/wp-json\/wp\/v2\/users\/351"}],"replies":[{"embeddable":true,"href":"https:\/\/syndicoop.fr\/ofict\/wp-json\/wp\/v2\/comments?post=1803"}],"version-history":[{"count":0,"href":"https:\/\/syndicoop.fr\/ofict\/wp-json\/wp\/v2\/posts\/1803\/revisions"}],"wp:attachment":[{"href":"https:\/\/syndicoop.fr\/ofict\/wp-json\/wp\/v2\/media?parent=1803"}],"wp:term":[{"taxonomy":"category","embeddable":true,"href":"https:\/\/syndicoop.fr\/ofict\/wp-json\/wp\/v2\/categories?post=1803"},{"taxonomy":"post_tag","embeddable":true,"href":"https:\/\/syndicoop.fr\/ofict\/wp-json\/wp\/v2\/tags?post=1803"}],"curies":[{"name":"wp","href":"https:\/\/api.w.org\/{rel}","templated":true}]}}