{"id":1812,"date":"2014-02-20T21:28:12","date_gmt":"2014-02-20T20:28:12","guid":{"rendered":"http:\/\/ofict.reference-syndicale.fr\/?p=1812"},"modified":"2020-10-21T11:12:24","modified_gmt":"2020-10-21T09:12:24","slug":"1812-2","status":"publish","type":"post","link":"https:\/\/syndicoop.fr\/ofict\/1812-2\/","title":{"rendered":"Pour des politiques publiques et des services publics au service du progr\u00e8s social !"},"content":{"rendered":"<p>COMMUNIQU\u00c9<\/p>\n<p>S\u2019inscrivant dans les m\u00eames logiques que celles qui visent \u00e0 accr\u00e9diter l\u2019id\u00e9e qu\u2019il existerait un co\u00fbt excessif du travail, les autorit\u00e9s gouvernementales multiplient aujourd\u2019hui des d\u00e9clarations sur la n\u00e9cessit\u00e9 de r\u00e9duire drastiquement le co\u00fbt des services publics. <!--more--><br \/>\nLa derni\u00e8re en date \u00e9tant la r\u00e9ponse apport\u00e9e par le Premier Ministre aux organisations<br \/>\nsyndicales de la Fonction publique qui l\u2019avait somm\u00e9 le 13 f\u00e9vrier de prendre l\u2019engagement<br \/>\nqu\u2019il n\u2019y aurait par de gels des r\u00e9mun\u00e9rations et d\u2019avancements pour les agents publics. C\u2019est ce qu\u2019il a fait le 14 f\u00e9vrier mais en ajoutant vouloir ouvrir des discussions sur l\u2019avenir et les r\u00e9organisations n\u00e9cessaires de la Fonction publique pour contribuer \u00e0 l\u2019effort du redressement du pays.<\/p>\n<p>La CGT r\u00e9affirme aujourd\u2019hui la n\u00e9cessit\u00e9 de faire des services publics de v\u00e9ritables outils au service :<\/p>\n<p>&#8211; De la satisfaction des droits et des besoins des citoyens, des salari\u00e9s, des priv\u00e9s d\u2019emploi, des retrait\u00e9s.<\/p>\n<p>&#8211; De la redistribution des richesses produites \u00e0 un moment o\u00f9 les in\u00e9galit\u00e9s ne cessent de<br \/>\ns\u2019accro\u00eetre.<\/p>\n<p>&#8211; D\u2019une nouvelle logique de d\u00e9veloppement, de reconqu\u00eate des activit\u00e9s et de l\u2019emploi \u00a0industriel, tout en assurant une v\u00e9ritable transition \u00e9cologique.<\/p>\n<p>Force est de constater que la modernisation de l\u2019action publique et l\u2019acte III de la<br \/>\nd\u00e9centralisation ne r\u00e9pondent pas \u00e0 ces objectifs.<\/p>\n<p>La CGT r\u00e9it\u00e8re que les services publics sont cr\u00e9ateurs de richesses et participent au<br \/>\nd\u00e9veloppement \u00e9conomique et industriel du pays et \u00e0 la construction du lien et de la coh\u00e9sion sociale. Ils permettent une autre r\u00e9partition des richesses. La d\u00e9fense et la promotion des services publics s\u2019inscrivent totalement dans la campagne CGT sur le co\u00fbt du capital.<\/p>\n<p>En proposant notamment une v\u00e9ritable r\u00e9forme fiscale, un p\u00f4le financier public, une autre<br \/>\npolitique mon\u00e9taire et du cr\u00e9dit, la CGT affirme que le financement de l\u2019action publique, dans ses dimensions territoriales, nationales et europ\u00e9ennes, est tout \u00e0 fait possible.<\/p>\n<p>Ces propositions se situent clairement \u00e0 l\u2019oppos\u00e9 des politiques d\u2019aust\u00e9rit\u00e9 \u00e0 l\u2019\u0153uvre au sein de l\u2019Union europ\u00e9enne et du pacte de responsabilit\u00e9 qui pourrait se traduire par une<br \/>\ndiminution de 50 milliards d\u2019euros de la d\u00e9pense publique.<\/p>\n<p>La CGT rappelle sa disponibilit\u00e9 et sa demande d\u2019ouverture d\u2019un v\u00e9ritable processus de<br \/>\nn\u00e9gociations devant \u00e0 la fois porter sur :<br \/>\n-Les missions et les conditions de mise en \u0153uvre des politiques publiques et des services publics.<br \/>\n&#8211; Leurs modalit\u00e9s et moyens p\u00e9rennes de financement.<br \/>\n&#8211; Le renforcement du statut g\u00e9n\u00e9ral des fonctionnaires, des droits et des garanties collectives des agents publics, l\u2019am\u00e9lioration de leurs conditions de travail, la revalorisation significative\u00a0de leurs r\u00e9mun\u00e9rations.<\/p>\n<p>Au c\u0153ur d\u2019enjeux d\u00e9mocratiques majeurs et constitutifs d\u2019un v\u00e9ritable choix de soci\u00e9t\u00e9,<br \/>\nl\u2019avenir des politiques publiques et des services publics impose des responsabilit\u00e9s<br \/>\nparticuli\u00e8res \u00e0 l\u2019ensemble des organisations syndicales. La CGT leur propose de s\u2019engager r\u00e9solument et sans attendre dans un processus de mobilisation le plus large et unitaire possible nous permettant d\u2019imposer d\u2019autres choix.<\/p>\n","protected":false},"excerpt":{"rendered":"<p>COMMUNIQU\u00c9 S\u2019inscrivant dans les m\u00eames logiques que celles qui visent \u00e0 accr\u00e9diter l\u2019id\u00e9e qu\u2019il existerait un co\u00fbt excessif du travail, les autorit\u00e9s gouvernementales multiplient aujourd\u2019hui des d\u00e9clarations sur la n\u00e9cessit\u00e9 de r\u00e9duire drastiquement le co\u00fbt des services publics.<\/p>\n","protected":false},"author":351,"featured_media":0,"comment_status":"open","ping_status":"closed","sticky":false,"template":"","format":"standard","meta":{"_acf_changed":false,"footnotes":""},"categories":[1],"tags":[],"class_list":["post-1812","post","type-post","status-publish","format-standard","hentry","category-actus","themes-services-missions-et-sens-du-travail","documents-tracts"],"acf":[],"yoast_head":"<!-- This site is optimized with the Yoast SEO plugin v26.3 - https:\/\/yoast.com\/wordpress\/plugins\/seo\/ -->\n<title>Pour des politiques publiques et des services publics au service du progr\u00e8s social ! - OFICT-CGT Equipement-Environnement<\/title>\n<meta name=\"robots\" content=\"index, follow, max-snippet:-1, max-image-preview:large, max-video-preview:-1\" \/>\n<link rel=\"canonical\" href=\"https:\/\/syndicoop.fr\/ofict\/1812-2\/\" \/>\n<meta property=\"og:locale\" content=\"fr_FR\" \/>\n<meta property=\"og:type\" content=\"article\" \/>\n<meta property=\"og:title\" content=\"Pour des politiques publiques et des services publics au service du progr\u00e8s social ! - OFICT-CGT Equipement-Environnement\" \/>\n<meta property=\"og:description\" content=\"COMMUNIQU\u00c9 S\u2019inscrivant dans les m\u00eames logiques que celles qui visent \u00e0 accr\u00e9diter l\u2019id\u00e9e qu\u2019il existerait un co\u00fbt excessif du travail, les autorit\u00e9s gouvernementales multiplient aujourd\u2019hui des d\u00e9clarations sur la n\u00e9cessit\u00e9 de r\u00e9duire drastiquement le co\u00fbt des services publics.\" \/>\n<meta property=\"og:url\" content=\"https:\/\/syndicoop.fr\/ofict\/1812-2\/\" \/>\n<meta property=\"og:site_name\" content=\"OFICT-CGT Equipement-Environnement\" \/>\n<meta property=\"article:publisher\" content=\"https:\/\/www.facebook.com\/ofictcgt\" \/>\n<meta property=\"article:published_time\" content=\"2014-02-20T20:28:12+00:00\" \/>\n<meta property=\"article:modified_time\" content=\"2020-10-21T09:12:24+00:00\" \/>\n<meta name=\"author\" content=\"ecanonne\" \/>\n<meta name=\"twitter:card\" content=\"summary_large_image\" \/>\n<meta name=\"twitter:creator\" content=\"@ofictcgt\" \/>\n<meta name=\"twitter:site\" content=\"@ofictcgt\" \/>\n<meta name=\"twitter:label1\" content=\"\u00c9crit par\" \/>\n\t<meta name=\"twitter:data1\" content=\"ecanonne\" \/>\n\t<meta name=\"twitter:label2\" content=\"Dur\u00e9e de lecture estim\u00e9e\" \/>\n\t<meta name=\"twitter:data2\" content=\"3 minutes\" \/>\n<script type=\"application\/ld+json\" class=\"yoast-schema-graph\">{\"@context\":\"https:\/\/schema.org\",\"@graph\":[{\"@type\":\"Article\",\"@id\":\"https:\/\/syndicoop.fr\/ofict\/1812-2\/#article\",\"isPartOf\":{\"@id\":\"https:\/\/syndicoop.fr\/ofict\/1812-2\/\"},\"author\":{\"name\":\"ecanonne\",\"@id\":\"https:\/\/syndicoop.fr\/ofict\/#\/schema\/person\/f39466be0f2870e8872f54607694f961\"},\"headline\":\"Pour des politiques publiques et des services publics au service du progr\u00e8s social !\",\"datePublished\":\"2014-02-20T20:28:12+00:00\",\"dateModified\":\"2020-10-21T09:12:24+00:00\",\"mainEntityOfPage\":{\"@id\":\"https:\/\/syndicoop.fr\/ofict\/1812-2\/\"},\"wordCount\":572,\"commentCount\":0,\"publisher\":{\"@id\":\"https:\/\/syndicoop.fr\/ofict\/#organization\"},\"articleSection\":[\"Actus\"],\"inLanguage\":\"fr-FR\",\"potentialAction\":[{\"@type\":\"CommentAction\",\"name\":\"Comment\",\"target\":[\"https:\/\/syndicoop.fr\/ofict\/1812-2\/#respond\"]}]},{\"@type\":\"WebPage\",\"@id\":\"https:\/\/syndicoop.fr\/ofict\/1812-2\/\",\"url\":\"https:\/\/syndicoop.fr\/ofict\/1812-2\/\",\"name\":\"Pour des politiques publiques et des services publics au service du progr\u00e8s social ! - OFICT-CGT Equipement-Environnement\",\"isPartOf\":{\"@id\":\"https:\/\/syndicoop.fr\/ofict\/#website\"},\"datePublished\":\"2014-02-20T20:28:12+00:00\",\"dateModified\":\"2020-10-21T09:12:24+00:00\",\"breadcrumb\":{\"@id\":\"https:\/\/syndicoop.fr\/ofict\/1812-2\/#breadcrumb\"},\"inLanguage\":\"fr-FR\",\"potentialAction\":[{\"@type\":\"ReadAction\",\"target\":[\"https:\/\/syndicoop.fr\/ofict\/1812-2\/\"]}]},{\"@type\":\"BreadcrumbList\",\"@id\":\"https:\/\/syndicoop.fr\/ofict\/1812-2\/#breadcrumb\",\"itemListElement\":[{\"@type\":\"ListItem\",\"position\":1,\"name\":\"Accueil\",\"item\":\"https:\/\/syndicoop.fr\/ofict\/\"},{\"@type\":\"ListItem\",\"position\":2,\"name\":\"Pour des politiques publiques et des services publics au service du progr\u00e8s social&#160;!\"}]},{\"@type\":\"WebSite\",\"@id\":\"https:\/\/syndicoop.fr\/ofict\/#website\",\"url\":\"https:\/\/syndicoop.fr\/ofict\/\",\"name\":\"OFICT-CGT Equipement-Environnement\",\"description\":\"avec Syndicoop.fr, plateforme syndicale et coop\u00e9rative\",\"publisher\":{\"@id\":\"https:\/\/syndicoop.fr\/ofict\/#organization\"},\"potentialAction\":[{\"@type\":\"SearchAction\",\"target\":{\"@type\":\"EntryPoint\",\"urlTemplate\":\"https:\/\/syndicoop.fr\/ofict\/?s={search_term_string}\"},\"query-input\":{\"@type\":\"PropertyValueSpecification\",\"valueRequired\":true,\"valueName\":\"search_term_string\"}}],\"inLanguage\":\"fr-FR\"},{\"@type\":\"Organization\",\"@id\":\"https:\/\/syndicoop.fr\/ofict\/#organization\",\"name\":\"ofict-cgt\",\"url\":\"https:\/\/syndicoop.fr\/ofict\/\",\"logo\":{\"@type\":\"ImageObject\",\"inLanguage\":\"fr-FR\",\"@id\":\"https:\/\/syndicoop.fr\/ofict\/#\/schema\/logo\/image\/\",\"url\":\"https:\/\/syndicoop.fr\/ofict\/wp-content\/uploads\/sites\/21\/2021\/01\/0-Logo-OFICT-couleur-ombre-grand.png\",\"contentUrl\":\"https:\/\/syndicoop.fr\/ofict\/wp-content\/uploads\/sites\/21\/2021\/01\/0-Logo-OFICT-couleur-ombre-grand.png\",\"width\":853,\"height\":626,\"caption\":\"ofict-cgt\"},\"image\":{\"@id\":\"https:\/\/syndicoop.fr\/ofict\/#\/schema\/logo\/image\/\"},\"sameAs\":[\"https:\/\/www.facebook.com\/ofictcgt\",\"https:\/\/x.com\/ofictcgt\",\"https:\/\/www.youtube.com\/channel\/UCuspFuV1HGEF1weXxpWVKtQ\"]},{\"@type\":\"Person\",\"@id\":\"https:\/\/syndicoop.fr\/ofict\/#\/schema\/person\/f39466be0f2870e8872f54607694f961\",\"name\":\"ecanonne\",\"image\":{\"@type\":\"ImageObject\",\"inLanguage\":\"fr-FR\",\"@id\":\"https:\/\/syndicoop.fr\/ofict\/#\/schema\/person\/image\/\",\"url\":\"\/\/www.gravatar.com\/avatar\/d77c79c43301ad5a8b26da1071f40071?s=96&#038;r=g&#038;d=mm\",\"contentUrl\":\"\/\/www.gravatar.com\/avatar\/d77c79c43301ad5a8b26da1071f40071?s=96&#038;r=g&#038;d=mm\",\"caption\":\"ecanonne\"}}]}<\/script>\n<!-- \/ Yoast SEO plugin. -->","yoast_head_json":{"title":"Pour des politiques publiques et des services publics au service du progr\u00e8s social ! - OFICT-CGT Equipement-Environnement","robots":{"index":"index","follow":"follow","max-snippet":"max-snippet:-1","max-image-preview":"max-image-preview:large","max-video-preview":"max-video-preview:-1"},"canonical":"https:\/\/syndicoop.fr\/ofict\/1812-2\/","og_locale":"fr_FR","og_type":"article","og_title":"Pour des politiques publiques et des services publics au service du progr\u00e8s social ! - OFICT-CGT Equipement-Environnement","og_description":"COMMUNIQU\u00c9 S\u2019inscrivant dans les m\u00eames logiques que celles qui visent \u00e0 accr\u00e9diter l\u2019id\u00e9e qu\u2019il existerait un co\u00fbt excessif du travail, les autorit\u00e9s gouvernementales multiplient aujourd\u2019hui des d\u00e9clarations sur la n\u00e9cessit\u00e9 de r\u00e9duire drastiquement le co\u00fbt des services publics.","og_url":"https:\/\/syndicoop.fr\/ofict\/1812-2\/","og_site_name":"OFICT-CGT Equipement-Environnement","article_publisher":"https:\/\/www.facebook.com\/ofictcgt","article_published_time":"2014-02-20T20:28:12+00:00","article_modified_time":"2020-10-21T09:12:24+00:00","author":"ecanonne","twitter_card":"summary_large_image","twitter_creator":"@ofictcgt","twitter_site":"@ofictcgt","twitter_misc":{"\u00c9crit par":"ecanonne","Dur\u00e9e de lecture estim\u00e9e":"3 minutes"},"schema":{"@context":"https:\/\/schema.org","@graph":[{"@type":"Article","@id":"https:\/\/syndicoop.fr\/ofict\/1812-2\/#article","isPartOf":{"@id":"https:\/\/syndicoop.fr\/ofict\/1812-2\/"},"author":{"name":"ecanonne","@id":"https:\/\/syndicoop.fr\/ofict\/#\/schema\/person\/f39466be0f2870e8872f54607694f961"},"headline":"Pour des politiques publiques et des services publics au service du progr\u00e8s social !","datePublished":"2014-02-20T20:28:12+00:00","dateModified":"2020-10-21T09:12:24+00:00","mainEntityOfPage":{"@id":"https:\/\/syndicoop.fr\/ofict\/1812-2\/"},"wordCount":572,"commentCount":0,"publisher":{"@id":"https:\/\/syndicoop.fr\/ofict\/#organization"},"articleSection":["Actus"],"inLanguage":"fr-FR","potentialAction":[{"@type":"CommentAction","name":"Comment","target":["https:\/\/syndicoop.fr\/ofict\/1812-2\/#respond"]}]},{"@type":"WebPage","@id":"https:\/\/syndicoop.fr\/ofict\/1812-2\/","url":"https:\/\/syndicoop.fr\/ofict\/1812-2\/","name":"Pour des politiques publiques et des services publics au service du progr\u00e8s social ! - OFICT-CGT Equipement-Environnement","isPartOf":{"@id":"https:\/\/syndicoop.fr\/ofict\/#website"},"datePublished":"2014-02-20T20:28:12+00:00","dateModified":"2020-10-21T09:12:24+00:00","breadcrumb":{"@id":"https:\/\/syndicoop.fr\/ofict\/1812-2\/#breadcrumb"},"inLanguage":"fr-FR","potentialAction":[{"@type":"ReadAction","target":["https:\/\/syndicoop.fr\/ofict\/1812-2\/"]}]},{"@type":"BreadcrumbList","@id":"https:\/\/syndicoop.fr\/ofict\/1812-2\/#breadcrumb","itemListElement":[{"@type":"ListItem","position":1,"name":"Accueil","item":"https:\/\/syndicoop.fr\/ofict\/"},{"@type":"ListItem","position":2,"name":"Pour des politiques publiques et des services publics au service du progr\u00e8s social&#160;!"}]},{"@type":"WebSite","@id":"https:\/\/syndicoop.fr\/ofict\/#website","url":"https:\/\/syndicoop.fr\/ofict\/","name":"OFICT-CGT Equipement-Environnement","description":"avec Syndicoop.fr, plateforme syndicale et coop\u00e9rative","publisher":{"@id":"https:\/\/syndicoop.fr\/ofict\/#organization"},"potentialAction":[{"@type":"SearchAction","target":{"@type":"EntryPoint","urlTemplate":"https:\/\/syndicoop.fr\/ofict\/?s={search_term_string}"},"query-input":{"@type":"PropertyValueSpecification","valueRequired":true,"valueName":"search_term_string"}}],"inLanguage":"fr-FR"},{"@type":"Organization","@id":"https:\/\/syndicoop.fr\/ofict\/#organization","name":"ofict-cgt","url":"https:\/\/syndicoop.fr\/ofict\/","logo":{"@type":"ImageObject","inLanguage":"fr-FR","@id":"https:\/\/syndicoop.fr\/ofict\/#\/schema\/logo\/image\/","url":"https:\/\/syndicoop.fr\/ofict\/wp-content\/uploads\/sites\/21\/2021\/01\/0-Logo-OFICT-couleur-ombre-grand.png","contentUrl":"https:\/\/syndicoop.fr\/ofict\/wp-content\/uploads\/sites\/21\/2021\/01\/0-Logo-OFICT-couleur-ombre-grand.png","width":853,"height":626,"caption":"ofict-cgt"},"image":{"@id":"https:\/\/syndicoop.fr\/ofict\/#\/schema\/logo\/image\/"},"sameAs":["https:\/\/www.facebook.com\/ofictcgt","https:\/\/x.com\/ofictcgt","https:\/\/www.youtube.com\/channel\/UCuspFuV1HGEF1weXxpWVKtQ"]},{"@type":"Person","@id":"https:\/\/syndicoop.fr\/ofict\/#\/schema\/person\/f39466be0f2870e8872f54607694f961","name":"ecanonne","image":{"@type":"ImageObject","inLanguage":"fr-FR","@id":"https:\/\/syndicoop.fr\/ofict\/#\/schema\/person\/image\/","url":"\/\/www.gravatar.com\/avatar\/d77c79c43301ad5a8b26da1071f40071?s=96&#038;r=g&#038;d=mm","contentUrl":"\/\/www.gravatar.com\/avatar\/d77c79c43301ad5a8b26da1071f40071?s=96&#038;r=g&#038;d=mm","caption":"ecanonne"}}]}},"_links":{"self":[{"href":"https:\/\/syndicoop.fr\/ofict\/wp-json\/wp\/v2\/posts\/1812","targetHints":{"allow":["GET"]}}],"collection":[{"href":"https:\/\/syndicoop.fr\/ofict\/wp-json\/wp\/v2\/posts"}],"about":[{"href":"https:\/\/syndicoop.fr\/ofict\/wp-json\/wp\/v2\/types\/post"}],"author":[{"embeddable":true,"href":"https:\/\/syndicoop.fr\/ofict\/wp-json\/wp\/v2\/users\/351"}],"replies":[{"embeddable":true,"href":"https:\/\/syndicoop.fr\/ofict\/wp-json\/wp\/v2\/comments?post=1812"}],"version-history":[{"count":0,"href":"https:\/\/syndicoop.fr\/ofict\/wp-json\/wp\/v2\/posts\/1812\/revisions"}],"wp:attachment":[{"href":"https:\/\/syndicoop.fr\/ofict\/wp-json\/wp\/v2\/media?parent=1812"}],"wp:term":[{"taxonomy":"category","embeddable":true,"href":"https:\/\/syndicoop.fr\/ofict\/wp-json\/wp\/v2\/categories?post=1812"},{"taxonomy":"post_tag","embeddable":true,"href":"https:\/\/syndicoop.fr\/ofict\/wp-json\/wp\/v2\/tags?post=1812"}],"curies":[{"name":"wp","href":"https:\/\/api.w.org\/{rel}","templated":true}]}}