{"id":1816,"date":"2014-02-24T19:31:16","date_gmt":"2014-02-24T18:31:16","guid":{"rendered":"http:\/\/ofict.reference-syndicale.fr\/?p=1816"},"modified":"2020-05-29T13:33:11","modified_gmt":"2020-05-29T11:33:11","slug":"appel-commun-des-organisations-syndicales-de-la-fonction-publique-le-18-mars-2014-toutes-et-tous-en-greve-et-aux-manifestations","status":"publish","type":"post","link":"https:\/\/syndicoop.fr\/ofict\/appel-commun-des-organisations-syndicales-de-la-fonction-publique-le-18-mars-2014-toutes-et-tous-en-greve-et-aux-manifestations\/","title":{"rendered":"Appel commun des organisations syndicales de la fonction publique le 18 mars 2014, toutes et tous en gr\u00e8ve et aux manifestations"},"content":{"rendered":"<h1>Contre l\u2019aust\u00e9rit\u00e9, pour l\u2019emploi, les salaires, le service public<\/h1>\n<div>\n<p>La politique d\u2019aust\u00e9rit\u00e9 poursuivie par le gouvernement est renforc\u00e9e depuis le pacte de responsabilit\u00e9, qui aura des cons\u00e9quences d\u00e9sastreuses pour la fonction publique, ses agents et le service public rendu aux citoyens.<!--more--><\/p>\n<p>Apr\u00e8s plusieurs ann\u00e9es de blocage de la valeur du point d\u2019indice, apr\u00e8s l\u2019augmentation des cotisations retraite, la suppression des effectifs, la d\u00e9gradation des conditions de travail, les fonctionnaires et agents publics en ont assez\u00a0!<\/p>\n<p>Lire la suite dans\u00a0<a href=\"http:\/\/www.equipement.cgt.fr\/IMG\/pdf\/appel_os_fp_18_mars.pdf\" target=\"_blank\">l\u2019appel commun<\/a>\u00a0ci-joint.<\/p>\n<p>Lire\u00a0<a href=\"http:\/\/www.equipement.cgt.fr\/IMG\/pdf\/Declaration_interpro_cgt_fo_fsu_sud_18mars.pdf\" target=\"_blank\">la d\u00e9claration unitaire<\/a>\u00a0ci-jointe.<\/p>\n<\/div>\n","protected":false},"excerpt":{"rendered":"<p>Contre l\u2019aust\u00e9rit\u00e9, pour l\u2019emploi, les salaires, le service public La politique d\u2019aust\u00e9rit\u00e9 poursuivie par le gouvernement est renforc\u00e9e depuis le pacte de responsabilit\u00e9, qui aura des cons\u00e9quences d\u00e9sastreuses pour la fonction publique, ses agents et le service public rendu aux citoyens.<\/p>\n","protected":false},"author":351,"featured_media":1587,"comment_status":"open","ping_status":"closed","sticky":false,"template":"","format":"standard","meta":{"_acf_changed":false,"footnotes":""},"categories":[1],"tags":[],"class_list":["post-1816","post","type-post","status-publish","format-standard","has-post-thumbnail","hentry","category-actus","documents-tracts"],"acf":[],"yoast_head":"<!-- This site is optimized with the Yoast SEO plugin v26.3 - https:\/\/yoast.com\/wordpress\/plugins\/seo\/ -->\n<title>Appel commun des organisations syndicales de la fonction publique le 18 mars 2014, toutes et tous en gr\u00e8ve et aux manifestations - OFICT-CGT Equipement-Environnement<\/title>\n<meta name=\"robots\" content=\"index, follow, max-snippet:-1, max-image-preview:large, max-video-preview:-1\" \/>\n<link rel=\"canonical\" href=\"https:\/\/syndicoop.fr\/ofict\/appel-commun-des-organisations-syndicales-de-la-fonction-publique-le-18-mars-2014-toutes-et-tous-en-greve-et-aux-manifestations\/\" \/>\n<meta property=\"og:locale\" content=\"fr_FR\" \/>\n<meta property=\"og:type\" content=\"article\" \/>\n<meta property=\"og:title\" content=\"Appel commun des organisations syndicales de la fonction publique le 18 mars 2014, toutes et tous en gr\u00e8ve et aux manifestations - OFICT-CGT Equipement-Environnement\" \/>\n<meta property=\"og:description\" content=\"Contre l\u2019aust\u00e9rit\u00e9, pour l\u2019emploi, les salaires, le service public La politique d\u2019aust\u00e9rit\u00e9 poursuivie par le gouvernement est renforc\u00e9e depuis le pacte de responsabilit\u00e9, qui aura des cons\u00e9quences d\u00e9sastreuses pour la fonction publique, ses agents et le service public rendu aux citoyens.\" \/>\n<meta property=\"og:url\" content=\"https:\/\/syndicoop.fr\/ofict\/appel-commun-des-organisations-syndicales-de-la-fonction-publique-le-18-mars-2014-toutes-et-tous-en-greve-et-aux-manifestations\/\" \/>\n<meta property=\"og:site_name\" content=\"OFICT-CGT Equipement-Environnement\" \/>\n<meta property=\"article:publisher\" content=\"https:\/\/www.facebook.com\/ofictcgt\" \/>\n<meta property=\"article:published_time\" content=\"2014-02-24T18:31:16+00:00\" \/>\n<meta property=\"article:modified_time\" content=\"2020-05-29T11:33:11+00:00\" \/>\n<meta property=\"og:image\" content=\"https:\/\/syndicoop.fr\/ofict\/wp-content\/uploads\/sites\/21\/2013\/09\/2013-1.jpg\" \/>\n\t<meta property=\"og:image:width\" content=\"408\" \/>\n\t<meta property=\"og:image:height\" content=\"306\" \/>\n\t<meta property=\"og:image:type\" content=\"image\/jpeg\" \/>\n<meta name=\"author\" content=\"ecanonne\" \/>\n<meta name=\"twitter:card\" content=\"summary_large_image\" \/>\n<meta name=\"twitter:creator\" content=\"@ofictcgt\" \/>\n<meta name=\"twitter:site\" content=\"@ofictcgt\" \/>\n<meta name=\"twitter:label1\" content=\"\u00c9crit par\" \/>\n\t<meta name=\"twitter:data1\" content=\"ecanonne\" \/>\n\t<meta name=\"twitter:label2\" content=\"Dur\u00e9e de lecture estim\u00e9e\" \/>\n\t<meta name=\"twitter:data2\" content=\"1 minute\" \/>\n<script type=\"application\/ld+json\" class=\"yoast-schema-graph\">{\"@context\":\"https:\/\/schema.org\",\"@graph\":[{\"@type\":\"Article\",\"@id\":\"https:\/\/syndicoop.fr\/ofict\/appel-commun-des-organisations-syndicales-de-la-fonction-publique-le-18-mars-2014-toutes-et-tous-en-greve-et-aux-manifestations\/#article\",\"isPartOf\":{\"@id\":\"https:\/\/syndicoop.fr\/ofict\/appel-commun-des-organisations-syndicales-de-la-fonction-publique-le-18-mars-2014-toutes-et-tous-en-greve-et-aux-manifestations\/\"},\"author\":{\"name\":\"ecanonne\",\"@id\":\"https:\/\/syndicoop.fr\/ofict\/#\/schema\/person\/f39466be0f2870e8872f54607694f961\"},\"headline\":\"Appel commun des organisations syndicales de la fonction publique le 18 mars 2014, toutes et tous en gr\u00e8ve et aux manifestations\",\"datePublished\":\"2014-02-24T18:31:16+00:00\",\"dateModified\":\"2020-05-29T11:33:11+00:00\",\"mainEntityOfPage\":{\"@id\":\"https:\/\/syndicoop.fr\/ofict\/appel-commun-des-organisations-syndicales-de-la-fonction-publique-le-18-mars-2014-toutes-et-tous-en-greve-et-aux-manifestations\/\"},\"wordCount\":123,\"commentCount\":0,\"publisher\":{\"@id\":\"https:\/\/syndicoop.fr\/ofict\/#organization\"},\"image\":{\"@id\":\"https:\/\/syndicoop.fr\/ofict\/appel-commun-des-organisations-syndicales-de-la-fonction-publique-le-18-mars-2014-toutes-et-tous-en-greve-et-aux-manifestations\/#primaryimage\"},\"thumbnailUrl\":\"https:\/\/syndicoop.fr\/ofict\/wp-content\/uploads\/sites\/21\/2013\/09\/2013-1.jpg\",\"articleSection\":[\"Actus\"],\"inLanguage\":\"fr-FR\",\"potentialAction\":[{\"@type\":\"CommentAction\",\"name\":\"Comment\",\"target\":[\"https:\/\/syndicoop.fr\/ofict\/appel-commun-des-organisations-syndicales-de-la-fonction-publique-le-18-mars-2014-toutes-et-tous-en-greve-et-aux-manifestations\/#respond\"]}]},{\"@type\":\"WebPage\",\"@id\":\"https:\/\/syndicoop.fr\/ofict\/appel-commun-des-organisations-syndicales-de-la-fonction-publique-le-18-mars-2014-toutes-et-tous-en-greve-et-aux-manifestations\/\",\"url\":\"https:\/\/syndicoop.fr\/ofict\/appel-commun-des-organisations-syndicales-de-la-fonction-publique-le-18-mars-2014-toutes-et-tous-en-greve-et-aux-manifestations\/\",\"name\":\"Appel commun des organisations syndicales de la fonction publique le 18 mars 2014, toutes et tous en gr\u00e8ve et aux manifestations - OFICT-CGT Equipement-Environnement\",\"isPartOf\":{\"@id\":\"https:\/\/syndicoop.fr\/ofict\/#website\"},\"primaryImageOfPage\":{\"@id\":\"https:\/\/syndicoop.fr\/ofict\/appel-commun-des-organisations-syndicales-de-la-fonction-publique-le-18-mars-2014-toutes-et-tous-en-greve-et-aux-manifestations\/#primaryimage\"},\"image\":{\"@id\":\"https:\/\/syndicoop.fr\/ofict\/appel-commun-des-organisations-syndicales-de-la-fonction-publique-le-18-mars-2014-toutes-et-tous-en-greve-et-aux-manifestations\/#primaryimage\"},\"thumbnailUrl\":\"https:\/\/syndicoop.fr\/ofict\/wp-content\/uploads\/sites\/21\/2013\/09\/2013-1.jpg\",\"datePublished\":\"2014-02-24T18:31:16+00:00\",\"dateModified\":\"2020-05-29T11:33:11+00:00\",\"breadcrumb\":{\"@id\":\"https:\/\/syndicoop.fr\/ofict\/appel-commun-des-organisations-syndicales-de-la-fonction-publique-le-18-mars-2014-toutes-et-tous-en-greve-et-aux-manifestations\/#breadcrumb\"},\"inLanguage\":\"fr-FR\",\"potentialAction\":[{\"@type\":\"ReadAction\",\"target\":[\"https:\/\/syndicoop.fr\/ofict\/appel-commun-des-organisations-syndicales-de-la-fonction-publique-le-18-mars-2014-toutes-et-tous-en-greve-et-aux-manifestations\/\"]}]},{\"@type\":\"ImageObject\",\"inLanguage\":\"fr-FR\",\"@id\":\"https:\/\/syndicoop.fr\/ofict\/appel-commun-des-organisations-syndicales-de-la-fonction-publique-le-18-mars-2014-toutes-et-tous-en-greve-et-aux-manifestations\/#primaryimage\",\"url\":\"https:\/\/syndicoop.fr\/ofict\/wp-content\/uploads\/sites\/21\/2013\/09\/2013-1.jpg\",\"contentUrl\":\"https:\/\/syndicoop.fr\/ofict\/wp-content\/uploads\/sites\/21\/2013\/09\/2013-1.jpg\",\"width\":408,\"height\":306},{\"@type\":\"BreadcrumbList\",\"@id\":\"https:\/\/syndicoop.fr\/ofict\/appel-commun-des-organisations-syndicales-de-la-fonction-publique-le-18-mars-2014-toutes-et-tous-en-greve-et-aux-manifestations\/#breadcrumb\",\"itemListElement\":[{\"@type\":\"ListItem\",\"position\":1,\"name\":\"Accueil\",\"item\":\"https:\/\/syndicoop.fr\/ofict\/\"},{\"@type\":\"ListItem\",\"position\":2,\"name\":\"Appel commun des organisations syndicales de la fonction publique le 18 mars 2014, toutes et tous en gr\u00e8ve et aux manifestations\"}]},{\"@type\":\"WebSite\",\"@id\":\"https:\/\/syndicoop.fr\/ofict\/#website\",\"url\":\"https:\/\/syndicoop.fr\/ofict\/\",\"name\":\"OFICT-CGT Equipement-Environnement\",\"description\":\"avec Syndicoop.fr, plateforme syndicale et coop\u00e9rative\",\"publisher\":{\"@id\":\"https:\/\/syndicoop.fr\/ofict\/#organization\"},\"potentialAction\":[{\"@type\":\"SearchAction\",\"target\":{\"@type\":\"EntryPoint\",\"urlTemplate\":\"https:\/\/syndicoop.fr\/ofict\/?s={search_term_string}\"},\"query-input\":{\"@type\":\"PropertyValueSpecification\",\"valueRequired\":true,\"valueName\":\"search_term_string\"}}],\"inLanguage\":\"fr-FR\"},{\"@type\":\"Organization\",\"@id\":\"https:\/\/syndicoop.fr\/ofict\/#organization\",\"name\":\"ofict-cgt\",\"url\":\"https:\/\/syndicoop.fr\/ofict\/\",\"logo\":{\"@type\":\"ImageObject\",\"inLanguage\":\"fr-FR\",\"@id\":\"https:\/\/syndicoop.fr\/ofict\/#\/schema\/logo\/image\/\",\"url\":\"https:\/\/syndicoop.fr\/ofict\/wp-content\/uploads\/sites\/21\/2021\/01\/0-Logo-OFICT-couleur-ombre-grand.png\",\"contentUrl\":\"https:\/\/syndicoop.fr\/ofict\/wp-content\/uploads\/sites\/21\/2021\/01\/0-Logo-OFICT-couleur-ombre-grand.png\",\"width\":853,\"height\":626,\"caption\":\"ofict-cgt\"},\"image\":{\"@id\":\"https:\/\/syndicoop.fr\/ofict\/#\/schema\/logo\/image\/\"},\"sameAs\":[\"https:\/\/www.facebook.com\/ofictcgt\",\"https:\/\/x.com\/ofictcgt\",\"https:\/\/www.youtube.com\/channel\/UCuspFuV1HGEF1weXxpWVKtQ\"]},{\"@type\":\"Person\",\"@id\":\"https:\/\/syndicoop.fr\/ofict\/#\/schema\/person\/f39466be0f2870e8872f54607694f961\",\"name\":\"ecanonne\",\"image\":{\"@type\":\"ImageObject\",\"inLanguage\":\"fr-FR\",\"@id\":\"https:\/\/syndicoop.fr\/ofict\/#\/schema\/person\/image\/\",\"url\":\"\/\/www.gravatar.com\/avatar\/d77c79c43301ad5a8b26da1071f40071?s=96&#038;r=g&#038;d=mm\",\"contentUrl\":\"\/\/www.gravatar.com\/avatar\/d77c79c43301ad5a8b26da1071f40071?s=96&#038;r=g&#038;d=mm\",\"caption\":\"ecanonne\"}}]}<\/script>\n<!-- \/ Yoast SEO plugin. -->","yoast_head_json":{"title":"Appel commun des organisations syndicales de la fonction publique le 18 mars 2014, toutes et tous en gr\u00e8ve et aux manifestations - OFICT-CGT Equipement-Environnement","robots":{"index":"index","follow":"follow","max-snippet":"max-snippet:-1","max-image-preview":"max-image-preview:large","max-video-preview":"max-video-preview:-1"},"canonical":"https:\/\/syndicoop.fr\/ofict\/appel-commun-des-organisations-syndicales-de-la-fonction-publique-le-18-mars-2014-toutes-et-tous-en-greve-et-aux-manifestations\/","og_locale":"fr_FR","og_type":"article","og_title":"Appel commun des organisations syndicales de la fonction publique le 18 mars 2014, toutes et tous en gr\u00e8ve et aux manifestations - OFICT-CGT Equipement-Environnement","og_description":"Contre l\u2019aust\u00e9rit\u00e9, pour l\u2019emploi, les salaires, le service public La politique d\u2019aust\u00e9rit\u00e9 poursuivie par le gouvernement est renforc\u00e9e depuis le pacte de responsabilit\u00e9, qui aura des cons\u00e9quences d\u00e9sastreuses pour la fonction publique, ses agents et le service public rendu aux citoyens.","og_url":"https:\/\/syndicoop.fr\/ofict\/appel-commun-des-organisations-syndicales-de-la-fonction-publique-le-18-mars-2014-toutes-et-tous-en-greve-et-aux-manifestations\/","og_site_name":"OFICT-CGT Equipement-Environnement","article_publisher":"https:\/\/www.facebook.com\/ofictcgt","article_published_time":"2014-02-24T18:31:16+00:00","article_modified_time":"2020-05-29T11:33:11+00:00","og_image":[{"width":408,"height":306,"url":"https:\/\/syndicoop.fr\/ofict\/wp-content\/uploads\/sites\/21\/2013\/09\/2013-1.jpg","type":"image\/jpeg"}],"author":"ecanonne","twitter_card":"summary_large_image","twitter_creator":"@ofictcgt","twitter_site":"@ofictcgt","twitter_misc":{"\u00c9crit par":"ecanonne","Dur\u00e9e de lecture estim\u00e9e":"1 minute"},"schema":{"@context":"https:\/\/schema.org","@graph":[{"@type":"Article","@id":"https:\/\/syndicoop.fr\/ofict\/appel-commun-des-organisations-syndicales-de-la-fonction-publique-le-18-mars-2014-toutes-et-tous-en-greve-et-aux-manifestations\/#article","isPartOf":{"@id":"https:\/\/syndicoop.fr\/ofict\/appel-commun-des-organisations-syndicales-de-la-fonction-publique-le-18-mars-2014-toutes-et-tous-en-greve-et-aux-manifestations\/"},"author":{"name":"ecanonne","@id":"https:\/\/syndicoop.fr\/ofict\/#\/schema\/person\/f39466be0f2870e8872f54607694f961"},"headline":"Appel commun des organisations syndicales de la fonction publique le 18 mars 2014, toutes et tous en gr\u00e8ve et aux manifestations","datePublished":"2014-02-24T18:31:16+00:00","dateModified":"2020-05-29T11:33:11+00:00","mainEntityOfPage":{"@id":"https:\/\/syndicoop.fr\/ofict\/appel-commun-des-organisations-syndicales-de-la-fonction-publique-le-18-mars-2014-toutes-et-tous-en-greve-et-aux-manifestations\/"},"wordCount":123,"commentCount":0,"publisher":{"@id":"https:\/\/syndicoop.fr\/ofict\/#organization"},"image":{"@id":"https:\/\/syndicoop.fr\/ofict\/appel-commun-des-organisations-syndicales-de-la-fonction-publique-le-18-mars-2014-toutes-et-tous-en-greve-et-aux-manifestations\/#primaryimage"},"thumbnailUrl":"https:\/\/syndicoop.fr\/ofict\/wp-content\/uploads\/sites\/21\/2013\/09\/2013-1.jpg","articleSection":["Actus"],"inLanguage":"fr-FR","potentialAction":[{"@type":"CommentAction","name":"Comment","target":["https:\/\/syndicoop.fr\/ofict\/appel-commun-des-organisations-syndicales-de-la-fonction-publique-le-18-mars-2014-toutes-et-tous-en-greve-et-aux-manifestations\/#respond"]}]},{"@type":"WebPage","@id":"https:\/\/syndicoop.fr\/ofict\/appel-commun-des-organisations-syndicales-de-la-fonction-publique-le-18-mars-2014-toutes-et-tous-en-greve-et-aux-manifestations\/","url":"https:\/\/syndicoop.fr\/ofict\/appel-commun-des-organisations-syndicales-de-la-fonction-publique-le-18-mars-2014-toutes-et-tous-en-greve-et-aux-manifestations\/","name":"Appel commun des organisations syndicales de la fonction publique le 18 mars 2014, toutes et tous en gr\u00e8ve et aux manifestations - OFICT-CGT Equipement-Environnement","isPartOf":{"@id":"https:\/\/syndicoop.fr\/ofict\/#website"},"primaryImageOfPage":{"@id":"https:\/\/syndicoop.fr\/ofict\/appel-commun-des-organisations-syndicales-de-la-fonction-publique-le-18-mars-2014-toutes-et-tous-en-greve-et-aux-manifestations\/#primaryimage"},"image":{"@id":"https:\/\/syndicoop.fr\/ofict\/appel-commun-des-organisations-syndicales-de-la-fonction-publique-le-18-mars-2014-toutes-et-tous-en-greve-et-aux-manifestations\/#primaryimage"},"thumbnailUrl":"https:\/\/syndicoop.fr\/ofict\/wp-content\/uploads\/sites\/21\/2013\/09\/2013-1.jpg","datePublished":"2014-02-24T18:31:16+00:00","dateModified":"2020-05-29T11:33:11+00:00","breadcrumb":{"@id":"https:\/\/syndicoop.fr\/ofict\/appel-commun-des-organisations-syndicales-de-la-fonction-publique-le-18-mars-2014-toutes-et-tous-en-greve-et-aux-manifestations\/#breadcrumb"},"inLanguage":"fr-FR","potentialAction":[{"@type":"ReadAction","target":["https:\/\/syndicoop.fr\/ofict\/appel-commun-des-organisations-syndicales-de-la-fonction-publique-le-18-mars-2014-toutes-et-tous-en-greve-et-aux-manifestations\/"]}]},{"@type":"ImageObject","inLanguage":"fr-FR","@id":"https:\/\/syndicoop.fr\/ofict\/appel-commun-des-organisations-syndicales-de-la-fonction-publique-le-18-mars-2014-toutes-et-tous-en-greve-et-aux-manifestations\/#primaryimage","url":"https:\/\/syndicoop.fr\/ofict\/wp-content\/uploads\/sites\/21\/2013\/09\/2013-1.jpg","contentUrl":"https:\/\/syndicoop.fr\/ofict\/wp-content\/uploads\/sites\/21\/2013\/09\/2013-1.jpg","width":408,"height":306},{"@type":"BreadcrumbList","@id":"https:\/\/syndicoop.fr\/ofict\/appel-commun-des-organisations-syndicales-de-la-fonction-publique-le-18-mars-2014-toutes-et-tous-en-greve-et-aux-manifestations\/#breadcrumb","itemListElement":[{"@type":"ListItem","position":1,"name":"Accueil","item":"https:\/\/syndicoop.fr\/ofict\/"},{"@type":"ListItem","position":2,"name":"Appel commun des organisations syndicales de la fonction publique le 18 mars 2014, toutes et tous en gr\u00e8ve et aux manifestations"}]},{"@type":"WebSite","@id":"https:\/\/syndicoop.fr\/ofict\/#website","url":"https:\/\/syndicoop.fr\/ofict\/","name":"OFICT-CGT Equipement-Environnement","description":"avec Syndicoop.fr, plateforme syndicale et coop\u00e9rative","publisher":{"@id":"https:\/\/syndicoop.fr\/ofict\/#organization"},"potentialAction":[{"@type":"SearchAction","target":{"@type":"EntryPoint","urlTemplate":"https:\/\/syndicoop.fr\/ofict\/?s={search_term_string}"},"query-input":{"@type":"PropertyValueSpecification","valueRequired":true,"valueName":"search_term_string"}}],"inLanguage":"fr-FR"},{"@type":"Organization","@id":"https:\/\/syndicoop.fr\/ofict\/#organization","name":"ofict-cgt","url":"https:\/\/syndicoop.fr\/ofict\/","logo":{"@type":"ImageObject","inLanguage":"fr-FR","@id":"https:\/\/syndicoop.fr\/ofict\/#\/schema\/logo\/image\/","url":"https:\/\/syndicoop.fr\/ofict\/wp-content\/uploads\/sites\/21\/2021\/01\/0-Logo-OFICT-couleur-ombre-grand.png","contentUrl":"https:\/\/syndicoop.fr\/ofict\/wp-content\/uploads\/sites\/21\/2021\/01\/0-Logo-OFICT-couleur-ombre-grand.png","width":853,"height":626,"caption":"ofict-cgt"},"image":{"@id":"https:\/\/syndicoop.fr\/ofict\/#\/schema\/logo\/image\/"},"sameAs":["https:\/\/www.facebook.com\/ofictcgt","https:\/\/x.com\/ofictcgt","https:\/\/www.youtube.com\/channel\/UCuspFuV1HGEF1weXxpWVKtQ"]},{"@type":"Person","@id":"https:\/\/syndicoop.fr\/ofict\/#\/schema\/person\/f39466be0f2870e8872f54607694f961","name":"ecanonne","image":{"@type":"ImageObject","inLanguage":"fr-FR","@id":"https:\/\/syndicoop.fr\/ofict\/#\/schema\/person\/image\/","url":"\/\/www.gravatar.com\/avatar\/d77c79c43301ad5a8b26da1071f40071?s=96&#038;r=g&#038;d=mm","contentUrl":"\/\/www.gravatar.com\/avatar\/d77c79c43301ad5a8b26da1071f40071?s=96&#038;r=g&#038;d=mm","caption":"ecanonne"}}]}},"_links":{"self":[{"href":"https:\/\/syndicoop.fr\/ofict\/wp-json\/wp\/v2\/posts\/1816","targetHints":{"allow":["GET"]}}],"collection":[{"href":"https:\/\/syndicoop.fr\/ofict\/wp-json\/wp\/v2\/posts"}],"about":[{"href":"https:\/\/syndicoop.fr\/ofict\/wp-json\/wp\/v2\/types\/post"}],"author":[{"embeddable":true,"href":"https:\/\/syndicoop.fr\/ofict\/wp-json\/wp\/v2\/users\/351"}],"replies":[{"embeddable":true,"href":"https:\/\/syndicoop.fr\/ofict\/wp-json\/wp\/v2\/comments?post=1816"}],"version-history":[{"count":0,"href":"https:\/\/syndicoop.fr\/ofict\/wp-json\/wp\/v2\/posts\/1816\/revisions"}],"wp:featuredmedia":[{"embeddable":true,"href":"https:\/\/syndicoop.fr\/ofict\/wp-json\/wp\/v2\/media\/1587"}],"wp:attachment":[{"href":"https:\/\/syndicoop.fr\/ofict\/wp-json\/wp\/v2\/media?parent=1816"}],"wp:term":[{"taxonomy":"category","embeddable":true,"href":"https:\/\/syndicoop.fr\/ofict\/wp-json\/wp\/v2\/categories?post=1816"},{"taxonomy":"post_tag","embeddable":true,"href":"https:\/\/syndicoop.fr\/ofict\/wp-json\/wp\/v2\/tags?post=1816"}],"curies":[{"name":"wp","href":"https:\/\/api.w.org\/{rel}","templated":true}]}}