{"id":1877,"date":"2014-04-10T20:15:15","date_gmt":"2014-04-10T18:15:15","guid":{"rendered":"http:\/\/ofict.reference-syndicale.fr\/?p=1877"},"modified":"2020-05-29T13:33:11","modified_gmt":"2020-05-29T11:33:11","slug":"note-ugff-cgt-sur-la-marche-du-12-avril-2014-contre-lausterite","status":"publish","type":"post","link":"https:\/\/syndicoop.fr\/ofict\/note-ugff-cgt-sur-la-marche-du-12-avril-2014-contre-lausterite\/","title":{"rendered":"Note UGFF-CGT sur la marche du 12 avril 2014 contre l\u2019aust\u00e9rit\u00e9"},"content":{"rendered":"<div><img loading=\"lazy\" decoding=\"async\" alt=\"\" src=\"http:\/\/www.equipement.cgt.fr\/IMG\/arton5587.png?1396614219\" width=\"450\" height=\"140\" \/><\/p>\n<p>Les politiques d\u2019aust\u00e9rit\u00e9 mises en \u0153uvre au sein de l\u2019Union europ\u00e9enne ne cessent de nourrir, de g\u00e9n\u00e9raliser et d\u2019amplifier la crise dont profite le capitalisme mondialis\u00e9 et financiaris\u00e9.<\/p><\/div>\n<div>\n<p>Lire la suite dans\u00a0<a href=\"http:\/\/www.equipement.cgt.fr\/IMG\/pdf\/UGFF_marche_du_12_avril_2014.pdf\" target=\"_blank\">la note UGFF-CGT<\/a>\u00a0ci-jointe.<\/p>\n<\/div>\n","protected":false},"excerpt":{"rendered":"<p>Les politiques d\u2019aust\u00e9rit\u00e9 mises en \u0153uvre au sein de l\u2019Union europ\u00e9enne ne cessent de nourrir, de g\u00e9n\u00e9raliser et d\u2019amplifier la crise dont profite le capitalisme mondialis\u00e9 et financiaris\u00e9. Lire la suite dans\u00a0la note UGFF-CGT\u00a0ci-jointe.<\/p>\n","protected":false},"author":351,"featured_media":0,"comment_status":"open","ping_status":"closed","sticky":false,"template":"","format":"standard","meta":{"_acf_changed":false,"footnotes":""},"categories":[1],"tags":[],"class_list":["post-1877","post","type-post","status-publish","format-standard","hentry","category-actus","documents-tracts"],"acf":[],"yoast_head":"<!-- This site is optimized with the Yoast SEO plugin v26.3 - https:\/\/yoast.com\/wordpress\/plugins\/seo\/ -->\n<title>Note UGFF-CGT sur la marche du 12 avril 2014 contre l\u2019aust\u00e9rit\u00e9 - OFICT-CGT Equipement-Environnement<\/title>\n<meta name=\"robots\" content=\"index, follow, max-snippet:-1, max-image-preview:large, max-video-preview:-1\" \/>\n<link rel=\"canonical\" href=\"https:\/\/syndicoop.fr\/ofict\/note-ugff-cgt-sur-la-marche-du-12-avril-2014-contre-lausterite\/\" \/>\n<meta property=\"og:locale\" content=\"fr_FR\" \/>\n<meta property=\"og:type\" content=\"article\" \/>\n<meta property=\"og:title\" content=\"Note UGFF-CGT sur la marche du 12 avril 2014 contre l\u2019aust\u00e9rit\u00e9 - OFICT-CGT Equipement-Environnement\" \/>\n<meta property=\"og:description\" content=\"Les politiques d\u2019aust\u00e9rit\u00e9 mises en \u0153uvre au sein de l\u2019Union europ\u00e9enne ne cessent de nourrir, de g\u00e9n\u00e9raliser et d\u2019amplifier la crise dont profite le capitalisme mondialis\u00e9 et financiaris\u00e9. Lire la suite dans\u00a0la note UGFF-CGT\u00a0ci-jointe.\" \/>\n<meta property=\"og:url\" content=\"https:\/\/syndicoop.fr\/ofict\/note-ugff-cgt-sur-la-marche-du-12-avril-2014-contre-lausterite\/\" \/>\n<meta property=\"og:site_name\" content=\"OFICT-CGT Equipement-Environnement\" \/>\n<meta property=\"article:publisher\" content=\"https:\/\/www.facebook.com\/ofictcgt\" \/>\n<meta property=\"article:published_time\" content=\"2014-04-10T18:15:15+00:00\" \/>\n<meta property=\"article:modified_time\" content=\"2020-05-29T11:33:11+00:00\" \/>\n<meta property=\"og:image\" content=\"http:\/\/www.equipement.cgt.fr\/IMG\/arton5587.png?1396614219\" \/>\n<meta name=\"author\" content=\"ecanonne\" \/>\n<meta name=\"twitter:card\" content=\"summary_large_image\" \/>\n<meta name=\"twitter:creator\" content=\"@ofictcgt\" \/>\n<meta name=\"twitter:site\" content=\"@ofictcgt\" \/>\n<meta name=\"twitter:label1\" content=\"\u00c9crit par\" \/>\n\t<meta name=\"twitter:data1\" content=\"ecanonne\" \/>\n<script type=\"application\/ld+json\" class=\"yoast-schema-graph\">{\"@context\":\"https:\/\/schema.org\",\"@graph\":[{\"@type\":\"Article\",\"@id\":\"https:\/\/syndicoop.fr\/ofict\/note-ugff-cgt-sur-la-marche-du-12-avril-2014-contre-lausterite\/#article\",\"isPartOf\":{\"@id\":\"https:\/\/syndicoop.fr\/ofict\/note-ugff-cgt-sur-la-marche-du-12-avril-2014-contre-lausterite\/\"},\"author\":{\"name\":\"ecanonne\",\"@id\":\"https:\/\/syndicoop.fr\/ofict\/#\/schema\/person\/f39466be0f2870e8872f54607694f961\"},\"headline\":\"Note UGFF-CGT sur la marche du 12 avril 2014 contre l\u2019aust\u00e9rit\u00e9\",\"datePublished\":\"2014-04-10T18:15:15+00:00\",\"dateModified\":\"2020-05-29T11:33:11+00:00\",\"mainEntityOfPage\":{\"@id\":\"https:\/\/syndicoop.fr\/ofict\/note-ugff-cgt-sur-la-marche-du-12-avril-2014-contre-lausterite\/\"},\"wordCount\":54,\"commentCount\":0,\"publisher\":{\"@id\":\"https:\/\/syndicoop.fr\/ofict\/#organization\"},\"image\":{\"@id\":\"https:\/\/syndicoop.fr\/ofict\/note-ugff-cgt-sur-la-marche-du-12-avril-2014-contre-lausterite\/#primaryimage\"},\"thumbnailUrl\":\"http:\/\/www.equipement.cgt.fr\/IMG\/arton5587.png?1396614219\",\"articleSection\":[\"Actus\"],\"inLanguage\":\"fr-FR\",\"potentialAction\":[{\"@type\":\"CommentAction\",\"name\":\"Comment\",\"target\":[\"https:\/\/syndicoop.fr\/ofict\/note-ugff-cgt-sur-la-marche-du-12-avril-2014-contre-lausterite\/#respond\"]}]},{\"@type\":\"WebPage\",\"@id\":\"https:\/\/syndicoop.fr\/ofict\/note-ugff-cgt-sur-la-marche-du-12-avril-2014-contre-lausterite\/\",\"url\":\"https:\/\/syndicoop.fr\/ofict\/note-ugff-cgt-sur-la-marche-du-12-avril-2014-contre-lausterite\/\",\"name\":\"Note UGFF-CGT sur la marche du 12 avril 2014 contre l\u2019aust\u00e9rit\u00e9 - OFICT-CGT Equipement-Environnement\",\"isPartOf\":{\"@id\":\"https:\/\/syndicoop.fr\/ofict\/#website\"},\"primaryImageOfPage\":{\"@id\":\"https:\/\/syndicoop.fr\/ofict\/note-ugff-cgt-sur-la-marche-du-12-avril-2014-contre-lausterite\/#primaryimage\"},\"image\":{\"@id\":\"https:\/\/syndicoop.fr\/ofict\/note-ugff-cgt-sur-la-marche-du-12-avril-2014-contre-lausterite\/#primaryimage\"},\"thumbnailUrl\":\"http:\/\/www.equipement.cgt.fr\/IMG\/arton5587.png?1396614219\",\"datePublished\":\"2014-04-10T18:15:15+00:00\",\"dateModified\":\"2020-05-29T11:33:11+00:00\",\"breadcrumb\":{\"@id\":\"https:\/\/syndicoop.fr\/ofict\/note-ugff-cgt-sur-la-marche-du-12-avril-2014-contre-lausterite\/#breadcrumb\"},\"inLanguage\":\"fr-FR\",\"potentialAction\":[{\"@type\":\"ReadAction\",\"target\":[\"https:\/\/syndicoop.fr\/ofict\/note-ugff-cgt-sur-la-marche-du-12-avril-2014-contre-lausterite\/\"]}]},{\"@type\":\"ImageObject\",\"inLanguage\":\"fr-FR\",\"@id\":\"https:\/\/syndicoop.fr\/ofict\/note-ugff-cgt-sur-la-marche-du-12-avril-2014-contre-lausterite\/#primaryimage\",\"url\":\"http:\/\/www.equipement.cgt.fr\/IMG\/arton5587.png?1396614219\",\"contentUrl\":\"http:\/\/www.equipement.cgt.fr\/IMG\/arton5587.png?1396614219\"},{\"@type\":\"BreadcrumbList\",\"@id\":\"https:\/\/syndicoop.fr\/ofict\/note-ugff-cgt-sur-la-marche-du-12-avril-2014-contre-lausterite\/#breadcrumb\",\"itemListElement\":[{\"@type\":\"ListItem\",\"position\":1,\"name\":\"Accueil\",\"item\":\"https:\/\/syndicoop.fr\/ofict\/\"},{\"@type\":\"ListItem\",\"position\":2,\"name\":\"Note UGFF-CGT sur la marche du 12 avril 2014 contre l\u2019aust\u00e9rit\u00e9\"}]},{\"@type\":\"WebSite\",\"@id\":\"https:\/\/syndicoop.fr\/ofict\/#website\",\"url\":\"https:\/\/syndicoop.fr\/ofict\/\",\"name\":\"OFICT-CGT Equipement-Environnement\",\"description\":\"avec Syndicoop.fr, plateforme syndicale et coop\u00e9rative\",\"publisher\":{\"@id\":\"https:\/\/syndicoop.fr\/ofict\/#organization\"},\"potentialAction\":[{\"@type\":\"SearchAction\",\"target\":{\"@type\":\"EntryPoint\",\"urlTemplate\":\"https:\/\/syndicoop.fr\/ofict\/?s={search_term_string}\"},\"query-input\":{\"@type\":\"PropertyValueSpecification\",\"valueRequired\":true,\"valueName\":\"search_term_string\"}}],\"inLanguage\":\"fr-FR\"},{\"@type\":\"Organization\",\"@id\":\"https:\/\/syndicoop.fr\/ofict\/#organization\",\"name\":\"ofict-cgt\",\"url\":\"https:\/\/syndicoop.fr\/ofict\/\",\"logo\":{\"@type\":\"ImageObject\",\"inLanguage\":\"fr-FR\",\"@id\":\"https:\/\/syndicoop.fr\/ofict\/#\/schema\/logo\/image\/\",\"url\":\"https:\/\/syndicoop.fr\/ofict\/wp-content\/uploads\/sites\/21\/2021\/01\/0-Logo-OFICT-couleur-ombre-grand.png\",\"contentUrl\":\"https:\/\/syndicoop.fr\/ofict\/wp-content\/uploads\/sites\/21\/2021\/01\/0-Logo-OFICT-couleur-ombre-grand.png\",\"width\":853,\"height\":626,\"caption\":\"ofict-cgt\"},\"image\":{\"@id\":\"https:\/\/syndicoop.fr\/ofict\/#\/schema\/logo\/image\/\"},\"sameAs\":[\"https:\/\/www.facebook.com\/ofictcgt\",\"https:\/\/x.com\/ofictcgt\",\"https:\/\/www.youtube.com\/channel\/UCuspFuV1HGEF1weXxpWVKtQ\"]},{\"@type\":\"Person\",\"@id\":\"https:\/\/syndicoop.fr\/ofict\/#\/schema\/person\/f39466be0f2870e8872f54607694f961\",\"name\":\"ecanonne\",\"image\":{\"@type\":\"ImageObject\",\"inLanguage\":\"fr-FR\",\"@id\":\"https:\/\/syndicoop.fr\/ofict\/#\/schema\/person\/image\/\",\"url\":\"\/\/www.gravatar.com\/avatar\/d77c79c43301ad5a8b26da1071f40071?s=96&#038;r=g&#038;d=mm\",\"contentUrl\":\"\/\/www.gravatar.com\/avatar\/d77c79c43301ad5a8b26da1071f40071?s=96&#038;r=g&#038;d=mm\",\"caption\":\"ecanonne\"}}]}<\/script>\n<!-- \/ Yoast SEO plugin. -->","yoast_head_json":{"title":"Note UGFF-CGT sur la marche du 12 avril 2014 contre l\u2019aust\u00e9rit\u00e9 - OFICT-CGT Equipement-Environnement","robots":{"index":"index","follow":"follow","max-snippet":"max-snippet:-1","max-image-preview":"max-image-preview:large","max-video-preview":"max-video-preview:-1"},"canonical":"https:\/\/syndicoop.fr\/ofict\/note-ugff-cgt-sur-la-marche-du-12-avril-2014-contre-lausterite\/","og_locale":"fr_FR","og_type":"article","og_title":"Note UGFF-CGT sur la marche du 12 avril 2014 contre l\u2019aust\u00e9rit\u00e9 - OFICT-CGT Equipement-Environnement","og_description":"Les politiques d\u2019aust\u00e9rit\u00e9 mises en \u0153uvre au sein de l\u2019Union europ\u00e9enne ne cessent de nourrir, de g\u00e9n\u00e9raliser et d\u2019amplifier la crise dont profite le capitalisme mondialis\u00e9 et financiaris\u00e9. Lire la suite dans\u00a0la note UGFF-CGT\u00a0ci-jointe.","og_url":"https:\/\/syndicoop.fr\/ofict\/note-ugff-cgt-sur-la-marche-du-12-avril-2014-contre-lausterite\/","og_site_name":"OFICT-CGT Equipement-Environnement","article_publisher":"https:\/\/www.facebook.com\/ofictcgt","article_published_time":"2014-04-10T18:15:15+00:00","article_modified_time":"2020-05-29T11:33:11+00:00","og_image":[{"url":"http:\/\/www.equipement.cgt.fr\/IMG\/arton5587.png?1396614219","type":"","width":"","height":""}],"author":"ecanonne","twitter_card":"summary_large_image","twitter_creator":"@ofictcgt","twitter_site":"@ofictcgt","twitter_misc":{"\u00c9crit par":"ecanonne"},"schema":{"@context":"https:\/\/schema.org","@graph":[{"@type":"Article","@id":"https:\/\/syndicoop.fr\/ofict\/note-ugff-cgt-sur-la-marche-du-12-avril-2014-contre-lausterite\/#article","isPartOf":{"@id":"https:\/\/syndicoop.fr\/ofict\/note-ugff-cgt-sur-la-marche-du-12-avril-2014-contre-lausterite\/"},"author":{"name":"ecanonne","@id":"https:\/\/syndicoop.fr\/ofict\/#\/schema\/person\/f39466be0f2870e8872f54607694f961"},"headline":"Note UGFF-CGT sur la marche du 12 avril 2014 contre l\u2019aust\u00e9rit\u00e9","datePublished":"2014-04-10T18:15:15+00:00","dateModified":"2020-05-29T11:33:11+00:00","mainEntityOfPage":{"@id":"https:\/\/syndicoop.fr\/ofict\/note-ugff-cgt-sur-la-marche-du-12-avril-2014-contre-lausterite\/"},"wordCount":54,"commentCount":0,"publisher":{"@id":"https:\/\/syndicoop.fr\/ofict\/#organization"},"image":{"@id":"https:\/\/syndicoop.fr\/ofict\/note-ugff-cgt-sur-la-marche-du-12-avril-2014-contre-lausterite\/#primaryimage"},"thumbnailUrl":"http:\/\/www.equipement.cgt.fr\/IMG\/arton5587.png?1396614219","articleSection":["Actus"],"inLanguage":"fr-FR","potentialAction":[{"@type":"CommentAction","name":"Comment","target":["https:\/\/syndicoop.fr\/ofict\/note-ugff-cgt-sur-la-marche-du-12-avril-2014-contre-lausterite\/#respond"]}]},{"@type":"WebPage","@id":"https:\/\/syndicoop.fr\/ofict\/note-ugff-cgt-sur-la-marche-du-12-avril-2014-contre-lausterite\/","url":"https:\/\/syndicoop.fr\/ofict\/note-ugff-cgt-sur-la-marche-du-12-avril-2014-contre-lausterite\/","name":"Note UGFF-CGT sur la marche du 12 avril 2014 contre l\u2019aust\u00e9rit\u00e9 - OFICT-CGT Equipement-Environnement","isPartOf":{"@id":"https:\/\/syndicoop.fr\/ofict\/#website"},"primaryImageOfPage":{"@id":"https:\/\/syndicoop.fr\/ofict\/note-ugff-cgt-sur-la-marche-du-12-avril-2014-contre-lausterite\/#primaryimage"},"image":{"@id":"https:\/\/syndicoop.fr\/ofict\/note-ugff-cgt-sur-la-marche-du-12-avril-2014-contre-lausterite\/#primaryimage"},"thumbnailUrl":"http:\/\/www.equipement.cgt.fr\/IMG\/arton5587.png?1396614219","datePublished":"2014-04-10T18:15:15+00:00","dateModified":"2020-05-29T11:33:11+00:00","breadcrumb":{"@id":"https:\/\/syndicoop.fr\/ofict\/note-ugff-cgt-sur-la-marche-du-12-avril-2014-contre-lausterite\/#breadcrumb"},"inLanguage":"fr-FR","potentialAction":[{"@type":"ReadAction","target":["https:\/\/syndicoop.fr\/ofict\/note-ugff-cgt-sur-la-marche-du-12-avril-2014-contre-lausterite\/"]}]},{"@type":"ImageObject","inLanguage":"fr-FR","@id":"https:\/\/syndicoop.fr\/ofict\/note-ugff-cgt-sur-la-marche-du-12-avril-2014-contre-lausterite\/#primaryimage","url":"http:\/\/www.equipement.cgt.fr\/IMG\/arton5587.png?1396614219","contentUrl":"http:\/\/www.equipement.cgt.fr\/IMG\/arton5587.png?1396614219"},{"@type":"BreadcrumbList","@id":"https:\/\/syndicoop.fr\/ofict\/note-ugff-cgt-sur-la-marche-du-12-avril-2014-contre-lausterite\/#breadcrumb","itemListElement":[{"@type":"ListItem","position":1,"name":"Accueil","item":"https:\/\/syndicoop.fr\/ofict\/"},{"@type":"ListItem","position":2,"name":"Note UGFF-CGT sur la marche du 12 avril 2014 contre l\u2019aust\u00e9rit\u00e9"}]},{"@type":"WebSite","@id":"https:\/\/syndicoop.fr\/ofict\/#website","url":"https:\/\/syndicoop.fr\/ofict\/","name":"OFICT-CGT Equipement-Environnement","description":"avec Syndicoop.fr, plateforme syndicale et coop\u00e9rative","publisher":{"@id":"https:\/\/syndicoop.fr\/ofict\/#organization"},"potentialAction":[{"@type":"SearchAction","target":{"@type":"EntryPoint","urlTemplate":"https:\/\/syndicoop.fr\/ofict\/?s={search_term_string}"},"query-input":{"@type":"PropertyValueSpecification","valueRequired":true,"valueName":"search_term_string"}}],"inLanguage":"fr-FR"},{"@type":"Organization","@id":"https:\/\/syndicoop.fr\/ofict\/#organization","name":"ofict-cgt","url":"https:\/\/syndicoop.fr\/ofict\/","logo":{"@type":"ImageObject","inLanguage":"fr-FR","@id":"https:\/\/syndicoop.fr\/ofict\/#\/schema\/logo\/image\/","url":"https:\/\/syndicoop.fr\/ofict\/wp-content\/uploads\/sites\/21\/2021\/01\/0-Logo-OFICT-couleur-ombre-grand.png","contentUrl":"https:\/\/syndicoop.fr\/ofict\/wp-content\/uploads\/sites\/21\/2021\/01\/0-Logo-OFICT-couleur-ombre-grand.png","width":853,"height":626,"caption":"ofict-cgt"},"image":{"@id":"https:\/\/syndicoop.fr\/ofict\/#\/schema\/logo\/image\/"},"sameAs":["https:\/\/www.facebook.com\/ofictcgt","https:\/\/x.com\/ofictcgt","https:\/\/www.youtube.com\/channel\/UCuspFuV1HGEF1weXxpWVKtQ"]},{"@type":"Person","@id":"https:\/\/syndicoop.fr\/ofict\/#\/schema\/person\/f39466be0f2870e8872f54607694f961","name":"ecanonne","image":{"@type":"ImageObject","inLanguage":"fr-FR","@id":"https:\/\/syndicoop.fr\/ofict\/#\/schema\/person\/image\/","url":"\/\/www.gravatar.com\/avatar\/d77c79c43301ad5a8b26da1071f40071?s=96&#038;r=g&#038;d=mm","contentUrl":"\/\/www.gravatar.com\/avatar\/d77c79c43301ad5a8b26da1071f40071?s=96&#038;r=g&#038;d=mm","caption":"ecanonne"}}]}},"_links":{"self":[{"href":"https:\/\/syndicoop.fr\/ofict\/wp-json\/wp\/v2\/posts\/1877","targetHints":{"allow":["GET"]}}],"collection":[{"href":"https:\/\/syndicoop.fr\/ofict\/wp-json\/wp\/v2\/posts"}],"about":[{"href":"https:\/\/syndicoop.fr\/ofict\/wp-json\/wp\/v2\/types\/post"}],"author":[{"embeddable":true,"href":"https:\/\/syndicoop.fr\/ofict\/wp-json\/wp\/v2\/users\/351"}],"replies":[{"embeddable":true,"href":"https:\/\/syndicoop.fr\/ofict\/wp-json\/wp\/v2\/comments?post=1877"}],"version-history":[{"count":0,"href":"https:\/\/syndicoop.fr\/ofict\/wp-json\/wp\/v2\/posts\/1877\/revisions"}],"wp:attachment":[{"href":"https:\/\/syndicoop.fr\/ofict\/wp-json\/wp\/v2\/media?parent=1877"}],"wp:term":[{"taxonomy":"category","embeddable":true,"href":"https:\/\/syndicoop.fr\/ofict\/wp-json\/wp\/v2\/categories?post=1877"},{"taxonomy":"post_tag","embeddable":true,"href":"https:\/\/syndicoop.fr\/ofict\/wp-json\/wp\/v2\/tags?post=1877"}],"curies":[{"name":"wp","href":"https:\/\/api.w.org\/{rel}","templated":true}]}}