{"id":217,"date":"2012-10-22T20:33:04","date_gmt":"2012-10-22T18:33:04","guid":{"rendered":"http:\/\/ofict.reference-syndicale.fr\/?p=217"},"modified":"2020-05-29T14:07:33","modified_gmt":"2020-05-29T12:07:33","slug":"ofict-ingenieurs-cadres-et-techniciens-dans-laction-le-23-octobre-2012","status":"publish","type":"post","link":"https:\/\/syndicoop.fr\/ofict\/ofict-ingenieurs-cadres-et-techniciens-dans-laction-le-23-octobre-2012\/","title":{"rendered":"OFICT : Ing\u00e9nieurs, cadres et techniciens dans l\u2019action le 23 octobre 2012"},"content":{"rendered":"<div><a href=\"http:\/\/ofict.reference-syndicale.fr\/?p=80\">Le service public est indispensable pour combattre la crise&#8230;<\/a><\/div>\n<div>\n<p>Laissez nous bien travailler\u00a0!<\/p>\n<p>Reconnaissez nos qualifications\u00a0!<\/p>\n<p>Nous voulons une r\u00e9ponse de haut niveau du service public de l\u2019Etat, associ\u00e9 au collectivit\u00e9s territoriales, avec des moyens budg\u00e9taires, des agents au niveau de qualification n\u00e9cessaire, de la formation.<!--more--><\/p>\n<p>Nous refusons d\u2019\u00eatre enferm\u00e9s dans le carcan de la baisse des d\u00e9penses publiques pour \u00ab\u00a0garder la confiance des march\u00e9s financiers\u00a0\u00bb<\/p>\n<p>Nous voulons des taux pro\/pro pour l\u2019acc\u00e8s de tous au 3i\u00e8me grade du NES\u00a0!<\/p>\n<p>Et des recrutements et la reconnaissance des techniciens OPA\u00a0, dans la grille de classification n\u00e9cessaires \u00e0 la ma\u00eetrise de la technicit\u00e9 par l\u2019Etat et les collectivit\u00e9s.<\/p>\n<p>Nous voulons des taux prop\/pro permettant un d\u00e9roulement de carri\u00e8re sur tous les grades, la revalorisation de la cat\u00e9gorie A, et de la place et du r\u00f4le des cadres dans notre minist\u00e8re\u00a0!<\/p>\n<p>Nous voulons des droits nouveaux pour participer pleinement aux d\u00e9cisions<\/p>\n<p>Nous voulons, maintenant, la discussion pour le respect des limites l\u00e9gales de temps de travail, \u00eatre pay\u00e9s, ou r\u00e9cup\u00e9rer les heures suppl\u00e9mentaires, am\u00e9liorer nos droits \u00e0 ma\u00eetriser notre temps et notre charge de travail.<\/p>\n<p>Lire la suite dans le\u00a0<a href=\"http:\/\/ofict.reference-syndicale.fr\/files\/2013\/01\/tract_23_octobre_OFICT2.pdf\">tract OFICT<\/a><\/p>\n<p>&nbsp;<\/p>\n<\/div>\n","protected":false},"excerpt":{"rendered":"<p>Le service public est indispensable pour combattre la crise&#8230; Laissez nous bien travailler\u00a0! Reconnaissez nos qualifications\u00a0! Nous voulons une r\u00e9ponse de haut niveau du service public de l\u2019Etat, associ\u00e9 au collectivit\u00e9s territoriales, avec des moyens budg\u00e9taires, des agents au niveau de qualification n\u00e9cessaire, de la formation.<\/p>\n","protected":false},"author":351,"featured_media":0,"comment_status":"open","ping_status":"closed","sticky":false,"template":"","format":"standard","meta":{"_acf_changed":false,"footnotes":""},"categories":[1,382],"tags":[],"class_list":["post-217","post","type-post","status-publish","format-standard","hentry","category-actus","category-ofict","documents-tracts"],"acf":[],"yoast_head":"<!-- This site is optimized with the Yoast SEO plugin v26.3 - https:\/\/yoast.com\/wordpress\/plugins\/seo\/ -->\n<title>OFICT : Ing\u00e9nieurs, cadres et techniciens dans l\u2019action le 23 octobre 2012 - OFICT-CGT Equipement-Environnement<\/title>\n<meta name=\"robots\" content=\"index, follow, max-snippet:-1, max-image-preview:large, max-video-preview:-1\" \/>\n<link rel=\"canonical\" href=\"https:\/\/syndicoop.fr\/ofict\/ofict-ingenieurs-cadres-et-techniciens-dans-laction-le-23-octobre-2012\/\" \/>\n<meta property=\"og:locale\" content=\"fr_FR\" \/>\n<meta property=\"og:type\" content=\"article\" \/>\n<meta property=\"og:title\" content=\"OFICT : Ing\u00e9nieurs, cadres et techniciens dans l\u2019action le 23 octobre 2012 - OFICT-CGT Equipement-Environnement\" \/>\n<meta property=\"og:description\" content=\"Le service public est indispensable pour combattre la crise&#8230; Laissez nous bien travailler\u00a0! Reconnaissez nos qualifications\u00a0! Nous voulons une r\u00e9ponse de haut niveau du service public de l\u2019Etat, associ\u00e9 au collectivit\u00e9s territoriales, avec des moyens budg\u00e9taires, des agents au niveau de qualification n\u00e9cessaire, de la formation.\" \/>\n<meta property=\"og:url\" content=\"https:\/\/syndicoop.fr\/ofict\/ofict-ingenieurs-cadres-et-techniciens-dans-laction-le-23-octobre-2012\/\" \/>\n<meta property=\"og:site_name\" content=\"OFICT-CGT Equipement-Environnement\" \/>\n<meta property=\"article:publisher\" content=\"https:\/\/www.facebook.com\/ofictcgt\" \/>\n<meta property=\"article:published_time\" content=\"2012-10-22T18:33:04+00:00\" \/>\n<meta property=\"article:modified_time\" content=\"2020-05-29T12:07:33+00:00\" \/>\n<meta name=\"author\" content=\"ecanonne\" \/>\n<meta name=\"twitter:card\" content=\"summary_large_image\" \/>\n<meta name=\"twitter:creator\" content=\"@ofictcgt\" \/>\n<meta name=\"twitter:site\" content=\"@ofictcgt\" \/>\n<meta name=\"twitter:label1\" content=\"\u00c9crit par\" \/>\n\t<meta name=\"twitter:data1\" content=\"ecanonne\" \/>\n\t<meta name=\"twitter:label2\" content=\"Dur\u00e9e de lecture estim\u00e9e\" \/>\n\t<meta name=\"twitter:data2\" content=\"1 minute\" \/>\n<script type=\"application\/ld+json\" class=\"yoast-schema-graph\">{\"@context\":\"https:\/\/schema.org\",\"@graph\":[{\"@type\":\"Article\",\"@id\":\"https:\/\/syndicoop.fr\/ofict\/ofict-ingenieurs-cadres-et-techniciens-dans-laction-le-23-octobre-2012\/#article\",\"isPartOf\":{\"@id\":\"https:\/\/syndicoop.fr\/ofict\/ofict-ingenieurs-cadres-et-techniciens-dans-laction-le-23-octobre-2012\/\"},\"author\":{\"name\":\"ecanonne\",\"@id\":\"https:\/\/syndicoop.fr\/ofict\/#\/schema\/person\/f39466be0f2870e8872f54607694f961\"},\"headline\":\"OFICT : Ing\u00e9nieurs, cadres et techniciens dans l\u2019action le 23 octobre 2012\",\"datePublished\":\"2012-10-22T18:33:04+00:00\",\"dateModified\":\"2020-05-29T12:07:33+00:00\",\"mainEntityOfPage\":{\"@id\":\"https:\/\/syndicoop.fr\/ofict\/ofict-ingenieurs-cadres-et-techniciens-dans-laction-le-23-octobre-2012\/\"},\"wordCount\":230,\"commentCount\":0,\"publisher\":{\"@id\":\"https:\/\/syndicoop.fr\/ofict\/#organization\"},\"articleSection\":[\"Actus\",\"Ofict\"],\"inLanguage\":\"fr-FR\",\"potentialAction\":[{\"@type\":\"CommentAction\",\"name\":\"Comment\",\"target\":[\"https:\/\/syndicoop.fr\/ofict\/ofict-ingenieurs-cadres-et-techniciens-dans-laction-le-23-octobre-2012\/#respond\"]}]},{\"@type\":\"WebPage\",\"@id\":\"https:\/\/syndicoop.fr\/ofict\/ofict-ingenieurs-cadres-et-techniciens-dans-laction-le-23-octobre-2012\/\",\"url\":\"https:\/\/syndicoop.fr\/ofict\/ofict-ingenieurs-cadres-et-techniciens-dans-laction-le-23-octobre-2012\/\",\"name\":\"OFICT : Ing\u00e9nieurs, cadres et techniciens dans l\u2019action le 23 octobre 2012 - OFICT-CGT Equipement-Environnement\",\"isPartOf\":{\"@id\":\"https:\/\/syndicoop.fr\/ofict\/#website\"},\"datePublished\":\"2012-10-22T18:33:04+00:00\",\"dateModified\":\"2020-05-29T12:07:33+00:00\",\"breadcrumb\":{\"@id\":\"https:\/\/syndicoop.fr\/ofict\/ofict-ingenieurs-cadres-et-techniciens-dans-laction-le-23-octobre-2012\/#breadcrumb\"},\"inLanguage\":\"fr-FR\",\"potentialAction\":[{\"@type\":\"ReadAction\",\"target\":[\"https:\/\/syndicoop.fr\/ofict\/ofict-ingenieurs-cadres-et-techniciens-dans-laction-le-23-octobre-2012\/\"]}]},{\"@type\":\"BreadcrumbList\",\"@id\":\"https:\/\/syndicoop.fr\/ofict\/ofict-ingenieurs-cadres-et-techniciens-dans-laction-le-23-octobre-2012\/#breadcrumb\",\"itemListElement\":[{\"@type\":\"ListItem\",\"position\":1,\"name\":\"Accueil\",\"item\":\"https:\/\/syndicoop.fr\/ofict\/\"},{\"@type\":\"ListItem\",\"position\":2,\"name\":\"OFICT&#160;: Ing\u00e9nieurs, cadres et techniciens dans l\u2019action le 23 octobre 2012\"}]},{\"@type\":\"WebSite\",\"@id\":\"https:\/\/syndicoop.fr\/ofict\/#website\",\"url\":\"https:\/\/syndicoop.fr\/ofict\/\",\"name\":\"OFICT-CGT Equipement-Environnement\",\"description\":\"avec Syndicoop.fr, plateforme syndicale et coop\u00e9rative\",\"publisher\":{\"@id\":\"https:\/\/syndicoop.fr\/ofict\/#organization\"},\"potentialAction\":[{\"@type\":\"SearchAction\",\"target\":{\"@type\":\"EntryPoint\",\"urlTemplate\":\"https:\/\/syndicoop.fr\/ofict\/?s={search_term_string}\"},\"query-input\":{\"@type\":\"PropertyValueSpecification\",\"valueRequired\":true,\"valueName\":\"search_term_string\"}}],\"inLanguage\":\"fr-FR\"},{\"@type\":\"Organization\",\"@id\":\"https:\/\/syndicoop.fr\/ofict\/#organization\",\"name\":\"ofict-cgt\",\"url\":\"https:\/\/syndicoop.fr\/ofict\/\",\"logo\":{\"@type\":\"ImageObject\",\"inLanguage\":\"fr-FR\",\"@id\":\"https:\/\/syndicoop.fr\/ofict\/#\/schema\/logo\/image\/\",\"url\":\"https:\/\/syndicoop.fr\/ofict\/wp-content\/uploads\/sites\/21\/2021\/01\/0-Logo-OFICT-couleur-ombre-grand.png\",\"contentUrl\":\"https:\/\/syndicoop.fr\/ofict\/wp-content\/uploads\/sites\/21\/2021\/01\/0-Logo-OFICT-couleur-ombre-grand.png\",\"width\":853,\"height\":626,\"caption\":\"ofict-cgt\"},\"image\":{\"@id\":\"https:\/\/syndicoop.fr\/ofict\/#\/schema\/logo\/image\/\"},\"sameAs\":[\"https:\/\/www.facebook.com\/ofictcgt\",\"https:\/\/x.com\/ofictcgt\",\"https:\/\/www.youtube.com\/channel\/UCuspFuV1HGEF1weXxpWVKtQ\"]},{\"@type\":\"Person\",\"@id\":\"https:\/\/syndicoop.fr\/ofict\/#\/schema\/person\/f39466be0f2870e8872f54607694f961\",\"name\":\"ecanonne\",\"image\":{\"@type\":\"ImageObject\",\"inLanguage\":\"fr-FR\",\"@id\":\"https:\/\/syndicoop.fr\/ofict\/#\/schema\/person\/image\/\",\"url\":\"\/\/www.gravatar.com\/avatar\/d77c79c43301ad5a8b26da1071f40071?s=96&#038;r=g&#038;d=mm\",\"contentUrl\":\"\/\/www.gravatar.com\/avatar\/d77c79c43301ad5a8b26da1071f40071?s=96&#038;r=g&#038;d=mm\",\"caption\":\"ecanonne\"}}]}<\/script>\n<!-- \/ Yoast SEO plugin. -->","yoast_head_json":{"title":"OFICT : Ing\u00e9nieurs, cadres et techniciens dans l\u2019action le 23 octobre 2012 - OFICT-CGT Equipement-Environnement","robots":{"index":"index","follow":"follow","max-snippet":"max-snippet:-1","max-image-preview":"max-image-preview:large","max-video-preview":"max-video-preview:-1"},"canonical":"https:\/\/syndicoop.fr\/ofict\/ofict-ingenieurs-cadres-et-techniciens-dans-laction-le-23-octobre-2012\/","og_locale":"fr_FR","og_type":"article","og_title":"OFICT : Ing\u00e9nieurs, cadres et techniciens dans l\u2019action le 23 octobre 2012 - OFICT-CGT Equipement-Environnement","og_description":"Le service public est indispensable pour combattre la crise&#8230; Laissez nous bien travailler\u00a0! Reconnaissez nos qualifications\u00a0! Nous voulons une r\u00e9ponse de haut niveau du service public de l\u2019Etat, associ\u00e9 au collectivit\u00e9s territoriales, avec des moyens budg\u00e9taires, des agents au niveau de qualification n\u00e9cessaire, de la formation.","og_url":"https:\/\/syndicoop.fr\/ofict\/ofict-ingenieurs-cadres-et-techniciens-dans-laction-le-23-octobre-2012\/","og_site_name":"OFICT-CGT Equipement-Environnement","article_publisher":"https:\/\/www.facebook.com\/ofictcgt","article_published_time":"2012-10-22T18:33:04+00:00","article_modified_time":"2020-05-29T12:07:33+00:00","author":"ecanonne","twitter_card":"summary_large_image","twitter_creator":"@ofictcgt","twitter_site":"@ofictcgt","twitter_misc":{"\u00c9crit par":"ecanonne","Dur\u00e9e de lecture estim\u00e9e":"1 minute"},"schema":{"@context":"https:\/\/schema.org","@graph":[{"@type":"Article","@id":"https:\/\/syndicoop.fr\/ofict\/ofict-ingenieurs-cadres-et-techniciens-dans-laction-le-23-octobre-2012\/#article","isPartOf":{"@id":"https:\/\/syndicoop.fr\/ofict\/ofict-ingenieurs-cadres-et-techniciens-dans-laction-le-23-octobre-2012\/"},"author":{"name":"ecanonne","@id":"https:\/\/syndicoop.fr\/ofict\/#\/schema\/person\/f39466be0f2870e8872f54607694f961"},"headline":"OFICT : Ing\u00e9nieurs, cadres et techniciens dans l\u2019action le 23 octobre 2012","datePublished":"2012-10-22T18:33:04+00:00","dateModified":"2020-05-29T12:07:33+00:00","mainEntityOfPage":{"@id":"https:\/\/syndicoop.fr\/ofict\/ofict-ingenieurs-cadres-et-techniciens-dans-laction-le-23-octobre-2012\/"},"wordCount":230,"commentCount":0,"publisher":{"@id":"https:\/\/syndicoop.fr\/ofict\/#organization"},"articleSection":["Actus","Ofict"],"inLanguage":"fr-FR","potentialAction":[{"@type":"CommentAction","name":"Comment","target":["https:\/\/syndicoop.fr\/ofict\/ofict-ingenieurs-cadres-et-techniciens-dans-laction-le-23-octobre-2012\/#respond"]}]},{"@type":"WebPage","@id":"https:\/\/syndicoop.fr\/ofict\/ofict-ingenieurs-cadres-et-techniciens-dans-laction-le-23-octobre-2012\/","url":"https:\/\/syndicoop.fr\/ofict\/ofict-ingenieurs-cadres-et-techniciens-dans-laction-le-23-octobre-2012\/","name":"OFICT : Ing\u00e9nieurs, cadres et techniciens dans l\u2019action le 23 octobre 2012 - OFICT-CGT Equipement-Environnement","isPartOf":{"@id":"https:\/\/syndicoop.fr\/ofict\/#website"},"datePublished":"2012-10-22T18:33:04+00:00","dateModified":"2020-05-29T12:07:33+00:00","breadcrumb":{"@id":"https:\/\/syndicoop.fr\/ofict\/ofict-ingenieurs-cadres-et-techniciens-dans-laction-le-23-octobre-2012\/#breadcrumb"},"inLanguage":"fr-FR","potentialAction":[{"@type":"ReadAction","target":["https:\/\/syndicoop.fr\/ofict\/ofict-ingenieurs-cadres-et-techniciens-dans-laction-le-23-octobre-2012\/"]}]},{"@type":"BreadcrumbList","@id":"https:\/\/syndicoop.fr\/ofict\/ofict-ingenieurs-cadres-et-techniciens-dans-laction-le-23-octobre-2012\/#breadcrumb","itemListElement":[{"@type":"ListItem","position":1,"name":"Accueil","item":"https:\/\/syndicoop.fr\/ofict\/"},{"@type":"ListItem","position":2,"name":"OFICT&#160;: Ing\u00e9nieurs, cadres et techniciens dans l\u2019action le 23 octobre 2012"}]},{"@type":"WebSite","@id":"https:\/\/syndicoop.fr\/ofict\/#website","url":"https:\/\/syndicoop.fr\/ofict\/","name":"OFICT-CGT Equipement-Environnement","description":"avec Syndicoop.fr, plateforme syndicale et coop\u00e9rative","publisher":{"@id":"https:\/\/syndicoop.fr\/ofict\/#organization"},"potentialAction":[{"@type":"SearchAction","target":{"@type":"EntryPoint","urlTemplate":"https:\/\/syndicoop.fr\/ofict\/?s={search_term_string}"},"query-input":{"@type":"PropertyValueSpecification","valueRequired":true,"valueName":"search_term_string"}}],"inLanguage":"fr-FR"},{"@type":"Organization","@id":"https:\/\/syndicoop.fr\/ofict\/#organization","name":"ofict-cgt","url":"https:\/\/syndicoop.fr\/ofict\/","logo":{"@type":"ImageObject","inLanguage":"fr-FR","@id":"https:\/\/syndicoop.fr\/ofict\/#\/schema\/logo\/image\/","url":"https:\/\/syndicoop.fr\/ofict\/wp-content\/uploads\/sites\/21\/2021\/01\/0-Logo-OFICT-couleur-ombre-grand.png","contentUrl":"https:\/\/syndicoop.fr\/ofict\/wp-content\/uploads\/sites\/21\/2021\/01\/0-Logo-OFICT-couleur-ombre-grand.png","width":853,"height":626,"caption":"ofict-cgt"},"image":{"@id":"https:\/\/syndicoop.fr\/ofict\/#\/schema\/logo\/image\/"},"sameAs":["https:\/\/www.facebook.com\/ofictcgt","https:\/\/x.com\/ofictcgt","https:\/\/www.youtube.com\/channel\/UCuspFuV1HGEF1weXxpWVKtQ"]},{"@type":"Person","@id":"https:\/\/syndicoop.fr\/ofict\/#\/schema\/person\/f39466be0f2870e8872f54607694f961","name":"ecanonne","image":{"@type":"ImageObject","inLanguage":"fr-FR","@id":"https:\/\/syndicoop.fr\/ofict\/#\/schema\/person\/image\/","url":"\/\/www.gravatar.com\/avatar\/d77c79c43301ad5a8b26da1071f40071?s=96&#038;r=g&#038;d=mm","contentUrl":"\/\/www.gravatar.com\/avatar\/d77c79c43301ad5a8b26da1071f40071?s=96&#038;r=g&#038;d=mm","caption":"ecanonne"}}]}},"_links":{"self":[{"href":"https:\/\/syndicoop.fr\/ofict\/wp-json\/wp\/v2\/posts\/217","targetHints":{"allow":["GET"]}}],"collection":[{"href":"https:\/\/syndicoop.fr\/ofict\/wp-json\/wp\/v2\/posts"}],"about":[{"href":"https:\/\/syndicoop.fr\/ofict\/wp-json\/wp\/v2\/types\/post"}],"author":[{"embeddable":true,"href":"https:\/\/syndicoop.fr\/ofict\/wp-json\/wp\/v2\/users\/351"}],"replies":[{"embeddable":true,"href":"https:\/\/syndicoop.fr\/ofict\/wp-json\/wp\/v2\/comments?post=217"}],"version-history":[{"count":0,"href":"https:\/\/syndicoop.fr\/ofict\/wp-json\/wp\/v2\/posts\/217\/revisions"}],"wp:attachment":[{"href":"https:\/\/syndicoop.fr\/ofict\/wp-json\/wp\/v2\/media?parent=217"}],"wp:term":[{"taxonomy":"category","embeddable":true,"href":"https:\/\/syndicoop.fr\/ofict\/wp-json\/wp\/v2\/categories?post=217"},{"taxonomy":"post_tag","embeddable":true,"href":"https:\/\/syndicoop.fr\/ofict\/wp-json\/wp\/v2\/tags?post=217"}],"curies":[{"name":"wp","href":"https:\/\/api.w.org\/{rel}","templated":true}]}}