{"id":2983,"date":"2016-03-17T22:07:26","date_gmt":"2016-03-17T21:07:26","guid":{"rendered":"http:\/\/ofict.reference-syndicale.fr\/?p=2983"},"modified":"2020-10-21T10:48:05","modified_gmt":"2020-10-21T08:48:05","slug":"le-conseil-en-mobilite-carriere-dans-les-services-de-letat","status":"publish","type":"post","link":"https:\/\/syndicoop.fr\/ofict\/le-conseil-en-mobilite-carriere-dans-les-services-de-letat\/","title":{"rendered":"Le conseil en mobilit\u00e9-carri\u00e8re dans les services de l\u2019\u00c9tat"},"content":{"rendered":"<h1 class=\"page-title\"><\/h1>\n<div class=\"article-pict\">\n<div class=\"field field-name-field-image-article field-type-image field-label-hidden\">\n<div class=\"field-items\">\n<div class=\"field-item even\">La DGAFP a publi\u00e9 un <a href=\"http:\/\/www.fonction-publique.gouv.fr\/conseil-mobilite-carriere-et-laccompagnement-personnalise-des-agents-dans-services-de-letat-guides\" target=\"_blank\" rel=\"noopener noreferrer\">guide<\/a> relatif\u00a0 \u00e0 l&rsquo;accompagnement de la mobilit\u00e9 et des carri\u00e8res \u00e0 l&rsquo;attention des acteurs impliqu\u00e9s dans la gestion des ressources humaines des services de l\u2019\u00c9tat et de ses \u00e9tablissements.<\/div>\n<div class=\"field-item even\">&#8211;\u00a0<a href=\"http:\/\/www.fonction-publique.gouv.fr\/conseil-mobilite-carriere-et-laccompagnement-personnalise-des-agents-dans-services-de-letat-guides\" target=\"_blank\" rel=\"noopener noreferrer\">T\u00e9l\u00e9charger les guides pratiques \u00ab\u00a0Le conseil en mobilit\u00e9-carri\u00e8re et l\u2019accompagnement personnalis\u00e9 des agents dans les services de l\u2019\u00c9tat\u00a0\u00bb<\/a><\/div>\n<\/div>\n<\/div>\n<\/div>\n<p>&#8211; <a href=\"http:\/\/www.fonction-publique.gouv.fr\/conseil-mobilite-carriere-dans-services-de-letat\" target=\"_blank\" rel=\"noopener noreferrer\">Lire la suite sur le site de la DGAFP<\/a><\/p>\n","protected":false},"excerpt":{"rendered":"<p>La DGAFP a publi\u00e9 un guide relatif\u00a0 \u00e0 l&rsquo;accompagnement de la mobilit\u00e9 et des carri\u00e8res \u00e0 l&rsquo;attention des acteurs impliqu\u00e9s dans la gestion des ressources humaines des services de l\u2019\u00c9tat et de ses \u00e9tablissements. &#8211;\u00a0T\u00e9l\u00e9charger les guides pratiques \u00ab\u00a0Le conseil en mobilit\u00e9-carri\u00e8re et l\u2019accompagnement personnalis\u00e9 des agents dans les services de l\u2019\u00c9tat\u00a0\u00bb &#8211; Lire la [&hellip;]<\/p>\n","protected":false},"author":351,"featured_media":2985,"comment_status":"open","ping_status":"closed","sticky":false,"template":"","format":"standard","meta":{"_acf_changed":false,"footnotes":""},"categories":[1],"tags":[],"class_list":["post-2983","post","type-post","status-publish","format-standard","has-post-thumbnail","hentry","category-actus","themes-remuneration-carriere-ldg"],"acf":[],"yoast_head":"<!-- This site is optimized with the Yoast SEO plugin v26.3 - https:\/\/yoast.com\/wordpress\/plugins\/seo\/ -->\n<title>Le conseil en mobilit\u00e9-carri\u00e8re dans les services de l\u2019\u00c9tat - OFICT-CGT Equipement-Environnement<\/title>\n<meta name=\"robots\" content=\"index, follow, max-snippet:-1, max-image-preview:large, max-video-preview:-1\" \/>\n<link rel=\"canonical\" href=\"https:\/\/syndicoop.fr\/ofict\/le-conseil-en-mobilite-carriere-dans-les-services-de-letat\/\" \/>\n<meta property=\"og:locale\" content=\"fr_FR\" \/>\n<meta property=\"og:type\" content=\"article\" \/>\n<meta property=\"og:title\" content=\"Le conseil en mobilit\u00e9-carri\u00e8re dans les services de l\u2019\u00c9tat - OFICT-CGT Equipement-Environnement\" \/>\n<meta property=\"og:description\" content=\"La DGAFP a publi\u00e9 un guide relatif\u00a0 \u00e0 l&rsquo;accompagnement de la mobilit\u00e9 et des carri\u00e8res \u00e0 l&rsquo;attention des acteurs impliqu\u00e9s dans la gestion des ressources humaines des services de l\u2019\u00c9tat et de ses \u00e9tablissements. &#8211;\u00a0T\u00e9l\u00e9charger les guides pratiques \u00ab\u00a0Le conseil en mobilit\u00e9-carri\u00e8re et l\u2019accompagnement personnalis\u00e9 des agents dans les services de l\u2019\u00c9tat\u00a0\u00bb &#8211; Lire la [&hellip;]\" \/>\n<meta property=\"og:url\" content=\"https:\/\/syndicoop.fr\/ofict\/le-conseil-en-mobilite-carriere-dans-les-services-de-letat\/\" \/>\n<meta property=\"og:site_name\" content=\"OFICT-CGT Equipement-Environnement\" \/>\n<meta property=\"article:publisher\" content=\"https:\/\/www.facebook.com\/ofictcgt\" \/>\n<meta property=\"article:published_time\" content=\"2016-03-17T21:07:26+00:00\" \/>\n<meta property=\"article:modified_time\" content=\"2020-10-21T08:48:05+00:00\" \/>\n<meta property=\"og:image\" content=\"https:\/\/syndicoop.fr\/ofict\/wp-content\/uploads\/sites\/21\/2016\/03\/cmc-1.jpg\" \/>\n\t<meta property=\"og:image:width\" content=\"369\" \/>\n\t<meta property=\"og:image:height\" content=\"269\" \/>\n\t<meta property=\"og:image:type\" content=\"image\/jpeg\" \/>\n<meta name=\"author\" content=\"ecanonne\" \/>\n<meta name=\"twitter:card\" content=\"summary_large_image\" \/>\n<meta name=\"twitter:creator\" content=\"@ofictcgt\" \/>\n<meta name=\"twitter:site\" content=\"@ofictcgt\" \/>\n<meta name=\"twitter:label1\" content=\"\u00c9crit par\" \/>\n\t<meta name=\"twitter:data1\" content=\"ecanonne\" \/>\n<script type=\"application\/ld+json\" class=\"yoast-schema-graph\">{\"@context\":\"https:\/\/schema.org\",\"@graph\":[{\"@type\":\"Article\",\"@id\":\"https:\/\/syndicoop.fr\/ofict\/le-conseil-en-mobilite-carriere-dans-les-services-de-letat\/#article\",\"isPartOf\":{\"@id\":\"https:\/\/syndicoop.fr\/ofict\/le-conseil-en-mobilite-carriere-dans-les-services-de-letat\/\"},\"author\":{\"name\":\"ecanonne\",\"@id\":\"https:\/\/syndicoop.fr\/ofict\/#\/schema\/person\/f39466be0f2870e8872f54607694f961\"},\"headline\":\"Le conseil en mobilit\u00e9-carri\u00e8re dans les services de l\u2019\u00c9tat\",\"datePublished\":\"2016-03-17T21:07:26+00:00\",\"dateModified\":\"2020-10-21T08:48:05+00:00\",\"mainEntityOfPage\":{\"@id\":\"https:\/\/syndicoop.fr\/ofict\/le-conseil-en-mobilite-carriere-dans-les-services-de-letat\/\"},\"wordCount\":82,\"commentCount\":0,\"publisher\":{\"@id\":\"https:\/\/syndicoop.fr\/ofict\/#organization\"},\"image\":{\"@id\":\"https:\/\/syndicoop.fr\/ofict\/le-conseil-en-mobilite-carriere-dans-les-services-de-letat\/#primaryimage\"},\"thumbnailUrl\":\"https:\/\/syndicoop.fr\/ofict\/wp-content\/uploads\/sites\/21\/2016\/03\/cmc-1.jpg\",\"articleSection\":[\"Actus\"],\"inLanguage\":\"fr-FR\",\"potentialAction\":[{\"@type\":\"CommentAction\",\"name\":\"Comment\",\"target\":[\"https:\/\/syndicoop.fr\/ofict\/le-conseil-en-mobilite-carriere-dans-les-services-de-letat\/#respond\"]}]},{\"@type\":\"WebPage\",\"@id\":\"https:\/\/syndicoop.fr\/ofict\/le-conseil-en-mobilite-carriere-dans-les-services-de-letat\/\",\"url\":\"https:\/\/syndicoop.fr\/ofict\/le-conseil-en-mobilite-carriere-dans-les-services-de-letat\/\",\"name\":\"Le conseil en mobilit\u00e9-carri\u00e8re dans les services de l\u2019\u00c9tat - OFICT-CGT Equipement-Environnement\",\"isPartOf\":{\"@id\":\"https:\/\/syndicoop.fr\/ofict\/#website\"},\"primaryImageOfPage\":{\"@id\":\"https:\/\/syndicoop.fr\/ofict\/le-conseil-en-mobilite-carriere-dans-les-services-de-letat\/#primaryimage\"},\"image\":{\"@id\":\"https:\/\/syndicoop.fr\/ofict\/le-conseil-en-mobilite-carriere-dans-les-services-de-letat\/#primaryimage\"},\"thumbnailUrl\":\"https:\/\/syndicoop.fr\/ofict\/wp-content\/uploads\/sites\/21\/2016\/03\/cmc-1.jpg\",\"datePublished\":\"2016-03-17T21:07:26+00:00\",\"dateModified\":\"2020-10-21T08:48:05+00:00\",\"breadcrumb\":{\"@id\":\"https:\/\/syndicoop.fr\/ofict\/le-conseil-en-mobilite-carriere-dans-les-services-de-letat\/#breadcrumb\"},\"inLanguage\":\"fr-FR\",\"potentialAction\":[{\"@type\":\"ReadAction\",\"target\":[\"https:\/\/syndicoop.fr\/ofict\/le-conseil-en-mobilite-carriere-dans-les-services-de-letat\/\"]}]},{\"@type\":\"ImageObject\",\"inLanguage\":\"fr-FR\",\"@id\":\"https:\/\/syndicoop.fr\/ofict\/le-conseil-en-mobilite-carriere-dans-les-services-de-letat\/#primaryimage\",\"url\":\"https:\/\/syndicoop.fr\/ofict\/wp-content\/uploads\/sites\/21\/2016\/03\/cmc-1.jpg\",\"contentUrl\":\"https:\/\/syndicoop.fr\/ofict\/wp-content\/uploads\/sites\/21\/2016\/03\/cmc-1.jpg\",\"width\":369,\"height\":269,\"caption\":\"Young business people are working in the meeting room.\"},{\"@type\":\"BreadcrumbList\",\"@id\":\"https:\/\/syndicoop.fr\/ofict\/le-conseil-en-mobilite-carriere-dans-les-services-de-letat\/#breadcrumb\",\"itemListElement\":[{\"@type\":\"ListItem\",\"position\":1,\"name\":\"Accueil\",\"item\":\"https:\/\/syndicoop.fr\/ofict\/\"},{\"@type\":\"ListItem\",\"position\":2,\"name\":\"Le conseil en mobilit\u00e9-carri\u00e8re dans les services de l\u2019\u00c9tat\"}]},{\"@type\":\"WebSite\",\"@id\":\"https:\/\/syndicoop.fr\/ofict\/#website\",\"url\":\"https:\/\/syndicoop.fr\/ofict\/\",\"name\":\"OFICT-CGT Equipement-Environnement\",\"description\":\"avec Syndicoop.fr, plateforme syndicale et coop\u00e9rative\",\"publisher\":{\"@id\":\"https:\/\/syndicoop.fr\/ofict\/#organization\"},\"potentialAction\":[{\"@type\":\"SearchAction\",\"target\":{\"@type\":\"EntryPoint\",\"urlTemplate\":\"https:\/\/syndicoop.fr\/ofict\/?s={search_term_string}\"},\"query-input\":{\"@type\":\"PropertyValueSpecification\",\"valueRequired\":true,\"valueName\":\"search_term_string\"}}],\"inLanguage\":\"fr-FR\"},{\"@type\":\"Organization\",\"@id\":\"https:\/\/syndicoop.fr\/ofict\/#organization\",\"name\":\"ofict-cgt\",\"url\":\"https:\/\/syndicoop.fr\/ofict\/\",\"logo\":{\"@type\":\"ImageObject\",\"inLanguage\":\"fr-FR\",\"@id\":\"https:\/\/syndicoop.fr\/ofict\/#\/schema\/logo\/image\/\",\"url\":\"https:\/\/syndicoop.fr\/ofict\/wp-content\/uploads\/sites\/21\/2021\/01\/0-Logo-OFICT-couleur-ombre-grand.png\",\"contentUrl\":\"https:\/\/syndicoop.fr\/ofict\/wp-content\/uploads\/sites\/21\/2021\/01\/0-Logo-OFICT-couleur-ombre-grand.png\",\"width\":853,\"height\":626,\"caption\":\"ofict-cgt\"},\"image\":{\"@id\":\"https:\/\/syndicoop.fr\/ofict\/#\/schema\/logo\/image\/\"},\"sameAs\":[\"https:\/\/www.facebook.com\/ofictcgt\",\"https:\/\/x.com\/ofictcgt\",\"https:\/\/www.youtube.com\/channel\/UCuspFuV1HGEF1weXxpWVKtQ\"]},{\"@type\":\"Person\",\"@id\":\"https:\/\/syndicoop.fr\/ofict\/#\/schema\/person\/f39466be0f2870e8872f54607694f961\",\"name\":\"ecanonne\",\"image\":{\"@type\":\"ImageObject\",\"inLanguage\":\"fr-FR\",\"@id\":\"https:\/\/syndicoop.fr\/ofict\/#\/schema\/person\/image\/\",\"url\":\"\/\/www.gravatar.com\/avatar\/d77c79c43301ad5a8b26da1071f40071?s=96&#038;r=g&#038;d=mm\",\"contentUrl\":\"\/\/www.gravatar.com\/avatar\/d77c79c43301ad5a8b26da1071f40071?s=96&#038;r=g&#038;d=mm\",\"caption\":\"ecanonne\"}}]}<\/script>\n<!-- \/ Yoast SEO plugin. -->","yoast_head_json":{"title":"Le conseil en mobilit\u00e9-carri\u00e8re dans les services de l\u2019\u00c9tat - OFICT-CGT Equipement-Environnement","robots":{"index":"index","follow":"follow","max-snippet":"max-snippet:-1","max-image-preview":"max-image-preview:large","max-video-preview":"max-video-preview:-1"},"canonical":"https:\/\/syndicoop.fr\/ofict\/le-conseil-en-mobilite-carriere-dans-les-services-de-letat\/","og_locale":"fr_FR","og_type":"article","og_title":"Le conseil en mobilit\u00e9-carri\u00e8re dans les services de l\u2019\u00c9tat - OFICT-CGT Equipement-Environnement","og_description":"La DGAFP a publi\u00e9 un guide relatif\u00a0 \u00e0 l&rsquo;accompagnement de la mobilit\u00e9 et des carri\u00e8res \u00e0 l&rsquo;attention des acteurs impliqu\u00e9s dans la gestion des ressources humaines des services de l\u2019\u00c9tat et de ses \u00e9tablissements. &#8211;\u00a0T\u00e9l\u00e9charger les guides pratiques \u00ab\u00a0Le conseil en mobilit\u00e9-carri\u00e8re et l\u2019accompagnement personnalis\u00e9 des agents dans les services de l\u2019\u00c9tat\u00a0\u00bb &#8211; Lire la [&hellip;]","og_url":"https:\/\/syndicoop.fr\/ofict\/le-conseil-en-mobilite-carriere-dans-les-services-de-letat\/","og_site_name":"OFICT-CGT Equipement-Environnement","article_publisher":"https:\/\/www.facebook.com\/ofictcgt","article_published_time":"2016-03-17T21:07:26+00:00","article_modified_time":"2020-10-21T08:48:05+00:00","og_image":[{"width":369,"height":269,"url":"https:\/\/syndicoop.fr\/ofict\/wp-content\/uploads\/sites\/21\/2016\/03\/cmc-1.jpg","type":"image\/jpeg"}],"author":"ecanonne","twitter_card":"summary_large_image","twitter_creator":"@ofictcgt","twitter_site":"@ofictcgt","twitter_misc":{"\u00c9crit par":"ecanonne"},"schema":{"@context":"https:\/\/schema.org","@graph":[{"@type":"Article","@id":"https:\/\/syndicoop.fr\/ofict\/le-conseil-en-mobilite-carriere-dans-les-services-de-letat\/#article","isPartOf":{"@id":"https:\/\/syndicoop.fr\/ofict\/le-conseil-en-mobilite-carriere-dans-les-services-de-letat\/"},"author":{"name":"ecanonne","@id":"https:\/\/syndicoop.fr\/ofict\/#\/schema\/person\/f39466be0f2870e8872f54607694f961"},"headline":"Le conseil en mobilit\u00e9-carri\u00e8re dans les services de l\u2019\u00c9tat","datePublished":"2016-03-17T21:07:26+00:00","dateModified":"2020-10-21T08:48:05+00:00","mainEntityOfPage":{"@id":"https:\/\/syndicoop.fr\/ofict\/le-conseil-en-mobilite-carriere-dans-les-services-de-letat\/"},"wordCount":82,"commentCount":0,"publisher":{"@id":"https:\/\/syndicoop.fr\/ofict\/#organization"},"image":{"@id":"https:\/\/syndicoop.fr\/ofict\/le-conseil-en-mobilite-carriere-dans-les-services-de-letat\/#primaryimage"},"thumbnailUrl":"https:\/\/syndicoop.fr\/ofict\/wp-content\/uploads\/sites\/21\/2016\/03\/cmc-1.jpg","articleSection":["Actus"],"inLanguage":"fr-FR","potentialAction":[{"@type":"CommentAction","name":"Comment","target":["https:\/\/syndicoop.fr\/ofict\/le-conseil-en-mobilite-carriere-dans-les-services-de-letat\/#respond"]}]},{"@type":"WebPage","@id":"https:\/\/syndicoop.fr\/ofict\/le-conseil-en-mobilite-carriere-dans-les-services-de-letat\/","url":"https:\/\/syndicoop.fr\/ofict\/le-conseil-en-mobilite-carriere-dans-les-services-de-letat\/","name":"Le conseil en mobilit\u00e9-carri\u00e8re dans les services de l\u2019\u00c9tat - OFICT-CGT Equipement-Environnement","isPartOf":{"@id":"https:\/\/syndicoop.fr\/ofict\/#website"},"primaryImageOfPage":{"@id":"https:\/\/syndicoop.fr\/ofict\/le-conseil-en-mobilite-carriere-dans-les-services-de-letat\/#primaryimage"},"image":{"@id":"https:\/\/syndicoop.fr\/ofict\/le-conseil-en-mobilite-carriere-dans-les-services-de-letat\/#primaryimage"},"thumbnailUrl":"https:\/\/syndicoop.fr\/ofict\/wp-content\/uploads\/sites\/21\/2016\/03\/cmc-1.jpg","datePublished":"2016-03-17T21:07:26+00:00","dateModified":"2020-10-21T08:48:05+00:00","breadcrumb":{"@id":"https:\/\/syndicoop.fr\/ofict\/le-conseil-en-mobilite-carriere-dans-les-services-de-letat\/#breadcrumb"},"inLanguage":"fr-FR","potentialAction":[{"@type":"ReadAction","target":["https:\/\/syndicoop.fr\/ofict\/le-conseil-en-mobilite-carriere-dans-les-services-de-letat\/"]}]},{"@type":"ImageObject","inLanguage":"fr-FR","@id":"https:\/\/syndicoop.fr\/ofict\/le-conseil-en-mobilite-carriere-dans-les-services-de-letat\/#primaryimage","url":"https:\/\/syndicoop.fr\/ofict\/wp-content\/uploads\/sites\/21\/2016\/03\/cmc-1.jpg","contentUrl":"https:\/\/syndicoop.fr\/ofict\/wp-content\/uploads\/sites\/21\/2016\/03\/cmc-1.jpg","width":369,"height":269,"caption":"Young business people are working in the meeting room."},{"@type":"BreadcrumbList","@id":"https:\/\/syndicoop.fr\/ofict\/le-conseil-en-mobilite-carriere-dans-les-services-de-letat\/#breadcrumb","itemListElement":[{"@type":"ListItem","position":1,"name":"Accueil","item":"https:\/\/syndicoop.fr\/ofict\/"},{"@type":"ListItem","position":2,"name":"Le conseil en mobilit\u00e9-carri\u00e8re dans les services de l\u2019\u00c9tat"}]},{"@type":"WebSite","@id":"https:\/\/syndicoop.fr\/ofict\/#website","url":"https:\/\/syndicoop.fr\/ofict\/","name":"OFICT-CGT Equipement-Environnement","description":"avec Syndicoop.fr, plateforme syndicale et coop\u00e9rative","publisher":{"@id":"https:\/\/syndicoop.fr\/ofict\/#organization"},"potentialAction":[{"@type":"SearchAction","target":{"@type":"EntryPoint","urlTemplate":"https:\/\/syndicoop.fr\/ofict\/?s={search_term_string}"},"query-input":{"@type":"PropertyValueSpecification","valueRequired":true,"valueName":"search_term_string"}}],"inLanguage":"fr-FR"},{"@type":"Organization","@id":"https:\/\/syndicoop.fr\/ofict\/#organization","name":"ofict-cgt","url":"https:\/\/syndicoop.fr\/ofict\/","logo":{"@type":"ImageObject","inLanguage":"fr-FR","@id":"https:\/\/syndicoop.fr\/ofict\/#\/schema\/logo\/image\/","url":"https:\/\/syndicoop.fr\/ofict\/wp-content\/uploads\/sites\/21\/2021\/01\/0-Logo-OFICT-couleur-ombre-grand.png","contentUrl":"https:\/\/syndicoop.fr\/ofict\/wp-content\/uploads\/sites\/21\/2021\/01\/0-Logo-OFICT-couleur-ombre-grand.png","width":853,"height":626,"caption":"ofict-cgt"},"image":{"@id":"https:\/\/syndicoop.fr\/ofict\/#\/schema\/logo\/image\/"},"sameAs":["https:\/\/www.facebook.com\/ofictcgt","https:\/\/x.com\/ofictcgt","https:\/\/www.youtube.com\/channel\/UCuspFuV1HGEF1weXxpWVKtQ"]},{"@type":"Person","@id":"https:\/\/syndicoop.fr\/ofict\/#\/schema\/person\/f39466be0f2870e8872f54607694f961","name":"ecanonne","image":{"@type":"ImageObject","inLanguage":"fr-FR","@id":"https:\/\/syndicoop.fr\/ofict\/#\/schema\/person\/image\/","url":"\/\/www.gravatar.com\/avatar\/d77c79c43301ad5a8b26da1071f40071?s=96&#038;r=g&#038;d=mm","contentUrl":"\/\/www.gravatar.com\/avatar\/d77c79c43301ad5a8b26da1071f40071?s=96&#038;r=g&#038;d=mm","caption":"ecanonne"}}]}},"_links":{"self":[{"href":"https:\/\/syndicoop.fr\/ofict\/wp-json\/wp\/v2\/posts\/2983","targetHints":{"allow":["GET"]}}],"collection":[{"href":"https:\/\/syndicoop.fr\/ofict\/wp-json\/wp\/v2\/posts"}],"about":[{"href":"https:\/\/syndicoop.fr\/ofict\/wp-json\/wp\/v2\/types\/post"}],"author":[{"embeddable":true,"href":"https:\/\/syndicoop.fr\/ofict\/wp-json\/wp\/v2\/users\/351"}],"replies":[{"embeddable":true,"href":"https:\/\/syndicoop.fr\/ofict\/wp-json\/wp\/v2\/comments?post=2983"}],"version-history":[{"count":0,"href":"https:\/\/syndicoop.fr\/ofict\/wp-json\/wp\/v2\/posts\/2983\/revisions"}],"wp:featuredmedia":[{"embeddable":true,"href":"https:\/\/syndicoop.fr\/ofict\/wp-json\/wp\/v2\/media\/2985"}],"wp:attachment":[{"href":"https:\/\/syndicoop.fr\/ofict\/wp-json\/wp\/v2\/media?parent=2983"}],"wp:term":[{"taxonomy":"category","embeddable":true,"href":"https:\/\/syndicoop.fr\/ofict\/wp-json\/wp\/v2\/categories?post=2983"},{"taxonomy":"post_tag","embeddable":true,"href":"https:\/\/syndicoop.fr\/ofict\/wp-json\/wp\/v2\/tags?post=2983"}],"curies":[{"name":"wp","href":"https:\/\/api.w.org\/{rel}","templated":true}]}}