{"id":3084,"date":"2016-04-28T21:03:22","date_gmt":"2016-04-28T19:03:22","guid":{"rendered":"http:\/\/ofict.reference-syndicale.fr\/?p=3084"},"modified":"2020-10-21T10:48:05","modified_gmt":"2020-10-21T08:48:05","slug":"cycles-de-mobilites-ddi-le-cheval-de-troie","status":"publish","type":"post","link":"https:\/\/syndicoop.fr\/ofict\/cycles-de-mobilites-ddi-le-cheval-de-troie\/","title":{"rendered":"Cycles de mobilit\u00e9s\u00a0: DDI, le cheval de Troie\u00a0?"},"content":{"rendered":"<div class=\"cartouche\"><\/div>\n<div class=\"surlignable\">\n<div class=\"texte\">\n<p>Le 3 mai prochain, le Secr\u00e9taire G\u00e9n\u00e9ral du Gouvernement pr\u00e9sentera au Comit\u00e9 Central &#8211; CT &#8211; des Directions D\u00e9partementales Interminist\u00e9rielles &#8211; DDI &#8211; la mise en oeuvre de la convergence des calendriers de gestion RH pour les DDI au titre des ann\u00e9es 2016 et 2017.<\/p>\n<p>En clair, il s\u2019agit d\u2019imposer le passage de 3 \u00e0 2 cycles de mobilit\u00e9s pour les agents des DDI et par voie de cons\u00e9quences aux personnels de diff\u00e9rents minist\u00e8res.<\/p>\n<p>Lire la suite dans <a class=\"spip_out\" href=\"http:\/\/www.equipement.cgt.fr\/IMG\/pdf\/cycle_mobilite_ugff_fnee_26avril16_vnb-1.pdf\" target=\"_blank\" rel=\"noopener noreferrer\">le communiqu\u00e9 commun FNEE\/UGFF<\/a> ci-joint.<\/p>\n<p>Rappel\u00a0:<\/p>\n<p><img loading=\"lazy\" decoding=\"async\" class=\"puce\" src=\"http:\/\/www.equipement.cgt.fr\/squelettes-dist\/puce.gif\" alt=\"-\" width=\"8\" height=\"11\" \/>\u00a0<a class=\"spip_out\" href=\"http:\/\/www.equipement.cgt.fr\/spip.php?article6805\" target=\"_blank\" rel=\"noopener noreferrer\">Modification des cycles de mobilit\u00e9\u00a0: compte rendu de la r\u00e9union du 14 avril 2016 au MEEM\/MLHD<\/a><\/p>\n<\/div>\n<\/div>\n","protected":false},"excerpt":{"rendered":"<p>Le 3 mai prochain, le Secr\u00e9taire G\u00e9n\u00e9ral du Gouvernement pr\u00e9sentera au Comit\u00e9 Central &#8211; CT &#8211; des Directions D\u00e9partementales Interminist\u00e9rielles &#8211; DDI &#8211; la mise en oeuvre de la convergence des calendriers de gestion RH pour les DDI au titre des ann\u00e9es 2016 et 2017. En clair, il s\u2019agit d\u2019imposer le passage de 3 \u00e0 [&hellip;]<\/p>\n","protected":false},"author":351,"featured_media":2964,"comment_status":"open","ping_status":"closed","sticky":false,"template":"","format":"standard","meta":{"_acf_changed":false,"footnotes":""},"categories":[1],"tags":[72],"class_list":["post-3084","post","type-post","status-publish","format-standard","has-post-thumbnail","hentry","category-actus","tag-cap","themes-remuneration-carriere-ldg"],"acf":[],"yoast_head":"<!-- This site is optimized with the Yoast SEO plugin v26.3 - https:\/\/yoast.com\/wordpress\/plugins\/seo\/ -->\n<title>Cycles de mobilit\u00e9s\u00a0: DDI, le cheval de Troie\u00a0? - OFICT-CGT Equipement-Environnement<\/title>\n<meta name=\"robots\" content=\"index, follow, max-snippet:-1, max-image-preview:large, max-video-preview:-1\" \/>\n<link rel=\"canonical\" href=\"https:\/\/syndicoop.fr\/ofict\/cycles-de-mobilites-ddi-le-cheval-de-troie\/\" \/>\n<meta property=\"og:locale\" content=\"fr_FR\" \/>\n<meta property=\"og:type\" content=\"article\" \/>\n<meta property=\"og:title\" content=\"Cycles de mobilit\u00e9s\u00a0: DDI, le cheval de Troie\u00a0? - OFICT-CGT Equipement-Environnement\" \/>\n<meta property=\"og:description\" content=\"Le 3 mai prochain, le Secr\u00e9taire G\u00e9n\u00e9ral du Gouvernement pr\u00e9sentera au Comit\u00e9 Central &#8211; CT &#8211; des Directions D\u00e9partementales Interminist\u00e9rielles &#8211; DDI &#8211; la mise en oeuvre de la convergence des calendriers de gestion RH pour les DDI au titre des ann\u00e9es 2016 et 2017. En clair, il s\u2019agit d\u2019imposer le passage de 3 \u00e0 [&hellip;]\" \/>\n<meta property=\"og:url\" content=\"https:\/\/syndicoop.fr\/ofict\/cycles-de-mobilites-ddi-le-cheval-de-troie\/\" \/>\n<meta property=\"og:site_name\" content=\"OFICT-CGT Equipement-Environnement\" \/>\n<meta property=\"article:publisher\" content=\"https:\/\/www.facebook.com\/ofictcgt\" \/>\n<meta property=\"article:published_time\" content=\"2016-04-28T19:03:22+00:00\" \/>\n<meta property=\"article:modified_time\" content=\"2020-10-21T08:48:05+00:00\" \/>\n<meta property=\"og:image\" content=\"https:\/\/syndicoop.fr\/ofict\/wp-content\/uploads\/sites\/21\/2016\/03\/analyse-chiffres-1.jpg\" \/>\n\t<meta property=\"og:image:width\" content=\"500\" \/>\n\t<meta property=\"og:image:height\" content=\"333\" \/>\n\t<meta property=\"og:image:type\" content=\"image\/jpeg\" \/>\n<meta name=\"author\" content=\"ecanonne\" \/>\n<meta name=\"twitter:card\" content=\"summary_large_image\" \/>\n<meta name=\"twitter:creator\" content=\"@ofictcgt\" \/>\n<meta name=\"twitter:site\" content=\"@ofictcgt\" \/>\n<meta name=\"twitter:label1\" content=\"\u00c9crit par\" \/>\n\t<meta name=\"twitter:data1\" content=\"ecanonne\" \/>\n\t<meta name=\"twitter:label2\" content=\"Dur\u00e9e de lecture estim\u00e9e\" \/>\n\t<meta name=\"twitter:data2\" content=\"1 minute\" \/>\n<script type=\"application\/ld+json\" class=\"yoast-schema-graph\">{\"@context\":\"https:\/\/schema.org\",\"@graph\":[{\"@type\":\"Article\",\"@id\":\"https:\/\/syndicoop.fr\/ofict\/cycles-de-mobilites-ddi-le-cheval-de-troie\/#article\",\"isPartOf\":{\"@id\":\"https:\/\/syndicoop.fr\/ofict\/cycles-de-mobilites-ddi-le-cheval-de-troie\/\"},\"author\":{\"name\":\"ecanonne\",\"@id\":\"https:\/\/syndicoop.fr\/ofict\/#\/schema\/person\/f39466be0f2870e8872f54607694f961\"},\"headline\":\"Cycles de mobilit\u00e9s\u00a0: DDI, le cheval de Troie\u00a0?\",\"datePublished\":\"2016-04-28T19:03:22+00:00\",\"dateModified\":\"2020-10-21T08:48:05+00:00\",\"mainEntityOfPage\":{\"@id\":\"https:\/\/syndicoop.fr\/ofict\/cycles-de-mobilites-ddi-le-cheval-de-troie\/\"},\"wordCount\":117,\"commentCount\":0,\"publisher\":{\"@id\":\"https:\/\/syndicoop.fr\/ofict\/#organization\"},\"image\":{\"@id\":\"https:\/\/syndicoop.fr\/ofict\/cycles-de-mobilites-ddi-le-cheval-de-troie\/#primaryimage\"},\"thumbnailUrl\":\"https:\/\/syndicoop.fr\/ofict\/wp-content\/uploads\/sites\/21\/2016\/03\/analyse-chiffres-1.jpg\",\"keywords\":[\"CAP\"],\"articleSection\":[\"Actus\"],\"inLanguage\":\"fr-FR\",\"potentialAction\":[{\"@type\":\"CommentAction\",\"name\":\"Comment\",\"target\":[\"https:\/\/syndicoop.fr\/ofict\/cycles-de-mobilites-ddi-le-cheval-de-troie\/#respond\"]}]},{\"@type\":\"WebPage\",\"@id\":\"https:\/\/syndicoop.fr\/ofict\/cycles-de-mobilites-ddi-le-cheval-de-troie\/\",\"url\":\"https:\/\/syndicoop.fr\/ofict\/cycles-de-mobilites-ddi-le-cheval-de-troie\/\",\"name\":\"Cycles de mobilit\u00e9s\u00a0: DDI, le cheval de Troie\u00a0? - OFICT-CGT Equipement-Environnement\",\"isPartOf\":{\"@id\":\"https:\/\/syndicoop.fr\/ofict\/#website\"},\"primaryImageOfPage\":{\"@id\":\"https:\/\/syndicoop.fr\/ofict\/cycles-de-mobilites-ddi-le-cheval-de-troie\/#primaryimage\"},\"image\":{\"@id\":\"https:\/\/syndicoop.fr\/ofict\/cycles-de-mobilites-ddi-le-cheval-de-troie\/#primaryimage\"},\"thumbnailUrl\":\"https:\/\/syndicoop.fr\/ofict\/wp-content\/uploads\/sites\/21\/2016\/03\/analyse-chiffres-1.jpg\",\"datePublished\":\"2016-04-28T19:03:22+00:00\",\"dateModified\":\"2020-10-21T08:48:05+00:00\",\"breadcrumb\":{\"@id\":\"https:\/\/syndicoop.fr\/ofict\/cycles-de-mobilites-ddi-le-cheval-de-troie\/#breadcrumb\"},\"inLanguage\":\"fr-FR\",\"potentialAction\":[{\"@type\":\"ReadAction\",\"target\":[\"https:\/\/syndicoop.fr\/ofict\/cycles-de-mobilites-ddi-le-cheval-de-troie\/\"]}]},{\"@type\":\"ImageObject\",\"inLanguage\":\"fr-FR\",\"@id\":\"https:\/\/syndicoop.fr\/ofict\/cycles-de-mobilites-ddi-le-cheval-de-troie\/#primaryimage\",\"url\":\"https:\/\/syndicoop.fr\/ofict\/wp-content\/uploads\/sites\/21\/2016\/03\/analyse-chiffres-1.jpg\",\"contentUrl\":\"https:\/\/syndicoop.fr\/ofict\/wp-content\/uploads\/sites\/21\/2016\/03\/analyse-chiffres-1.jpg\",\"width\":500,\"height\":333},{\"@type\":\"BreadcrumbList\",\"@id\":\"https:\/\/syndicoop.fr\/ofict\/cycles-de-mobilites-ddi-le-cheval-de-troie\/#breadcrumb\",\"itemListElement\":[{\"@type\":\"ListItem\",\"position\":1,\"name\":\"Accueil\",\"item\":\"https:\/\/syndicoop.fr\/ofict\/\"},{\"@type\":\"ListItem\",\"position\":2,\"name\":\"Cycles de mobilit\u00e9s&#160;: DDI, le cheval de Troie&#160;?\"}]},{\"@type\":\"WebSite\",\"@id\":\"https:\/\/syndicoop.fr\/ofict\/#website\",\"url\":\"https:\/\/syndicoop.fr\/ofict\/\",\"name\":\"OFICT-CGT Equipement-Environnement\",\"description\":\"avec Syndicoop.fr, plateforme syndicale et coop\u00e9rative\",\"publisher\":{\"@id\":\"https:\/\/syndicoop.fr\/ofict\/#organization\"},\"potentialAction\":[{\"@type\":\"SearchAction\",\"target\":{\"@type\":\"EntryPoint\",\"urlTemplate\":\"https:\/\/syndicoop.fr\/ofict\/?s={search_term_string}\"},\"query-input\":{\"@type\":\"PropertyValueSpecification\",\"valueRequired\":true,\"valueName\":\"search_term_string\"}}],\"inLanguage\":\"fr-FR\"},{\"@type\":\"Organization\",\"@id\":\"https:\/\/syndicoop.fr\/ofict\/#organization\",\"name\":\"ofict-cgt\",\"url\":\"https:\/\/syndicoop.fr\/ofict\/\",\"logo\":{\"@type\":\"ImageObject\",\"inLanguage\":\"fr-FR\",\"@id\":\"https:\/\/syndicoop.fr\/ofict\/#\/schema\/logo\/image\/\",\"url\":\"https:\/\/syndicoop.fr\/ofict\/wp-content\/uploads\/sites\/21\/2021\/01\/0-Logo-OFICT-couleur-ombre-grand.png\",\"contentUrl\":\"https:\/\/syndicoop.fr\/ofict\/wp-content\/uploads\/sites\/21\/2021\/01\/0-Logo-OFICT-couleur-ombre-grand.png\",\"width\":853,\"height\":626,\"caption\":\"ofict-cgt\"},\"image\":{\"@id\":\"https:\/\/syndicoop.fr\/ofict\/#\/schema\/logo\/image\/\"},\"sameAs\":[\"https:\/\/www.facebook.com\/ofictcgt\",\"https:\/\/x.com\/ofictcgt\",\"https:\/\/www.youtube.com\/channel\/UCuspFuV1HGEF1weXxpWVKtQ\"]},{\"@type\":\"Person\",\"@id\":\"https:\/\/syndicoop.fr\/ofict\/#\/schema\/person\/f39466be0f2870e8872f54607694f961\",\"name\":\"ecanonne\",\"image\":{\"@type\":\"ImageObject\",\"inLanguage\":\"fr-FR\",\"@id\":\"https:\/\/syndicoop.fr\/ofict\/#\/schema\/person\/image\/\",\"url\":\"\/\/www.gravatar.com\/avatar\/d77c79c43301ad5a8b26da1071f40071?s=96&#038;r=g&#038;d=mm\",\"contentUrl\":\"\/\/www.gravatar.com\/avatar\/d77c79c43301ad5a8b26da1071f40071?s=96&#038;r=g&#038;d=mm\",\"caption\":\"ecanonne\"}}]}<\/script>\n<!-- \/ Yoast SEO plugin. -->","yoast_head_json":{"title":"Cycles de mobilit\u00e9s\u00a0: DDI, le cheval de Troie\u00a0? - OFICT-CGT Equipement-Environnement","robots":{"index":"index","follow":"follow","max-snippet":"max-snippet:-1","max-image-preview":"max-image-preview:large","max-video-preview":"max-video-preview:-1"},"canonical":"https:\/\/syndicoop.fr\/ofict\/cycles-de-mobilites-ddi-le-cheval-de-troie\/","og_locale":"fr_FR","og_type":"article","og_title":"Cycles de mobilit\u00e9s\u00a0: DDI, le cheval de Troie\u00a0? - OFICT-CGT Equipement-Environnement","og_description":"Le 3 mai prochain, le Secr\u00e9taire G\u00e9n\u00e9ral du Gouvernement pr\u00e9sentera au Comit\u00e9 Central &#8211; CT &#8211; des Directions D\u00e9partementales Interminist\u00e9rielles &#8211; DDI &#8211; la mise en oeuvre de la convergence des calendriers de gestion RH pour les DDI au titre des ann\u00e9es 2016 et 2017. En clair, il s\u2019agit d\u2019imposer le passage de 3 \u00e0 [&hellip;]","og_url":"https:\/\/syndicoop.fr\/ofict\/cycles-de-mobilites-ddi-le-cheval-de-troie\/","og_site_name":"OFICT-CGT Equipement-Environnement","article_publisher":"https:\/\/www.facebook.com\/ofictcgt","article_published_time":"2016-04-28T19:03:22+00:00","article_modified_time":"2020-10-21T08:48:05+00:00","og_image":[{"width":500,"height":333,"url":"https:\/\/syndicoop.fr\/ofict\/wp-content\/uploads\/sites\/21\/2016\/03\/analyse-chiffres-1.jpg","type":"image\/jpeg"}],"author":"ecanonne","twitter_card":"summary_large_image","twitter_creator":"@ofictcgt","twitter_site":"@ofictcgt","twitter_misc":{"\u00c9crit par":"ecanonne","Dur\u00e9e de lecture estim\u00e9e":"1 minute"},"schema":{"@context":"https:\/\/schema.org","@graph":[{"@type":"Article","@id":"https:\/\/syndicoop.fr\/ofict\/cycles-de-mobilites-ddi-le-cheval-de-troie\/#article","isPartOf":{"@id":"https:\/\/syndicoop.fr\/ofict\/cycles-de-mobilites-ddi-le-cheval-de-troie\/"},"author":{"name":"ecanonne","@id":"https:\/\/syndicoop.fr\/ofict\/#\/schema\/person\/f39466be0f2870e8872f54607694f961"},"headline":"Cycles de mobilit\u00e9s\u00a0: DDI, le cheval de Troie\u00a0?","datePublished":"2016-04-28T19:03:22+00:00","dateModified":"2020-10-21T08:48:05+00:00","mainEntityOfPage":{"@id":"https:\/\/syndicoop.fr\/ofict\/cycles-de-mobilites-ddi-le-cheval-de-troie\/"},"wordCount":117,"commentCount":0,"publisher":{"@id":"https:\/\/syndicoop.fr\/ofict\/#organization"},"image":{"@id":"https:\/\/syndicoop.fr\/ofict\/cycles-de-mobilites-ddi-le-cheval-de-troie\/#primaryimage"},"thumbnailUrl":"https:\/\/syndicoop.fr\/ofict\/wp-content\/uploads\/sites\/21\/2016\/03\/analyse-chiffres-1.jpg","keywords":["CAP"],"articleSection":["Actus"],"inLanguage":"fr-FR","potentialAction":[{"@type":"CommentAction","name":"Comment","target":["https:\/\/syndicoop.fr\/ofict\/cycles-de-mobilites-ddi-le-cheval-de-troie\/#respond"]}]},{"@type":"WebPage","@id":"https:\/\/syndicoop.fr\/ofict\/cycles-de-mobilites-ddi-le-cheval-de-troie\/","url":"https:\/\/syndicoop.fr\/ofict\/cycles-de-mobilites-ddi-le-cheval-de-troie\/","name":"Cycles de mobilit\u00e9s\u00a0: DDI, le cheval de Troie\u00a0? - OFICT-CGT Equipement-Environnement","isPartOf":{"@id":"https:\/\/syndicoop.fr\/ofict\/#website"},"primaryImageOfPage":{"@id":"https:\/\/syndicoop.fr\/ofict\/cycles-de-mobilites-ddi-le-cheval-de-troie\/#primaryimage"},"image":{"@id":"https:\/\/syndicoop.fr\/ofict\/cycles-de-mobilites-ddi-le-cheval-de-troie\/#primaryimage"},"thumbnailUrl":"https:\/\/syndicoop.fr\/ofict\/wp-content\/uploads\/sites\/21\/2016\/03\/analyse-chiffres-1.jpg","datePublished":"2016-04-28T19:03:22+00:00","dateModified":"2020-10-21T08:48:05+00:00","breadcrumb":{"@id":"https:\/\/syndicoop.fr\/ofict\/cycles-de-mobilites-ddi-le-cheval-de-troie\/#breadcrumb"},"inLanguage":"fr-FR","potentialAction":[{"@type":"ReadAction","target":["https:\/\/syndicoop.fr\/ofict\/cycles-de-mobilites-ddi-le-cheval-de-troie\/"]}]},{"@type":"ImageObject","inLanguage":"fr-FR","@id":"https:\/\/syndicoop.fr\/ofict\/cycles-de-mobilites-ddi-le-cheval-de-troie\/#primaryimage","url":"https:\/\/syndicoop.fr\/ofict\/wp-content\/uploads\/sites\/21\/2016\/03\/analyse-chiffres-1.jpg","contentUrl":"https:\/\/syndicoop.fr\/ofict\/wp-content\/uploads\/sites\/21\/2016\/03\/analyse-chiffres-1.jpg","width":500,"height":333},{"@type":"BreadcrumbList","@id":"https:\/\/syndicoop.fr\/ofict\/cycles-de-mobilites-ddi-le-cheval-de-troie\/#breadcrumb","itemListElement":[{"@type":"ListItem","position":1,"name":"Accueil","item":"https:\/\/syndicoop.fr\/ofict\/"},{"@type":"ListItem","position":2,"name":"Cycles de mobilit\u00e9s&#160;: DDI, le cheval de Troie&#160;?"}]},{"@type":"WebSite","@id":"https:\/\/syndicoop.fr\/ofict\/#website","url":"https:\/\/syndicoop.fr\/ofict\/","name":"OFICT-CGT Equipement-Environnement","description":"avec Syndicoop.fr, plateforme syndicale et coop\u00e9rative","publisher":{"@id":"https:\/\/syndicoop.fr\/ofict\/#organization"},"potentialAction":[{"@type":"SearchAction","target":{"@type":"EntryPoint","urlTemplate":"https:\/\/syndicoop.fr\/ofict\/?s={search_term_string}"},"query-input":{"@type":"PropertyValueSpecification","valueRequired":true,"valueName":"search_term_string"}}],"inLanguage":"fr-FR"},{"@type":"Organization","@id":"https:\/\/syndicoop.fr\/ofict\/#organization","name":"ofict-cgt","url":"https:\/\/syndicoop.fr\/ofict\/","logo":{"@type":"ImageObject","inLanguage":"fr-FR","@id":"https:\/\/syndicoop.fr\/ofict\/#\/schema\/logo\/image\/","url":"https:\/\/syndicoop.fr\/ofict\/wp-content\/uploads\/sites\/21\/2021\/01\/0-Logo-OFICT-couleur-ombre-grand.png","contentUrl":"https:\/\/syndicoop.fr\/ofict\/wp-content\/uploads\/sites\/21\/2021\/01\/0-Logo-OFICT-couleur-ombre-grand.png","width":853,"height":626,"caption":"ofict-cgt"},"image":{"@id":"https:\/\/syndicoop.fr\/ofict\/#\/schema\/logo\/image\/"},"sameAs":["https:\/\/www.facebook.com\/ofictcgt","https:\/\/x.com\/ofictcgt","https:\/\/www.youtube.com\/channel\/UCuspFuV1HGEF1weXxpWVKtQ"]},{"@type":"Person","@id":"https:\/\/syndicoop.fr\/ofict\/#\/schema\/person\/f39466be0f2870e8872f54607694f961","name":"ecanonne","image":{"@type":"ImageObject","inLanguage":"fr-FR","@id":"https:\/\/syndicoop.fr\/ofict\/#\/schema\/person\/image\/","url":"\/\/www.gravatar.com\/avatar\/d77c79c43301ad5a8b26da1071f40071?s=96&#038;r=g&#038;d=mm","contentUrl":"\/\/www.gravatar.com\/avatar\/d77c79c43301ad5a8b26da1071f40071?s=96&#038;r=g&#038;d=mm","caption":"ecanonne"}}]}},"_links":{"self":[{"href":"https:\/\/syndicoop.fr\/ofict\/wp-json\/wp\/v2\/posts\/3084","targetHints":{"allow":["GET"]}}],"collection":[{"href":"https:\/\/syndicoop.fr\/ofict\/wp-json\/wp\/v2\/posts"}],"about":[{"href":"https:\/\/syndicoop.fr\/ofict\/wp-json\/wp\/v2\/types\/post"}],"author":[{"embeddable":true,"href":"https:\/\/syndicoop.fr\/ofict\/wp-json\/wp\/v2\/users\/351"}],"replies":[{"embeddable":true,"href":"https:\/\/syndicoop.fr\/ofict\/wp-json\/wp\/v2\/comments?post=3084"}],"version-history":[{"count":0,"href":"https:\/\/syndicoop.fr\/ofict\/wp-json\/wp\/v2\/posts\/3084\/revisions"}],"wp:featuredmedia":[{"embeddable":true,"href":"https:\/\/syndicoop.fr\/ofict\/wp-json\/wp\/v2\/media\/2964"}],"wp:attachment":[{"href":"https:\/\/syndicoop.fr\/ofict\/wp-json\/wp\/v2\/media?parent=3084"}],"wp:term":[{"taxonomy":"category","embeddable":true,"href":"https:\/\/syndicoop.fr\/ofict\/wp-json\/wp\/v2\/categories?post=3084"},{"taxonomy":"post_tag","embeddable":true,"href":"https:\/\/syndicoop.fr\/ofict\/wp-json\/wp\/v2\/tags?post=3084"}],"curies":[{"name":"wp","href":"https:\/\/api.w.org\/{rel}","templated":true}]}}