{"id":3189,"date":"2016-06-07T10:31:56","date_gmt":"2016-06-07T08:31:56","guid":{"rendered":"http:\/\/ofict.reference-syndicale.fr\/?p=3189"},"modified":"2020-10-21T11:10:35","modified_gmt":"2020-10-21T09:10:35","slug":"note-de-gestion-rifseep-2016-et-ensuite","status":"publish","type":"post","link":"https:\/\/syndicoop.fr\/ofict\/note-de-gestion-rifseep-2016-et-ensuite\/","title":{"rendered":"Note de gestion RIFSEEP 2016&#8230; et ensuite ?"},"content":{"rendered":"<p><span style=\"font-family: Arial, sans-serif\"><span style=\"font-size: small\">Le passage au RIFSEEP s\u2019est fait pour le moment uniquement par modification de l\u2019intitul\u00e9 des primes sur nos fiches de paie (avec maintien des montants). V\u00e9rifiez toutefois que des erreurs techniques ne se sont pas gliss\u00e9es dans la proc\u00e9dure et signalez-nous le cas \u00e9ch\u00e9ant les baisses de montant inexpliqu\u00e9es.<\/span><\/span><\/p>\n<p align=\"justify\"><span style=\"font-family: Arial, sans-serif\"><span style=\"font-size: small\"><span style=\"font-size: small\">Le projet de note de gestion 2016 (les rencontres avec les organisations syndicales viennent de commencer) ne comporte pas de cotation de postes (la r\u00e9forme territoriale en cours ne le permet pas) mais une \u00e9quivalence entre les groupes de fonction anciens et les nouveaux, avec maintien des montants ant\u00e9rieurs \u00e0 titre individuel. Pour les nouveaux arrivants, est appliqu\u00e9e l&rsquo;ancienne cotation PFR, convertie ensuite \u00e0 son \u00e9quivalence RIFSEEP. \u00c0 ce jour, aucune nouvelle du financement du compl\u00e9ment indemnitaire annuel (CIA) que le minist\u00e8re a cependant voulu mettre<\/span> <span style=\"font-size: small\">en place. Les int\u00e9rims pourront toutefois \u00eatre pay\u00e9s (signalez les difficult\u00e9s \u00e9ventuelles). Alors que le r\u00e9gime indemnitaire pourrait \u00eatre incitatif \u00e0 la mobilit\u00e9 (c&rsquo;est le choix effectu\u00e9 par le minist\u00e8re de l&rsquo;int\u00e9rieur, <\/span><span style=\"font-size: small\">conform\u00e9ment d\u2019ailleurs au d\u00e9cret et \u00e0 la circulaire Fonction Publique<\/span><span style=\"font-size: small\">), notre minist\u00e8re qui se plaint d&rsquo;un exc\u00e8s de postes vacants&#8230; pr\u00e9voit <\/span><span style=\"font-size: small\">que <\/span><span style=\"font-size: small\"><i>\u00abla valorisation des changements de fonctions au sein d\u2019un m\u00eame groupe de fonctions n\u2019est pas retenue\u00bb<\/i><\/span><span style=\"font-size: small\">, ce qui laisse entendre que la \u00abd\u00e9valorisation\u00bb<\/span> <span style=\"font-size: small\">est en revanche envisageable, le projet se donnant m\u00eame la peine d\u2019affirmer que, dans le cadre de la garantie de maintien de r\u00e9mun\u00e9ration : <\/span><span style=\"font-size: small\"><i>\u00abLe montant mensuel de l\u2019IFSE est \u00e9gal \u00e0 celui per\u00e7u mensuellement par l\u2019agent dans son ancien r\u00e9gime indemnitaire <\/i><\/span><span style=\"font-size: small\"><i><b>tant qu\u2019il ne change pas de poste<\/b><\/i><\/span><span style=\"font-size: small\"><i>\u00bb <\/i><\/span><span style=\"font-size: small\">(c\u2019est nous qui soulignons)<\/span><span style=\"font-size: small\">. Incoh\u00e9rence qui a \u00e9chapp\u00e9 \u00e0 la vigilance des r\u00e9dacteurs ? Pour la CGT, les deux dispositions sont inacceptables.<\/span><\/span><\/span><\/p>\n","protected":false},"excerpt":{"rendered":"<p>Le passage au RIFSEEP s\u2019est fait pour le moment uniquement par modification de l\u2019intitul\u00e9 des primes sur nos fiches de paie (avec maintien des montants). V\u00e9rifiez toutefois que des erreurs techniques ne se sont pas gliss\u00e9es dans la proc\u00e9dure et signalez-nous le cas \u00e9ch\u00e9ant les baisses de montant inexpliqu\u00e9es. Le projet de note de gestion [&hellip;]<\/p>\n","protected":false},"author":351,"featured_media":0,"comment_status":"open","ping_status":"closed","sticky":false,"template":"","format":"standard","meta":{"_acf_changed":false,"footnotes":""},"categories":[1],"tags":[],"class_list":["post-3189","post","type-post","status-publish","format-standard","hentry","category-actus","themes-remuneration-carriere-ldg"],"acf":[],"yoast_head":"<!-- This site is optimized with the Yoast SEO plugin v26.3 - https:\/\/yoast.com\/wordpress\/plugins\/seo\/ -->\n<title>Note de gestion RIFSEEP 2016... et ensuite ? - OFICT-CGT Equipement-Environnement<\/title>\n<meta name=\"robots\" content=\"index, follow, max-snippet:-1, max-image-preview:large, max-video-preview:-1\" \/>\n<link rel=\"canonical\" href=\"https:\/\/syndicoop.fr\/ofict\/note-de-gestion-rifseep-2016-et-ensuite\/\" \/>\n<meta property=\"og:locale\" content=\"fr_FR\" \/>\n<meta property=\"og:type\" content=\"article\" \/>\n<meta property=\"og:title\" content=\"Note de gestion RIFSEEP 2016... et ensuite ? - OFICT-CGT Equipement-Environnement\" \/>\n<meta property=\"og:description\" content=\"Le passage au RIFSEEP s\u2019est fait pour le moment uniquement par modification de l\u2019intitul\u00e9 des primes sur nos fiches de paie (avec maintien des montants). V\u00e9rifiez toutefois que des erreurs techniques ne se sont pas gliss\u00e9es dans la proc\u00e9dure et signalez-nous le cas \u00e9ch\u00e9ant les baisses de montant inexpliqu\u00e9es. Le projet de note de gestion [&hellip;]\" \/>\n<meta property=\"og:url\" content=\"https:\/\/syndicoop.fr\/ofict\/note-de-gestion-rifseep-2016-et-ensuite\/\" \/>\n<meta property=\"og:site_name\" content=\"OFICT-CGT Equipement-Environnement\" \/>\n<meta property=\"article:publisher\" content=\"https:\/\/www.facebook.com\/ofictcgt\" \/>\n<meta property=\"article:published_time\" content=\"2016-06-07T08:31:56+00:00\" \/>\n<meta property=\"article:modified_time\" content=\"2020-10-21T09:10:35+00:00\" \/>\n<meta name=\"author\" content=\"ecanonne\" \/>\n<meta name=\"twitter:card\" content=\"summary_large_image\" \/>\n<meta name=\"twitter:creator\" content=\"@ofictcgt\" \/>\n<meta name=\"twitter:site\" content=\"@ofictcgt\" \/>\n<meta name=\"twitter:label1\" content=\"\u00c9crit par\" \/>\n\t<meta name=\"twitter:data1\" content=\"ecanonne\" \/>\n\t<meta name=\"twitter:label2\" content=\"Dur\u00e9e de lecture estim\u00e9e\" \/>\n\t<meta name=\"twitter:data2\" content=\"2 minutes\" \/>\n<script type=\"application\/ld+json\" class=\"yoast-schema-graph\">{\"@context\":\"https:\/\/schema.org\",\"@graph\":[{\"@type\":\"Article\",\"@id\":\"https:\/\/syndicoop.fr\/ofict\/note-de-gestion-rifseep-2016-et-ensuite\/#article\",\"isPartOf\":{\"@id\":\"https:\/\/syndicoop.fr\/ofict\/note-de-gestion-rifseep-2016-et-ensuite\/\"},\"author\":{\"name\":\"ecanonne\",\"@id\":\"https:\/\/syndicoop.fr\/ofict\/#\/schema\/person\/f39466be0f2870e8872f54607694f961\"},\"headline\":\"Note de gestion RIFSEEP 2016&#8230; et ensuite ?\",\"datePublished\":\"2016-06-07T08:31:56+00:00\",\"dateModified\":\"2020-10-21T09:10:35+00:00\",\"mainEntityOfPage\":{\"@id\":\"https:\/\/syndicoop.fr\/ofict\/note-de-gestion-rifseep-2016-et-ensuite\/\"},\"wordCount\":319,\"commentCount\":0,\"publisher\":{\"@id\":\"https:\/\/syndicoop.fr\/ofict\/#organization\"},\"articleSection\":[\"Actus\"],\"inLanguage\":\"fr-FR\",\"potentialAction\":[{\"@type\":\"CommentAction\",\"name\":\"Comment\",\"target\":[\"https:\/\/syndicoop.fr\/ofict\/note-de-gestion-rifseep-2016-et-ensuite\/#respond\"]}]},{\"@type\":\"WebPage\",\"@id\":\"https:\/\/syndicoop.fr\/ofict\/note-de-gestion-rifseep-2016-et-ensuite\/\",\"url\":\"https:\/\/syndicoop.fr\/ofict\/note-de-gestion-rifseep-2016-et-ensuite\/\",\"name\":\"Note de gestion RIFSEEP 2016... et ensuite ? - OFICT-CGT Equipement-Environnement\",\"isPartOf\":{\"@id\":\"https:\/\/syndicoop.fr\/ofict\/#website\"},\"datePublished\":\"2016-06-07T08:31:56+00:00\",\"dateModified\":\"2020-10-21T09:10:35+00:00\",\"breadcrumb\":{\"@id\":\"https:\/\/syndicoop.fr\/ofict\/note-de-gestion-rifseep-2016-et-ensuite\/#breadcrumb\"},\"inLanguage\":\"fr-FR\",\"potentialAction\":[{\"@type\":\"ReadAction\",\"target\":[\"https:\/\/syndicoop.fr\/ofict\/note-de-gestion-rifseep-2016-et-ensuite\/\"]}]},{\"@type\":\"BreadcrumbList\",\"@id\":\"https:\/\/syndicoop.fr\/ofict\/note-de-gestion-rifseep-2016-et-ensuite\/#breadcrumb\",\"itemListElement\":[{\"@type\":\"ListItem\",\"position\":1,\"name\":\"Accueil\",\"item\":\"https:\/\/syndicoop.fr\/ofict\/\"},{\"@type\":\"ListItem\",\"position\":2,\"name\":\"Note de gestion RIFSEEP 2016&#8230; et ensuite&#160;?\"}]},{\"@type\":\"WebSite\",\"@id\":\"https:\/\/syndicoop.fr\/ofict\/#website\",\"url\":\"https:\/\/syndicoop.fr\/ofict\/\",\"name\":\"OFICT-CGT Equipement-Environnement\",\"description\":\"avec Syndicoop.fr, plateforme syndicale et coop\u00e9rative\",\"publisher\":{\"@id\":\"https:\/\/syndicoop.fr\/ofict\/#organization\"},\"potentialAction\":[{\"@type\":\"SearchAction\",\"target\":{\"@type\":\"EntryPoint\",\"urlTemplate\":\"https:\/\/syndicoop.fr\/ofict\/?s={search_term_string}\"},\"query-input\":{\"@type\":\"PropertyValueSpecification\",\"valueRequired\":true,\"valueName\":\"search_term_string\"}}],\"inLanguage\":\"fr-FR\"},{\"@type\":\"Organization\",\"@id\":\"https:\/\/syndicoop.fr\/ofict\/#organization\",\"name\":\"ofict-cgt\",\"url\":\"https:\/\/syndicoop.fr\/ofict\/\",\"logo\":{\"@type\":\"ImageObject\",\"inLanguage\":\"fr-FR\",\"@id\":\"https:\/\/syndicoop.fr\/ofict\/#\/schema\/logo\/image\/\",\"url\":\"https:\/\/syndicoop.fr\/ofict\/wp-content\/uploads\/sites\/21\/2021\/01\/0-Logo-OFICT-couleur-ombre-grand.png\",\"contentUrl\":\"https:\/\/syndicoop.fr\/ofict\/wp-content\/uploads\/sites\/21\/2021\/01\/0-Logo-OFICT-couleur-ombre-grand.png\",\"width\":853,\"height\":626,\"caption\":\"ofict-cgt\"},\"image\":{\"@id\":\"https:\/\/syndicoop.fr\/ofict\/#\/schema\/logo\/image\/\"},\"sameAs\":[\"https:\/\/www.facebook.com\/ofictcgt\",\"https:\/\/x.com\/ofictcgt\",\"https:\/\/www.youtube.com\/channel\/UCuspFuV1HGEF1weXxpWVKtQ\"]},{\"@type\":\"Person\",\"@id\":\"https:\/\/syndicoop.fr\/ofict\/#\/schema\/person\/f39466be0f2870e8872f54607694f961\",\"name\":\"ecanonne\",\"image\":{\"@type\":\"ImageObject\",\"inLanguage\":\"fr-FR\",\"@id\":\"https:\/\/syndicoop.fr\/ofict\/#\/schema\/person\/image\/\",\"url\":\"\/\/www.gravatar.com\/avatar\/d77c79c43301ad5a8b26da1071f40071?s=96&#038;r=g&#038;d=mm\",\"contentUrl\":\"\/\/www.gravatar.com\/avatar\/d77c79c43301ad5a8b26da1071f40071?s=96&#038;r=g&#038;d=mm\",\"caption\":\"ecanonne\"}}]}<\/script>\n<!-- \/ Yoast SEO plugin. -->","yoast_head_json":{"title":"Note de gestion RIFSEEP 2016... et ensuite ? - OFICT-CGT Equipement-Environnement","robots":{"index":"index","follow":"follow","max-snippet":"max-snippet:-1","max-image-preview":"max-image-preview:large","max-video-preview":"max-video-preview:-1"},"canonical":"https:\/\/syndicoop.fr\/ofict\/note-de-gestion-rifseep-2016-et-ensuite\/","og_locale":"fr_FR","og_type":"article","og_title":"Note de gestion RIFSEEP 2016... et ensuite ? - OFICT-CGT Equipement-Environnement","og_description":"Le passage au RIFSEEP s\u2019est fait pour le moment uniquement par modification de l\u2019intitul\u00e9 des primes sur nos fiches de paie (avec maintien des montants). V\u00e9rifiez toutefois que des erreurs techniques ne se sont pas gliss\u00e9es dans la proc\u00e9dure et signalez-nous le cas \u00e9ch\u00e9ant les baisses de montant inexpliqu\u00e9es. Le projet de note de gestion [&hellip;]","og_url":"https:\/\/syndicoop.fr\/ofict\/note-de-gestion-rifseep-2016-et-ensuite\/","og_site_name":"OFICT-CGT Equipement-Environnement","article_publisher":"https:\/\/www.facebook.com\/ofictcgt","article_published_time":"2016-06-07T08:31:56+00:00","article_modified_time":"2020-10-21T09:10:35+00:00","author":"ecanonne","twitter_card":"summary_large_image","twitter_creator":"@ofictcgt","twitter_site":"@ofictcgt","twitter_misc":{"\u00c9crit par":"ecanonne","Dur\u00e9e de lecture estim\u00e9e":"2 minutes"},"schema":{"@context":"https:\/\/schema.org","@graph":[{"@type":"Article","@id":"https:\/\/syndicoop.fr\/ofict\/note-de-gestion-rifseep-2016-et-ensuite\/#article","isPartOf":{"@id":"https:\/\/syndicoop.fr\/ofict\/note-de-gestion-rifseep-2016-et-ensuite\/"},"author":{"name":"ecanonne","@id":"https:\/\/syndicoop.fr\/ofict\/#\/schema\/person\/f39466be0f2870e8872f54607694f961"},"headline":"Note de gestion RIFSEEP 2016&#8230; et ensuite ?","datePublished":"2016-06-07T08:31:56+00:00","dateModified":"2020-10-21T09:10:35+00:00","mainEntityOfPage":{"@id":"https:\/\/syndicoop.fr\/ofict\/note-de-gestion-rifseep-2016-et-ensuite\/"},"wordCount":319,"commentCount":0,"publisher":{"@id":"https:\/\/syndicoop.fr\/ofict\/#organization"},"articleSection":["Actus"],"inLanguage":"fr-FR","potentialAction":[{"@type":"CommentAction","name":"Comment","target":["https:\/\/syndicoop.fr\/ofict\/note-de-gestion-rifseep-2016-et-ensuite\/#respond"]}]},{"@type":"WebPage","@id":"https:\/\/syndicoop.fr\/ofict\/note-de-gestion-rifseep-2016-et-ensuite\/","url":"https:\/\/syndicoop.fr\/ofict\/note-de-gestion-rifseep-2016-et-ensuite\/","name":"Note de gestion RIFSEEP 2016... et ensuite ? - OFICT-CGT Equipement-Environnement","isPartOf":{"@id":"https:\/\/syndicoop.fr\/ofict\/#website"},"datePublished":"2016-06-07T08:31:56+00:00","dateModified":"2020-10-21T09:10:35+00:00","breadcrumb":{"@id":"https:\/\/syndicoop.fr\/ofict\/note-de-gestion-rifseep-2016-et-ensuite\/#breadcrumb"},"inLanguage":"fr-FR","potentialAction":[{"@type":"ReadAction","target":["https:\/\/syndicoop.fr\/ofict\/note-de-gestion-rifseep-2016-et-ensuite\/"]}]},{"@type":"BreadcrumbList","@id":"https:\/\/syndicoop.fr\/ofict\/note-de-gestion-rifseep-2016-et-ensuite\/#breadcrumb","itemListElement":[{"@type":"ListItem","position":1,"name":"Accueil","item":"https:\/\/syndicoop.fr\/ofict\/"},{"@type":"ListItem","position":2,"name":"Note de gestion RIFSEEP 2016&#8230; et ensuite&#160;?"}]},{"@type":"WebSite","@id":"https:\/\/syndicoop.fr\/ofict\/#website","url":"https:\/\/syndicoop.fr\/ofict\/","name":"OFICT-CGT Equipement-Environnement","description":"avec Syndicoop.fr, plateforme syndicale et coop\u00e9rative","publisher":{"@id":"https:\/\/syndicoop.fr\/ofict\/#organization"},"potentialAction":[{"@type":"SearchAction","target":{"@type":"EntryPoint","urlTemplate":"https:\/\/syndicoop.fr\/ofict\/?s={search_term_string}"},"query-input":{"@type":"PropertyValueSpecification","valueRequired":true,"valueName":"search_term_string"}}],"inLanguage":"fr-FR"},{"@type":"Organization","@id":"https:\/\/syndicoop.fr\/ofict\/#organization","name":"ofict-cgt","url":"https:\/\/syndicoop.fr\/ofict\/","logo":{"@type":"ImageObject","inLanguage":"fr-FR","@id":"https:\/\/syndicoop.fr\/ofict\/#\/schema\/logo\/image\/","url":"https:\/\/syndicoop.fr\/ofict\/wp-content\/uploads\/sites\/21\/2021\/01\/0-Logo-OFICT-couleur-ombre-grand.png","contentUrl":"https:\/\/syndicoop.fr\/ofict\/wp-content\/uploads\/sites\/21\/2021\/01\/0-Logo-OFICT-couleur-ombre-grand.png","width":853,"height":626,"caption":"ofict-cgt"},"image":{"@id":"https:\/\/syndicoop.fr\/ofict\/#\/schema\/logo\/image\/"},"sameAs":["https:\/\/www.facebook.com\/ofictcgt","https:\/\/x.com\/ofictcgt","https:\/\/www.youtube.com\/channel\/UCuspFuV1HGEF1weXxpWVKtQ"]},{"@type":"Person","@id":"https:\/\/syndicoop.fr\/ofict\/#\/schema\/person\/f39466be0f2870e8872f54607694f961","name":"ecanonne","image":{"@type":"ImageObject","inLanguage":"fr-FR","@id":"https:\/\/syndicoop.fr\/ofict\/#\/schema\/person\/image\/","url":"\/\/www.gravatar.com\/avatar\/d77c79c43301ad5a8b26da1071f40071?s=96&#038;r=g&#038;d=mm","contentUrl":"\/\/www.gravatar.com\/avatar\/d77c79c43301ad5a8b26da1071f40071?s=96&#038;r=g&#038;d=mm","caption":"ecanonne"}}]}},"_links":{"self":[{"href":"https:\/\/syndicoop.fr\/ofict\/wp-json\/wp\/v2\/posts\/3189","targetHints":{"allow":["GET"]}}],"collection":[{"href":"https:\/\/syndicoop.fr\/ofict\/wp-json\/wp\/v2\/posts"}],"about":[{"href":"https:\/\/syndicoop.fr\/ofict\/wp-json\/wp\/v2\/types\/post"}],"author":[{"embeddable":true,"href":"https:\/\/syndicoop.fr\/ofict\/wp-json\/wp\/v2\/users\/351"}],"replies":[{"embeddable":true,"href":"https:\/\/syndicoop.fr\/ofict\/wp-json\/wp\/v2\/comments?post=3189"}],"version-history":[{"count":0,"href":"https:\/\/syndicoop.fr\/ofict\/wp-json\/wp\/v2\/posts\/3189\/revisions"}],"wp:attachment":[{"href":"https:\/\/syndicoop.fr\/ofict\/wp-json\/wp\/v2\/media?parent=3189"}],"wp:term":[{"taxonomy":"category","embeddable":true,"href":"https:\/\/syndicoop.fr\/ofict\/wp-json\/wp\/v2\/categories?post=3189"},{"taxonomy":"post_tag","embeddable":true,"href":"https:\/\/syndicoop.fr\/ofict\/wp-json\/wp\/v2\/tags?post=3189"}],"curies":[{"name":"wp","href":"https:\/\/api.w.org\/{rel}","templated":true}]}}