{"id":3267,"date":"2016-09-01T14:43:20","date_gmt":"2016-09-01T12:43:20","guid":{"rendered":"http:\/\/ofict.reference-syndicale.fr\/?p=3267"},"modified":"2020-10-21T11:10:19","modified_gmt":"2020-10-21T09:10:19","slug":"dematerialisation-du-bulletin-de-paye","status":"publish","type":"post","link":"https:\/\/syndicoop.fr\/ofict\/dematerialisation-du-bulletin-de-paye\/","title":{"rendered":"D\u00e9mat\u00e9rialisation du bulletin de paye\u00a0"},"content":{"rendered":"<h1 class=\"page-title\"><\/h1>\n<div class=\"article-pict\">\n<div class=\"field field-name-field-image-article field-type-image field-label-hidden\">\n<div class=\"field-items\">\n<div class=\"field-item even\"><img loading=\"lazy\" decoding=\"async\" class=\"alignnone\" src=\"http:\/\/www.fonction-publique.gouv.fr\/files\/fichepaye369.jpg\" width=\"369\" height=\"269\" \/><\/div>\n<\/div>\n<\/div>\n<\/div>\n<div class=\"field field-name-body field-type-text-with-summary field-label-hidden\">\n<div class=\"field-items\">\n<div class=\"field-item even\">\n<p>Les bulletins de paye des fonctionnaires de l&rsquo;\u00c9tat vont \u00eatre progressivement d\u00e9mat\u00e9rialis\u00e9s, pr\u00e9voit un d\u00e9cret paru le 6 ao\u00fbt 2016.<\/p>\n<p>Ces documents ainsi que les bulletins de pension, seront mis \u00e0 disposition sur un espace num\u00e9rique s\u00e9curis\u00e9, avec une conservation des documents par la Direction g\u00e9n\u00e9rale des finances publiques (DGFIP), pendant toute la carri\u00e8re de l&rsquo;agent et jusqu&rsquo;\u00e0 cinq ann\u00e9es au-del\u00e0 du d\u00e9part en retraite.<\/p>\n<p>Chaque minist\u00e8re pr\u00e9cisera par arr\u00eat\u00e9 minist\u00e9riel, au plus tard au 1er janvier 2020, la date et les modalit\u00e9s d&rsquo;entr\u00e9e en vigueur de texte ainsi que la date \u00e0 partir de laquelle le bulletin de paye sur support papier cesse d&rsquo;\u00eatre \u00e9mis.<\/p>\n<p><a href=\"https:\/\/www.legifrance.gouv.fr\/affichTexte.do?cidTexte=JORFTEXT000032974124&amp;dateTexte=&amp;categorieLien=id\" target=\"_blank\" rel=\"noopener noreferrer\">D\u00e9cret n\u00b0 2016-1073 du 3 ao\u00fbt 2016 relatif \u00e0 la mise \u00e0 disposition et \u00e0 la conservation sur support \u00e9lectronique des bulletins de paye et de solde des agents civils de l&rsquo;Etat, des magistrats et des militaires<\/a><\/p>\n<\/div>\n<\/div>\n<\/div>\n","protected":false},"excerpt":{"rendered":"<p>Les bulletins de paye des fonctionnaires de l&rsquo;\u00c9tat vont \u00eatre progressivement d\u00e9mat\u00e9rialis\u00e9s, pr\u00e9voit un d\u00e9cret paru le 6 ao\u00fbt 2016. Ces documents ainsi que les bulletins de pension, seront mis \u00e0 disposition sur un espace num\u00e9rique s\u00e9curis\u00e9, avec une conservation des documents par la Direction g\u00e9n\u00e9rale des finances publiques (DGFIP), pendant toute la carri\u00e8re de [&hellip;]<\/p>\n","protected":false},"author":351,"featured_media":2015,"comment_status":"open","ping_status":"closed","sticky":false,"template":"","format":"standard","meta":{"_acf_changed":false,"footnotes":""},"categories":[1],"tags":[],"class_list":["post-3267","post","type-post","status-publish","format-standard","has-post-thumbnail","hentry","category-actus","themes-remuneration-carriere-ldg"],"acf":[],"yoast_head":"<!-- This site is optimized with the Yoast SEO plugin v26.3 - https:\/\/yoast.com\/wordpress\/plugins\/seo\/ -->\n<title>D\u00e9mat\u00e9rialisation du bulletin de paye\u00a0 - OFICT-CGT Equipement-Environnement<\/title>\n<meta name=\"robots\" content=\"index, follow, max-snippet:-1, max-image-preview:large, max-video-preview:-1\" \/>\n<link rel=\"canonical\" href=\"https:\/\/syndicoop.fr\/ofict\/dematerialisation-du-bulletin-de-paye\/\" \/>\n<meta property=\"og:locale\" content=\"fr_FR\" \/>\n<meta property=\"og:type\" content=\"article\" \/>\n<meta property=\"og:title\" content=\"D\u00e9mat\u00e9rialisation du bulletin de paye\u00a0 - OFICT-CGT Equipement-Environnement\" \/>\n<meta property=\"og:description\" content=\"Les bulletins de paye des fonctionnaires de l&rsquo;\u00c9tat vont \u00eatre progressivement d\u00e9mat\u00e9rialis\u00e9s, pr\u00e9voit un d\u00e9cret paru le 6 ao\u00fbt 2016. Ces documents ainsi que les bulletins de pension, seront mis \u00e0 disposition sur un espace num\u00e9rique s\u00e9curis\u00e9, avec une conservation des documents par la Direction g\u00e9n\u00e9rale des finances publiques (DGFIP), pendant toute la carri\u00e8re de [&hellip;]\" \/>\n<meta property=\"og:url\" content=\"https:\/\/syndicoop.fr\/ofict\/dematerialisation-du-bulletin-de-paye\/\" \/>\n<meta property=\"og:site_name\" content=\"OFICT-CGT Equipement-Environnement\" \/>\n<meta property=\"article:publisher\" content=\"https:\/\/www.facebook.com\/ofictcgt\" \/>\n<meta property=\"article:published_time\" content=\"2016-09-01T12:43:20+00:00\" \/>\n<meta property=\"article:modified_time\" content=\"2020-10-21T09:10:19+00:00\" \/>\n<meta property=\"og:image\" content=\"https:\/\/syndicoop.fr\/ofict\/wp-content\/uploads\/sites\/21\/2014\/07\/droit-d\u00e9connexion.jpg\" \/>\n\t<meta property=\"og:image:width\" content=\"600\" \/>\n\t<meta property=\"og:image:height\" content=\"400\" \/>\n\t<meta property=\"og:image:type\" content=\"image\/jpeg\" \/>\n<meta name=\"author\" content=\"ecanonne\" \/>\n<meta name=\"twitter:card\" content=\"summary_large_image\" \/>\n<meta name=\"twitter:creator\" content=\"@ofictcgt\" \/>\n<meta name=\"twitter:site\" content=\"@ofictcgt\" \/>\n<meta name=\"twitter:label1\" content=\"\u00c9crit par\" \/>\n\t<meta name=\"twitter:data1\" content=\"ecanonne\" \/>\n\t<meta name=\"twitter:label2\" content=\"Dur\u00e9e de lecture estim\u00e9e\" \/>\n\t<meta name=\"twitter:data2\" content=\"1 minute\" \/>\n<script type=\"application\/ld+json\" class=\"yoast-schema-graph\">{\"@context\":\"https:\/\/schema.org\",\"@graph\":[{\"@type\":\"Article\",\"@id\":\"https:\/\/syndicoop.fr\/ofict\/dematerialisation-du-bulletin-de-paye\/#article\",\"isPartOf\":{\"@id\":\"https:\/\/syndicoop.fr\/ofict\/dematerialisation-du-bulletin-de-paye\/\"},\"author\":{\"name\":\"ecanonne\",\"@id\":\"https:\/\/syndicoop.fr\/ofict\/#\/schema\/person\/f39466be0f2870e8872f54607694f961\"},\"headline\":\"D\u00e9mat\u00e9rialisation du bulletin de paye\u00a0\",\"datePublished\":\"2016-09-01T12:43:20+00:00\",\"dateModified\":\"2020-10-21T09:10:19+00:00\",\"mainEntityOfPage\":{\"@id\":\"https:\/\/syndicoop.fr\/ofict\/dematerialisation-du-bulletin-de-paye\/\"},\"wordCount\":163,\"commentCount\":0,\"publisher\":{\"@id\":\"https:\/\/syndicoop.fr\/ofict\/#organization\"},\"image\":{\"@id\":\"https:\/\/syndicoop.fr\/ofict\/dematerialisation-du-bulletin-de-paye\/#primaryimage\"},\"thumbnailUrl\":\"https:\/\/syndicoop.fr\/ofict\/wp-content\/uploads\/sites\/21\/2014\/07\/droit-d\u00e9connexion.jpg\",\"articleSection\":[\"Actus\"],\"inLanguage\":\"fr-FR\",\"potentialAction\":[{\"@type\":\"CommentAction\",\"name\":\"Comment\",\"target\":[\"https:\/\/syndicoop.fr\/ofict\/dematerialisation-du-bulletin-de-paye\/#respond\"]}]},{\"@type\":\"WebPage\",\"@id\":\"https:\/\/syndicoop.fr\/ofict\/dematerialisation-du-bulletin-de-paye\/\",\"url\":\"https:\/\/syndicoop.fr\/ofict\/dematerialisation-du-bulletin-de-paye\/\",\"name\":\"D\u00e9mat\u00e9rialisation du bulletin de paye\u00a0 - OFICT-CGT Equipement-Environnement\",\"isPartOf\":{\"@id\":\"https:\/\/syndicoop.fr\/ofict\/#website\"},\"primaryImageOfPage\":{\"@id\":\"https:\/\/syndicoop.fr\/ofict\/dematerialisation-du-bulletin-de-paye\/#primaryimage\"},\"image\":{\"@id\":\"https:\/\/syndicoop.fr\/ofict\/dematerialisation-du-bulletin-de-paye\/#primaryimage\"},\"thumbnailUrl\":\"https:\/\/syndicoop.fr\/ofict\/wp-content\/uploads\/sites\/21\/2014\/07\/droit-d\u00e9connexion.jpg\",\"datePublished\":\"2016-09-01T12:43:20+00:00\",\"dateModified\":\"2020-10-21T09:10:19+00:00\",\"breadcrumb\":{\"@id\":\"https:\/\/syndicoop.fr\/ofict\/dematerialisation-du-bulletin-de-paye\/#breadcrumb\"},\"inLanguage\":\"fr-FR\",\"potentialAction\":[{\"@type\":\"ReadAction\",\"target\":[\"https:\/\/syndicoop.fr\/ofict\/dematerialisation-du-bulletin-de-paye\/\"]}]},{\"@type\":\"ImageObject\",\"inLanguage\":\"fr-FR\",\"@id\":\"https:\/\/syndicoop.fr\/ofict\/dematerialisation-du-bulletin-de-paye\/#primaryimage\",\"url\":\"https:\/\/syndicoop.fr\/ofict\/wp-content\/uploads\/sites\/21\/2014\/07\/droit-d\u00e9connexion.jpg\",\"contentUrl\":\"https:\/\/syndicoop.fr\/ofict\/wp-content\/uploads\/sites\/21\/2014\/07\/droit-d\u00e9connexion.jpg\",\"width\":600,\"height\":400},{\"@type\":\"BreadcrumbList\",\"@id\":\"https:\/\/syndicoop.fr\/ofict\/dematerialisation-du-bulletin-de-paye\/#breadcrumb\",\"itemListElement\":[{\"@type\":\"ListItem\",\"position\":1,\"name\":\"Accueil\",\"item\":\"https:\/\/syndicoop.fr\/ofict\/\"},{\"@type\":\"ListItem\",\"position\":2,\"name\":\"D\u00e9mat\u00e9rialisation du bulletin de paye\u00a0\"}]},{\"@type\":\"WebSite\",\"@id\":\"https:\/\/syndicoop.fr\/ofict\/#website\",\"url\":\"https:\/\/syndicoop.fr\/ofict\/\",\"name\":\"OFICT-CGT Equipement-Environnement\",\"description\":\"avec Syndicoop.fr, plateforme syndicale et coop\u00e9rative\",\"publisher\":{\"@id\":\"https:\/\/syndicoop.fr\/ofict\/#organization\"},\"potentialAction\":[{\"@type\":\"SearchAction\",\"target\":{\"@type\":\"EntryPoint\",\"urlTemplate\":\"https:\/\/syndicoop.fr\/ofict\/?s={search_term_string}\"},\"query-input\":{\"@type\":\"PropertyValueSpecification\",\"valueRequired\":true,\"valueName\":\"search_term_string\"}}],\"inLanguage\":\"fr-FR\"},{\"@type\":\"Organization\",\"@id\":\"https:\/\/syndicoop.fr\/ofict\/#organization\",\"name\":\"ofict-cgt\",\"url\":\"https:\/\/syndicoop.fr\/ofict\/\",\"logo\":{\"@type\":\"ImageObject\",\"inLanguage\":\"fr-FR\",\"@id\":\"https:\/\/syndicoop.fr\/ofict\/#\/schema\/logo\/image\/\",\"url\":\"https:\/\/syndicoop.fr\/ofict\/wp-content\/uploads\/sites\/21\/2021\/01\/0-Logo-OFICT-couleur-ombre-grand.png\",\"contentUrl\":\"https:\/\/syndicoop.fr\/ofict\/wp-content\/uploads\/sites\/21\/2021\/01\/0-Logo-OFICT-couleur-ombre-grand.png\",\"width\":853,\"height\":626,\"caption\":\"ofict-cgt\"},\"image\":{\"@id\":\"https:\/\/syndicoop.fr\/ofict\/#\/schema\/logo\/image\/\"},\"sameAs\":[\"https:\/\/www.facebook.com\/ofictcgt\",\"https:\/\/x.com\/ofictcgt\",\"https:\/\/www.youtube.com\/channel\/UCuspFuV1HGEF1weXxpWVKtQ\"]},{\"@type\":\"Person\",\"@id\":\"https:\/\/syndicoop.fr\/ofict\/#\/schema\/person\/f39466be0f2870e8872f54607694f961\",\"name\":\"ecanonne\",\"image\":{\"@type\":\"ImageObject\",\"inLanguage\":\"fr-FR\",\"@id\":\"https:\/\/syndicoop.fr\/ofict\/#\/schema\/person\/image\/\",\"url\":\"\/\/www.gravatar.com\/avatar\/d77c79c43301ad5a8b26da1071f40071?s=96&#038;r=g&#038;d=mm\",\"contentUrl\":\"\/\/www.gravatar.com\/avatar\/d77c79c43301ad5a8b26da1071f40071?s=96&#038;r=g&#038;d=mm\",\"caption\":\"ecanonne\"}}]}<\/script>\n<!-- \/ Yoast SEO plugin. -->","yoast_head_json":{"title":"D\u00e9mat\u00e9rialisation du bulletin de paye\u00a0 - OFICT-CGT Equipement-Environnement","robots":{"index":"index","follow":"follow","max-snippet":"max-snippet:-1","max-image-preview":"max-image-preview:large","max-video-preview":"max-video-preview:-1"},"canonical":"https:\/\/syndicoop.fr\/ofict\/dematerialisation-du-bulletin-de-paye\/","og_locale":"fr_FR","og_type":"article","og_title":"D\u00e9mat\u00e9rialisation du bulletin de paye\u00a0 - OFICT-CGT Equipement-Environnement","og_description":"Les bulletins de paye des fonctionnaires de l&rsquo;\u00c9tat vont \u00eatre progressivement d\u00e9mat\u00e9rialis\u00e9s, pr\u00e9voit un d\u00e9cret paru le 6 ao\u00fbt 2016. Ces documents ainsi que les bulletins de pension, seront mis \u00e0 disposition sur un espace num\u00e9rique s\u00e9curis\u00e9, avec une conservation des documents par la Direction g\u00e9n\u00e9rale des finances publiques (DGFIP), pendant toute la carri\u00e8re de [&hellip;]","og_url":"https:\/\/syndicoop.fr\/ofict\/dematerialisation-du-bulletin-de-paye\/","og_site_name":"OFICT-CGT Equipement-Environnement","article_publisher":"https:\/\/www.facebook.com\/ofictcgt","article_published_time":"2016-09-01T12:43:20+00:00","article_modified_time":"2020-10-21T09:10:19+00:00","og_image":[{"width":600,"height":400,"url":"https:\/\/syndicoop.fr\/ofict\/wp-content\/uploads\/sites\/21\/2014\/07\/droit-d\u00e9connexion.jpg","type":"image\/jpeg"}],"author":"ecanonne","twitter_card":"summary_large_image","twitter_creator":"@ofictcgt","twitter_site":"@ofictcgt","twitter_misc":{"\u00c9crit par":"ecanonne","Dur\u00e9e de lecture estim\u00e9e":"1 minute"},"schema":{"@context":"https:\/\/schema.org","@graph":[{"@type":"Article","@id":"https:\/\/syndicoop.fr\/ofict\/dematerialisation-du-bulletin-de-paye\/#article","isPartOf":{"@id":"https:\/\/syndicoop.fr\/ofict\/dematerialisation-du-bulletin-de-paye\/"},"author":{"name":"ecanonne","@id":"https:\/\/syndicoop.fr\/ofict\/#\/schema\/person\/f39466be0f2870e8872f54607694f961"},"headline":"D\u00e9mat\u00e9rialisation du bulletin de paye\u00a0","datePublished":"2016-09-01T12:43:20+00:00","dateModified":"2020-10-21T09:10:19+00:00","mainEntityOfPage":{"@id":"https:\/\/syndicoop.fr\/ofict\/dematerialisation-du-bulletin-de-paye\/"},"wordCount":163,"commentCount":0,"publisher":{"@id":"https:\/\/syndicoop.fr\/ofict\/#organization"},"image":{"@id":"https:\/\/syndicoop.fr\/ofict\/dematerialisation-du-bulletin-de-paye\/#primaryimage"},"thumbnailUrl":"https:\/\/syndicoop.fr\/ofict\/wp-content\/uploads\/sites\/21\/2014\/07\/droit-d\u00e9connexion.jpg","articleSection":["Actus"],"inLanguage":"fr-FR","potentialAction":[{"@type":"CommentAction","name":"Comment","target":["https:\/\/syndicoop.fr\/ofict\/dematerialisation-du-bulletin-de-paye\/#respond"]}]},{"@type":"WebPage","@id":"https:\/\/syndicoop.fr\/ofict\/dematerialisation-du-bulletin-de-paye\/","url":"https:\/\/syndicoop.fr\/ofict\/dematerialisation-du-bulletin-de-paye\/","name":"D\u00e9mat\u00e9rialisation du bulletin de paye\u00a0 - OFICT-CGT Equipement-Environnement","isPartOf":{"@id":"https:\/\/syndicoop.fr\/ofict\/#website"},"primaryImageOfPage":{"@id":"https:\/\/syndicoop.fr\/ofict\/dematerialisation-du-bulletin-de-paye\/#primaryimage"},"image":{"@id":"https:\/\/syndicoop.fr\/ofict\/dematerialisation-du-bulletin-de-paye\/#primaryimage"},"thumbnailUrl":"https:\/\/syndicoop.fr\/ofict\/wp-content\/uploads\/sites\/21\/2014\/07\/droit-d\u00e9connexion.jpg","datePublished":"2016-09-01T12:43:20+00:00","dateModified":"2020-10-21T09:10:19+00:00","breadcrumb":{"@id":"https:\/\/syndicoop.fr\/ofict\/dematerialisation-du-bulletin-de-paye\/#breadcrumb"},"inLanguage":"fr-FR","potentialAction":[{"@type":"ReadAction","target":["https:\/\/syndicoop.fr\/ofict\/dematerialisation-du-bulletin-de-paye\/"]}]},{"@type":"ImageObject","inLanguage":"fr-FR","@id":"https:\/\/syndicoop.fr\/ofict\/dematerialisation-du-bulletin-de-paye\/#primaryimage","url":"https:\/\/syndicoop.fr\/ofict\/wp-content\/uploads\/sites\/21\/2014\/07\/droit-d\u00e9connexion.jpg","contentUrl":"https:\/\/syndicoop.fr\/ofict\/wp-content\/uploads\/sites\/21\/2014\/07\/droit-d\u00e9connexion.jpg","width":600,"height":400},{"@type":"BreadcrumbList","@id":"https:\/\/syndicoop.fr\/ofict\/dematerialisation-du-bulletin-de-paye\/#breadcrumb","itemListElement":[{"@type":"ListItem","position":1,"name":"Accueil","item":"https:\/\/syndicoop.fr\/ofict\/"},{"@type":"ListItem","position":2,"name":"D\u00e9mat\u00e9rialisation du bulletin de paye\u00a0"}]},{"@type":"WebSite","@id":"https:\/\/syndicoop.fr\/ofict\/#website","url":"https:\/\/syndicoop.fr\/ofict\/","name":"OFICT-CGT Equipement-Environnement","description":"avec Syndicoop.fr, plateforme syndicale et coop\u00e9rative","publisher":{"@id":"https:\/\/syndicoop.fr\/ofict\/#organization"},"potentialAction":[{"@type":"SearchAction","target":{"@type":"EntryPoint","urlTemplate":"https:\/\/syndicoop.fr\/ofict\/?s={search_term_string}"},"query-input":{"@type":"PropertyValueSpecification","valueRequired":true,"valueName":"search_term_string"}}],"inLanguage":"fr-FR"},{"@type":"Organization","@id":"https:\/\/syndicoop.fr\/ofict\/#organization","name":"ofict-cgt","url":"https:\/\/syndicoop.fr\/ofict\/","logo":{"@type":"ImageObject","inLanguage":"fr-FR","@id":"https:\/\/syndicoop.fr\/ofict\/#\/schema\/logo\/image\/","url":"https:\/\/syndicoop.fr\/ofict\/wp-content\/uploads\/sites\/21\/2021\/01\/0-Logo-OFICT-couleur-ombre-grand.png","contentUrl":"https:\/\/syndicoop.fr\/ofict\/wp-content\/uploads\/sites\/21\/2021\/01\/0-Logo-OFICT-couleur-ombre-grand.png","width":853,"height":626,"caption":"ofict-cgt"},"image":{"@id":"https:\/\/syndicoop.fr\/ofict\/#\/schema\/logo\/image\/"},"sameAs":["https:\/\/www.facebook.com\/ofictcgt","https:\/\/x.com\/ofictcgt","https:\/\/www.youtube.com\/channel\/UCuspFuV1HGEF1weXxpWVKtQ"]},{"@type":"Person","@id":"https:\/\/syndicoop.fr\/ofict\/#\/schema\/person\/f39466be0f2870e8872f54607694f961","name":"ecanonne","image":{"@type":"ImageObject","inLanguage":"fr-FR","@id":"https:\/\/syndicoop.fr\/ofict\/#\/schema\/person\/image\/","url":"\/\/www.gravatar.com\/avatar\/d77c79c43301ad5a8b26da1071f40071?s=96&#038;r=g&#038;d=mm","contentUrl":"\/\/www.gravatar.com\/avatar\/d77c79c43301ad5a8b26da1071f40071?s=96&#038;r=g&#038;d=mm","caption":"ecanonne"}}]}},"_links":{"self":[{"href":"https:\/\/syndicoop.fr\/ofict\/wp-json\/wp\/v2\/posts\/3267","targetHints":{"allow":["GET"]}}],"collection":[{"href":"https:\/\/syndicoop.fr\/ofict\/wp-json\/wp\/v2\/posts"}],"about":[{"href":"https:\/\/syndicoop.fr\/ofict\/wp-json\/wp\/v2\/types\/post"}],"author":[{"embeddable":true,"href":"https:\/\/syndicoop.fr\/ofict\/wp-json\/wp\/v2\/users\/351"}],"replies":[{"embeddable":true,"href":"https:\/\/syndicoop.fr\/ofict\/wp-json\/wp\/v2\/comments?post=3267"}],"version-history":[{"count":0,"href":"https:\/\/syndicoop.fr\/ofict\/wp-json\/wp\/v2\/posts\/3267\/revisions"}],"wp:featuredmedia":[{"embeddable":true,"href":"https:\/\/syndicoop.fr\/ofict\/wp-json\/wp\/v2\/media\/2015"}],"wp:attachment":[{"href":"https:\/\/syndicoop.fr\/ofict\/wp-json\/wp\/v2\/media?parent=3267"}],"wp:term":[{"taxonomy":"category","embeddable":true,"href":"https:\/\/syndicoop.fr\/ofict\/wp-json\/wp\/v2\/categories?post=3267"},{"taxonomy":"post_tag","embeddable":true,"href":"https:\/\/syndicoop.fr\/ofict\/wp-json\/wp\/v2\/tags?post=3267"}],"curies":[{"name":"wp","href":"https:\/\/api.w.org\/{rel}","templated":true}]}}