{"id":3275,"date":"2016-09-01T15:26:31","date_gmt":"2016-09-01T13:26:31","guid":{"rendered":"http:\/\/ofict.reference-syndicale.fr\/?p=3275"},"modified":"2016-09-01T15:26:31","modified_gmt":"2016-09-01T13:26:31","slug":"travailler-toutes-travailler-tous-travailler-mieux-et-travailler-moins","status":"publish","type":"post","link":"https:\/\/syndicoop.fr\/ofict\/travailler-toutes-travailler-tous-travailler-mieux-et-travailler-moins\/","title":{"rendered":"Travailler toutes, travailler tous, travailler mieux et travailler moins !"},"content":{"rendered":"<p>La CGT a lanc\u00e9, mardi 13 octobre 2015, une grande campagne en faveur de la r\u00e9duction du temps de travail \u00e0 32 heures. Elle a pr\u00e9sent\u00e9, en conf\u00e9rence de presse, ses cinq arguments en faveur de l\u2019abaissement de la RTT et propose une mise en d\u00e9bat avec les salari\u00e9s. <br class=\"autobr\" \/>De nombreuses initiatives jalonneront la campagne, \u00e0 commenc\u00e9 le 26 novembre prochain. Une journ\u00e9e d\u2019\u00e9tudes sera organis\u00e9e avec l\u2019Union g\u00e9n\u00e9rale des ing\u00e9nieurs, cadres et techniciens de la CGT sur la RTT et le num\u00e9rique. Le 3 d\u00e9cembre, la CGT fera un bilan des 35 heures, de leur mise en \u0153uvre avec celles et ceux qui les ont n\u00e9goci\u00e9es. Et tout au long du premier semestre 2016, des initiatives seront organis\u00e9es (actions de formations, journ\u00e9es d\u2019\u00e9tudes,etc).<\/p>\n<p><a href=\"http:\/\/www.cgt.fr\/Travailler-toutes-travailler-tous.html\" target=\"_blank\">Lire la suite<\/a><\/p>\n","protected":false},"excerpt":{"rendered":"<p>La CGT a lanc\u00e9, mardi 13 octobre 2015, une grande campagne en faveur de la r\u00e9duction du temps de travail \u00e0 32 heures. Elle a pr\u00e9sent\u00e9, en conf\u00e9rence de presse, ses cinq arguments en faveur de l\u2019abaissement de la RTT et propose une mise en d\u00e9bat avec les salari\u00e9s. De nombreuses initiatives jalonneront la campagne, [&hellip;]<\/p>\n","protected":false},"author":351,"featured_media":2810,"comment_status":"open","ping_status":"closed","sticky":false,"template":"","format":"standard","meta":{"_acf_changed":false,"footnotes":""},"categories":[1],"tags":[114],"class_list":["post-3275","post","type-post","status-publish","format-standard","has-post-thumbnail","hentry","category-actus","tag-temps-de-travail-2","themes-temps-de-travail"],"acf":[],"yoast_head":"<!-- This site is optimized with the Yoast SEO plugin v26.3 - https:\/\/yoast.com\/wordpress\/plugins\/seo\/ -->\n<title>Travailler toutes, travailler tous, travailler mieux et travailler moins ! - OFICT-CGT Equipement-Environnement<\/title>\n<meta name=\"robots\" content=\"index, follow, max-snippet:-1, max-image-preview:large, max-video-preview:-1\" \/>\n<link rel=\"canonical\" href=\"https:\/\/syndicoop.fr\/ofict\/travailler-toutes-travailler-tous-travailler-mieux-et-travailler-moins\/\" \/>\n<meta property=\"og:locale\" content=\"fr_FR\" \/>\n<meta property=\"og:type\" content=\"article\" \/>\n<meta property=\"og:title\" content=\"Travailler toutes, travailler tous, travailler mieux et travailler moins ! - OFICT-CGT Equipement-Environnement\" \/>\n<meta property=\"og:description\" content=\"La CGT a lanc\u00e9, mardi 13 octobre 2015, une grande campagne en faveur de la r\u00e9duction du temps de travail \u00e0 32 heures. Elle a pr\u00e9sent\u00e9, en conf\u00e9rence de presse, ses cinq arguments en faveur de l\u2019abaissement de la RTT et propose une mise en d\u00e9bat avec les salari\u00e9s. De nombreuses initiatives jalonneront la campagne, [&hellip;]\" \/>\n<meta property=\"og:url\" content=\"https:\/\/syndicoop.fr\/ofict\/travailler-toutes-travailler-tous-travailler-mieux-et-travailler-moins\/\" \/>\n<meta property=\"og:site_name\" content=\"OFICT-CGT Equipement-Environnement\" \/>\n<meta property=\"article:publisher\" content=\"https:\/\/www.facebook.com\/ofictcgt\" \/>\n<meta property=\"article:published_time\" content=\"2016-09-01T13:26:31+00:00\" \/>\n<meta property=\"og:image\" content=\"https:\/\/syndicoop.fr\/ofict\/wp-content\/uploads\/sites\/21\/2016\/02\/horloge2.jpg\" \/>\n\t<meta property=\"og:image:width\" content=\"600\" \/>\n\t<meta property=\"og:image:height\" content=\"358\" \/>\n\t<meta property=\"og:image:type\" content=\"image\/jpeg\" \/>\n<meta name=\"author\" content=\"ecanonne\" \/>\n<meta name=\"twitter:card\" content=\"summary_large_image\" \/>\n<meta name=\"twitter:creator\" content=\"@ofictcgt\" \/>\n<meta name=\"twitter:site\" content=\"@ofictcgt\" \/>\n<meta name=\"twitter:label1\" content=\"\u00c9crit par\" \/>\n\t<meta name=\"twitter:data1\" content=\"ecanonne\" \/>\n\t<meta name=\"twitter:label2\" content=\"Dur\u00e9e de lecture estim\u00e9e\" \/>\n\t<meta name=\"twitter:data2\" content=\"1 minute\" \/>\n<script type=\"application\/ld+json\" class=\"yoast-schema-graph\">{\"@context\":\"https:\/\/schema.org\",\"@graph\":[{\"@type\":\"Article\",\"@id\":\"https:\/\/syndicoop.fr\/ofict\/travailler-toutes-travailler-tous-travailler-mieux-et-travailler-moins\/#article\",\"isPartOf\":{\"@id\":\"https:\/\/syndicoop.fr\/ofict\/travailler-toutes-travailler-tous-travailler-mieux-et-travailler-moins\/\"},\"author\":{\"name\":\"ecanonne\",\"@id\":\"https:\/\/syndicoop.fr\/ofict\/#\/schema\/person\/f39466be0f2870e8872f54607694f961\"},\"headline\":\"Travailler toutes, travailler tous, travailler mieux et travailler moins !\",\"datePublished\":\"2016-09-01T13:26:31+00:00\",\"mainEntityOfPage\":{\"@id\":\"https:\/\/syndicoop.fr\/ofict\/travailler-toutes-travailler-tous-travailler-mieux-et-travailler-moins\/\"},\"wordCount\":148,\"commentCount\":0,\"publisher\":{\"@id\":\"https:\/\/syndicoop.fr\/ofict\/#organization\"},\"image\":{\"@id\":\"https:\/\/syndicoop.fr\/ofict\/travailler-toutes-travailler-tous-travailler-mieux-et-travailler-moins\/#primaryimage\"},\"thumbnailUrl\":\"https:\/\/syndicoop.fr\/ofict\/wp-content\/uploads\/sites\/21\/2016\/02\/horloge2.jpg\",\"keywords\":[\"Temps de Travail\"],\"articleSection\":[\"Actus\"],\"inLanguage\":\"fr-FR\",\"potentialAction\":[{\"@type\":\"CommentAction\",\"name\":\"Comment\",\"target\":[\"https:\/\/syndicoop.fr\/ofict\/travailler-toutes-travailler-tous-travailler-mieux-et-travailler-moins\/#respond\"]}]},{\"@type\":\"WebPage\",\"@id\":\"https:\/\/syndicoop.fr\/ofict\/travailler-toutes-travailler-tous-travailler-mieux-et-travailler-moins\/\",\"url\":\"https:\/\/syndicoop.fr\/ofict\/travailler-toutes-travailler-tous-travailler-mieux-et-travailler-moins\/\",\"name\":\"Travailler toutes, travailler tous, travailler mieux et travailler moins ! - OFICT-CGT Equipement-Environnement\",\"isPartOf\":{\"@id\":\"https:\/\/syndicoop.fr\/ofict\/#website\"},\"primaryImageOfPage\":{\"@id\":\"https:\/\/syndicoop.fr\/ofict\/travailler-toutes-travailler-tous-travailler-mieux-et-travailler-moins\/#primaryimage\"},\"image\":{\"@id\":\"https:\/\/syndicoop.fr\/ofict\/travailler-toutes-travailler-tous-travailler-mieux-et-travailler-moins\/#primaryimage\"},\"thumbnailUrl\":\"https:\/\/syndicoop.fr\/ofict\/wp-content\/uploads\/sites\/21\/2016\/02\/horloge2.jpg\",\"datePublished\":\"2016-09-01T13:26:31+00:00\",\"breadcrumb\":{\"@id\":\"https:\/\/syndicoop.fr\/ofict\/travailler-toutes-travailler-tous-travailler-mieux-et-travailler-moins\/#breadcrumb\"},\"inLanguage\":\"fr-FR\",\"potentialAction\":[{\"@type\":\"ReadAction\",\"target\":[\"https:\/\/syndicoop.fr\/ofict\/travailler-toutes-travailler-tous-travailler-mieux-et-travailler-moins\/\"]}]},{\"@type\":\"ImageObject\",\"inLanguage\":\"fr-FR\",\"@id\":\"https:\/\/syndicoop.fr\/ofict\/travailler-toutes-travailler-tous-travailler-mieux-et-travailler-moins\/#primaryimage\",\"url\":\"https:\/\/syndicoop.fr\/ofict\/wp-content\/uploads\/sites\/21\/2016\/02\/horloge2.jpg\",\"contentUrl\":\"https:\/\/syndicoop.fr\/ofict\/wp-content\/uploads\/sites\/21\/2016\/02\/horloge2.jpg\",\"width\":600,\"height\":358},{\"@type\":\"BreadcrumbList\",\"@id\":\"https:\/\/syndicoop.fr\/ofict\/travailler-toutes-travailler-tous-travailler-mieux-et-travailler-moins\/#breadcrumb\",\"itemListElement\":[{\"@type\":\"ListItem\",\"position\":1,\"name\":\"Accueil\",\"item\":\"https:\/\/syndicoop.fr\/ofict\/\"},{\"@type\":\"ListItem\",\"position\":2,\"name\":\"Travailler toutes, travailler tous, travailler mieux et travailler moins&#160;!\"}]},{\"@type\":\"WebSite\",\"@id\":\"https:\/\/syndicoop.fr\/ofict\/#website\",\"url\":\"https:\/\/syndicoop.fr\/ofict\/\",\"name\":\"OFICT-CGT Equipement-Environnement\",\"description\":\"avec Syndicoop.fr, plateforme syndicale et coop\u00e9rative\",\"publisher\":{\"@id\":\"https:\/\/syndicoop.fr\/ofict\/#organization\"},\"potentialAction\":[{\"@type\":\"SearchAction\",\"target\":{\"@type\":\"EntryPoint\",\"urlTemplate\":\"https:\/\/syndicoop.fr\/ofict\/?s={search_term_string}\"},\"query-input\":{\"@type\":\"PropertyValueSpecification\",\"valueRequired\":true,\"valueName\":\"search_term_string\"}}],\"inLanguage\":\"fr-FR\"},{\"@type\":\"Organization\",\"@id\":\"https:\/\/syndicoop.fr\/ofict\/#organization\",\"name\":\"ofict-cgt\",\"url\":\"https:\/\/syndicoop.fr\/ofict\/\",\"logo\":{\"@type\":\"ImageObject\",\"inLanguage\":\"fr-FR\",\"@id\":\"https:\/\/syndicoop.fr\/ofict\/#\/schema\/logo\/image\/\",\"url\":\"https:\/\/syndicoop.fr\/ofict\/wp-content\/uploads\/sites\/21\/2021\/01\/0-Logo-OFICT-couleur-ombre-grand.png\",\"contentUrl\":\"https:\/\/syndicoop.fr\/ofict\/wp-content\/uploads\/sites\/21\/2021\/01\/0-Logo-OFICT-couleur-ombre-grand.png\",\"width\":853,\"height\":626,\"caption\":\"ofict-cgt\"},\"image\":{\"@id\":\"https:\/\/syndicoop.fr\/ofict\/#\/schema\/logo\/image\/\"},\"sameAs\":[\"https:\/\/www.facebook.com\/ofictcgt\",\"https:\/\/x.com\/ofictcgt\",\"https:\/\/www.youtube.com\/channel\/UCuspFuV1HGEF1weXxpWVKtQ\"]},{\"@type\":\"Person\",\"@id\":\"https:\/\/syndicoop.fr\/ofict\/#\/schema\/person\/f39466be0f2870e8872f54607694f961\",\"name\":\"ecanonne\",\"image\":{\"@type\":\"ImageObject\",\"inLanguage\":\"fr-FR\",\"@id\":\"https:\/\/syndicoop.fr\/ofict\/#\/schema\/person\/image\/\",\"url\":\"\/\/www.gravatar.com\/avatar\/d77c79c43301ad5a8b26da1071f40071?s=96&#038;r=g&#038;d=mm\",\"contentUrl\":\"\/\/www.gravatar.com\/avatar\/d77c79c43301ad5a8b26da1071f40071?s=96&#038;r=g&#038;d=mm\",\"caption\":\"ecanonne\"}}]}<\/script>\n<!-- \/ Yoast SEO plugin. -->","yoast_head_json":{"title":"Travailler toutes, travailler tous, travailler mieux et travailler moins ! - OFICT-CGT Equipement-Environnement","robots":{"index":"index","follow":"follow","max-snippet":"max-snippet:-1","max-image-preview":"max-image-preview:large","max-video-preview":"max-video-preview:-1"},"canonical":"https:\/\/syndicoop.fr\/ofict\/travailler-toutes-travailler-tous-travailler-mieux-et-travailler-moins\/","og_locale":"fr_FR","og_type":"article","og_title":"Travailler toutes, travailler tous, travailler mieux et travailler moins ! - OFICT-CGT Equipement-Environnement","og_description":"La CGT a lanc\u00e9, mardi 13 octobre 2015, une grande campagne en faveur de la r\u00e9duction du temps de travail \u00e0 32 heures. Elle a pr\u00e9sent\u00e9, en conf\u00e9rence de presse, ses cinq arguments en faveur de l\u2019abaissement de la RTT et propose une mise en d\u00e9bat avec les salari\u00e9s. De nombreuses initiatives jalonneront la campagne, [&hellip;]","og_url":"https:\/\/syndicoop.fr\/ofict\/travailler-toutes-travailler-tous-travailler-mieux-et-travailler-moins\/","og_site_name":"OFICT-CGT Equipement-Environnement","article_publisher":"https:\/\/www.facebook.com\/ofictcgt","article_published_time":"2016-09-01T13:26:31+00:00","og_image":[{"width":600,"height":358,"url":"https:\/\/syndicoop.fr\/ofict\/wp-content\/uploads\/sites\/21\/2016\/02\/horloge2.jpg","type":"image\/jpeg"}],"author":"ecanonne","twitter_card":"summary_large_image","twitter_creator":"@ofictcgt","twitter_site":"@ofictcgt","twitter_misc":{"\u00c9crit par":"ecanonne","Dur\u00e9e de lecture estim\u00e9e":"1 minute"},"schema":{"@context":"https:\/\/schema.org","@graph":[{"@type":"Article","@id":"https:\/\/syndicoop.fr\/ofict\/travailler-toutes-travailler-tous-travailler-mieux-et-travailler-moins\/#article","isPartOf":{"@id":"https:\/\/syndicoop.fr\/ofict\/travailler-toutes-travailler-tous-travailler-mieux-et-travailler-moins\/"},"author":{"name":"ecanonne","@id":"https:\/\/syndicoop.fr\/ofict\/#\/schema\/person\/f39466be0f2870e8872f54607694f961"},"headline":"Travailler toutes, travailler tous, travailler mieux et travailler moins !","datePublished":"2016-09-01T13:26:31+00:00","mainEntityOfPage":{"@id":"https:\/\/syndicoop.fr\/ofict\/travailler-toutes-travailler-tous-travailler-mieux-et-travailler-moins\/"},"wordCount":148,"commentCount":0,"publisher":{"@id":"https:\/\/syndicoop.fr\/ofict\/#organization"},"image":{"@id":"https:\/\/syndicoop.fr\/ofict\/travailler-toutes-travailler-tous-travailler-mieux-et-travailler-moins\/#primaryimage"},"thumbnailUrl":"https:\/\/syndicoop.fr\/ofict\/wp-content\/uploads\/sites\/21\/2016\/02\/horloge2.jpg","keywords":["Temps de Travail"],"articleSection":["Actus"],"inLanguage":"fr-FR","potentialAction":[{"@type":"CommentAction","name":"Comment","target":["https:\/\/syndicoop.fr\/ofict\/travailler-toutes-travailler-tous-travailler-mieux-et-travailler-moins\/#respond"]}]},{"@type":"WebPage","@id":"https:\/\/syndicoop.fr\/ofict\/travailler-toutes-travailler-tous-travailler-mieux-et-travailler-moins\/","url":"https:\/\/syndicoop.fr\/ofict\/travailler-toutes-travailler-tous-travailler-mieux-et-travailler-moins\/","name":"Travailler toutes, travailler tous, travailler mieux et travailler moins ! - OFICT-CGT Equipement-Environnement","isPartOf":{"@id":"https:\/\/syndicoop.fr\/ofict\/#website"},"primaryImageOfPage":{"@id":"https:\/\/syndicoop.fr\/ofict\/travailler-toutes-travailler-tous-travailler-mieux-et-travailler-moins\/#primaryimage"},"image":{"@id":"https:\/\/syndicoop.fr\/ofict\/travailler-toutes-travailler-tous-travailler-mieux-et-travailler-moins\/#primaryimage"},"thumbnailUrl":"https:\/\/syndicoop.fr\/ofict\/wp-content\/uploads\/sites\/21\/2016\/02\/horloge2.jpg","datePublished":"2016-09-01T13:26:31+00:00","breadcrumb":{"@id":"https:\/\/syndicoop.fr\/ofict\/travailler-toutes-travailler-tous-travailler-mieux-et-travailler-moins\/#breadcrumb"},"inLanguage":"fr-FR","potentialAction":[{"@type":"ReadAction","target":["https:\/\/syndicoop.fr\/ofict\/travailler-toutes-travailler-tous-travailler-mieux-et-travailler-moins\/"]}]},{"@type":"ImageObject","inLanguage":"fr-FR","@id":"https:\/\/syndicoop.fr\/ofict\/travailler-toutes-travailler-tous-travailler-mieux-et-travailler-moins\/#primaryimage","url":"https:\/\/syndicoop.fr\/ofict\/wp-content\/uploads\/sites\/21\/2016\/02\/horloge2.jpg","contentUrl":"https:\/\/syndicoop.fr\/ofict\/wp-content\/uploads\/sites\/21\/2016\/02\/horloge2.jpg","width":600,"height":358},{"@type":"BreadcrumbList","@id":"https:\/\/syndicoop.fr\/ofict\/travailler-toutes-travailler-tous-travailler-mieux-et-travailler-moins\/#breadcrumb","itemListElement":[{"@type":"ListItem","position":1,"name":"Accueil","item":"https:\/\/syndicoop.fr\/ofict\/"},{"@type":"ListItem","position":2,"name":"Travailler toutes, travailler tous, travailler mieux et travailler moins&#160;!"}]},{"@type":"WebSite","@id":"https:\/\/syndicoop.fr\/ofict\/#website","url":"https:\/\/syndicoop.fr\/ofict\/","name":"OFICT-CGT Equipement-Environnement","description":"avec Syndicoop.fr, plateforme syndicale et coop\u00e9rative","publisher":{"@id":"https:\/\/syndicoop.fr\/ofict\/#organization"},"potentialAction":[{"@type":"SearchAction","target":{"@type":"EntryPoint","urlTemplate":"https:\/\/syndicoop.fr\/ofict\/?s={search_term_string}"},"query-input":{"@type":"PropertyValueSpecification","valueRequired":true,"valueName":"search_term_string"}}],"inLanguage":"fr-FR"},{"@type":"Organization","@id":"https:\/\/syndicoop.fr\/ofict\/#organization","name":"ofict-cgt","url":"https:\/\/syndicoop.fr\/ofict\/","logo":{"@type":"ImageObject","inLanguage":"fr-FR","@id":"https:\/\/syndicoop.fr\/ofict\/#\/schema\/logo\/image\/","url":"https:\/\/syndicoop.fr\/ofict\/wp-content\/uploads\/sites\/21\/2021\/01\/0-Logo-OFICT-couleur-ombre-grand.png","contentUrl":"https:\/\/syndicoop.fr\/ofict\/wp-content\/uploads\/sites\/21\/2021\/01\/0-Logo-OFICT-couleur-ombre-grand.png","width":853,"height":626,"caption":"ofict-cgt"},"image":{"@id":"https:\/\/syndicoop.fr\/ofict\/#\/schema\/logo\/image\/"},"sameAs":["https:\/\/www.facebook.com\/ofictcgt","https:\/\/x.com\/ofictcgt","https:\/\/www.youtube.com\/channel\/UCuspFuV1HGEF1weXxpWVKtQ"]},{"@type":"Person","@id":"https:\/\/syndicoop.fr\/ofict\/#\/schema\/person\/f39466be0f2870e8872f54607694f961","name":"ecanonne","image":{"@type":"ImageObject","inLanguage":"fr-FR","@id":"https:\/\/syndicoop.fr\/ofict\/#\/schema\/person\/image\/","url":"\/\/www.gravatar.com\/avatar\/d77c79c43301ad5a8b26da1071f40071?s=96&#038;r=g&#038;d=mm","contentUrl":"\/\/www.gravatar.com\/avatar\/d77c79c43301ad5a8b26da1071f40071?s=96&#038;r=g&#038;d=mm","caption":"ecanonne"}}]}},"_links":{"self":[{"href":"https:\/\/syndicoop.fr\/ofict\/wp-json\/wp\/v2\/posts\/3275","targetHints":{"allow":["GET"]}}],"collection":[{"href":"https:\/\/syndicoop.fr\/ofict\/wp-json\/wp\/v2\/posts"}],"about":[{"href":"https:\/\/syndicoop.fr\/ofict\/wp-json\/wp\/v2\/types\/post"}],"author":[{"embeddable":true,"href":"https:\/\/syndicoop.fr\/ofict\/wp-json\/wp\/v2\/users\/351"}],"replies":[{"embeddable":true,"href":"https:\/\/syndicoop.fr\/ofict\/wp-json\/wp\/v2\/comments?post=3275"}],"version-history":[{"count":0,"href":"https:\/\/syndicoop.fr\/ofict\/wp-json\/wp\/v2\/posts\/3275\/revisions"}],"wp:featuredmedia":[{"embeddable":true,"href":"https:\/\/syndicoop.fr\/ofict\/wp-json\/wp\/v2\/media\/2810"}],"wp:attachment":[{"href":"https:\/\/syndicoop.fr\/ofict\/wp-json\/wp\/v2\/media?parent=3275"}],"wp:term":[{"taxonomy":"category","embeddable":true,"href":"https:\/\/syndicoop.fr\/ofict\/wp-json\/wp\/v2\/categories?post=3275"},{"taxonomy":"post_tag","embeddable":true,"href":"https:\/\/syndicoop.fr\/ofict\/wp-json\/wp\/v2\/tags?post=3275"}],"curies":[{"name":"wp","href":"https:\/\/api.w.org\/{rel}","templated":true}]}}