{"id":3333,"date":"2016-09-16T12:32:34","date_gmt":"2016-09-16T10:32:34","guid":{"rendered":"http:\/\/ofict.reference-syndicale.fr\/?p=3333"},"modified":"2020-05-29T14:08:11","modified_gmt":"2020-05-29T12:08:11","slug":"aujourdhui-la-cgt-equipement-environnement-rencontre-les-nouveaux-techniens-sup-du-developpement-durable-a-lente-de-valenciennes","status":"publish","type":"post","link":"https:\/\/syndicoop.fr\/ofict\/aujourdhui-la-cgt-equipement-environnement-rencontre-les-nouveaux-techniens-sup-du-developpement-durable-a-lente-de-valenciennes\/","title":{"rendered":"Aujourd&rsquo;hui la CGT equipement-environnement rencontre les \u00e9l\u00e8ves TSDD \u00e0 l&rsquo;ENTE de Valenciennes"},"content":{"rendered":"<p><a href=\"http:\/\/ofict.reference-syndicale.fr\/ente\/\"><img loading=\"lazy\" decoding=\"async\" class=\"aligncenter size-full wp-image-3348\" src=\"http:\/\/ofict.reference-syndicale.fr\/files\/2016\/09\/ENTE.jpg\" alt=\"ente\" width=\"524\" height=\"741\" srcset=\"https:\/\/syndicoop.fr\/ofict\/wp-content\/uploads\/sites\/21\/2016\/09\/ENTE.jpg 524w, https:\/\/syndicoop.fr\/ofict\/wp-content\/uploads\/sites\/21\/2016\/09\/ENTE-212x300.jpg 212w, https:\/\/syndicoop.fr\/ofict\/wp-content\/uploads\/sites\/21\/2016\/09\/ENTE-300x424.jpg 300w\" sizes=\"auto, (max-width: 524px) 100vw, 524px\" \/><\/a><\/p>\n<p>Au programme\u00a0: l\u2019histoire de la CGT, ses valeurs, pourquoi adh\u00e9rer \u00e0 la CGT\u00a0: un syndicalisme force de propositions et efficace, un syndicalisme \u00e9mancipateur, un syndicalisme qui leur ressemble, un syndicalisme qui se renouvelle, la CGT un lieu pour discuter, proposer, d\u00e9cider. A noter, concernant l&rsquo;affectation des \u00e9l\u00e8ves TSDD, la DRH veut appliquer cette ann\u00e9e le crit\u00e8re du rang de classement au concours et de mettre ainsi fin au protocole d&rsquo;affectation qui prend en compte la situation sociale des futur-e-s titulaires.\u00a0L&rsquo;OFICT, la f\u00e9d\u00e9ration et les \u00e9lus vont interpeller la nouvelle SG \u00e0\u00a0ce sujet.<\/p>\n","protected":false},"excerpt":{"rendered":"<p>Au programme\u00a0: l\u2019histoire de la CGT, ses valeurs, pourquoi adh\u00e9rer \u00e0 la CGT\u00a0: un syndicalisme force de propositions et efficace, un syndicalisme \u00e9mancipateur, un syndicalisme qui leur ressemble, un syndicalisme qui se renouvelle, la CGT un lieu pour discuter, proposer, d\u00e9cider. A noter, concernant l&rsquo;affectation des \u00e9l\u00e8ves TSDD, la DRH veut appliquer cette ann\u00e9e le [&hellip;]<\/p>\n","protected":false},"author":351,"featured_media":3348,"comment_status":"open","ping_status":"closed","sticky":false,"template":"","format":"standard","meta":{"_acf_changed":false,"footnotes":""},"categories":[1,382],"tags":[115],"class_list":["post-3333","post","type-post","status-publish","format-standard","has-post-thumbnail","hentry","category-actus","category-ofict","tag-tsdd"],"acf":[],"yoast_head":"<!-- This site is optimized with the Yoast SEO plugin v26.3 - https:\/\/yoast.com\/wordpress\/plugins\/seo\/ -->\n<title>Aujourd&#039;hui la CGT equipement-environnement rencontre les \u00e9l\u00e8ves TSDD \u00e0 l&#039;ENTE de Valenciennes - OFICT-CGT Equipement-Environnement<\/title>\n<meta name=\"robots\" content=\"index, follow, max-snippet:-1, max-image-preview:large, max-video-preview:-1\" \/>\n<link rel=\"canonical\" href=\"https:\/\/syndicoop.fr\/ofict\/aujourdhui-la-cgt-equipement-environnement-rencontre-les-nouveaux-techniens-sup-du-developpement-durable-a-lente-de-valenciennes\/\" \/>\n<meta property=\"og:locale\" content=\"fr_FR\" \/>\n<meta property=\"og:type\" content=\"article\" \/>\n<meta property=\"og:title\" content=\"Aujourd&#039;hui la CGT equipement-environnement rencontre les \u00e9l\u00e8ves TSDD \u00e0 l&#039;ENTE de Valenciennes - OFICT-CGT Equipement-Environnement\" \/>\n<meta property=\"og:description\" content=\"Au programme\u00a0: l\u2019histoire de la CGT, ses valeurs, pourquoi adh\u00e9rer \u00e0 la CGT\u00a0: un syndicalisme force de propositions et efficace, un syndicalisme \u00e9mancipateur, un syndicalisme qui leur ressemble, un syndicalisme qui se renouvelle, la CGT un lieu pour discuter, proposer, d\u00e9cider. A noter, concernant l&rsquo;affectation des \u00e9l\u00e8ves TSDD, la DRH veut appliquer cette ann\u00e9e le [&hellip;]\" \/>\n<meta property=\"og:url\" content=\"https:\/\/syndicoop.fr\/ofict\/aujourdhui-la-cgt-equipement-environnement-rencontre-les-nouveaux-techniens-sup-du-developpement-durable-a-lente-de-valenciennes\/\" \/>\n<meta property=\"og:site_name\" content=\"OFICT-CGT Equipement-Environnement\" \/>\n<meta property=\"article:publisher\" content=\"https:\/\/www.facebook.com\/ofictcgt\" \/>\n<meta property=\"article:published_time\" content=\"2016-09-16T10:32:34+00:00\" \/>\n<meta property=\"article:modified_time\" content=\"2020-05-29T12:08:11+00:00\" \/>\n<meta property=\"og:image\" content=\"https:\/\/syndicoop.fr\/ofict\/wp-content\/uploads\/sites\/21\/2016\/09\/ENTE.jpg\" \/>\n\t<meta property=\"og:image:width\" content=\"524\" \/>\n\t<meta property=\"og:image:height\" content=\"741\" \/>\n\t<meta property=\"og:image:type\" content=\"image\/jpeg\" \/>\n<meta name=\"author\" content=\"ecanonne\" \/>\n<meta name=\"twitter:card\" content=\"summary_large_image\" \/>\n<meta name=\"twitter:creator\" content=\"@ofictcgt\" \/>\n<meta name=\"twitter:site\" content=\"@ofictcgt\" \/>\n<meta name=\"twitter:label1\" content=\"\u00c9crit par\" \/>\n\t<meta name=\"twitter:data1\" content=\"ecanonne\" \/>\n\t<meta name=\"twitter:label2\" content=\"Dur\u00e9e de lecture estim\u00e9e\" \/>\n\t<meta name=\"twitter:data2\" content=\"1 minute\" \/>\n<script type=\"application\/ld+json\" class=\"yoast-schema-graph\">{\"@context\":\"https:\/\/schema.org\",\"@graph\":[{\"@type\":\"Article\",\"@id\":\"https:\/\/syndicoop.fr\/ofict\/aujourdhui-la-cgt-equipement-environnement-rencontre-les-nouveaux-techniens-sup-du-developpement-durable-a-lente-de-valenciennes\/#article\",\"isPartOf\":{\"@id\":\"https:\/\/syndicoop.fr\/ofict\/aujourdhui-la-cgt-equipement-environnement-rencontre-les-nouveaux-techniens-sup-du-developpement-durable-a-lente-de-valenciennes\/\"},\"author\":{\"name\":\"ecanonne\",\"@id\":\"https:\/\/syndicoop.fr\/ofict\/#\/schema\/person\/f39466be0f2870e8872f54607694f961\"},\"headline\":\"Aujourd&rsquo;hui la CGT equipement-environnement rencontre les \u00e9l\u00e8ves TSDD \u00e0 l&rsquo;ENTE de Valenciennes\",\"datePublished\":\"2016-09-16T10:32:34+00:00\",\"dateModified\":\"2020-05-29T12:08:11+00:00\",\"mainEntityOfPage\":{\"@id\":\"https:\/\/syndicoop.fr\/ofict\/aujourdhui-la-cgt-equipement-environnement-rencontre-les-nouveaux-techniens-sup-du-developpement-durable-a-lente-de-valenciennes\/\"},\"wordCount\":112,\"commentCount\":0,\"publisher\":{\"@id\":\"https:\/\/syndicoop.fr\/ofict\/#organization\"},\"image\":{\"@id\":\"https:\/\/syndicoop.fr\/ofict\/aujourdhui-la-cgt-equipement-environnement-rencontre-les-nouveaux-techniens-sup-du-developpement-durable-a-lente-de-valenciennes\/#primaryimage\"},\"thumbnailUrl\":\"https:\/\/syndicoop.fr\/ofict\/wp-content\/uploads\/sites\/21\/2016\/09\/ENTE.jpg\",\"keywords\":[\"TSDD\"],\"articleSection\":[\"Actus\",\"Ofict\"],\"inLanguage\":\"fr-FR\",\"potentialAction\":[{\"@type\":\"CommentAction\",\"name\":\"Comment\",\"target\":[\"https:\/\/syndicoop.fr\/ofict\/aujourdhui-la-cgt-equipement-environnement-rencontre-les-nouveaux-techniens-sup-du-developpement-durable-a-lente-de-valenciennes\/#respond\"]}]},{\"@type\":\"WebPage\",\"@id\":\"https:\/\/syndicoop.fr\/ofict\/aujourdhui-la-cgt-equipement-environnement-rencontre-les-nouveaux-techniens-sup-du-developpement-durable-a-lente-de-valenciennes\/\",\"url\":\"https:\/\/syndicoop.fr\/ofict\/aujourdhui-la-cgt-equipement-environnement-rencontre-les-nouveaux-techniens-sup-du-developpement-durable-a-lente-de-valenciennes\/\",\"name\":\"Aujourd'hui la CGT equipement-environnement rencontre les \u00e9l\u00e8ves TSDD \u00e0 l'ENTE de Valenciennes - OFICT-CGT Equipement-Environnement\",\"isPartOf\":{\"@id\":\"https:\/\/syndicoop.fr\/ofict\/#website\"},\"primaryImageOfPage\":{\"@id\":\"https:\/\/syndicoop.fr\/ofict\/aujourdhui-la-cgt-equipement-environnement-rencontre-les-nouveaux-techniens-sup-du-developpement-durable-a-lente-de-valenciennes\/#primaryimage\"},\"image\":{\"@id\":\"https:\/\/syndicoop.fr\/ofict\/aujourdhui-la-cgt-equipement-environnement-rencontre-les-nouveaux-techniens-sup-du-developpement-durable-a-lente-de-valenciennes\/#primaryimage\"},\"thumbnailUrl\":\"https:\/\/syndicoop.fr\/ofict\/wp-content\/uploads\/sites\/21\/2016\/09\/ENTE.jpg\",\"datePublished\":\"2016-09-16T10:32:34+00:00\",\"dateModified\":\"2020-05-29T12:08:11+00:00\",\"breadcrumb\":{\"@id\":\"https:\/\/syndicoop.fr\/ofict\/aujourdhui-la-cgt-equipement-environnement-rencontre-les-nouveaux-techniens-sup-du-developpement-durable-a-lente-de-valenciennes\/#breadcrumb\"},\"inLanguage\":\"fr-FR\",\"potentialAction\":[{\"@type\":\"ReadAction\",\"target\":[\"https:\/\/syndicoop.fr\/ofict\/aujourdhui-la-cgt-equipement-environnement-rencontre-les-nouveaux-techniens-sup-du-developpement-durable-a-lente-de-valenciennes\/\"]}]},{\"@type\":\"ImageObject\",\"inLanguage\":\"fr-FR\",\"@id\":\"https:\/\/syndicoop.fr\/ofict\/aujourdhui-la-cgt-equipement-environnement-rencontre-les-nouveaux-techniens-sup-du-developpement-durable-a-lente-de-valenciennes\/#primaryimage\",\"url\":\"https:\/\/syndicoop.fr\/ofict\/wp-content\/uploads\/sites\/21\/2016\/09\/ENTE.jpg\",\"contentUrl\":\"https:\/\/syndicoop.fr\/ofict\/wp-content\/uploads\/sites\/21\/2016\/09\/ENTE.jpg\",\"width\":524,\"height\":741},{\"@type\":\"BreadcrumbList\",\"@id\":\"https:\/\/syndicoop.fr\/ofict\/aujourdhui-la-cgt-equipement-environnement-rencontre-les-nouveaux-techniens-sup-du-developpement-durable-a-lente-de-valenciennes\/#breadcrumb\",\"itemListElement\":[{\"@type\":\"ListItem\",\"position\":1,\"name\":\"Accueil\",\"item\":\"https:\/\/syndicoop.fr\/ofict\/\"},{\"@type\":\"ListItem\",\"position\":2,\"name\":\"Aujourd&#8217;hui la CGT equipement-environnement rencontre les \u00e9l\u00e8ves TSDD \u00e0 l&#8217;ENTE de Valenciennes\"}]},{\"@type\":\"WebSite\",\"@id\":\"https:\/\/syndicoop.fr\/ofict\/#website\",\"url\":\"https:\/\/syndicoop.fr\/ofict\/\",\"name\":\"OFICT-CGT Equipement-Environnement\",\"description\":\"avec Syndicoop.fr, plateforme syndicale et coop\u00e9rative\",\"publisher\":{\"@id\":\"https:\/\/syndicoop.fr\/ofict\/#organization\"},\"potentialAction\":[{\"@type\":\"SearchAction\",\"target\":{\"@type\":\"EntryPoint\",\"urlTemplate\":\"https:\/\/syndicoop.fr\/ofict\/?s={search_term_string}\"},\"query-input\":{\"@type\":\"PropertyValueSpecification\",\"valueRequired\":true,\"valueName\":\"search_term_string\"}}],\"inLanguage\":\"fr-FR\"},{\"@type\":\"Organization\",\"@id\":\"https:\/\/syndicoop.fr\/ofict\/#organization\",\"name\":\"ofict-cgt\",\"url\":\"https:\/\/syndicoop.fr\/ofict\/\",\"logo\":{\"@type\":\"ImageObject\",\"inLanguage\":\"fr-FR\",\"@id\":\"https:\/\/syndicoop.fr\/ofict\/#\/schema\/logo\/image\/\",\"url\":\"https:\/\/syndicoop.fr\/ofict\/wp-content\/uploads\/sites\/21\/2021\/01\/0-Logo-OFICT-couleur-ombre-grand.png\",\"contentUrl\":\"https:\/\/syndicoop.fr\/ofict\/wp-content\/uploads\/sites\/21\/2021\/01\/0-Logo-OFICT-couleur-ombre-grand.png\",\"width\":853,\"height\":626,\"caption\":\"ofict-cgt\"},\"image\":{\"@id\":\"https:\/\/syndicoop.fr\/ofict\/#\/schema\/logo\/image\/\"},\"sameAs\":[\"https:\/\/www.facebook.com\/ofictcgt\",\"https:\/\/x.com\/ofictcgt\",\"https:\/\/www.youtube.com\/channel\/UCuspFuV1HGEF1weXxpWVKtQ\"]},{\"@type\":\"Person\",\"@id\":\"https:\/\/syndicoop.fr\/ofict\/#\/schema\/person\/f39466be0f2870e8872f54607694f961\",\"name\":\"ecanonne\",\"image\":{\"@type\":\"ImageObject\",\"inLanguage\":\"fr-FR\",\"@id\":\"https:\/\/syndicoop.fr\/ofict\/#\/schema\/person\/image\/\",\"url\":\"\/\/www.gravatar.com\/avatar\/d77c79c43301ad5a8b26da1071f40071?s=96&#038;r=g&#038;d=mm\",\"contentUrl\":\"\/\/www.gravatar.com\/avatar\/d77c79c43301ad5a8b26da1071f40071?s=96&#038;r=g&#038;d=mm\",\"caption\":\"ecanonne\"}}]}<\/script>\n<!-- \/ Yoast SEO plugin. -->","yoast_head_json":{"title":"Aujourd'hui la CGT equipement-environnement rencontre les \u00e9l\u00e8ves TSDD \u00e0 l'ENTE de Valenciennes - OFICT-CGT Equipement-Environnement","robots":{"index":"index","follow":"follow","max-snippet":"max-snippet:-1","max-image-preview":"max-image-preview:large","max-video-preview":"max-video-preview:-1"},"canonical":"https:\/\/syndicoop.fr\/ofict\/aujourdhui-la-cgt-equipement-environnement-rencontre-les-nouveaux-techniens-sup-du-developpement-durable-a-lente-de-valenciennes\/","og_locale":"fr_FR","og_type":"article","og_title":"Aujourd'hui la CGT equipement-environnement rencontre les \u00e9l\u00e8ves TSDD \u00e0 l'ENTE de Valenciennes - OFICT-CGT Equipement-Environnement","og_description":"Au programme\u00a0: l\u2019histoire de la CGT, ses valeurs, pourquoi adh\u00e9rer \u00e0 la CGT\u00a0: un syndicalisme force de propositions et efficace, un syndicalisme \u00e9mancipateur, un syndicalisme qui leur ressemble, un syndicalisme qui se renouvelle, la CGT un lieu pour discuter, proposer, d\u00e9cider. A noter, concernant l&rsquo;affectation des \u00e9l\u00e8ves TSDD, la DRH veut appliquer cette ann\u00e9e le [&hellip;]","og_url":"https:\/\/syndicoop.fr\/ofict\/aujourdhui-la-cgt-equipement-environnement-rencontre-les-nouveaux-techniens-sup-du-developpement-durable-a-lente-de-valenciennes\/","og_site_name":"OFICT-CGT Equipement-Environnement","article_publisher":"https:\/\/www.facebook.com\/ofictcgt","article_published_time":"2016-09-16T10:32:34+00:00","article_modified_time":"2020-05-29T12:08:11+00:00","og_image":[{"width":524,"height":741,"url":"https:\/\/syndicoop.fr\/ofict\/wp-content\/uploads\/sites\/21\/2016\/09\/ENTE.jpg","type":"image\/jpeg"}],"author":"ecanonne","twitter_card":"summary_large_image","twitter_creator":"@ofictcgt","twitter_site":"@ofictcgt","twitter_misc":{"\u00c9crit par":"ecanonne","Dur\u00e9e de lecture estim\u00e9e":"1 minute"},"schema":{"@context":"https:\/\/schema.org","@graph":[{"@type":"Article","@id":"https:\/\/syndicoop.fr\/ofict\/aujourdhui-la-cgt-equipement-environnement-rencontre-les-nouveaux-techniens-sup-du-developpement-durable-a-lente-de-valenciennes\/#article","isPartOf":{"@id":"https:\/\/syndicoop.fr\/ofict\/aujourdhui-la-cgt-equipement-environnement-rencontre-les-nouveaux-techniens-sup-du-developpement-durable-a-lente-de-valenciennes\/"},"author":{"name":"ecanonne","@id":"https:\/\/syndicoop.fr\/ofict\/#\/schema\/person\/f39466be0f2870e8872f54607694f961"},"headline":"Aujourd&rsquo;hui la CGT equipement-environnement rencontre les \u00e9l\u00e8ves TSDD \u00e0 l&rsquo;ENTE de Valenciennes","datePublished":"2016-09-16T10:32:34+00:00","dateModified":"2020-05-29T12:08:11+00:00","mainEntityOfPage":{"@id":"https:\/\/syndicoop.fr\/ofict\/aujourdhui-la-cgt-equipement-environnement-rencontre-les-nouveaux-techniens-sup-du-developpement-durable-a-lente-de-valenciennes\/"},"wordCount":112,"commentCount":0,"publisher":{"@id":"https:\/\/syndicoop.fr\/ofict\/#organization"},"image":{"@id":"https:\/\/syndicoop.fr\/ofict\/aujourdhui-la-cgt-equipement-environnement-rencontre-les-nouveaux-techniens-sup-du-developpement-durable-a-lente-de-valenciennes\/#primaryimage"},"thumbnailUrl":"https:\/\/syndicoop.fr\/ofict\/wp-content\/uploads\/sites\/21\/2016\/09\/ENTE.jpg","keywords":["TSDD"],"articleSection":["Actus","Ofict"],"inLanguage":"fr-FR","potentialAction":[{"@type":"CommentAction","name":"Comment","target":["https:\/\/syndicoop.fr\/ofict\/aujourdhui-la-cgt-equipement-environnement-rencontre-les-nouveaux-techniens-sup-du-developpement-durable-a-lente-de-valenciennes\/#respond"]}]},{"@type":"WebPage","@id":"https:\/\/syndicoop.fr\/ofict\/aujourdhui-la-cgt-equipement-environnement-rencontre-les-nouveaux-techniens-sup-du-developpement-durable-a-lente-de-valenciennes\/","url":"https:\/\/syndicoop.fr\/ofict\/aujourdhui-la-cgt-equipement-environnement-rencontre-les-nouveaux-techniens-sup-du-developpement-durable-a-lente-de-valenciennes\/","name":"Aujourd'hui la CGT equipement-environnement rencontre les \u00e9l\u00e8ves TSDD \u00e0 l'ENTE de Valenciennes - OFICT-CGT Equipement-Environnement","isPartOf":{"@id":"https:\/\/syndicoop.fr\/ofict\/#website"},"primaryImageOfPage":{"@id":"https:\/\/syndicoop.fr\/ofict\/aujourdhui-la-cgt-equipement-environnement-rencontre-les-nouveaux-techniens-sup-du-developpement-durable-a-lente-de-valenciennes\/#primaryimage"},"image":{"@id":"https:\/\/syndicoop.fr\/ofict\/aujourdhui-la-cgt-equipement-environnement-rencontre-les-nouveaux-techniens-sup-du-developpement-durable-a-lente-de-valenciennes\/#primaryimage"},"thumbnailUrl":"https:\/\/syndicoop.fr\/ofict\/wp-content\/uploads\/sites\/21\/2016\/09\/ENTE.jpg","datePublished":"2016-09-16T10:32:34+00:00","dateModified":"2020-05-29T12:08:11+00:00","breadcrumb":{"@id":"https:\/\/syndicoop.fr\/ofict\/aujourdhui-la-cgt-equipement-environnement-rencontre-les-nouveaux-techniens-sup-du-developpement-durable-a-lente-de-valenciennes\/#breadcrumb"},"inLanguage":"fr-FR","potentialAction":[{"@type":"ReadAction","target":["https:\/\/syndicoop.fr\/ofict\/aujourdhui-la-cgt-equipement-environnement-rencontre-les-nouveaux-techniens-sup-du-developpement-durable-a-lente-de-valenciennes\/"]}]},{"@type":"ImageObject","inLanguage":"fr-FR","@id":"https:\/\/syndicoop.fr\/ofict\/aujourdhui-la-cgt-equipement-environnement-rencontre-les-nouveaux-techniens-sup-du-developpement-durable-a-lente-de-valenciennes\/#primaryimage","url":"https:\/\/syndicoop.fr\/ofict\/wp-content\/uploads\/sites\/21\/2016\/09\/ENTE.jpg","contentUrl":"https:\/\/syndicoop.fr\/ofict\/wp-content\/uploads\/sites\/21\/2016\/09\/ENTE.jpg","width":524,"height":741},{"@type":"BreadcrumbList","@id":"https:\/\/syndicoop.fr\/ofict\/aujourdhui-la-cgt-equipement-environnement-rencontre-les-nouveaux-techniens-sup-du-developpement-durable-a-lente-de-valenciennes\/#breadcrumb","itemListElement":[{"@type":"ListItem","position":1,"name":"Accueil","item":"https:\/\/syndicoop.fr\/ofict\/"},{"@type":"ListItem","position":2,"name":"Aujourd&#8217;hui la CGT equipement-environnement rencontre les \u00e9l\u00e8ves TSDD \u00e0 l&#8217;ENTE de Valenciennes"}]},{"@type":"WebSite","@id":"https:\/\/syndicoop.fr\/ofict\/#website","url":"https:\/\/syndicoop.fr\/ofict\/","name":"OFICT-CGT Equipement-Environnement","description":"avec Syndicoop.fr, plateforme syndicale et coop\u00e9rative","publisher":{"@id":"https:\/\/syndicoop.fr\/ofict\/#organization"},"potentialAction":[{"@type":"SearchAction","target":{"@type":"EntryPoint","urlTemplate":"https:\/\/syndicoop.fr\/ofict\/?s={search_term_string}"},"query-input":{"@type":"PropertyValueSpecification","valueRequired":true,"valueName":"search_term_string"}}],"inLanguage":"fr-FR"},{"@type":"Organization","@id":"https:\/\/syndicoop.fr\/ofict\/#organization","name":"ofict-cgt","url":"https:\/\/syndicoop.fr\/ofict\/","logo":{"@type":"ImageObject","inLanguage":"fr-FR","@id":"https:\/\/syndicoop.fr\/ofict\/#\/schema\/logo\/image\/","url":"https:\/\/syndicoop.fr\/ofict\/wp-content\/uploads\/sites\/21\/2021\/01\/0-Logo-OFICT-couleur-ombre-grand.png","contentUrl":"https:\/\/syndicoop.fr\/ofict\/wp-content\/uploads\/sites\/21\/2021\/01\/0-Logo-OFICT-couleur-ombre-grand.png","width":853,"height":626,"caption":"ofict-cgt"},"image":{"@id":"https:\/\/syndicoop.fr\/ofict\/#\/schema\/logo\/image\/"},"sameAs":["https:\/\/www.facebook.com\/ofictcgt","https:\/\/x.com\/ofictcgt","https:\/\/www.youtube.com\/channel\/UCuspFuV1HGEF1weXxpWVKtQ"]},{"@type":"Person","@id":"https:\/\/syndicoop.fr\/ofict\/#\/schema\/person\/f39466be0f2870e8872f54607694f961","name":"ecanonne","image":{"@type":"ImageObject","inLanguage":"fr-FR","@id":"https:\/\/syndicoop.fr\/ofict\/#\/schema\/person\/image\/","url":"\/\/www.gravatar.com\/avatar\/d77c79c43301ad5a8b26da1071f40071?s=96&#038;r=g&#038;d=mm","contentUrl":"\/\/www.gravatar.com\/avatar\/d77c79c43301ad5a8b26da1071f40071?s=96&#038;r=g&#038;d=mm","caption":"ecanonne"}}]}},"_links":{"self":[{"href":"https:\/\/syndicoop.fr\/ofict\/wp-json\/wp\/v2\/posts\/3333","targetHints":{"allow":["GET"]}}],"collection":[{"href":"https:\/\/syndicoop.fr\/ofict\/wp-json\/wp\/v2\/posts"}],"about":[{"href":"https:\/\/syndicoop.fr\/ofict\/wp-json\/wp\/v2\/types\/post"}],"author":[{"embeddable":true,"href":"https:\/\/syndicoop.fr\/ofict\/wp-json\/wp\/v2\/users\/351"}],"replies":[{"embeddable":true,"href":"https:\/\/syndicoop.fr\/ofict\/wp-json\/wp\/v2\/comments?post=3333"}],"version-history":[{"count":0,"href":"https:\/\/syndicoop.fr\/ofict\/wp-json\/wp\/v2\/posts\/3333\/revisions"}],"wp:featuredmedia":[{"embeddable":true,"href":"https:\/\/syndicoop.fr\/ofict\/wp-json\/wp\/v2\/media\/3348"}],"wp:attachment":[{"href":"https:\/\/syndicoop.fr\/ofict\/wp-json\/wp\/v2\/media?parent=3333"}],"wp:term":[{"taxonomy":"category","embeddable":true,"href":"https:\/\/syndicoop.fr\/ofict\/wp-json\/wp\/v2\/categories?post=3333"},{"taxonomy":"post_tag","embeddable":true,"href":"https:\/\/syndicoop.fr\/ofict\/wp-json\/wp\/v2\/tags?post=3333"}],"curies":[{"name":"wp","href":"https:\/\/api.w.org\/{rel}","templated":true}]}}