{"id":3400,"date":"2016-10-26T10:00:32","date_gmt":"2016-10-26T08:00:32","guid":{"rendered":"http:\/\/ofict.reference-syndicale.fr\/?p=3400"},"modified":"2016-10-26T10:00:32","modified_gmt":"2016-10-26T08:00:32","slug":"mise-en-oeuvre-du-teletravail-dans-les-ddi-reunion-du-13-octobre-2016","status":"publish","type":"post","link":"https:\/\/syndicoop.fr\/ofict\/mise-en-oeuvre-du-teletravail-dans-les-ddi-reunion-du-13-octobre-2016\/","title":{"rendered":"Mise en oeuvre du t\u00e9l\u00e9travail dans les DDI\u00a0: r\u00e9union du 13 octobre 2016"},"content":{"rendered":"<div class=\"cartouche\">\n<h1 class=\"h1 \"><\/h1>\n<p class=\"info-publi\">La seconde r\u00e9union du groupe de travail relatif \u00e0 la mise en \u0153uvre du t\u00e9l\u00e9travail dans les DDI s\u2019est tenue le 13 octobre 2016 sous la pr\u00e9sidence de Serge Duval, directeur des services administratifs et financiers (DSAF) assist\u00e9 de Chantal Mauchet, sous-directrice du pilotage des services d\u00e9concentr\u00e9s \u00e0 la DSAF (la DSAF est plac\u00e9e sous l\u2019autorit\u00e9 du secr\u00e9taire g\u00e9n\u00e9ral du Gouvernement \u2013 SGG \u2013 en charge des services du Premier ministre dont les DDI).<\/p>\n<\/div>\n<div class=\"surlignable\">\n<div class=\"texte\">\n<p>Lire la suite dans <a class=\"spip_out\" href=\"http:\/\/www.equipement.cgt.fr\/IMG\/pdf\/16_10_2016_cr_teletravail_ddi.pdf\" target=\"_blank\" rel=\"external\">le compte-rendu CGT<\/a> ci-joint.<\/p>\n<\/div>\n<\/div>\n","protected":false},"excerpt":{"rendered":"<p>La seconde r\u00e9union du groupe de travail relatif \u00e0 la mise en \u0153uvre du t\u00e9l\u00e9travail dans les DDI s\u2019est tenue le 13 octobre 2016 sous la pr\u00e9sidence de Serge Duval, directeur des services administratifs et financiers (DSAF) assist\u00e9 de Chantal Mauchet, sous-directrice du pilotage des services d\u00e9concentr\u00e9s \u00e0 la DSAF (la DSAF est plac\u00e9e sous [&hellip;]<\/p>\n","protected":false},"author":351,"featured_media":0,"comment_status":"open","ping_status":"closed","sticky":false,"template":"","format":"standard","meta":{"_acf_changed":false,"footnotes":""},"categories":[1],"tags":[114],"class_list":["post-3400","post","type-post","status-publish","format-standard","hentry","category-actus","tag-temps-de-travail-2","themes-temps-de-travail"],"acf":[],"yoast_head":"<!-- This site is optimized with the Yoast SEO plugin v26.3 - https:\/\/yoast.com\/wordpress\/plugins\/seo\/ -->\n<title>Mise en oeuvre du t\u00e9l\u00e9travail dans les DDI\u00a0: r\u00e9union du 13 octobre 2016 - OFICT-CGT Equipement-Environnement<\/title>\n<meta name=\"robots\" content=\"index, follow, max-snippet:-1, max-image-preview:large, max-video-preview:-1\" \/>\n<link rel=\"canonical\" href=\"https:\/\/syndicoop.fr\/ofict\/mise-en-oeuvre-du-teletravail-dans-les-ddi-reunion-du-13-octobre-2016\/\" \/>\n<meta property=\"og:locale\" content=\"fr_FR\" \/>\n<meta property=\"og:type\" content=\"article\" \/>\n<meta property=\"og:title\" content=\"Mise en oeuvre du t\u00e9l\u00e9travail dans les DDI\u00a0: r\u00e9union du 13 octobre 2016 - OFICT-CGT Equipement-Environnement\" \/>\n<meta property=\"og:description\" content=\"La seconde r\u00e9union du groupe de travail relatif \u00e0 la mise en \u0153uvre du t\u00e9l\u00e9travail dans les DDI s\u2019est tenue le 13 octobre 2016 sous la pr\u00e9sidence de Serge Duval, directeur des services administratifs et financiers (DSAF) assist\u00e9 de Chantal Mauchet, sous-directrice du pilotage des services d\u00e9concentr\u00e9s \u00e0 la DSAF (la DSAF est plac\u00e9e sous [&hellip;]\" \/>\n<meta property=\"og:url\" content=\"https:\/\/syndicoop.fr\/ofict\/mise-en-oeuvre-du-teletravail-dans-les-ddi-reunion-du-13-octobre-2016\/\" \/>\n<meta property=\"og:site_name\" content=\"OFICT-CGT Equipement-Environnement\" \/>\n<meta property=\"article:publisher\" content=\"https:\/\/www.facebook.com\/ofictcgt\" \/>\n<meta property=\"article:published_time\" content=\"2016-10-26T08:00:32+00:00\" \/>\n<meta name=\"author\" content=\"ecanonne\" \/>\n<meta name=\"twitter:card\" content=\"summary_large_image\" \/>\n<meta name=\"twitter:creator\" content=\"@ofictcgt\" \/>\n<meta name=\"twitter:site\" content=\"@ofictcgt\" \/>\n<meta name=\"twitter:label1\" content=\"\u00c9crit par\" \/>\n\t<meta name=\"twitter:data1\" content=\"ecanonne\" \/>\n<script type=\"application\/ld+json\" class=\"yoast-schema-graph\">{\"@context\":\"https:\/\/schema.org\",\"@graph\":[{\"@type\":\"Article\",\"@id\":\"https:\/\/syndicoop.fr\/ofict\/mise-en-oeuvre-du-teletravail-dans-les-ddi-reunion-du-13-octobre-2016\/#article\",\"isPartOf\":{\"@id\":\"https:\/\/syndicoop.fr\/ofict\/mise-en-oeuvre-du-teletravail-dans-les-ddi-reunion-du-13-octobre-2016\/\"},\"author\":{\"name\":\"ecanonne\",\"@id\":\"https:\/\/syndicoop.fr\/ofict\/#\/schema\/person\/f39466be0f2870e8872f54607694f961\"},\"headline\":\"Mise en oeuvre du t\u00e9l\u00e9travail dans les DDI\u00a0: r\u00e9union du 13 octobre 2016\",\"datePublished\":\"2016-10-26T08:00:32+00:00\",\"mainEntityOfPage\":{\"@id\":\"https:\/\/syndicoop.fr\/ofict\/mise-en-oeuvre-du-teletravail-dans-les-ddi-reunion-du-13-octobre-2016\/\"},\"wordCount\":102,\"commentCount\":1,\"publisher\":{\"@id\":\"https:\/\/syndicoop.fr\/ofict\/#organization\"},\"keywords\":[\"Temps de Travail\"],\"articleSection\":[\"Actus\"],\"inLanguage\":\"fr-FR\",\"potentialAction\":[{\"@type\":\"CommentAction\",\"name\":\"Comment\",\"target\":[\"https:\/\/syndicoop.fr\/ofict\/mise-en-oeuvre-du-teletravail-dans-les-ddi-reunion-du-13-octobre-2016\/#respond\"]}]},{\"@type\":\"WebPage\",\"@id\":\"https:\/\/syndicoop.fr\/ofict\/mise-en-oeuvre-du-teletravail-dans-les-ddi-reunion-du-13-octobre-2016\/\",\"url\":\"https:\/\/syndicoop.fr\/ofict\/mise-en-oeuvre-du-teletravail-dans-les-ddi-reunion-du-13-octobre-2016\/\",\"name\":\"Mise en oeuvre du t\u00e9l\u00e9travail dans les DDI\u00a0: r\u00e9union du 13 octobre 2016 - OFICT-CGT Equipement-Environnement\",\"isPartOf\":{\"@id\":\"https:\/\/syndicoop.fr\/ofict\/#website\"},\"datePublished\":\"2016-10-26T08:00:32+00:00\",\"breadcrumb\":{\"@id\":\"https:\/\/syndicoop.fr\/ofict\/mise-en-oeuvre-du-teletravail-dans-les-ddi-reunion-du-13-octobre-2016\/#breadcrumb\"},\"inLanguage\":\"fr-FR\",\"potentialAction\":[{\"@type\":\"ReadAction\",\"target\":[\"https:\/\/syndicoop.fr\/ofict\/mise-en-oeuvre-du-teletravail-dans-les-ddi-reunion-du-13-octobre-2016\/\"]}]},{\"@type\":\"BreadcrumbList\",\"@id\":\"https:\/\/syndicoop.fr\/ofict\/mise-en-oeuvre-du-teletravail-dans-les-ddi-reunion-du-13-octobre-2016\/#breadcrumb\",\"itemListElement\":[{\"@type\":\"ListItem\",\"position\":1,\"name\":\"Accueil\",\"item\":\"https:\/\/syndicoop.fr\/ofict\/\"},{\"@type\":\"ListItem\",\"position\":2,\"name\":\"Mise en oeuvre du t\u00e9l\u00e9travail dans les DDI&#160;: r\u00e9union du 13 octobre 2016\"}]},{\"@type\":\"WebSite\",\"@id\":\"https:\/\/syndicoop.fr\/ofict\/#website\",\"url\":\"https:\/\/syndicoop.fr\/ofict\/\",\"name\":\"OFICT-CGT Equipement-Environnement\",\"description\":\"avec Syndicoop.fr, plateforme syndicale et coop\u00e9rative\",\"publisher\":{\"@id\":\"https:\/\/syndicoop.fr\/ofict\/#organization\"},\"potentialAction\":[{\"@type\":\"SearchAction\",\"target\":{\"@type\":\"EntryPoint\",\"urlTemplate\":\"https:\/\/syndicoop.fr\/ofict\/?s={search_term_string}\"},\"query-input\":{\"@type\":\"PropertyValueSpecification\",\"valueRequired\":true,\"valueName\":\"search_term_string\"}}],\"inLanguage\":\"fr-FR\"},{\"@type\":\"Organization\",\"@id\":\"https:\/\/syndicoop.fr\/ofict\/#organization\",\"name\":\"ofict-cgt\",\"url\":\"https:\/\/syndicoop.fr\/ofict\/\",\"logo\":{\"@type\":\"ImageObject\",\"inLanguage\":\"fr-FR\",\"@id\":\"https:\/\/syndicoop.fr\/ofict\/#\/schema\/logo\/image\/\",\"url\":\"https:\/\/syndicoop.fr\/ofict\/wp-content\/uploads\/sites\/21\/2021\/01\/0-Logo-OFICT-couleur-ombre-grand.png\",\"contentUrl\":\"https:\/\/syndicoop.fr\/ofict\/wp-content\/uploads\/sites\/21\/2021\/01\/0-Logo-OFICT-couleur-ombre-grand.png\",\"width\":853,\"height\":626,\"caption\":\"ofict-cgt\"},\"image\":{\"@id\":\"https:\/\/syndicoop.fr\/ofict\/#\/schema\/logo\/image\/\"},\"sameAs\":[\"https:\/\/www.facebook.com\/ofictcgt\",\"https:\/\/x.com\/ofictcgt\",\"https:\/\/www.youtube.com\/channel\/UCuspFuV1HGEF1weXxpWVKtQ\"]},{\"@type\":\"Person\",\"@id\":\"https:\/\/syndicoop.fr\/ofict\/#\/schema\/person\/f39466be0f2870e8872f54607694f961\",\"name\":\"ecanonne\",\"image\":{\"@type\":\"ImageObject\",\"inLanguage\":\"fr-FR\",\"@id\":\"https:\/\/syndicoop.fr\/ofict\/#\/schema\/person\/image\/\",\"url\":\"\/\/www.gravatar.com\/avatar\/d77c79c43301ad5a8b26da1071f40071?s=96&#038;r=g&#038;d=mm\",\"contentUrl\":\"\/\/www.gravatar.com\/avatar\/d77c79c43301ad5a8b26da1071f40071?s=96&#038;r=g&#038;d=mm\",\"caption\":\"ecanonne\"}}]}<\/script>\n<!-- \/ Yoast SEO plugin. -->","yoast_head_json":{"title":"Mise en oeuvre du t\u00e9l\u00e9travail dans les DDI\u00a0: r\u00e9union du 13 octobre 2016 - OFICT-CGT Equipement-Environnement","robots":{"index":"index","follow":"follow","max-snippet":"max-snippet:-1","max-image-preview":"max-image-preview:large","max-video-preview":"max-video-preview:-1"},"canonical":"https:\/\/syndicoop.fr\/ofict\/mise-en-oeuvre-du-teletravail-dans-les-ddi-reunion-du-13-octobre-2016\/","og_locale":"fr_FR","og_type":"article","og_title":"Mise en oeuvre du t\u00e9l\u00e9travail dans les DDI\u00a0: r\u00e9union du 13 octobre 2016 - OFICT-CGT Equipement-Environnement","og_description":"La seconde r\u00e9union du groupe de travail relatif \u00e0 la mise en \u0153uvre du t\u00e9l\u00e9travail dans les DDI s\u2019est tenue le 13 octobre 2016 sous la pr\u00e9sidence de Serge Duval, directeur des services administratifs et financiers (DSAF) assist\u00e9 de Chantal Mauchet, sous-directrice du pilotage des services d\u00e9concentr\u00e9s \u00e0 la DSAF (la DSAF est plac\u00e9e sous [&hellip;]","og_url":"https:\/\/syndicoop.fr\/ofict\/mise-en-oeuvre-du-teletravail-dans-les-ddi-reunion-du-13-octobre-2016\/","og_site_name":"OFICT-CGT Equipement-Environnement","article_publisher":"https:\/\/www.facebook.com\/ofictcgt","article_published_time":"2016-10-26T08:00:32+00:00","author":"ecanonne","twitter_card":"summary_large_image","twitter_creator":"@ofictcgt","twitter_site":"@ofictcgt","twitter_misc":{"\u00c9crit par":"ecanonne"},"schema":{"@context":"https:\/\/schema.org","@graph":[{"@type":"Article","@id":"https:\/\/syndicoop.fr\/ofict\/mise-en-oeuvre-du-teletravail-dans-les-ddi-reunion-du-13-octobre-2016\/#article","isPartOf":{"@id":"https:\/\/syndicoop.fr\/ofict\/mise-en-oeuvre-du-teletravail-dans-les-ddi-reunion-du-13-octobre-2016\/"},"author":{"name":"ecanonne","@id":"https:\/\/syndicoop.fr\/ofict\/#\/schema\/person\/f39466be0f2870e8872f54607694f961"},"headline":"Mise en oeuvre du t\u00e9l\u00e9travail dans les DDI\u00a0: r\u00e9union du 13 octobre 2016","datePublished":"2016-10-26T08:00:32+00:00","mainEntityOfPage":{"@id":"https:\/\/syndicoop.fr\/ofict\/mise-en-oeuvre-du-teletravail-dans-les-ddi-reunion-du-13-octobre-2016\/"},"wordCount":102,"commentCount":1,"publisher":{"@id":"https:\/\/syndicoop.fr\/ofict\/#organization"},"keywords":["Temps de Travail"],"articleSection":["Actus"],"inLanguage":"fr-FR","potentialAction":[{"@type":"CommentAction","name":"Comment","target":["https:\/\/syndicoop.fr\/ofict\/mise-en-oeuvre-du-teletravail-dans-les-ddi-reunion-du-13-octobre-2016\/#respond"]}]},{"@type":"WebPage","@id":"https:\/\/syndicoop.fr\/ofict\/mise-en-oeuvre-du-teletravail-dans-les-ddi-reunion-du-13-octobre-2016\/","url":"https:\/\/syndicoop.fr\/ofict\/mise-en-oeuvre-du-teletravail-dans-les-ddi-reunion-du-13-octobre-2016\/","name":"Mise en oeuvre du t\u00e9l\u00e9travail dans les DDI\u00a0: r\u00e9union du 13 octobre 2016 - OFICT-CGT Equipement-Environnement","isPartOf":{"@id":"https:\/\/syndicoop.fr\/ofict\/#website"},"datePublished":"2016-10-26T08:00:32+00:00","breadcrumb":{"@id":"https:\/\/syndicoop.fr\/ofict\/mise-en-oeuvre-du-teletravail-dans-les-ddi-reunion-du-13-octobre-2016\/#breadcrumb"},"inLanguage":"fr-FR","potentialAction":[{"@type":"ReadAction","target":["https:\/\/syndicoop.fr\/ofict\/mise-en-oeuvre-du-teletravail-dans-les-ddi-reunion-du-13-octobre-2016\/"]}]},{"@type":"BreadcrumbList","@id":"https:\/\/syndicoop.fr\/ofict\/mise-en-oeuvre-du-teletravail-dans-les-ddi-reunion-du-13-octobre-2016\/#breadcrumb","itemListElement":[{"@type":"ListItem","position":1,"name":"Accueil","item":"https:\/\/syndicoop.fr\/ofict\/"},{"@type":"ListItem","position":2,"name":"Mise en oeuvre du t\u00e9l\u00e9travail dans les DDI&#160;: r\u00e9union du 13 octobre 2016"}]},{"@type":"WebSite","@id":"https:\/\/syndicoop.fr\/ofict\/#website","url":"https:\/\/syndicoop.fr\/ofict\/","name":"OFICT-CGT Equipement-Environnement","description":"avec Syndicoop.fr, plateforme syndicale et coop\u00e9rative","publisher":{"@id":"https:\/\/syndicoop.fr\/ofict\/#organization"},"potentialAction":[{"@type":"SearchAction","target":{"@type":"EntryPoint","urlTemplate":"https:\/\/syndicoop.fr\/ofict\/?s={search_term_string}"},"query-input":{"@type":"PropertyValueSpecification","valueRequired":true,"valueName":"search_term_string"}}],"inLanguage":"fr-FR"},{"@type":"Organization","@id":"https:\/\/syndicoop.fr\/ofict\/#organization","name":"ofict-cgt","url":"https:\/\/syndicoop.fr\/ofict\/","logo":{"@type":"ImageObject","inLanguage":"fr-FR","@id":"https:\/\/syndicoop.fr\/ofict\/#\/schema\/logo\/image\/","url":"https:\/\/syndicoop.fr\/ofict\/wp-content\/uploads\/sites\/21\/2021\/01\/0-Logo-OFICT-couleur-ombre-grand.png","contentUrl":"https:\/\/syndicoop.fr\/ofict\/wp-content\/uploads\/sites\/21\/2021\/01\/0-Logo-OFICT-couleur-ombre-grand.png","width":853,"height":626,"caption":"ofict-cgt"},"image":{"@id":"https:\/\/syndicoop.fr\/ofict\/#\/schema\/logo\/image\/"},"sameAs":["https:\/\/www.facebook.com\/ofictcgt","https:\/\/x.com\/ofictcgt","https:\/\/www.youtube.com\/channel\/UCuspFuV1HGEF1weXxpWVKtQ"]},{"@type":"Person","@id":"https:\/\/syndicoop.fr\/ofict\/#\/schema\/person\/f39466be0f2870e8872f54607694f961","name":"ecanonne","image":{"@type":"ImageObject","inLanguage":"fr-FR","@id":"https:\/\/syndicoop.fr\/ofict\/#\/schema\/person\/image\/","url":"\/\/www.gravatar.com\/avatar\/d77c79c43301ad5a8b26da1071f40071?s=96&#038;r=g&#038;d=mm","contentUrl":"\/\/www.gravatar.com\/avatar\/d77c79c43301ad5a8b26da1071f40071?s=96&#038;r=g&#038;d=mm","caption":"ecanonne"}}]}},"_links":{"self":[{"href":"https:\/\/syndicoop.fr\/ofict\/wp-json\/wp\/v2\/posts\/3400","targetHints":{"allow":["GET"]}}],"collection":[{"href":"https:\/\/syndicoop.fr\/ofict\/wp-json\/wp\/v2\/posts"}],"about":[{"href":"https:\/\/syndicoop.fr\/ofict\/wp-json\/wp\/v2\/types\/post"}],"author":[{"embeddable":true,"href":"https:\/\/syndicoop.fr\/ofict\/wp-json\/wp\/v2\/users\/351"}],"replies":[{"embeddable":true,"href":"https:\/\/syndicoop.fr\/ofict\/wp-json\/wp\/v2\/comments?post=3400"}],"version-history":[{"count":0,"href":"https:\/\/syndicoop.fr\/ofict\/wp-json\/wp\/v2\/posts\/3400\/revisions"}],"wp:attachment":[{"href":"https:\/\/syndicoop.fr\/ofict\/wp-json\/wp\/v2\/media?parent=3400"}],"wp:term":[{"taxonomy":"category","embeddable":true,"href":"https:\/\/syndicoop.fr\/ofict\/wp-json\/wp\/v2\/categories?post=3400"},{"taxonomy":"post_tag","embeddable":true,"href":"https:\/\/syndicoop.fr\/ofict\/wp-json\/wp\/v2\/tags?post=3400"}],"curies":[{"name":"wp","href":"https:\/\/api.w.org\/{rel}","templated":true}]}}