{"id":3520,"date":"2017-02-02T21:58:27","date_gmt":"2017-02-02T20:58:27","guid":{"rendered":"http:\/\/ofict.reference-syndicale.fr\/?p=3520"},"modified":"2020-05-29T14:08:09","modified_gmt":"2020-05-29T12:08:09","slug":"signez-la-petition-reforme-du-statut-des-iam","status":"publish","type":"post","link":"https:\/\/syndicoop.fr\/ofict\/signez-la-petition-reforme-du-statut-des-iam\/","title":{"rendered":"Signez la p\u00e9tition : r\u00e9forme du statut des IAM"},"content":{"rendered":"<p><a href=\"http:\/\/ofict.reference-syndicale.fr\/2017\/01\/19\/avenir-du-corps-des-iam-courrier-cgt-a-la-sg-du-meem\/\" target=\"_blank\" rel=\"nofollow\">Un courrier de demande d\u2019audience<\/a> a \u00e9t\u00e9 adress\u00e9 par le SNPAM-CGT et la FNEE-CGT \u00e0 la Secr\u00e9taire G\u00e9n\u00e9rale du MEEM afin d\u2019obtenir une audience et d\u00e9bloquer le dossier de la r\u00e9forme du statut des IAM.<\/p>\n<p>Ce dossier tarde trop \u00e0 se mettre en place et vous en payez le prix fort\u00a0: discriminations importantes entre les IAM et les coll\u00e8gues des futurs corps d\u2019accueil, avec des \u00e9carts cat\u00e9goriels qui induisent des disparit\u00e9s financi\u00e8res importantes, des \u00e9carts qui ont \u00e9galement contribu\u00e9 \u00e0 d\u00e9valoriser les comp\u00e9tences professionnelles des IAM, les \u00e9cartant de toutes possibilit\u00e9s d\u2019\u00e9volution de carri\u00e8re de haut niveau&#8230;<\/p>\n<p>Le SNPAM-CGT continue \u00e0 porter haut la parole de l\u2019ensemble des IAM, peu importe leur engagement syndical. Aujourd\u2019hui, nous devons, TOUTES ET TOUS, nous mobiliser, parler d\u2019une seule voix pour aider au d\u00e9blocage du dossier, \u00e0 la reconnaissance des comp\u00e9tences pointues, d\u00e9fendre les missions.<\/p>\n<p>Missions qui sont, certes sp\u00e9cifiques, mais portant sur des domaines complexes, vari\u00e9s, souvent li\u00e9es aux probl\u00e9matiques de l\u2019environnement, donc ouvertes sur l\u2019avenir. Elles n\u00e9cessitent des connaissances techniques pointues en constante \u00e9volution. Elles engagent \u00e9galement souvent la responsabilit\u00e9 personnelle des IAM. La r\u00e9elle reconnaissance des missions des IAM passera par le niveau du curseur au moment du reclassement.<\/p>\n<p><strong>Le SNPAM-CGT pense qu\u2019il vous appartient de pouvoir d\u00e9finir le bon emplacement du curseur en faisant entendre vos arguments.<\/strong><\/p>\n<p>Pour le SNPAM-CGT, le projet de reclassement, pr\u00e9sent\u00e9 par la DRH, \u00e0 des niveaux d\u2019\u00e9chelons inf\u00e9rieurs avec maintien de l\u2019indice personnel pour les IAM, est inacceptable. L\u2019alignement des primes sur les primes des corps d\u2019accueil est une n\u00e9cessit\u00e9 pour le bon fonctionnement des services. Il ne peut y avoir des agents exer\u00e7ant les m\u00eames missions dans les m\u00eames services avec des disparit\u00e9s indemnitaires importantes.<\/p>\n<p>Cette rupture d\u2019\u00e9galit\u00e9 entre les agents est fortement remise en cause par la CGT. Une formation initiale et continue solide doit \u00eatre garantie aux agents choisissant la voie maritime. Ce choix de carri\u00e8re ne doit pas \u00eatre p\u00e9nalisant pour les agents. La dur\u00e9e d\u2019exercice sur de tels postes pour acqu\u00e9rir toutes les comp\u00e9tences est obligatoirement plus longue que sur des postes traditionnels. L\u2019Administration devra en tenir compte lors de la construction des parcours professionnels&#8230;<\/p>\n<p><strong><a href=\"https:\/\/www.change.org\/p\/secr%C3%A9taire-g%C3%A9n%C3%A9rale-du-mininst%C3%A8re-de-l-environnement-de-l-%C3%A9nergie-et-de-la-mer-reforme-du-statut-des-inspecteurs-des-affaires-maritimes?recruiter=25745094&amp;utm_source=share_petition&amp;utm_medium=facebook&amp;utm_campaign=share_page&amp;utm_term=des-lg-no_src-no_msg\" target=\"_blank\">Signez-la <\/a>rapidement, TOUTES et TOUS, c\u2019est votre avenir professionnel qui est en jeu.<\/strong><\/p>\n","protected":false},"excerpt":{"rendered":"<p>Un courrier de demande d\u2019audience a \u00e9t\u00e9 adress\u00e9 par le SNPAM-CGT et la FNEE-CGT \u00e0 la Secr\u00e9taire G\u00e9n\u00e9rale du MEEM afin d\u2019obtenir une audience et d\u00e9bloquer le dossier de la r\u00e9forme du statut des IAM. Ce dossier tarde trop \u00e0 se mettre en place et vous en payez le prix fort\u00a0: discriminations importantes entre les [&hellip;]<\/p>\n","protected":false},"author":351,"featured_media":2877,"comment_status":"open","ping_status":"closed","sticky":false,"template":"","format":"standard","meta":{"_acf_changed":false,"footnotes":""},"categories":[1,382],"tags":[],"class_list":["post-3520","post","type-post","status-publish","format-standard","has-post-thumbnail","hentry","category-actus","category-ofict","perimetre-autre"],"acf":[],"yoast_head":"<!-- This site is optimized with the Yoast SEO plugin v26.3 - https:\/\/yoast.com\/wordpress\/plugins\/seo\/ -->\n<title>Signez la p\u00e9tition : r\u00e9forme du statut des IAM - OFICT-CGT Equipement-Environnement<\/title>\n<meta name=\"robots\" content=\"index, follow, max-snippet:-1, max-image-preview:large, max-video-preview:-1\" \/>\n<link rel=\"canonical\" href=\"https:\/\/syndicoop.fr\/ofict\/signez-la-petition-reforme-du-statut-des-iam\/\" \/>\n<meta property=\"og:locale\" content=\"fr_FR\" \/>\n<meta property=\"og:type\" content=\"article\" \/>\n<meta property=\"og:title\" content=\"Signez la p\u00e9tition : r\u00e9forme du statut des IAM - OFICT-CGT Equipement-Environnement\" \/>\n<meta property=\"og:description\" content=\"Un courrier de demande d\u2019audience a \u00e9t\u00e9 adress\u00e9 par le SNPAM-CGT et la FNEE-CGT \u00e0 la Secr\u00e9taire G\u00e9n\u00e9rale du MEEM afin d\u2019obtenir une audience et d\u00e9bloquer le dossier de la r\u00e9forme du statut des IAM. Ce dossier tarde trop \u00e0 se mettre en place et vous en payez le prix fort\u00a0: discriminations importantes entre les [&hellip;]\" \/>\n<meta property=\"og:url\" content=\"https:\/\/syndicoop.fr\/ofict\/signez-la-petition-reforme-du-statut-des-iam\/\" \/>\n<meta property=\"og:site_name\" content=\"OFICT-CGT Equipement-Environnement\" \/>\n<meta property=\"article:publisher\" content=\"https:\/\/www.facebook.com\/ofictcgt\" \/>\n<meta property=\"article:published_time\" content=\"2017-02-02T20:58:27+00:00\" \/>\n<meta property=\"article:modified_time\" content=\"2020-05-29T12:08:09+00:00\" \/>\n<meta property=\"og:image\" content=\"https:\/\/syndicoop.fr\/ofict\/wp-content\/uploads\/sites\/21\/2016\/02\/arton6678-1.jpg\" \/>\n\t<meta property=\"og:image:width\" content=\"400\" \/>\n\t<meta property=\"og:image:height\" content=\"270\" \/>\n\t<meta property=\"og:image:type\" content=\"image\/jpeg\" \/>\n<meta name=\"author\" content=\"ecanonne\" \/>\n<meta name=\"twitter:card\" content=\"summary_large_image\" \/>\n<meta name=\"twitter:creator\" content=\"@ofictcgt\" \/>\n<meta name=\"twitter:site\" content=\"@ofictcgt\" \/>\n<meta name=\"twitter:label1\" content=\"\u00c9crit par\" \/>\n\t<meta name=\"twitter:data1\" content=\"ecanonne\" \/>\n\t<meta name=\"twitter:label2\" content=\"Dur\u00e9e de lecture estim\u00e9e\" \/>\n\t<meta name=\"twitter:data2\" content=\"2 minutes\" \/>\n<script type=\"application\/ld+json\" class=\"yoast-schema-graph\">{\"@context\":\"https:\/\/schema.org\",\"@graph\":[{\"@type\":\"Article\",\"@id\":\"https:\/\/syndicoop.fr\/ofict\/signez-la-petition-reforme-du-statut-des-iam\/#article\",\"isPartOf\":{\"@id\":\"https:\/\/syndicoop.fr\/ofict\/signez-la-petition-reforme-du-statut-des-iam\/\"},\"author\":{\"name\":\"ecanonne\",\"@id\":\"https:\/\/syndicoop.fr\/ofict\/#\/schema\/person\/f39466be0f2870e8872f54607694f961\"},\"headline\":\"Signez la p\u00e9tition : r\u00e9forme du statut des IAM\",\"datePublished\":\"2017-02-02T20:58:27+00:00\",\"dateModified\":\"2020-05-29T12:08:09+00:00\",\"mainEntityOfPage\":{\"@id\":\"https:\/\/syndicoop.fr\/ofict\/signez-la-petition-reforme-du-statut-des-iam\/\"},\"wordCount\":425,\"commentCount\":0,\"publisher\":{\"@id\":\"https:\/\/syndicoop.fr\/ofict\/#organization\"},\"image\":{\"@id\":\"https:\/\/syndicoop.fr\/ofict\/signez-la-petition-reforme-du-statut-des-iam\/#primaryimage\"},\"thumbnailUrl\":\"https:\/\/syndicoop.fr\/ofict\/wp-content\/uploads\/sites\/21\/2016\/02\/arton6678-1.jpg\",\"articleSection\":[\"Actus\",\"Ofict\"],\"inLanguage\":\"fr-FR\",\"potentialAction\":[{\"@type\":\"CommentAction\",\"name\":\"Comment\",\"target\":[\"https:\/\/syndicoop.fr\/ofict\/signez-la-petition-reforme-du-statut-des-iam\/#respond\"]}]},{\"@type\":\"WebPage\",\"@id\":\"https:\/\/syndicoop.fr\/ofict\/signez-la-petition-reforme-du-statut-des-iam\/\",\"url\":\"https:\/\/syndicoop.fr\/ofict\/signez-la-petition-reforme-du-statut-des-iam\/\",\"name\":\"Signez la p\u00e9tition : r\u00e9forme du statut des IAM - OFICT-CGT Equipement-Environnement\",\"isPartOf\":{\"@id\":\"https:\/\/syndicoop.fr\/ofict\/#website\"},\"primaryImageOfPage\":{\"@id\":\"https:\/\/syndicoop.fr\/ofict\/signez-la-petition-reforme-du-statut-des-iam\/#primaryimage\"},\"image\":{\"@id\":\"https:\/\/syndicoop.fr\/ofict\/signez-la-petition-reforme-du-statut-des-iam\/#primaryimage\"},\"thumbnailUrl\":\"https:\/\/syndicoop.fr\/ofict\/wp-content\/uploads\/sites\/21\/2016\/02\/arton6678-1.jpg\",\"datePublished\":\"2017-02-02T20:58:27+00:00\",\"dateModified\":\"2020-05-29T12:08:09+00:00\",\"breadcrumb\":{\"@id\":\"https:\/\/syndicoop.fr\/ofict\/signez-la-petition-reforme-du-statut-des-iam\/#breadcrumb\"},\"inLanguage\":\"fr-FR\",\"potentialAction\":[{\"@type\":\"ReadAction\",\"target\":[\"https:\/\/syndicoop.fr\/ofict\/signez-la-petition-reforme-du-statut-des-iam\/\"]}]},{\"@type\":\"ImageObject\",\"inLanguage\":\"fr-FR\",\"@id\":\"https:\/\/syndicoop.fr\/ofict\/signez-la-petition-reforme-du-statut-des-iam\/#primaryimage\",\"url\":\"https:\/\/syndicoop.fr\/ofict\/wp-content\/uploads\/sites\/21\/2016\/02\/arton6678-1.jpg\",\"contentUrl\":\"https:\/\/syndicoop.fr\/ofict\/wp-content\/uploads\/sites\/21\/2016\/02\/arton6678-1.jpg\",\"width\":400,\"height\":270},{\"@type\":\"BreadcrumbList\",\"@id\":\"https:\/\/syndicoop.fr\/ofict\/signez-la-petition-reforme-du-statut-des-iam\/#breadcrumb\",\"itemListElement\":[{\"@type\":\"ListItem\",\"position\":1,\"name\":\"Accueil\",\"item\":\"https:\/\/syndicoop.fr\/ofict\/\"},{\"@type\":\"ListItem\",\"position\":2,\"name\":\"Signez la p\u00e9tition&#160;: r\u00e9forme du statut des IAM\"}]},{\"@type\":\"WebSite\",\"@id\":\"https:\/\/syndicoop.fr\/ofict\/#website\",\"url\":\"https:\/\/syndicoop.fr\/ofict\/\",\"name\":\"OFICT-CGT Equipement-Environnement\",\"description\":\"avec Syndicoop.fr, plateforme syndicale et coop\u00e9rative\",\"publisher\":{\"@id\":\"https:\/\/syndicoop.fr\/ofict\/#organization\"},\"potentialAction\":[{\"@type\":\"SearchAction\",\"target\":{\"@type\":\"EntryPoint\",\"urlTemplate\":\"https:\/\/syndicoop.fr\/ofict\/?s={search_term_string}\"},\"query-input\":{\"@type\":\"PropertyValueSpecification\",\"valueRequired\":true,\"valueName\":\"search_term_string\"}}],\"inLanguage\":\"fr-FR\"},{\"@type\":\"Organization\",\"@id\":\"https:\/\/syndicoop.fr\/ofict\/#organization\",\"name\":\"ofict-cgt\",\"url\":\"https:\/\/syndicoop.fr\/ofict\/\",\"logo\":{\"@type\":\"ImageObject\",\"inLanguage\":\"fr-FR\",\"@id\":\"https:\/\/syndicoop.fr\/ofict\/#\/schema\/logo\/image\/\",\"url\":\"https:\/\/syndicoop.fr\/ofict\/wp-content\/uploads\/sites\/21\/2021\/01\/0-Logo-OFICT-couleur-ombre-grand.png\",\"contentUrl\":\"https:\/\/syndicoop.fr\/ofict\/wp-content\/uploads\/sites\/21\/2021\/01\/0-Logo-OFICT-couleur-ombre-grand.png\",\"width\":853,\"height\":626,\"caption\":\"ofict-cgt\"},\"image\":{\"@id\":\"https:\/\/syndicoop.fr\/ofict\/#\/schema\/logo\/image\/\"},\"sameAs\":[\"https:\/\/www.facebook.com\/ofictcgt\",\"https:\/\/x.com\/ofictcgt\",\"https:\/\/www.youtube.com\/channel\/UCuspFuV1HGEF1weXxpWVKtQ\"]},{\"@type\":\"Person\",\"@id\":\"https:\/\/syndicoop.fr\/ofict\/#\/schema\/person\/f39466be0f2870e8872f54607694f961\",\"name\":\"ecanonne\",\"image\":{\"@type\":\"ImageObject\",\"inLanguage\":\"fr-FR\",\"@id\":\"https:\/\/syndicoop.fr\/ofict\/#\/schema\/person\/image\/\",\"url\":\"\/\/www.gravatar.com\/avatar\/d77c79c43301ad5a8b26da1071f40071?s=96&#038;r=g&#038;d=mm\",\"contentUrl\":\"\/\/www.gravatar.com\/avatar\/d77c79c43301ad5a8b26da1071f40071?s=96&#038;r=g&#038;d=mm\",\"caption\":\"ecanonne\"}}]}<\/script>\n<!-- \/ Yoast SEO plugin. -->","yoast_head_json":{"title":"Signez la p\u00e9tition : r\u00e9forme du statut des IAM - OFICT-CGT Equipement-Environnement","robots":{"index":"index","follow":"follow","max-snippet":"max-snippet:-1","max-image-preview":"max-image-preview:large","max-video-preview":"max-video-preview:-1"},"canonical":"https:\/\/syndicoop.fr\/ofict\/signez-la-petition-reforme-du-statut-des-iam\/","og_locale":"fr_FR","og_type":"article","og_title":"Signez la p\u00e9tition : r\u00e9forme du statut des IAM - OFICT-CGT Equipement-Environnement","og_description":"Un courrier de demande d\u2019audience a \u00e9t\u00e9 adress\u00e9 par le SNPAM-CGT et la FNEE-CGT \u00e0 la Secr\u00e9taire G\u00e9n\u00e9rale du MEEM afin d\u2019obtenir une audience et d\u00e9bloquer le dossier de la r\u00e9forme du statut des IAM. Ce dossier tarde trop \u00e0 se mettre en place et vous en payez le prix fort\u00a0: discriminations importantes entre les [&hellip;]","og_url":"https:\/\/syndicoop.fr\/ofict\/signez-la-petition-reforme-du-statut-des-iam\/","og_site_name":"OFICT-CGT Equipement-Environnement","article_publisher":"https:\/\/www.facebook.com\/ofictcgt","article_published_time":"2017-02-02T20:58:27+00:00","article_modified_time":"2020-05-29T12:08:09+00:00","og_image":[{"width":400,"height":270,"url":"https:\/\/syndicoop.fr\/ofict\/wp-content\/uploads\/sites\/21\/2016\/02\/arton6678-1.jpg","type":"image\/jpeg"}],"author":"ecanonne","twitter_card":"summary_large_image","twitter_creator":"@ofictcgt","twitter_site":"@ofictcgt","twitter_misc":{"\u00c9crit par":"ecanonne","Dur\u00e9e de lecture estim\u00e9e":"2 minutes"},"schema":{"@context":"https:\/\/schema.org","@graph":[{"@type":"Article","@id":"https:\/\/syndicoop.fr\/ofict\/signez-la-petition-reforme-du-statut-des-iam\/#article","isPartOf":{"@id":"https:\/\/syndicoop.fr\/ofict\/signez-la-petition-reforme-du-statut-des-iam\/"},"author":{"name":"ecanonne","@id":"https:\/\/syndicoop.fr\/ofict\/#\/schema\/person\/f39466be0f2870e8872f54607694f961"},"headline":"Signez la p\u00e9tition : r\u00e9forme du statut des IAM","datePublished":"2017-02-02T20:58:27+00:00","dateModified":"2020-05-29T12:08:09+00:00","mainEntityOfPage":{"@id":"https:\/\/syndicoop.fr\/ofict\/signez-la-petition-reforme-du-statut-des-iam\/"},"wordCount":425,"commentCount":0,"publisher":{"@id":"https:\/\/syndicoop.fr\/ofict\/#organization"},"image":{"@id":"https:\/\/syndicoop.fr\/ofict\/signez-la-petition-reforme-du-statut-des-iam\/#primaryimage"},"thumbnailUrl":"https:\/\/syndicoop.fr\/ofict\/wp-content\/uploads\/sites\/21\/2016\/02\/arton6678-1.jpg","articleSection":["Actus","Ofict"],"inLanguage":"fr-FR","potentialAction":[{"@type":"CommentAction","name":"Comment","target":["https:\/\/syndicoop.fr\/ofict\/signez-la-petition-reforme-du-statut-des-iam\/#respond"]}]},{"@type":"WebPage","@id":"https:\/\/syndicoop.fr\/ofict\/signez-la-petition-reforme-du-statut-des-iam\/","url":"https:\/\/syndicoop.fr\/ofict\/signez-la-petition-reforme-du-statut-des-iam\/","name":"Signez la p\u00e9tition : r\u00e9forme du statut des IAM - OFICT-CGT Equipement-Environnement","isPartOf":{"@id":"https:\/\/syndicoop.fr\/ofict\/#website"},"primaryImageOfPage":{"@id":"https:\/\/syndicoop.fr\/ofict\/signez-la-petition-reforme-du-statut-des-iam\/#primaryimage"},"image":{"@id":"https:\/\/syndicoop.fr\/ofict\/signez-la-petition-reforme-du-statut-des-iam\/#primaryimage"},"thumbnailUrl":"https:\/\/syndicoop.fr\/ofict\/wp-content\/uploads\/sites\/21\/2016\/02\/arton6678-1.jpg","datePublished":"2017-02-02T20:58:27+00:00","dateModified":"2020-05-29T12:08:09+00:00","breadcrumb":{"@id":"https:\/\/syndicoop.fr\/ofict\/signez-la-petition-reforme-du-statut-des-iam\/#breadcrumb"},"inLanguage":"fr-FR","potentialAction":[{"@type":"ReadAction","target":["https:\/\/syndicoop.fr\/ofict\/signez-la-petition-reforme-du-statut-des-iam\/"]}]},{"@type":"ImageObject","inLanguage":"fr-FR","@id":"https:\/\/syndicoop.fr\/ofict\/signez-la-petition-reforme-du-statut-des-iam\/#primaryimage","url":"https:\/\/syndicoop.fr\/ofict\/wp-content\/uploads\/sites\/21\/2016\/02\/arton6678-1.jpg","contentUrl":"https:\/\/syndicoop.fr\/ofict\/wp-content\/uploads\/sites\/21\/2016\/02\/arton6678-1.jpg","width":400,"height":270},{"@type":"BreadcrumbList","@id":"https:\/\/syndicoop.fr\/ofict\/signez-la-petition-reforme-du-statut-des-iam\/#breadcrumb","itemListElement":[{"@type":"ListItem","position":1,"name":"Accueil","item":"https:\/\/syndicoop.fr\/ofict\/"},{"@type":"ListItem","position":2,"name":"Signez la p\u00e9tition&#160;: r\u00e9forme du statut des IAM"}]},{"@type":"WebSite","@id":"https:\/\/syndicoop.fr\/ofict\/#website","url":"https:\/\/syndicoop.fr\/ofict\/","name":"OFICT-CGT Equipement-Environnement","description":"avec Syndicoop.fr, plateforme syndicale et coop\u00e9rative","publisher":{"@id":"https:\/\/syndicoop.fr\/ofict\/#organization"},"potentialAction":[{"@type":"SearchAction","target":{"@type":"EntryPoint","urlTemplate":"https:\/\/syndicoop.fr\/ofict\/?s={search_term_string}"},"query-input":{"@type":"PropertyValueSpecification","valueRequired":true,"valueName":"search_term_string"}}],"inLanguage":"fr-FR"},{"@type":"Organization","@id":"https:\/\/syndicoop.fr\/ofict\/#organization","name":"ofict-cgt","url":"https:\/\/syndicoop.fr\/ofict\/","logo":{"@type":"ImageObject","inLanguage":"fr-FR","@id":"https:\/\/syndicoop.fr\/ofict\/#\/schema\/logo\/image\/","url":"https:\/\/syndicoop.fr\/ofict\/wp-content\/uploads\/sites\/21\/2021\/01\/0-Logo-OFICT-couleur-ombre-grand.png","contentUrl":"https:\/\/syndicoop.fr\/ofict\/wp-content\/uploads\/sites\/21\/2021\/01\/0-Logo-OFICT-couleur-ombre-grand.png","width":853,"height":626,"caption":"ofict-cgt"},"image":{"@id":"https:\/\/syndicoop.fr\/ofict\/#\/schema\/logo\/image\/"},"sameAs":["https:\/\/www.facebook.com\/ofictcgt","https:\/\/x.com\/ofictcgt","https:\/\/www.youtube.com\/channel\/UCuspFuV1HGEF1weXxpWVKtQ"]},{"@type":"Person","@id":"https:\/\/syndicoop.fr\/ofict\/#\/schema\/person\/f39466be0f2870e8872f54607694f961","name":"ecanonne","image":{"@type":"ImageObject","inLanguage":"fr-FR","@id":"https:\/\/syndicoop.fr\/ofict\/#\/schema\/person\/image\/","url":"\/\/www.gravatar.com\/avatar\/d77c79c43301ad5a8b26da1071f40071?s=96&#038;r=g&#038;d=mm","contentUrl":"\/\/www.gravatar.com\/avatar\/d77c79c43301ad5a8b26da1071f40071?s=96&#038;r=g&#038;d=mm","caption":"ecanonne"}}]}},"_links":{"self":[{"href":"https:\/\/syndicoop.fr\/ofict\/wp-json\/wp\/v2\/posts\/3520","targetHints":{"allow":["GET"]}}],"collection":[{"href":"https:\/\/syndicoop.fr\/ofict\/wp-json\/wp\/v2\/posts"}],"about":[{"href":"https:\/\/syndicoop.fr\/ofict\/wp-json\/wp\/v2\/types\/post"}],"author":[{"embeddable":true,"href":"https:\/\/syndicoop.fr\/ofict\/wp-json\/wp\/v2\/users\/351"}],"replies":[{"embeddable":true,"href":"https:\/\/syndicoop.fr\/ofict\/wp-json\/wp\/v2\/comments?post=3520"}],"version-history":[{"count":0,"href":"https:\/\/syndicoop.fr\/ofict\/wp-json\/wp\/v2\/posts\/3520\/revisions"}],"wp:featuredmedia":[{"embeddable":true,"href":"https:\/\/syndicoop.fr\/ofict\/wp-json\/wp\/v2\/media\/2877"}],"wp:attachment":[{"href":"https:\/\/syndicoop.fr\/ofict\/wp-json\/wp\/v2\/media?parent=3520"}],"wp:term":[{"taxonomy":"category","embeddable":true,"href":"https:\/\/syndicoop.fr\/ofict\/wp-json\/wp\/v2\/categories?post=3520"},{"taxonomy":"post_tag","embeddable":true,"href":"https:\/\/syndicoop.fr\/ofict\/wp-json\/wp\/v2\/tags?post=3520"}],"curies":[{"name":"wp","href":"https:\/\/api.w.org\/{rel}","templated":true}]}}