{"id":3757,"date":"2017-09-18T11:54:44","date_gmt":"2017-09-18T09:54:44","guid":{"rendered":"http:\/\/ofict.reference-syndicale.fr\/?p=3757"},"modified":"2017-09-18T11:54:44","modified_gmt":"2017-09-18T09:54:44","slug":"ct-ministeriel-du-11-septembre-2017-dont-integration-des-iam-dans-les-corps-des-itpe","status":"publish","type":"post","link":"https:\/\/syndicoop.fr\/ofict\/ct-ministeriel-du-11-septembre-2017-dont-integration-des-iam-dans-les-corps-des-itpe\/","title":{"rendered":"CT Minist\u00e9riel du 11 septembre 2017\u00a0dont int\u00e9gration des IAM\u00a0dans les corps des ITPE"},"content":{"rendered":"<div class=\"cartouche\"><\/div>\n<div class=\"surlignable\">\n<div class=\"texte\">\n<p>Suite aux d\u00e9clarations liminaires (cf. ci-joint notre d\u00e9claration CGT-FSU, commune avec Solidaires), la Secr\u00e9taire G\u00e9n\u00e9rale adjointe puis le directeur des ressources humaines, r\u00e9pondent en substance les \u00e9l\u00e9ments suivants, outre les points qui seront trait\u00e9s dans le d\u00e9roulement de l\u2019ordre du jour&#8230;\u00a0Lire la suite dans\u00a0<a class=\"spip_out\" href=\"http:\/\/www.equipementcgt.fr\/IMG\/pdf\/cr_ctm_11_septembre_2017_cgt_fsu_vdef.pdf\" target=\"_blank\" rel=\"external noopener\">le compte-rendu CGT-FSU<\/a>\u00a0ci-joint.<\/p>\n<p><strong>Point 1: Projet de d\u00e9cret relatif \u00e0 l\u2019int\u00e9gration des inspecteurs des affaires maritimes (IAM)\u00a0dans les corps des ITPE<\/strong><\/p>\n<p>Sujet qui revient devant le CTM (apr\u00e8s le CTM du 24 mars 2017), cette fois pour avis, car le\u00a0caract\u00e8re interminist\u00e9riel est tomb\u00e9 du fait de l\u2019abandon du projet d\u2019en faire le corps de promotion\u00a0des techniciens de l\u2019environnement.<br \/>\nSeule l\u2019int\u00e9gration des IAM dans le corps des ITPE est trait\u00e9e dans ce CTM, celle dans le corps des\u00a0Attach\u00e9s ayant \u00e9t\u00e9 examin\u00e9e au Conseil sup\u00e9rieur de la fonction publique d\u2019Etat le 23 mars.<br \/>\nNotre intervention porte d\u2019une part sur la situation des TE (cf. d\u00e9claration en annexe) et d\u2019autre part\u00a0sur le texte soumis pour les IAM. Pour rappel, la situation remonte \u00e0 2006, et le travail engag\u00e9 en\u00a02010 aboutit seulement maintenant. En revanche, les conditions de reclassement propos\u00e9es ne sont<br \/>\npas tout \u00e0 fait justes, car c\u2019est la r\u00e8gle du d\u00e9cret de 1985 qui devrait \u00eatre appliqu\u00e9e \u2013 reclassement \u00e0\u00a0l\u2019\u00e9chelon correspondant \u00e0 l\u2019indice \u00e9gal ou imm\u00e9diatement sup\u00e9rieur \u2013 , et non le syst\u00e8me propos\u00e9\u00a0de la conservation transitoire de l\u2019indice jusqu\u2019au changement d\u2019\u00e9chelon suivant.<br \/>\nNous soutenons la n\u00e9cessit\u00e9 d\u2019acc\u00e9der au r\u00e9gime indemnitaire du corps d\u2019accueil, c\u2019est-\u00e0-dire PSR\u00a0et ISS, et non le RIFSEEP.<br \/>\nLe DRH reconna\u00eet que le retrait du cavalier r\u00e9glementaire ne solde pas le dossier des TE, qu\u2019un\u00a0chantier est n\u00e9cessaire sur toute la fili\u00e8re environnement, et note par ailleurs que des recrutements\u00a0ont eu lieu en 2015 et 2016.<br \/>\nDu c\u00f4t\u00e9 DAM, on pr\u00e9cise que pour la s\u00e9curit\u00e9 des navires, le m\u00e9canisme relativement automatique\u00a0de d\u00e9livrance des autorisations ne correspond pas aux enjeux, et que le but est d\u2019aller vers des p\u00f4les\u00a0d\u2019expertise, tout en conduisant la d\u00e9mat\u00e9rialisation des proc\u00e9dures. On \u00e9volue ainsi vers la logique<br \/>\nd\u2019 \u00ab \u00c9tat plate-forme \u00bb.<br \/>\nC\u00f4t\u00e9 indemnitaire, c\u2019est le d\u00e9calage en n+1 qui avait pr\u00e9sid\u00e9 au maintien du RIFSEEP pour les IAM\u00a0transf\u00e9r\u00e9 dans le corps des ITPE, mais apr\u00e8s avoir entendu les organisations syndicales, le DRH se\u00a0dit pr\u00eate \u00e0 assumer l\u2019alignement complet sur le r\u00e9gime actuel des ITPE (PSR + ISS), sous la r\u00e9serve<br \/>\ndu d\u00e9calage annuel de l\u2019ISS.<br \/>\nEnfin, sur notre lecture de l\u2019application du d\u00e9cret de 1985 (int\u00e9gration au niveau d\u2019indice\u00a0imm\u00e9diatement sup\u00e9rieur ou \u00e9gal), la DRH consid\u00e8re que ce texte ne concerne que les int\u00e9grations\u00a0ponctuelles.<br \/>\nUn certain nombre d\u2019amendements est pr\u00e9sent\u00e9 par les diff\u00e9rentes organisations. cf. tableau r\u00e9capitulatif des votes pour chaque amendement dans le compte-rendu version PDF ci-dessous.<\/p>\n<p><strong>Point 2 : Projet de d\u00e9cret relatif \u00e0 l\u2019int\u00e9gration des CAM dans l\u2019emploi de CAEDAD et\u00a0ICTPE<\/strong><\/p>\n<p>17 agents sont concern\u00e9s par le statut d\u2019emploi CAM, 12 devant \u00eatre vers\u00e9s en CAEDAD, 5 en ICTPE.<\/p>\n<p>Le DRH pr\u00e9cise qu\u2019il est pr\u00e9vu que le contingent d\u2019ICTPE et de CAEDAD soit augment\u00e9 en\u00a0cons\u00e9quence ; cela a \u00e9t\u00e9 transmis \u00e0 la DGAFP.<br \/>\nIl est pr\u00e9cis\u00e9 que le d\u00e9lai compl\u00e9mentaire de 2 ans s\u2019applique en particulier aux agents proches de la\u00a0retraite, ayant atteint la dur\u00e9e maximale<\/p>\n<p>Lire la suite dans\u00a0<a class=\"spip_out\" href=\"http:\/\/www.equipementcgt.fr\/IMG\/pdf\/cr_ctm_11_septembre_2017_cgt_fsu_vdef.pdf\" target=\"_blank\" rel=\"external noopener\">le compte-rendu CGT-FSU<\/a>\u00a0ci-joint.<\/p>\n<p><img loading=\"lazy\" decoding=\"async\" class=\"puce\" src=\"http:\/\/equipementcgt.fr\/squelettes-dist\/puce.gif\" alt=\"-\" width=\"8\" height=\"11\" \/>\u00a0<a class=\"spip_out\" href=\"http:\/\/www.equipementcgt.fr\/IMG\/pdf\/decla_ctm_11_sept_cgt_fsu_solidaires_vdef.pdf\" rel=\"external\">D\u00e9claration liminaire CGT-FSU-Solidaires<\/a><\/p>\n<p><img loading=\"lazy\" decoding=\"async\" class=\"puce\" src=\"http:\/\/equipementcgt.fr\/squelettes-dist\/puce.gif\" alt=\"-\" width=\"8\" height=\"11\" \/>\u00a0<a href=\"http:\/\/equipementcgt.fr\/IMG\/pdf\/ctm20170911-ppcrcrdr.pdf\">D\u00e9claration CGT-FSU sur le point des Chercheurs du d\u00e9veloppement durable<\/a><\/p>\n<\/div>\n<\/div>\n","protected":false},"excerpt":{"rendered":"<p>Suite aux d\u00e9clarations liminaires (cf. ci-joint notre d\u00e9claration CGT-FSU, commune avec Solidaires), la Secr\u00e9taire G\u00e9n\u00e9rale adjointe puis le directeur des ressources humaines, r\u00e9pondent en substance les \u00e9l\u00e9ments suivants, outre les points qui seront trait\u00e9s dans le d\u00e9roulement de l\u2019ordre du jour&#8230;\u00a0Lire la suite dans\u00a0le compte-rendu CGT-FSU\u00a0ci-joint. Point 1: Projet de d\u00e9cret relatif \u00e0 l\u2019int\u00e9gration des [&hellip;]<\/p>\n","protected":false},"author":44,"featured_media":2876,"comment_status":"open","ping_status":"closed","sticky":false,"template":"","format":"standard","meta":{"_acf_changed":false,"footnotes":""},"categories":[1],"tags":[90,94],"class_list":["post-3757","post","type-post","status-publish","format-standard","has-post-thumbnail","hentry","category-actus","tag-iam","tag-itpe","perimetre-a-tech","perimetre-autre"],"acf":[],"yoast_head":"<!-- This site is optimized with the Yoast SEO plugin v26.3 - https:\/\/yoast.com\/wordpress\/plugins\/seo\/ -->\n<title>CT Minist\u00e9riel du 11 septembre 2017\u00a0dont int\u00e9gration des IAM\u00a0dans les corps des ITPE - OFICT-CGT Equipement-Environnement<\/title>\n<meta name=\"robots\" content=\"index, follow, max-snippet:-1, max-image-preview:large, max-video-preview:-1\" \/>\n<link rel=\"canonical\" href=\"https:\/\/syndicoop.fr\/ofict\/ct-ministeriel-du-11-septembre-2017-dont-integration-des-iam-dans-les-corps-des-itpe\/\" \/>\n<meta property=\"og:locale\" content=\"fr_FR\" \/>\n<meta property=\"og:type\" content=\"article\" \/>\n<meta property=\"og:title\" content=\"CT Minist\u00e9riel du 11 septembre 2017\u00a0dont int\u00e9gration des IAM\u00a0dans les corps des ITPE - OFICT-CGT Equipement-Environnement\" \/>\n<meta property=\"og:description\" content=\"Suite aux d\u00e9clarations liminaires (cf. ci-joint notre d\u00e9claration CGT-FSU, commune avec Solidaires), la Secr\u00e9taire G\u00e9n\u00e9rale adjointe puis le directeur des ressources humaines, r\u00e9pondent en substance les \u00e9l\u00e9ments suivants, outre les points qui seront trait\u00e9s dans le d\u00e9roulement de l\u2019ordre du jour&#8230;\u00a0Lire la suite dans\u00a0le compte-rendu CGT-FSU\u00a0ci-joint. Point 1: Projet de d\u00e9cret relatif \u00e0 l\u2019int\u00e9gration des [&hellip;]\" \/>\n<meta property=\"og:url\" content=\"https:\/\/syndicoop.fr\/ofict\/ct-ministeriel-du-11-septembre-2017-dont-integration-des-iam-dans-les-corps-des-itpe\/\" \/>\n<meta property=\"og:site_name\" content=\"OFICT-CGT Equipement-Environnement\" \/>\n<meta property=\"article:publisher\" content=\"https:\/\/www.facebook.com\/ofictcgt\" \/>\n<meta property=\"article:published_time\" content=\"2017-09-18T09:54:44+00:00\" \/>\n<meta property=\"og:image\" content=\"https:\/\/syndicoop.fr\/ofict\/wp-content\/uploads\/sites\/21\/2016\/02\/arton6678.jpg\" \/>\n\t<meta property=\"og:image:width\" content=\"400\" \/>\n\t<meta property=\"og:image:height\" content=\"270\" \/>\n\t<meta property=\"og:image:type\" content=\"image\/jpeg\" \/>\n<meta name=\"author\" content=\"fabienne TATOT\" \/>\n<meta name=\"twitter:card\" content=\"summary_large_image\" \/>\n<meta name=\"twitter:creator\" content=\"@ofictcgt\" \/>\n<meta name=\"twitter:site\" content=\"@ofictcgt\" \/>\n<meta name=\"twitter:label1\" content=\"\u00c9crit par\" \/>\n\t<meta name=\"twitter:data1\" content=\"fabienne TATOT\" \/>\n\t<meta name=\"twitter:label2\" content=\"Dur\u00e9e de lecture estim\u00e9e\" \/>\n\t<meta name=\"twitter:data2\" content=\"3 minutes\" \/>\n<script type=\"application\/ld+json\" class=\"yoast-schema-graph\">{\"@context\":\"https:\/\/schema.org\",\"@graph\":[{\"@type\":\"Article\",\"@id\":\"https:\/\/syndicoop.fr\/ofict\/ct-ministeriel-du-11-septembre-2017-dont-integration-des-iam-dans-les-corps-des-itpe\/#article\",\"isPartOf\":{\"@id\":\"https:\/\/syndicoop.fr\/ofict\/ct-ministeriel-du-11-septembre-2017-dont-integration-des-iam-dans-les-corps-des-itpe\/\"},\"author\":{\"name\":\"fabienne TATOT\",\"@id\":\"https:\/\/syndicoop.fr\/ofict\/#\/schema\/person\/4ad8747d000e8f709dfa39babf33aa54\"},\"headline\":\"CT Minist\u00e9riel du 11 septembre 2017\u00a0dont int\u00e9gration des IAM\u00a0dans les corps des ITPE\",\"datePublished\":\"2017-09-18T09:54:44+00:00\",\"mainEntityOfPage\":{\"@id\":\"https:\/\/syndicoop.fr\/ofict\/ct-ministeriel-du-11-septembre-2017-dont-integration-des-iam-dans-les-corps-des-itpe\/\"},\"wordCount\":653,\"commentCount\":0,\"publisher\":{\"@id\":\"https:\/\/syndicoop.fr\/ofict\/#organization\"},\"image\":{\"@id\":\"https:\/\/syndicoop.fr\/ofict\/ct-ministeriel-du-11-septembre-2017-dont-integration-des-iam-dans-les-corps-des-itpe\/#primaryimage\"},\"thumbnailUrl\":\"https:\/\/syndicoop.fr\/ofict\/wp-content\/uploads\/sites\/21\/2016\/02\/arton6678.jpg\",\"keywords\":[\"IAM\",\"ITPE\"],\"articleSection\":[\"Actus\"],\"inLanguage\":\"fr-FR\",\"potentialAction\":[{\"@type\":\"CommentAction\",\"name\":\"Comment\",\"target\":[\"https:\/\/syndicoop.fr\/ofict\/ct-ministeriel-du-11-septembre-2017-dont-integration-des-iam-dans-les-corps-des-itpe\/#respond\"]}]},{\"@type\":\"WebPage\",\"@id\":\"https:\/\/syndicoop.fr\/ofict\/ct-ministeriel-du-11-septembre-2017-dont-integration-des-iam-dans-les-corps-des-itpe\/\",\"url\":\"https:\/\/syndicoop.fr\/ofict\/ct-ministeriel-du-11-septembre-2017-dont-integration-des-iam-dans-les-corps-des-itpe\/\",\"name\":\"CT Minist\u00e9riel du 11 septembre 2017\u00a0dont int\u00e9gration des IAM\u00a0dans les corps des ITPE - OFICT-CGT Equipement-Environnement\",\"isPartOf\":{\"@id\":\"https:\/\/syndicoop.fr\/ofict\/#website\"},\"primaryImageOfPage\":{\"@id\":\"https:\/\/syndicoop.fr\/ofict\/ct-ministeriel-du-11-septembre-2017-dont-integration-des-iam-dans-les-corps-des-itpe\/#primaryimage\"},\"image\":{\"@id\":\"https:\/\/syndicoop.fr\/ofict\/ct-ministeriel-du-11-septembre-2017-dont-integration-des-iam-dans-les-corps-des-itpe\/#primaryimage\"},\"thumbnailUrl\":\"https:\/\/syndicoop.fr\/ofict\/wp-content\/uploads\/sites\/21\/2016\/02\/arton6678.jpg\",\"datePublished\":\"2017-09-18T09:54:44+00:00\",\"breadcrumb\":{\"@id\":\"https:\/\/syndicoop.fr\/ofict\/ct-ministeriel-du-11-septembre-2017-dont-integration-des-iam-dans-les-corps-des-itpe\/#breadcrumb\"},\"inLanguage\":\"fr-FR\",\"potentialAction\":[{\"@type\":\"ReadAction\",\"target\":[\"https:\/\/syndicoop.fr\/ofict\/ct-ministeriel-du-11-septembre-2017-dont-integration-des-iam-dans-les-corps-des-itpe\/\"]}]},{\"@type\":\"ImageObject\",\"inLanguage\":\"fr-FR\",\"@id\":\"https:\/\/syndicoop.fr\/ofict\/ct-ministeriel-du-11-septembre-2017-dont-integration-des-iam-dans-les-corps-des-itpe\/#primaryimage\",\"url\":\"https:\/\/syndicoop.fr\/ofict\/wp-content\/uploads\/sites\/21\/2016\/02\/arton6678.jpg\",\"contentUrl\":\"https:\/\/syndicoop.fr\/ofict\/wp-content\/uploads\/sites\/21\/2016\/02\/arton6678.jpg\",\"width\":400,\"height\":270},{\"@type\":\"BreadcrumbList\",\"@id\":\"https:\/\/syndicoop.fr\/ofict\/ct-ministeriel-du-11-septembre-2017-dont-integration-des-iam-dans-les-corps-des-itpe\/#breadcrumb\",\"itemListElement\":[{\"@type\":\"ListItem\",\"position\":1,\"name\":\"Accueil\",\"item\":\"https:\/\/syndicoop.fr\/ofict\/\"},{\"@type\":\"ListItem\",\"position\":2,\"name\":\"CT Minist\u00e9riel du 11 septembre 2017\u00a0dont int\u00e9gration des IAM\u00a0dans les corps des ITPE\"}]},{\"@type\":\"WebSite\",\"@id\":\"https:\/\/syndicoop.fr\/ofict\/#website\",\"url\":\"https:\/\/syndicoop.fr\/ofict\/\",\"name\":\"OFICT-CGT Equipement-Environnement\",\"description\":\"avec Syndicoop.fr, plateforme syndicale et coop\u00e9rative\",\"publisher\":{\"@id\":\"https:\/\/syndicoop.fr\/ofict\/#organization\"},\"potentialAction\":[{\"@type\":\"SearchAction\",\"target\":{\"@type\":\"EntryPoint\",\"urlTemplate\":\"https:\/\/syndicoop.fr\/ofict\/?s={search_term_string}\"},\"query-input\":{\"@type\":\"PropertyValueSpecification\",\"valueRequired\":true,\"valueName\":\"search_term_string\"}}],\"inLanguage\":\"fr-FR\"},{\"@type\":\"Organization\",\"@id\":\"https:\/\/syndicoop.fr\/ofict\/#organization\",\"name\":\"ofict-cgt\",\"url\":\"https:\/\/syndicoop.fr\/ofict\/\",\"logo\":{\"@type\":\"ImageObject\",\"inLanguage\":\"fr-FR\",\"@id\":\"https:\/\/syndicoop.fr\/ofict\/#\/schema\/logo\/image\/\",\"url\":\"https:\/\/syndicoop.fr\/ofict\/wp-content\/uploads\/sites\/21\/2021\/01\/0-Logo-OFICT-couleur-ombre-grand.png\",\"contentUrl\":\"https:\/\/syndicoop.fr\/ofict\/wp-content\/uploads\/sites\/21\/2021\/01\/0-Logo-OFICT-couleur-ombre-grand.png\",\"width\":853,\"height\":626,\"caption\":\"ofict-cgt\"},\"image\":{\"@id\":\"https:\/\/syndicoop.fr\/ofict\/#\/schema\/logo\/image\/\"},\"sameAs\":[\"https:\/\/www.facebook.com\/ofictcgt\",\"https:\/\/x.com\/ofictcgt\",\"https:\/\/www.youtube.com\/channel\/UCuspFuV1HGEF1weXxpWVKtQ\"]},{\"@type\":\"Person\",\"@id\":\"https:\/\/syndicoop.fr\/ofict\/#\/schema\/person\/4ad8747d000e8f709dfa39babf33aa54\",\"name\":\"fabienne TATOT\",\"image\":{\"@type\":\"ImageObject\",\"inLanguage\":\"fr-FR\",\"@id\":\"https:\/\/syndicoop.fr\/ofict\/#\/schema\/person\/image\/\",\"url\":\"\/\/www.gravatar.com\/avatar\/9934f99b1607533b8d985c1e1170f8cf?s=96&#038;r=g&#038;d=mm\",\"contentUrl\":\"\/\/www.gravatar.com\/avatar\/9934f99b1607533b8d985c1e1170f8cf?s=96&#038;r=g&#038;d=mm\",\"caption\":\"fabienne TATOT\"}}]}<\/script>\n<!-- \/ Yoast SEO plugin. -->","yoast_head_json":{"title":"CT Minist\u00e9riel du 11 septembre 2017\u00a0dont int\u00e9gration des IAM\u00a0dans les corps des ITPE - OFICT-CGT Equipement-Environnement","robots":{"index":"index","follow":"follow","max-snippet":"max-snippet:-1","max-image-preview":"max-image-preview:large","max-video-preview":"max-video-preview:-1"},"canonical":"https:\/\/syndicoop.fr\/ofict\/ct-ministeriel-du-11-septembre-2017-dont-integration-des-iam-dans-les-corps-des-itpe\/","og_locale":"fr_FR","og_type":"article","og_title":"CT Minist\u00e9riel du 11 septembre 2017\u00a0dont int\u00e9gration des IAM\u00a0dans les corps des ITPE - OFICT-CGT Equipement-Environnement","og_description":"Suite aux d\u00e9clarations liminaires (cf. ci-joint notre d\u00e9claration CGT-FSU, commune avec Solidaires), la Secr\u00e9taire G\u00e9n\u00e9rale adjointe puis le directeur des ressources humaines, r\u00e9pondent en substance les \u00e9l\u00e9ments suivants, outre les points qui seront trait\u00e9s dans le d\u00e9roulement de l\u2019ordre du jour&#8230;\u00a0Lire la suite dans\u00a0le compte-rendu CGT-FSU\u00a0ci-joint. Point 1: Projet de d\u00e9cret relatif \u00e0 l\u2019int\u00e9gration des [&hellip;]","og_url":"https:\/\/syndicoop.fr\/ofict\/ct-ministeriel-du-11-septembre-2017-dont-integration-des-iam-dans-les-corps-des-itpe\/","og_site_name":"OFICT-CGT Equipement-Environnement","article_publisher":"https:\/\/www.facebook.com\/ofictcgt","article_published_time":"2017-09-18T09:54:44+00:00","og_image":[{"width":400,"height":270,"url":"https:\/\/syndicoop.fr\/ofict\/wp-content\/uploads\/sites\/21\/2016\/02\/arton6678.jpg","type":"image\/jpeg"}],"author":"fabienne TATOT","twitter_card":"summary_large_image","twitter_creator":"@ofictcgt","twitter_site":"@ofictcgt","twitter_misc":{"\u00c9crit par":"fabienne TATOT","Dur\u00e9e de lecture estim\u00e9e":"3 minutes"},"schema":{"@context":"https:\/\/schema.org","@graph":[{"@type":"Article","@id":"https:\/\/syndicoop.fr\/ofict\/ct-ministeriel-du-11-septembre-2017-dont-integration-des-iam-dans-les-corps-des-itpe\/#article","isPartOf":{"@id":"https:\/\/syndicoop.fr\/ofict\/ct-ministeriel-du-11-septembre-2017-dont-integration-des-iam-dans-les-corps-des-itpe\/"},"author":{"name":"fabienne TATOT","@id":"https:\/\/syndicoop.fr\/ofict\/#\/schema\/person\/4ad8747d000e8f709dfa39babf33aa54"},"headline":"CT Minist\u00e9riel du 11 septembre 2017\u00a0dont int\u00e9gration des IAM\u00a0dans les corps des ITPE","datePublished":"2017-09-18T09:54:44+00:00","mainEntityOfPage":{"@id":"https:\/\/syndicoop.fr\/ofict\/ct-ministeriel-du-11-septembre-2017-dont-integration-des-iam-dans-les-corps-des-itpe\/"},"wordCount":653,"commentCount":0,"publisher":{"@id":"https:\/\/syndicoop.fr\/ofict\/#organization"},"image":{"@id":"https:\/\/syndicoop.fr\/ofict\/ct-ministeriel-du-11-septembre-2017-dont-integration-des-iam-dans-les-corps-des-itpe\/#primaryimage"},"thumbnailUrl":"https:\/\/syndicoop.fr\/ofict\/wp-content\/uploads\/sites\/21\/2016\/02\/arton6678.jpg","keywords":["IAM","ITPE"],"articleSection":["Actus"],"inLanguage":"fr-FR","potentialAction":[{"@type":"CommentAction","name":"Comment","target":["https:\/\/syndicoop.fr\/ofict\/ct-ministeriel-du-11-septembre-2017-dont-integration-des-iam-dans-les-corps-des-itpe\/#respond"]}]},{"@type":"WebPage","@id":"https:\/\/syndicoop.fr\/ofict\/ct-ministeriel-du-11-septembre-2017-dont-integration-des-iam-dans-les-corps-des-itpe\/","url":"https:\/\/syndicoop.fr\/ofict\/ct-ministeriel-du-11-septembre-2017-dont-integration-des-iam-dans-les-corps-des-itpe\/","name":"CT Minist\u00e9riel du 11 septembre 2017\u00a0dont int\u00e9gration des IAM\u00a0dans les corps des ITPE - OFICT-CGT Equipement-Environnement","isPartOf":{"@id":"https:\/\/syndicoop.fr\/ofict\/#website"},"primaryImageOfPage":{"@id":"https:\/\/syndicoop.fr\/ofict\/ct-ministeriel-du-11-septembre-2017-dont-integration-des-iam-dans-les-corps-des-itpe\/#primaryimage"},"image":{"@id":"https:\/\/syndicoop.fr\/ofict\/ct-ministeriel-du-11-septembre-2017-dont-integration-des-iam-dans-les-corps-des-itpe\/#primaryimage"},"thumbnailUrl":"https:\/\/syndicoop.fr\/ofict\/wp-content\/uploads\/sites\/21\/2016\/02\/arton6678.jpg","datePublished":"2017-09-18T09:54:44+00:00","breadcrumb":{"@id":"https:\/\/syndicoop.fr\/ofict\/ct-ministeriel-du-11-septembre-2017-dont-integration-des-iam-dans-les-corps-des-itpe\/#breadcrumb"},"inLanguage":"fr-FR","potentialAction":[{"@type":"ReadAction","target":["https:\/\/syndicoop.fr\/ofict\/ct-ministeriel-du-11-septembre-2017-dont-integration-des-iam-dans-les-corps-des-itpe\/"]}]},{"@type":"ImageObject","inLanguage":"fr-FR","@id":"https:\/\/syndicoop.fr\/ofict\/ct-ministeriel-du-11-septembre-2017-dont-integration-des-iam-dans-les-corps-des-itpe\/#primaryimage","url":"https:\/\/syndicoop.fr\/ofict\/wp-content\/uploads\/sites\/21\/2016\/02\/arton6678.jpg","contentUrl":"https:\/\/syndicoop.fr\/ofict\/wp-content\/uploads\/sites\/21\/2016\/02\/arton6678.jpg","width":400,"height":270},{"@type":"BreadcrumbList","@id":"https:\/\/syndicoop.fr\/ofict\/ct-ministeriel-du-11-septembre-2017-dont-integration-des-iam-dans-les-corps-des-itpe\/#breadcrumb","itemListElement":[{"@type":"ListItem","position":1,"name":"Accueil","item":"https:\/\/syndicoop.fr\/ofict\/"},{"@type":"ListItem","position":2,"name":"CT Minist\u00e9riel du 11 septembre 2017\u00a0dont int\u00e9gration des IAM\u00a0dans les corps des ITPE"}]},{"@type":"WebSite","@id":"https:\/\/syndicoop.fr\/ofict\/#website","url":"https:\/\/syndicoop.fr\/ofict\/","name":"OFICT-CGT Equipement-Environnement","description":"avec Syndicoop.fr, plateforme syndicale et coop\u00e9rative","publisher":{"@id":"https:\/\/syndicoop.fr\/ofict\/#organization"},"potentialAction":[{"@type":"SearchAction","target":{"@type":"EntryPoint","urlTemplate":"https:\/\/syndicoop.fr\/ofict\/?s={search_term_string}"},"query-input":{"@type":"PropertyValueSpecification","valueRequired":true,"valueName":"search_term_string"}}],"inLanguage":"fr-FR"},{"@type":"Organization","@id":"https:\/\/syndicoop.fr\/ofict\/#organization","name":"ofict-cgt","url":"https:\/\/syndicoop.fr\/ofict\/","logo":{"@type":"ImageObject","inLanguage":"fr-FR","@id":"https:\/\/syndicoop.fr\/ofict\/#\/schema\/logo\/image\/","url":"https:\/\/syndicoop.fr\/ofict\/wp-content\/uploads\/sites\/21\/2021\/01\/0-Logo-OFICT-couleur-ombre-grand.png","contentUrl":"https:\/\/syndicoop.fr\/ofict\/wp-content\/uploads\/sites\/21\/2021\/01\/0-Logo-OFICT-couleur-ombre-grand.png","width":853,"height":626,"caption":"ofict-cgt"},"image":{"@id":"https:\/\/syndicoop.fr\/ofict\/#\/schema\/logo\/image\/"},"sameAs":["https:\/\/www.facebook.com\/ofictcgt","https:\/\/x.com\/ofictcgt","https:\/\/www.youtube.com\/channel\/UCuspFuV1HGEF1weXxpWVKtQ"]},{"@type":"Person","@id":"https:\/\/syndicoop.fr\/ofict\/#\/schema\/person\/4ad8747d000e8f709dfa39babf33aa54","name":"fabienne TATOT","image":{"@type":"ImageObject","inLanguage":"fr-FR","@id":"https:\/\/syndicoop.fr\/ofict\/#\/schema\/person\/image\/","url":"\/\/www.gravatar.com\/avatar\/9934f99b1607533b8d985c1e1170f8cf?s=96&#038;r=g&#038;d=mm","contentUrl":"\/\/www.gravatar.com\/avatar\/9934f99b1607533b8d985c1e1170f8cf?s=96&#038;r=g&#038;d=mm","caption":"fabienne TATOT"}}]}},"_links":{"self":[{"href":"https:\/\/syndicoop.fr\/ofict\/wp-json\/wp\/v2\/posts\/3757","targetHints":{"allow":["GET"]}}],"collection":[{"href":"https:\/\/syndicoop.fr\/ofict\/wp-json\/wp\/v2\/posts"}],"about":[{"href":"https:\/\/syndicoop.fr\/ofict\/wp-json\/wp\/v2\/types\/post"}],"author":[{"embeddable":true,"href":"https:\/\/syndicoop.fr\/ofict\/wp-json\/wp\/v2\/users\/44"}],"replies":[{"embeddable":true,"href":"https:\/\/syndicoop.fr\/ofict\/wp-json\/wp\/v2\/comments?post=3757"}],"version-history":[{"count":0,"href":"https:\/\/syndicoop.fr\/ofict\/wp-json\/wp\/v2\/posts\/3757\/revisions"}],"wp:featuredmedia":[{"embeddable":true,"href":"https:\/\/syndicoop.fr\/ofict\/wp-json\/wp\/v2\/media\/2876"}],"wp:attachment":[{"href":"https:\/\/syndicoop.fr\/ofict\/wp-json\/wp\/v2\/media?parent=3757"}],"wp:term":[{"taxonomy":"category","embeddable":true,"href":"https:\/\/syndicoop.fr\/ofict\/wp-json\/wp\/v2\/categories?post=3757"},{"taxonomy":"post_tag","embeddable":true,"href":"https:\/\/syndicoop.fr\/ofict\/wp-json\/wp\/v2\/tags?post=3757"}],"curies":[{"name":"wp","href":"https:\/\/api.w.org\/{rel}","templated":true}]}}