{"id":3779,"date":"2012-05-22T19:33:27","date_gmt":"2012-05-22T17:33:27","guid":{"rendered":"http:\/\/ofict.reference-syndicale.fr\/?p=177"},"modified":"2020-05-29T14:08:48","modified_gmt":"2020-05-29T12:08:48","slug":"faisons-nos-comptes-temps-et-charges-de-travail-2","status":"publish","type":"post","link":"https:\/\/syndicoop.fr\/ofict\/faisons-nos-comptes-temps-et-charges-de-travail-2\/","title":{"rendered":"4 pages : Faisons nos comptes ! Temps et charges de travail"},"content":{"rendered":"<p>L\u2019organisation des Ing\u00e9nieurs, Cadres et Technicien-ne-s (OFICT) de la F\u00e9d\u00e9ration CGT Equipement-Environnement, avec ses syndicats, vous propose aujourd\u2019hui d\u2019agir pour que les questions du temps et de la charge de travail, particuli\u00e8rement en ce qui concerne les cadres et technicien-nes, soit rediscut\u00e9e dans notre minist\u00e8re.<!--more--><\/p>\n<p>En effet, nos cat\u00e9gories sont confront\u00e9es \u00e0 un alourdissement des charges et \u00e0 un allongement du temps de travail. Nous sommes convaincus qu\u2019une telle \u00e9volution n\u2019est pas une \u00ab\u00a0solution\u00a0\u00bb pour notre service public mais contribue aux difficult\u00e9s de celui-ci.<\/p>\n<p>Elle ne favorise ni le d\u00e9veloppement de la qualification et de l\u2019efficacit\u00e9, ni le bon travail. En \u00ab\u00a0faisant nos comptes\u00a0\u00bb, nous d\u00e9fendons notre droit constitutionnel \u00e0 la sant\u00e9 et au repos&#8230; notre travail et le service public lui m\u00eame.<\/p>\n<p>Nous vous proposons :<\/p>\n<ul>\n<li>de t\u00e9moigner et d\u2019exprimer votre avis au travers d\u2019un questionnaire de consultation\u00a0;<\/li>\n<li>d\u2019agir en signant la p\u00e9tition, qui sera remise \u00e0 la DRH du minist\u00e8re.<\/li>\n<\/ul>\n<p><strong>En nous rassemblant, faisons reconna\u00eetre notre travail\u00a0!<\/strong><\/p>\n<p><a href=\"http:\/\/ofict.reference-syndicale.fr\/files\/2013\/01\/temps_travail_ofict-2.pdf\">lire la suite du 4 pages Temps et charges de travail<\/a><\/p>\n<p>&nbsp;<\/p>\n","protected":false},"excerpt":{"rendered":"<p>L\u2019organisation des Ing\u00e9nieurs, Cadres et Technicien-ne-s (OFICT) de la F\u00e9d\u00e9ration CGT Equipement-Environnement, avec ses syndicats, vous propose aujourd\u2019hui d\u2019agir pour que les questions du temps et de la charge de travail, particuli\u00e8rement en ce qui concerne les cadres et technicien-nes, soit rediscut\u00e9e dans notre minist\u00e8re.<\/p>\n","protected":false},"author":351,"featured_media":0,"comment_status":"open","ping_status":"closed","sticky":false,"template":"","format":"standard","meta":{"_acf_changed":false,"footnotes":""},"categories":[1,382],"tags":[76,85,108,114],"class_list":["post-3779","post","type-post","status-publish","format-standard","hentry","category-actus","category-ofict","tag-chargse-de-travail","tag-forfaits-jours-2","tag-rtt","tag-temps-de-travail-2","themes-temps-de-travail"],"acf":[],"yoast_head":"<!-- This site is optimized with the Yoast SEO plugin v26.3 - https:\/\/yoast.com\/wordpress\/plugins\/seo\/ -->\n<title>4 pages : Faisons nos comptes ! Temps et charges de travail - OFICT-CGT Equipement-Environnement<\/title>\n<meta name=\"robots\" content=\"index, follow, max-snippet:-1, max-image-preview:large, max-video-preview:-1\" \/>\n<link rel=\"canonical\" href=\"https:\/\/syndicoop.fr\/ofict\/faisons-nos-comptes-temps-et-charges-de-travail-2\/\" \/>\n<meta property=\"og:locale\" content=\"fr_FR\" \/>\n<meta property=\"og:type\" content=\"article\" \/>\n<meta property=\"og:title\" content=\"4 pages : Faisons nos comptes ! Temps et charges de travail - OFICT-CGT Equipement-Environnement\" \/>\n<meta property=\"og:description\" content=\"L\u2019organisation des Ing\u00e9nieurs, Cadres et Technicien-ne-s (OFICT) de la F\u00e9d\u00e9ration CGT Equipement-Environnement, avec ses syndicats, vous propose aujourd\u2019hui d\u2019agir pour que les questions du temps et de la charge de travail, particuli\u00e8rement en ce qui concerne les cadres et technicien-nes, soit rediscut\u00e9e dans notre minist\u00e8re.\" \/>\n<meta property=\"og:url\" content=\"https:\/\/syndicoop.fr\/ofict\/faisons-nos-comptes-temps-et-charges-de-travail-2\/\" \/>\n<meta property=\"og:site_name\" content=\"OFICT-CGT Equipement-Environnement\" \/>\n<meta property=\"article:publisher\" content=\"https:\/\/www.facebook.com\/ofictcgt\" \/>\n<meta property=\"article:published_time\" content=\"2012-05-22T17:33:27+00:00\" \/>\n<meta property=\"article:modified_time\" content=\"2020-05-29T12:08:48+00:00\" \/>\n<meta name=\"author\" content=\"ecanonne\" \/>\n<meta name=\"twitter:card\" content=\"summary_large_image\" \/>\n<meta name=\"twitter:creator\" content=\"@ofictcgt\" \/>\n<meta name=\"twitter:site\" content=\"@ofictcgt\" \/>\n<meta name=\"twitter:label1\" content=\"\u00c9crit par\" \/>\n\t<meta name=\"twitter:data1\" content=\"ecanonne\" \/>\n\t<meta name=\"twitter:label2\" content=\"Dur\u00e9e de lecture estim\u00e9e\" \/>\n\t<meta name=\"twitter:data2\" content=\"1 minute\" \/>\n<script type=\"application\/ld+json\" class=\"yoast-schema-graph\">{\"@context\":\"https:\/\/schema.org\",\"@graph\":[{\"@type\":\"Article\",\"@id\":\"https:\/\/syndicoop.fr\/ofict\/faisons-nos-comptes-temps-et-charges-de-travail-2\/#article\",\"isPartOf\":{\"@id\":\"https:\/\/syndicoop.fr\/ofict\/faisons-nos-comptes-temps-et-charges-de-travail-2\/\"},\"author\":{\"name\":\"ecanonne\",\"@id\":\"https:\/\/syndicoop.fr\/ofict\/#\/schema\/person\/f39466be0f2870e8872f54607694f961\"},\"headline\":\"4 pages : Faisons nos comptes ! Temps et charges de travail\",\"datePublished\":\"2012-05-22T17:33:27+00:00\",\"dateModified\":\"2020-05-29T12:08:48+00:00\",\"mainEntityOfPage\":{\"@id\":\"https:\/\/syndicoop.fr\/ofict\/faisons-nos-comptes-temps-et-charges-de-travail-2\/\"},\"wordCount\":199,\"commentCount\":0,\"publisher\":{\"@id\":\"https:\/\/syndicoop.fr\/ofict\/#organization\"},\"keywords\":[\"Charges de travail\",\"Forfaits-jours\",\"RTT\",\"Temps de Travail\"],\"articleSection\":[\"Actus\",\"Ofict\"],\"inLanguage\":\"fr-FR\",\"potentialAction\":[{\"@type\":\"CommentAction\",\"name\":\"Comment\",\"target\":[\"https:\/\/syndicoop.fr\/ofict\/faisons-nos-comptes-temps-et-charges-de-travail-2\/#respond\"]}]},{\"@type\":\"WebPage\",\"@id\":\"https:\/\/syndicoop.fr\/ofict\/faisons-nos-comptes-temps-et-charges-de-travail-2\/\",\"url\":\"https:\/\/syndicoop.fr\/ofict\/faisons-nos-comptes-temps-et-charges-de-travail-2\/\",\"name\":\"4 pages : Faisons nos comptes ! Temps et charges de travail - OFICT-CGT Equipement-Environnement\",\"isPartOf\":{\"@id\":\"https:\/\/syndicoop.fr\/ofict\/#website\"},\"datePublished\":\"2012-05-22T17:33:27+00:00\",\"dateModified\":\"2020-05-29T12:08:48+00:00\",\"breadcrumb\":{\"@id\":\"https:\/\/syndicoop.fr\/ofict\/faisons-nos-comptes-temps-et-charges-de-travail-2\/#breadcrumb\"},\"inLanguage\":\"fr-FR\",\"potentialAction\":[{\"@type\":\"ReadAction\",\"target\":[\"https:\/\/syndicoop.fr\/ofict\/faisons-nos-comptes-temps-et-charges-de-travail-2\/\"]}]},{\"@type\":\"BreadcrumbList\",\"@id\":\"https:\/\/syndicoop.fr\/ofict\/faisons-nos-comptes-temps-et-charges-de-travail-2\/#breadcrumb\",\"itemListElement\":[{\"@type\":\"ListItem\",\"position\":1,\"name\":\"Accueil\",\"item\":\"https:\/\/syndicoop.fr\/ofict\/\"},{\"@type\":\"ListItem\",\"position\":2,\"name\":\"4 pages&#160;: Faisons nos comptes&#160;! Temps et charges de travail\"}]},{\"@type\":\"WebSite\",\"@id\":\"https:\/\/syndicoop.fr\/ofict\/#website\",\"url\":\"https:\/\/syndicoop.fr\/ofict\/\",\"name\":\"OFICT-CGT Equipement-Environnement\",\"description\":\"avec Syndicoop.fr, plateforme syndicale et coop\u00e9rative\",\"publisher\":{\"@id\":\"https:\/\/syndicoop.fr\/ofict\/#organization\"},\"potentialAction\":[{\"@type\":\"SearchAction\",\"target\":{\"@type\":\"EntryPoint\",\"urlTemplate\":\"https:\/\/syndicoop.fr\/ofict\/?s={search_term_string}\"},\"query-input\":{\"@type\":\"PropertyValueSpecification\",\"valueRequired\":true,\"valueName\":\"search_term_string\"}}],\"inLanguage\":\"fr-FR\"},{\"@type\":\"Organization\",\"@id\":\"https:\/\/syndicoop.fr\/ofict\/#organization\",\"name\":\"ofict-cgt\",\"url\":\"https:\/\/syndicoop.fr\/ofict\/\",\"logo\":{\"@type\":\"ImageObject\",\"inLanguage\":\"fr-FR\",\"@id\":\"https:\/\/syndicoop.fr\/ofict\/#\/schema\/logo\/image\/\",\"url\":\"https:\/\/syndicoop.fr\/ofict\/wp-content\/uploads\/sites\/21\/2021\/01\/0-Logo-OFICT-couleur-ombre-grand.png\",\"contentUrl\":\"https:\/\/syndicoop.fr\/ofict\/wp-content\/uploads\/sites\/21\/2021\/01\/0-Logo-OFICT-couleur-ombre-grand.png\",\"width\":853,\"height\":626,\"caption\":\"ofict-cgt\"},\"image\":{\"@id\":\"https:\/\/syndicoop.fr\/ofict\/#\/schema\/logo\/image\/\"},\"sameAs\":[\"https:\/\/www.facebook.com\/ofictcgt\",\"https:\/\/x.com\/ofictcgt\",\"https:\/\/www.youtube.com\/channel\/UCuspFuV1HGEF1weXxpWVKtQ\"]},{\"@type\":\"Person\",\"@id\":\"https:\/\/syndicoop.fr\/ofict\/#\/schema\/person\/f39466be0f2870e8872f54607694f961\",\"name\":\"ecanonne\",\"image\":{\"@type\":\"ImageObject\",\"inLanguage\":\"fr-FR\",\"@id\":\"https:\/\/syndicoop.fr\/ofict\/#\/schema\/person\/image\/\",\"url\":\"\/\/www.gravatar.com\/avatar\/d77c79c43301ad5a8b26da1071f40071?s=96&#038;r=g&#038;d=mm\",\"contentUrl\":\"\/\/www.gravatar.com\/avatar\/d77c79c43301ad5a8b26da1071f40071?s=96&#038;r=g&#038;d=mm\",\"caption\":\"ecanonne\"}}]}<\/script>\n<!-- \/ Yoast SEO plugin. -->","yoast_head_json":{"title":"4 pages : Faisons nos comptes ! Temps et charges de travail - OFICT-CGT Equipement-Environnement","robots":{"index":"index","follow":"follow","max-snippet":"max-snippet:-1","max-image-preview":"max-image-preview:large","max-video-preview":"max-video-preview:-1"},"canonical":"https:\/\/syndicoop.fr\/ofict\/faisons-nos-comptes-temps-et-charges-de-travail-2\/","og_locale":"fr_FR","og_type":"article","og_title":"4 pages : Faisons nos comptes ! Temps et charges de travail - OFICT-CGT Equipement-Environnement","og_description":"L\u2019organisation des Ing\u00e9nieurs, Cadres et Technicien-ne-s (OFICT) de la F\u00e9d\u00e9ration CGT Equipement-Environnement, avec ses syndicats, vous propose aujourd\u2019hui d\u2019agir pour que les questions du temps et de la charge de travail, particuli\u00e8rement en ce qui concerne les cadres et technicien-nes, soit rediscut\u00e9e dans notre minist\u00e8re.","og_url":"https:\/\/syndicoop.fr\/ofict\/faisons-nos-comptes-temps-et-charges-de-travail-2\/","og_site_name":"OFICT-CGT Equipement-Environnement","article_publisher":"https:\/\/www.facebook.com\/ofictcgt","article_published_time":"2012-05-22T17:33:27+00:00","article_modified_time":"2020-05-29T12:08:48+00:00","author":"ecanonne","twitter_card":"summary_large_image","twitter_creator":"@ofictcgt","twitter_site":"@ofictcgt","twitter_misc":{"\u00c9crit par":"ecanonne","Dur\u00e9e de lecture estim\u00e9e":"1 minute"},"schema":{"@context":"https:\/\/schema.org","@graph":[{"@type":"Article","@id":"https:\/\/syndicoop.fr\/ofict\/faisons-nos-comptes-temps-et-charges-de-travail-2\/#article","isPartOf":{"@id":"https:\/\/syndicoop.fr\/ofict\/faisons-nos-comptes-temps-et-charges-de-travail-2\/"},"author":{"name":"ecanonne","@id":"https:\/\/syndicoop.fr\/ofict\/#\/schema\/person\/f39466be0f2870e8872f54607694f961"},"headline":"4 pages : Faisons nos comptes ! Temps et charges de travail","datePublished":"2012-05-22T17:33:27+00:00","dateModified":"2020-05-29T12:08:48+00:00","mainEntityOfPage":{"@id":"https:\/\/syndicoop.fr\/ofict\/faisons-nos-comptes-temps-et-charges-de-travail-2\/"},"wordCount":199,"commentCount":0,"publisher":{"@id":"https:\/\/syndicoop.fr\/ofict\/#organization"},"keywords":["Charges de travail","Forfaits-jours","RTT","Temps de Travail"],"articleSection":["Actus","Ofict"],"inLanguage":"fr-FR","potentialAction":[{"@type":"CommentAction","name":"Comment","target":["https:\/\/syndicoop.fr\/ofict\/faisons-nos-comptes-temps-et-charges-de-travail-2\/#respond"]}]},{"@type":"WebPage","@id":"https:\/\/syndicoop.fr\/ofict\/faisons-nos-comptes-temps-et-charges-de-travail-2\/","url":"https:\/\/syndicoop.fr\/ofict\/faisons-nos-comptes-temps-et-charges-de-travail-2\/","name":"4 pages : Faisons nos comptes ! Temps et charges de travail - OFICT-CGT Equipement-Environnement","isPartOf":{"@id":"https:\/\/syndicoop.fr\/ofict\/#website"},"datePublished":"2012-05-22T17:33:27+00:00","dateModified":"2020-05-29T12:08:48+00:00","breadcrumb":{"@id":"https:\/\/syndicoop.fr\/ofict\/faisons-nos-comptes-temps-et-charges-de-travail-2\/#breadcrumb"},"inLanguage":"fr-FR","potentialAction":[{"@type":"ReadAction","target":["https:\/\/syndicoop.fr\/ofict\/faisons-nos-comptes-temps-et-charges-de-travail-2\/"]}]},{"@type":"BreadcrumbList","@id":"https:\/\/syndicoop.fr\/ofict\/faisons-nos-comptes-temps-et-charges-de-travail-2\/#breadcrumb","itemListElement":[{"@type":"ListItem","position":1,"name":"Accueil","item":"https:\/\/syndicoop.fr\/ofict\/"},{"@type":"ListItem","position":2,"name":"4 pages&#160;: Faisons nos comptes&#160;! Temps et charges de travail"}]},{"@type":"WebSite","@id":"https:\/\/syndicoop.fr\/ofict\/#website","url":"https:\/\/syndicoop.fr\/ofict\/","name":"OFICT-CGT Equipement-Environnement","description":"avec Syndicoop.fr, plateforme syndicale et coop\u00e9rative","publisher":{"@id":"https:\/\/syndicoop.fr\/ofict\/#organization"},"potentialAction":[{"@type":"SearchAction","target":{"@type":"EntryPoint","urlTemplate":"https:\/\/syndicoop.fr\/ofict\/?s={search_term_string}"},"query-input":{"@type":"PropertyValueSpecification","valueRequired":true,"valueName":"search_term_string"}}],"inLanguage":"fr-FR"},{"@type":"Organization","@id":"https:\/\/syndicoop.fr\/ofict\/#organization","name":"ofict-cgt","url":"https:\/\/syndicoop.fr\/ofict\/","logo":{"@type":"ImageObject","inLanguage":"fr-FR","@id":"https:\/\/syndicoop.fr\/ofict\/#\/schema\/logo\/image\/","url":"https:\/\/syndicoop.fr\/ofict\/wp-content\/uploads\/sites\/21\/2021\/01\/0-Logo-OFICT-couleur-ombre-grand.png","contentUrl":"https:\/\/syndicoop.fr\/ofict\/wp-content\/uploads\/sites\/21\/2021\/01\/0-Logo-OFICT-couleur-ombre-grand.png","width":853,"height":626,"caption":"ofict-cgt"},"image":{"@id":"https:\/\/syndicoop.fr\/ofict\/#\/schema\/logo\/image\/"},"sameAs":["https:\/\/www.facebook.com\/ofictcgt","https:\/\/x.com\/ofictcgt","https:\/\/www.youtube.com\/channel\/UCuspFuV1HGEF1weXxpWVKtQ"]},{"@type":"Person","@id":"https:\/\/syndicoop.fr\/ofict\/#\/schema\/person\/f39466be0f2870e8872f54607694f961","name":"ecanonne","image":{"@type":"ImageObject","inLanguage":"fr-FR","@id":"https:\/\/syndicoop.fr\/ofict\/#\/schema\/person\/image\/","url":"\/\/www.gravatar.com\/avatar\/d77c79c43301ad5a8b26da1071f40071?s=96&#038;r=g&#038;d=mm","contentUrl":"\/\/www.gravatar.com\/avatar\/d77c79c43301ad5a8b26da1071f40071?s=96&#038;r=g&#038;d=mm","caption":"ecanonne"}}]}},"_links":{"self":[{"href":"https:\/\/syndicoop.fr\/ofict\/wp-json\/wp\/v2\/posts\/3779","targetHints":{"allow":["GET"]}}],"collection":[{"href":"https:\/\/syndicoop.fr\/ofict\/wp-json\/wp\/v2\/posts"}],"about":[{"href":"https:\/\/syndicoop.fr\/ofict\/wp-json\/wp\/v2\/types\/post"}],"author":[{"embeddable":true,"href":"https:\/\/syndicoop.fr\/ofict\/wp-json\/wp\/v2\/users\/351"}],"replies":[{"embeddable":true,"href":"https:\/\/syndicoop.fr\/ofict\/wp-json\/wp\/v2\/comments?post=3779"}],"version-history":[{"count":0,"href":"https:\/\/syndicoop.fr\/ofict\/wp-json\/wp\/v2\/posts\/3779\/revisions"}],"wp:attachment":[{"href":"https:\/\/syndicoop.fr\/ofict\/wp-json\/wp\/v2\/media?parent=3779"}],"wp:term":[{"taxonomy":"category","embeddable":true,"href":"https:\/\/syndicoop.fr\/ofict\/wp-json\/wp\/v2\/categories?post=3779"},{"taxonomy":"post_tag","embeddable":true,"href":"https:\/\/syndicoop.fr\/ofict\/wp-json\/wp\/v2\/tags?post=3779"}],"curies":[{"name":"wp","href":"https:\/\/api.w.org\/{rel}","templated":true}]}}