{"id":4149,"date":"2019-06-03T14:10:10","date_gmt":"2019-06-03T12:10:10","guid":{"rendered":"http:\/\/ofict.reference-syndicale.fr\/?p=4149"},"modified":"2020-08-27T10:05:58","modified_gmt":"2020-08-27T08:05:58","slug":"report-de-la-cap-itpe-des-3-et-4-juin-2019","status":"publish","type":"post","link":"https:\/\/syndicoop.fr\/ofict\/report-de-la-cap-itpe-des-3-et-4-juin-2019\/","title":{"rendered":"Report de la CAP ITPE des 3 et 4 juin 2019"},"content":{"rendered":"<p align=\"justify\">La suppression de la pr\u00e9 CAP et le manque de pr\u00e9paration de la CAP mobilit\u00e9s par l\u2019administration ne permettent pas de tenir la CAP mobilit\u00e9s des ITPE pr\u00e9vue aujourd\u2019hui.<\/p>\n<p align=\"justify\">Des situations qui auraient pu \u00eatre d\u00e9bloqu\u00e9es ne le sont pas \u00e0 ce stade, et dans de trop nombreux cas des priorit\u00e9s sont donn\u00e9es sans raison valable \u00e0 des d\u00e9tachements entrants, en contradiction avec les r\u00e8gles de gestion du corps, l\u2019administration jouant contre ses propres agents.<\/p>\n<p align=\"justify\">Face \u00e0 cette situation vos \u00e9lues CGT \u2013 FSU ont fait remonter un tr\u00e8s grand nombre d\u2019interrogations et remarques (demandes de v\u00e9rification de vacances de postes, confirmations des d\u00e9parts des titulaires des postes, signalement d\u2019avis d\u00e9favorables abusifs, etc.) lors de la phase de pr\u00e9paration amont. Les r\u00e9ponses de l\u2019administration nous ont \u00e9t\u00e9 adress\u00e9es \u00e0 la derni\u00e8re minute et dans de tr\u00e8s nombreux cas les r\u00e9ponses, lorsqu\u2019elles ont \u00e9t\u00e9 apport\u00e9es, ce qui n\u2019est pas syst\u00e9matique, sont plut\u00f4t minimales.<\/p>\n<p align=\"justify\">La suppression des pr\u00e9-CAP avec l\u2019administration est ainsi totalement contre-productive.<\/p>\n<p align=\"justify\">Cette situation ne permet pas de s\u2019assurer de l\u2019\u00e9galit\u00e9 de traitement des agent.e.s dans un contexte o\u00f9 de nombreuses d\u00e9rives sont constat\u00e9es (avis d\u00e9favorables syst\u00e9matiques hors candidat class\u00e9 1, exigence d\u2019employabilit\u00e9 imm\u00e9diate, fermetures de postes apr\u00e8s le d\u00e9p\u00f4t des PM 104).<\/p>\n<p align=\"justify\">Dans ces conditions, nous demandons des r\u00e9ponses compl\u00e8tes \u00e0 nos questions, afin de pouvoir si\u00e9ger dans de bonnes conditions \u00e0 la CAP mobilit\u00e9s qui sera reconvoqu\u00e9e dans les tous prochains jours. Les demandes de mobilit\u00e9 exprim\u00e9es par les agent.e.s doivent \u00eatre examin\u00e9es en toute \u00e9quit\u00e9 et en respect des r\u00e8gles et des crit\u00e8res de priorit\u00e9.<\/p>\n<p align=\"justify\">Au regard des nombreuses difficult\u00e9s rencontr\u00e9es &#8211; d&rsquo;organisation et de gestion des demandes des agent.es &#8211; la CGT et la FSU demandent formellement \u00e0 l&rsquo;administration de r\u00e9-instaurer la tenue de pr\u00e9-CAP mobilit\u00e9s et promotion d\u2019une dur\u00e9e suffisante.<\/p>\n<p align=\"justify\">Alors que le projet de loi de transformation de la fonction publique pr\u00e9voit la fin des pr\u00e9rogatives des CAP sur les mutations et les promotions des personnels, la CGT et la FSU revendiquent des commissions dans lesquelles les agent.es sont repr\u00e9sent\u00e9.e.s au travers de leurs \u00e9lu.es, telles que les actuelles CAP, pour garantir l&rsquo;\u00e9galit\u00e9 de traitement tant dans les demandes de mutations que pour la gestion des promotions.<\/p>\n<p align=\"justify\"><a href=\"http:\/\/ofict.reference-syndicale.fr\/files\/2019\/06\/communique-report-CAP-3-4juin.pdf\">Retrouvez le communiqu\u00e9 en PDF<\/a><\/p>\n<p align=\"center\"><span style=\"font-family: Liberation Sans, sans-serif\"><span style=\"font-size: large\"><span style=\"color: #ff0000\"><b>L<\/b><\/span><span style=\"color: #ff0000\"><b>es \u00e9lues CGT-<\/b><\/span><span style=\"color: #ff0000\"><b>FSU<\/b><\/span><span style=\"color: #ff0000\"><b> resteront vigilantes<\/b><\/span><\/span><\/span><\/p>\n<p align=\"center\"><span style=\"font-family: Liberation Sans, sans-serif\"><span style=\"font-size: large\"><b><span style=\"color: #ff0000\">pour porter les revendications collectives et individuelles des <\/span><span style=\"color: #ff0000\">ITPE <\/span><span style=\"color: #ff0000\">et pour d\u00e9fendre le dialogue social<\/span><span style=\"color: #ff0000\">.<\/span><\/b><\/span><\/span><\/p>\n<p align=\"justify\"><span style=\"font-family: Arial, sans-serif\"><span style=\"font-size: small\"><span style=\"color: #ff0000\"><span style=\"font-family: Liberation Sans, sans-serif\"><span style=\"font-size: medium\">N\u2019h\u00e9sitez pas \u00e0 transmettre vos dossiers et \u00e0 contacter <\/span><\/span><\/span><span style=\"color: #ff0000\"><span style=\"font-family: Liberation Sans, sans-serif\"><span style=\"font-size: medium\"><b>vos \u00e9lues CGT-<\/b><\/span><\/span><\/span><span style=\"color: #ff0000\"><span style=\"font-family: Liberation Sans, sans-serif\"><span style=\"font-size: medium\"><b>FSU<\/b><\/span><\/span><\/span><span style=\"color: #ff0000\"><span style=\"font-family: Liberation Sans, sans-serif\"><span style=\"font-size: medium\"><b> \u00e0 la CAP\u00a0:<\/b><\/span><\/span><\/span><b> <\/b><\/span><\/span><\/p>\n<p align=\"justify\"><span style=\"font-family: Arial, sans-serif\"><span style=\"font-size: small\"><b>boite mail contact \u00e9lues\u00a0: itpe.cgt-fsu@i-carre.net<\/b><\/span><\/span><\/p>\n<table width=\"649\" cellspacing=\"0\" cellpadding=\"5\">\n<colgroup>\n<col width=\"285\" \/>\n<col width=\"342\" \/> <\/colgroup>\n<tbody>\n<tr valign=\"top\">\n<td width=\"285\">\n<p align=\"justify\"><span style=\"color: #333399\"><span style=\"font-size: medium\"><b>Estelle Canonne<\/b><\/span><\/span><\/p>\n<\/td>\n<td width=\"342\">\n<p lang=\"nl-NL\" align=\"justify\"><span style=\"color: #9966cc\"><span style=\"font-size: small\"><b>DREAL Auvergne-Rh\u00f4ne-Alpes<\/b><\/span><\/span><\/p>\n<p lang=\"nl-NL\" align=\"justify\"><span style=\"color: #9966cc\"><span style=\"font-size: small\"><b>T\u00e9l : 04 26 28 64 73<\/b><\/span><\/span><\/p>\n<p lang=\"nl-NL\" align=\"justify\"><span style=\"color: #9966cc\"><span style=\"font-size: small\"><b>estelle.canonne@developpement-durable.gouv.fr<\/b><\/span><\/span><\/p>\n<\/td>\n<\/tr>\n<tr valign=\"top\">\n<td width=\"285\" height=\"23\">\n<p lang=\"en-GB\" align=\"justify\"><span style=\"color: #333399\"><span style=\"font-size: medium\"><b>Estelle Labbe-Bourdon<\/b><\/span><\/span><\/p>\n<\/td>\n<td width=\"342\">\n<p lang=\"nl-NL\" align=\"justify\"><span style=\"color: #9966cc\"><span style=\"font-size: small\"><b>DREAL Bourgogne Franche-Comt\u00e9<\/b><\/span><\/span><\/p>\n<p lang=\"nl-NL\" align=\"justify\"><span style=\"color: #9966cc\"><span style=\"font-family: Liberation Sans, sans-serif\"><span style=\"font-size: small\"><b>T\u00e9l : 03 45 83 22 09<\/b><\/span><\/span><\/span><\/p>\n<p lang=\"nl-NL\" align=\"justify\"><span style=\"color: #9966cc\"><span style=\"font-family: Liberation Sans, sans-serif\"><span style=\"font-size: small\"><b>e.labbe-bourdon@developpement-durable.gouv.fr<\/b><\/span><\/span><\/span><\/p>\n<\/td>\n<\/tr>\n<\/tbody>\n<\/table>\n","protected":false},"excerpt":{"rendered":"<p>La suppression de la pr\u00e9 CAP et le manque de pr\u00e9paration de la CAP mobilit\u00e9s par l\u2019administration ne permettent pas de tenir la CAP mobilit\u00e9s des ITPE pr\u00e9vue aujourd\u2019hui. Des situations qui auraient pu \u00eatre d\u00e9bloqu\u00e9es ne le sont pas \u00e0 ce stade, et dans de trop nombreux cas des priorit\u00e9s sont donn\u00e9es sans raison [&hellip;]<\/p>\n","protected":false},"author":44,"featured_media":2872,"comment_status":"open","ping_status":"closed","sticky":false,"template":"","format":"standard","meta":{"_acf_changed":false,"footnotes":""},"categories":[1,382],"tags":[72,94],"class_list":["post-4149","post","type-post","status-publish","format-standard","has-post-thumbnail","hentry","category-actus","category-ofict","tag-cap","tag-itpe","perimetre-a-tech","documents-cr"],"acf":[],"yoast_head":"<!-- This site is optimized with the Yoast SEO plugin v26.3 - https:\/\/yoast.com\/wordpress\/plugins\/seo\/ -->\n<title>Report de la CAP ITPE des 3 et 4 juin 2019 - OFICT-CGT Equipement-Environnement<\/title>\n<meta name=\"robots\" content=\"index, follow, max-snippet:-1, max-image-preview:large, max-video-preview:-1\" \/>\n<link rel=\"canonical\" href=\"https:\/\/syndicoop.fr\/ofict\/report-de-la-cap-itpe-des-3-et-4-juin-2019\/\" \/>\n<meta property=\"og:locale\" content=\"fr_FR\" \/>\n<meta property=\"og:type\" content=\"article\" \/>\n<meta property=\"og:title\" content=\"Report de la CAP ITPE des 3 et 4 juin 2019 - OFICT-CGT Equipement-Environnement\" \/>\n<meta property=\"og:description\" content=\"La suppression de la pr\u00e9 CAP et le manque de pr\u00e9paration de la CAP mobilit\u00e9s par l\u2019administration ne permettent pas de tenir la CAP mobilit\u00e9s des ITPE pr\u00e9vue aujourd\u2019hui. Des situations qui auraient pu \u00eatre d\u00e9bloqu\u00e9es ne le sont pas \u00e0 ce stade, et dans de trop nombreux cas des priorit\u00e9s sont donn\u00e9es sans raison [&hellip;]\" \/>\n<meta property=\"og:url\" content=\"https:\/\/syndicoop.fr\/ofict\/report-de-la-cap-itpe-des-3-et-4-juin-2019\/\" \/>\n<meta property=\"og:site_name\" content=\"OFICT-CGT Equipement-Environnement\" \/>\n<meta property=\"article:publisher\" content=\"https:\/\/www.facebook.com\/ofictcgt\" \/>\n<meta property=\"article:published_time\" content=\"2019-06-03T12:10:10+00:00\" \/>\n<meta property=\"article:modified_time\" content=\"2020-08-27T08:05:58+00:00\" \/>\n<meta property=\"og:image\" content=\"https:\/\/syndicoop.fr\/ofict\/wp-content\/uploads\/sites\/21\/2016\/02\/arton6680.jpg\" \/>\n\t<meta property=\"og:image:width\" content=\"350\" \/>\n\t<meta property=\"og:image:height\" content=\"233\" \/>\n\t<meta property=\"og:image:type\" content=\"image\/jpeg\" \/>\n<meta name=\"author\" content=\"fabienne TATOT\" \/>\n<meta name=\"twitter:card\" content=\"summary_large_image\" \/>\n<meta name=\"twitter:creator\" content=\"@ofictcgt\" \/>\n<meta name=\"twitter:site\" content=\"@ofictcgt\" \/>\n<meta name=\"twitter:label1\" content=\"\u00c9crit par\" \/>\n\t<meta name=\"twitter:data1\" content=\"fabienne TATOT\" \/>\n\t<meta name=\"twitter:label2\" content=\"Dur\u00e9e de lecture estim\u00e9e\" \/>\n\t<meta name=\"twitter:data2\" content=\"2 minutes\" \/>\n<script type=\"application\/ld+json\" class=\"yoast-schema-graph\">{\"@context\":\"https:\/\/schema.org\",\"@graph\":[{\"@type\":\"Article\",\"@id\":\"https:\/\/syndicoop.fr\/ofict\/report-de-la-cap-itpe-des-3-et-4-juin-2019\/#article\",\"isPartOf\":{\"@id\":\"https:\/\/syndicoop.fr\/ofict\/report-de-la-cap-itpe-des-3-et-4-juin-2019\/\"},\"author\":{\"name\":\"fabienne TATOT\",\"@id\":\"https:\/\/syndicoop.fr\/ofict\/#\/schema\/person\/4ad8747d000e8f709dfa39babf33aa54\"},\"headline\":\"Report de la CAP ITPE des 3 et 4 juin 2019\",\"datePublished\":\"2019-06-03T12:10:10+00:00\",\"dateModified\":\"2020-08-27T08:05:58+00:00\",\"mainEntityOfPage\":{\"@id\":\"https:\/\/syndicoop.fr\/ofict\/report-de-la-cap-itpe-des-3-et-4-juin-2019\/\"},\"wordCount\":509,\"commentCount\":0,\"publisher\":{\"@id\":\"https:\/\/syndicoop.fr\/ofict\/#organization\"},\"image\":{\"@id\":\"https:\/\/syndicoop.fr\/ofict\/report-de-la-cap-itpe-des-3-et-4-juin-2019\/#primaryimage\"},\"thumbnailUrl\":\"https:\/\/syndicoop.fr\/ofict\/wp-content\/uploads\/sites\/21\/2016\/02\/arton6680.jpg\",\"keywords\":[\"CAP\",\"ITPE\"],\"articleSection\":[\"Actus\",\"Ofict\"],\"inLanguage\":\"fr-FR\",\"potentialAction\":[{\"@type\":\"CommentAction\",\"name\":\"Comment\",\"target\":[\"https:\/\/syndicoop.fr\/ofict\/report-de-la-cap-itpe-des-3-et-4-juin-2019\/#respond\"]}]},{\"@type\":\"WebPage\",\"@id\":\"https:\/\/syndicoop.fr\/ofict\/report-de-la-cap-itpe-des-3-et-4-juin-2019\/\",\"url\":\"https:\/\/syndicoop.fr\/ofict\/report-de-la-cap-itpe-des-3-et-4-juin-2019\/\",\"name\":\"Report de la CAP ITPE des 3 et 4 juin 2019 - OFICT-CGT Equipement-Environnement\",\"isPartOf\":{\"@id\":\"https:\/\/syndicoop.fr\/ofict\/#website\"},\"primaryImageOfPage\":{\"@id\":\"https:\/\/syndicoop.fr\/ofict\/report-de-la-cap-itpe-des-3-et-4-juin-2019\/#primaryimage\"},\"image\":{\"@id\":\"https:\/\/syndicoop.fr\/ofict\/report-de-la-cap-itpe-des-3-et-4-juin-2019\/#primaryimage\"},\"thumbnailUrl\":\"https:\/\/syndicoop.fr\/ofict\/wp-content\/uploads\/sites\/21\/2016\/02\/arton6680.jpg\",\"datePublished\":\"2019-06-03T12:10:10+00:00\",\"dateModified\":\"2020-08-27T08:05:58+00:00\",\"breadcrumb\":{\"@id\":\"https:\/\/syndicoop.fr\/ofict\/report-de-la-cap-itpe-des-3-et-4-juin-2019\/#breadcrumb\"},\"inLanguage\":\"fr-FR\",\"potentialAction\":[{\"@type\":\"ReadAction\",\"target\":[\"https:\/\/syndicoop.fr\/ofict\/report-de-la-cap-itpe-des-3-et-4-juin-2019\/\"]}]},{\"@type\":\"ImageObject\",\"inLanguage\":\"fr-FR\",\"@id\":\"https:\/\/syndicoop.fr\/ofict\/report-de-la-cap-itpe-des-3-et-4-juin-2019\/#primaryimage\",\"url\":\"https:\/\/syndicoop.fr\/ofict\/wp-content\/uploads\/sites\/21\/2016\/02\/arton6680.jpg\",\"contentUrl\":\"https:\/\/syndicoop.fr\/ofict\/wp-content\/uploads\/sites\/21\/2016\/02\/arton6680.jpg\",\"width\":350,\"height\":233},{\"@type\":\"BreadcrumbList\",\"@id\":\"https:\/\/syndicoop.fr\/ofict\/report-de-la-cap-itpe-des-3-et-4-juin-2019\/#breadcrumb\",\"itemListElement\":[{\"@type\":\"ListItem\",\"position\":1,\"name\":\"Accueil\",\"item\":\"https:\/\/syndicoop.fr\/ofict\/\"},{\"@type\":\"ListItem\",\"position\":2,\"name\":\"Report de la CAP ITPE des 3 et 4 juin 2019\"}]},{\"@type\":\"WebSite\",\"@id\":\"https:\/\/syndicoop.fr\/ofict\/#website\",\"url\":\"https:\/\/syndicoop.fr\/ofict\/\",\"name\":\"OFICT-CGT Equipement-Environnement\",\"description\":\"avec Syndicoop.fr, plateforme syndicale et coop\u00e9rative\",\"publisher\":{\"@id\":\"https:\/\/syndicoop.fr\/ofict\/#organization\"},\"potentialAction\":[{\"@type\":\"SearchAction\",\"target\":{\"@type\":\"EntryPoint\",\"urlTemplate\":\"https:\/\/syndicoop.fr\/ofict\/?s={search_term_string}\"},\"query-input\":{\"@type\":\"PropertyValueSpecification\",\"valueRequired\":true,\"valueName\":\"search_term_string\"}}],\"inLanguage\":\"fr-FR\"},{\"@type\":\"Organization\",\"@id\":\"https:\/\/syndicoop.fr\/ofict\/#organization\",\"name\":\"ofict-cgt\",\"url\":\"https:\/\/syndicoop.fr\/ofict\/\",\"logo\":{\"@type\":\"ImageObject\",\"inLanguage\":\"fr-FR\",\"@id\":\"https:\/\/syndicoop.fr\/ofict\/#\/schema\/logo\/image\/\",\"url\":\"https:\/\/syndicoop.fr\/ofict\/wp-content\/uploads\/sites\/21\/2021\/01\/0-Logo-OFICT-couleur-ombre-grand.png\",\"contentUrl\":\"https:\/\/syndicoop.fr\/ofict\/wp-content\/uploads\/sites\/21\/2021\/01\/0-Logo-OFICT-couleur-ombre-grand.png\",\"width\":853,\"height\":626,\"caption\":\"ofict-cgt\"},\"image\":{\"@id\":\"https:\/\/syndicoop.fr\/ofict\/#\/schema\/logo\/image\/\"},\"sameAs\":[\"https:\/\/www.facebook.com\/ofictcgt\",\"https:\/\/x.com\/ofictcgt\",\"https:\/\/www.youtube.com\/channel\/UCuspFuV1HGEF1weXxpWVKtQ\"]},{\"@type\":\"Person\",\"@id\":\"https:\/\/syndicoop.fr\/ofict\/#\/schema\/person\/4ad8747d000e8f709dfa39babf33aa54\",\"name\":\"fabienne TATOT\",\"image\":{\"@type\":\"ImageObject\",\"inLanguage\":\"fr-FR\",\"@id\":\"https:\/\/syndicoop.fr\/ofict\/#\/schema\/person\/image\/\",\"url\":\"\/\/www.gravatar.com\/avatar\/9934f99b1607533b8d985c1e1170f8cf?s=96&#038;r=g&#038;d=mm\",\"contentUrl\":\"\/\/www.gravatar.com\/avatar\/9934f99b1607533b8d985c1e1170f8cf?s=96&#038;r=g&#038;d=mm\",\"caption\":\"fabienne TATOT\"}}]}<\/script>\n<!-- \/ Yoast SEO plugin. -->","yoast_head_json":{"title":"Report de la CAP ITPE des 3 et 4 juin 2019 - OFICT-CGT Equipement-Environnement","robots":{"index":"index","follow":"follow","max-snippet":"max-snippet:-1","max-image-preview":"max-image-preview:large","max-video-preview":"max-video-preview:-1"},"canonical":"https:\/\/syndicoop.fr\/ofict\/report-de-la-cap-itpe-des-3-et-4-juin-2019\/","og_locale":"fr_FR","og_type":"article","og_title":"Report de la CAP ITPE des 3 et 4 juin 2019 - OFICT-CGT Equipement-Environnement","og_description":"La suppression de la pr\u00e9 CAP et le manque de pr\u00e9paration de la CAP mobilit\u00e9s par l\u2019administration ne permettent pas de tenir la CAP mobilit\u00e9s des ITPE pr\u00e9vue aujourd\u2019hui. Des situations qui auraient pu \u00eatre d\u00e9bloqu\u00e9es ne le sont pas \u00e0 ce stade, et dans de trop nombreux cas des priorit\u00e9s sont donn\u00e9es sans raison [&hellip;]","og_url":"https:\/\/syndicoop.fr\/ofict\/report-de-la-cap-itpe-des-3-et-4-juin-2019\/","og_site_name":"OFICT-CGT Equipement-Environnement","article_publisher":"https:\/\/www.facebook.com\/ofictcgt","article_published_time":"2019-06-03T12:10:10+00:00","article_modified_time":"2020-08-27T08:05:58+00:00","og_image":[{"width":350,"height":233,"url":"https:\/\/syndicoop.fr\/ofict\/wp-content\/uploads\/sites\/21\/2016\/02\/arton6680.jpg","type":"image\/jpeg"}],"author":"fabienne TATOT","twitter_card":"summary_large_image","twitter_creator":"@ofictcgt","twitter_site":"@ofictcgt","twitter_misc":{"\u00c9crit par":"fabienne TATOT","Dur\u00e9e de lecture estim\u00e9e":"2 minutes"},"schema":{"@context":"https:\/\/schema.org","@graph":[{"@type":"Article","@id":"https:\/\/syndicoop.fr\/ofict\/report-de-la-cap-itpe-des-3-et-4-juin-2019\/#article","isPartOf":{"@id":"https:\/\/syndicoop.fr\/ofict\/report-de-la-cap-itpe-des-3-et-4-juin-2019\/"},"author":{"name":"fabienne TATOT","@id":"https:\/\/syndicoop.fr\/ofict\/#\/schema\/person\/4ad8747d000e8f709dfa39babf33aa54"},"headline":"Report de la CAP ITPE des 3 et 4 juin 2019","datePublished":"2019-06-03T12:10:10+00:00","dateModified":"2020-08-27T08:05:58+00:00","mainEntityOfPage":{"@id":"https:\/\/syndicoop.fr\/ofict\/report-de-la-cap-itpe-des-3-et-4-juin-2019\/"},"wordCount":509,"commentCount":0,"publisher":{"@id":"https:\/\/syndicoop.fr\/ofict\/#organization"},"image":{"@id":"https:\/\/syndicoop.fr\/ofict\/report-de-la-cap-itpe-des-3-et-4-juin-2019\/#primaryimage"},"thumbnailUrl":"https:\/\/syndicoop.fr\/ofict\/wp-content\/uploads\/sites\/21\/2016\/02\/arton6680.jpg","keywords":["CAP","ITPE"],"articleSection":["Actus","Ofict"],"inLanguage":"fr-FR","potentialAction":[{"@type":"CommentAction","name":"Comment","target":["https:\/\/syndicoop.fr\/ofict\/report-de-la-cap-itpe-des-3-et-4-juin-2019\/#respond"]}]},{"@type":"WebPage","@id":"https:\/\/syndicoop.fr\/ofict\/report-de-la-cap-itpe-des-3-et-4-juin-2019\/","url":"https:\/\/syndicoop.fr\/ofict\/report-de-la-cap-itpe-des-3-et-4-juin-2019\/","name":"Report de la CAP ITPE des 3 et 4 juin 2019 - OFICT-CGT Equipement-Environnement","isPartOf":{"@id":"https:\/\/syndicoop.fr\/ofict\/#website"},"primaryImageOfPage":{"@id":"https:\/\/syndicoop.fr\/ofict\/report-de-la-cap-itpe-des-3-et-4-juin-2019\/#primaryimage"},"image":{"@id":"https:\/\/syndicoop.fr\/ofict\/report-de-la-cap-itpe-des-3-et-4-juin-2019\/#primaryimage"},"thumbnailUrl":"https:\/\/syndicoop.fr\/ofict\/wp-content\/uploads\/sites\/21\/2016\/02\/arton6680.jpg","datePublished":"2019-06-03T12:10:10+00:00","dateModified":"2020-08-27T08:05:58+00:00","breadcrumb":{"@id":"https:\/\/syndicoop.fr\/ofict\/report-de-la-cap-itpe-des-3-et-4-juin-2019\/#breadcrumb"},"inLanguage":"fr-FR","potentialAction":[{"@type":"ReadAction","target":["https:\/\/syndicoop.fr\/ofict\/report-de-la-cap-itpe-des-3-et-4-juin-2019\/"]}]},{"@type":"ImageObject","inLanguage":"fr-FR","@id":"https:\/\/syndicoop.fr\/ofict\/report-de-la-cap-itpe-des-3-et-4-juin-2019\/#primaryimage","url":"https:\/\/syndicoop.fr\/ofict\/wp-content\/uploads\/sites\/21\/2016\/02\/arton6680.jpg","contentUrl":"https:\/\/syndicoop.fr\/ofict\/wp-content\/uploads\/sites\/21\/2016\/02\/arton6680.jpg","width":350,"height":233},{"@type":"BreadcrumbList","@id":"https:\/\/syndicoop.fr\/ofict\/report-de-la-cap-itpe-des-3-et-4-juin-2019\/#breadcrumb","itemListElement":[{"@type":"ListItem","position":1,"name":"Accueil","item":"https:\/\/syndicoop.fr\/ofict\/"},{"@type":"ListItem","position":2,"name":"Report de la CAP ITPE des 3 et 4 juin 2019"}]},{"@type":"WebSite","@id":"https:\/\/syndicoop.fr\/ofict\/#website","url":"https:\/\/syndicoop.fr\/ofict\/","name":"OFICT-CGT Equipement-Environnement","description":"avec Syndicoop.fr, plateforme syndicale et coop\u00e9rative","publisher":{"@id":"https:\/\/syndicoop.fr\/ofict\/#organization"},"potentialAction":[{"@type":"SearchAction","target":{"@type":"EntryPoint","urlTemplate":"https:\/\/syndicoop.fr\/ofict\/?s={search_term_string}"},"query-input":{"@type":"PropertyValueSpecification","valueRequired":true,"valueName":"search_term_string"}}],"inLanguage":"fr-FR"},{"@type":"Organization","@id":"https:\/\/syndicoop.fr\/ofict\/#organization","name":"ofict-cgt","url":"https:\/\/syndicoop.fr\/ofict\/","logo":{"@type":"ImageObject","inLanguage":"fr-FR","@id":"https:\/\/syndicoop.fr\/ofict\/#\/schema\/logo\/image\/","url":"https:\/\/syndicoop.fr\/ofict\/wp-content\/uploads\/sites\/21\/2021\/01\/0-Logo-OFICT-couleur-ombre-grand.png","contentUrl":"https:\/\/syndicoop.fr\/ofict\/wp-content\/uploads\/sites\/21\/2021\/01\/0-Logo-OFICT-couleur-ombre-grand.png","width":853,"height":626,"caption":"ofict-cgt"},"image":{"@id":"https:\/\/syndicoop.fr\/ofict\/#\/schema\/logo\/image\/"},"sameAs":["https:\/\/www.facebook.com\/ofictcgt","https:\/\/x.com\/ofictcgt","https:\/\/www.youtube.com\/channel\/UCuspFuV1HGEF1weXxpWVKtQ"]},{"@type":"Person","@id":"https:\/\/syndicoop.fr\/ofict\/#\/schema\/person\/4ad8747d000e8f709dfa39babf33aa54","name":"fabienne TATOT","image":{"@type":"ImageObject","inLanguage":"fr-FR","@id":"https:\/\/syndicoop.fr\/ofict\/#\/schema\/person\/image\/","url":"\/\/www.gravatar.com\/avatar\/9934f99b1607533b8d985c1e1170f8cf?s=96&#038;r=g&#038;d=mm","contentUrl":"\/\/www.gravatar.com\/avatar\/9934f99b1607533b8d985c1e1170f8cf?s=96&#038;r=g&#038;d=mm","caption":"fabienne TATOT"}}]}},"_links":{"self":[{"href":"https:\/\/syndicoop.fr\/ofict\/wp-json\/wp\/v2\/posts\/4149","targetHints":{"allow":["GET"]}}],"collection":[{"href":"https:\/\/syndicoop.fr\/ofict\/wp-json\/wp\/v2\/posts"}],"about":[{"href":"https:\/\/syndicoop.fr\/ofict\/wp-json\/wp\/v2\/types\/post"}],"author":[{"embeddable":true,"href":"https:\/\/syndicoop.fr\/ofict\/wp-json\/wp\/v2\/users\/44"}],"replies":[{"embeddable":true,"href":"https:\/\/syndicoop.fr\/ofict\/wp-json\/wp\/v2\/comments?post=4149"}],"version-history":[{"count":0,"href":"https:\/\/syndicoop.fr\/ofict\/wp-json\/wp\/v2\/posts\/4149\/revisions"}],"wp:featuredmedia":[{"embeddable":true,"href":"https:\/\/syndicoop.fr\/ofict\/wp-json\/wp\/v2\/media\/2872"}],"wp:attachment":[{"href":"https:\/\/syndicoop.fr\/ofict\/wp-json\/wp\/v2\/media?parent=4149"}],"wp:term":[{"taxonomy":"category","embeddable":true,"href":"https:\/\/syndicoop.fr\/ofict\/wp-json\/wp\/v2\/categories?post=4149"},{"taxonomy":"post_tag","embeddable":true,"href":"https:\/\/syndicoop.fr\/ofict\/wp-json\/wp\/v2\/tags?post=4149"}],"curies":[{"name":"wp","href":"https:\/\/api.w.org\/{rel}","templated":true}]}}