{"id":4204,"date":"2017-09-15T10:17:21","date_gmt":"2017-09-15T08:17:21","guid":{"rendered":"http:\/\/ofict.reference-syndicale.fr\/?p=3730"},"modified":"2020-05-29T18:17:01","modified_gmt":"2020-05-29T16:17:01","slug":"cap-des-ced-du-12-septembre-2017-compte-rendu-cgt","status":"publish","type":"post","link":"https:\/\/syndicoop.fr\/ofict\/cap-des-ced-du-12-septembre-2017-compte-rendu-cgt\/","title":{"rendered":"CAP des CED du 12 septembre 2017\u00a0: compte-rendu CGT"},"content":{"rendered":"<div class=\"cartouche\">\n<p class=\"info-publi\">Cette CAPI exceptionnelle avait pour objet l\u2019\u00e9valuation des dossiers de titularisation des agents ayant pass\u00e9 les derniers concours de d\u00e9pr\u00e9carisation et qui n\u2019avait pas pu \u00eatre titularis\u00e9s lors des derni\u00e8res CAPI. Elle est intervenue dans un contexte particulier, puisqu\u2019elle co\u00efncidait avec une journ\u00e9e de mobilisation nationale pour la protection de droits sociaux et des conditions de travail des salari\u00e9s et des fonctionnaires, \u00e0 laquelle certains de nous ont pu participer.<\/p>\n<\/div>\n<div class=\"surlignable\">\n<div class=\"texte\">\n<p>Lire la suite dans\u00a0<a href=\"http:\/\/equipementcgt.fr\/IMG\/pdf\/compte_rendu_cap_interministerielle_des_charges_d_atudes_documentaires_12_septembre_2017-1.pdf\">le compte-rendu CGT<\/a>\u00a0ci-joint.<\/p>\n<\/div>\n<\/div>\n","protected":false},"excerpt":{"rendered":"<p>Cette CAPI exceptionnelle avait pour objet l\u2019\u00e9valuation des dossiers de titularisation des agents ayant pass\u00e9 les derniers concours de d\u00e9pr\u00e9carisation et qui n\u2019avait pas pu \u00eatre titularis\u00e9s lors des derni\u00e8res CAPI. Elle est intervenue dans un contexte particulier, puisqu\u2019elle co\u00efncidait avec une journ\u00e9e de mobilisation nationale pour la protection de droits sociaux et des conditions [&hellip;]<\/p>\n","protected":false},"author":44,"featured_media":2872,"comment_status":"open","ping_status":"closed","sticky":false,"template":"","format":"standard","meta":{"_acf_changed":false,"footnotes":""},"categories":[1],"tags":[72],"class_list":["post-4204","post","type-post","status-publish","format-standard","has-post-thumbnail","hentry","category-actus","tag-cap","perimetre-autre","documents-cr"],"acf":[],"yoast_head":"<!-- This site is optimized with the Yoast SEO plugin v26.3 - https:\/\/yoast.com\/wordpress\/plugins\/seo\/ -->\n<title>CAP des CED du 12 septembre 2017\u00a0: compte-rendu CGT - OFICT-CGT Equipement-Environnement<\/title>\n<meta name=\"robots\" content=\"index, follow, max-snippet:-1, max-image-preview:large, max-video-preview:-1\" \/>\n<link rel=\"canonical\" href=\"https:\/\/syndicoop.fr\/ofict\/cap-des-ced-du-12-septembre-2017-compte-rendu-cgt\/\" \/>\n<meta property=\"og:locale\" content=\"fr_FR\" \/>\n<meta property=\"og:type\" content=\"article\" \/>\n<meta property=\"og:title\" content=\"CAP des CED du 12 septembre 2017\u00a0: compte-rendu CGT - OFICT-CGT Equipement-Environnement\" \/>\n<meta property=\"og:description\" content=\"Cette CAPI exceptionnelle avait pour objet l\u2019\u00e9valuation des dossiers de titularisation des agents ayant pass\u00e9 les derniers concours de d\u00e9pr\u00e9carisation et qui n\u2019avait pas pu \u00eatre titularis\u00e9s lors des derni\u00e8res CAPI. Elle est intervenue dans un contexte particulier, puisqu\u2019elle co\u00efncidait avec une journ\u00e9e de mobilisation nationale pour la protection de droits sociaux et des conditions [&hellip;]\" \/>\n<meta property=\"og:url\" content=\"https:\/\/syndicoop.fr\/ofict\/cap-des-ced-du-12-septembre-2017-compte-rendu-cgt\/\" \/>\n<meta property=\"og:site_name\" content=\"OFICT-CGT Equipement-Environnement\" \/>\n<meta property=\"article:publisher\" content=\"https:\/\/www.facebook.com\/ofictcgt\" \/>\n<meta property=\"article:published_time\" content=\"2017-09-15T08:17:21+00:00\" \/>\n<meta property=\"article:modified_time\" content=\"2020-05-29T16:17:01+00:00\" \/>\n<meta property=\"og:image\" content=\"https:\/\/syndicoop.fr\/ofict\/wp-content\/uploads\/sites\/21\/2016\/02\/arton6680.jpg\" \/>\n\t<meta property=\"og:image:width\" content=\"350\" \/>\n\t<meta property=\"og:image:height\" content=\"233\" \/>\n\t<meta property=\"og:image:type\" content=\"image\/jpeg\" \/>\n<meta name=\"author\" content=\"fabienne TATOT\" \/>\n<meta name=\"twitter:card\" content=\"summary_large_image\" \/>\n<meta name=\"twitter:creator\" content=\"@ofictcgt\" \/>\n<meta name=\"twitter:site\" content=\"@ofictcgt\" \/>\n<meta name=\"twitter:label1\" content=\"\u00c9crit par\" \/>\n\t<meta name=\"twitter:data1\" content=\"fabienne TATOT\" \/>\n<script type=\"application\/ld+json\" class=\"yoast-schema-graph\">{\"@context\":\"https:\/\/schema.org\",\"@graph\":[{\"@type\":\"Article\",\"@id\":\"https:\/\/syndicoop.fr\/ofict\/cap-des-ced-du-12-septembre-2017-compte-rendu-cgt\/#article\",\"isPartOf\":{\"@id\":\"https:\/\/syndicoop.fr\/ofict\/cap-des-ced-du-12-septembre-2017-compte-rendu-cgt\/\"},\"author\":{\"name\":\"fabienne TATOT\",\"@id\":\"https:\/\/syndicoop.fr\/ofict\/#\/schema\/person\/4ad8747d000e8f709dfa39babf33aa54\"},\"headline\":\"CAP des CED du 12 septembre 2017\u00a0: compte-rendu CGT\",\"datePublished\":\"2017-09-15T08:17:21+00:00\",\"dateModified\":\"2020-05-29T16:17:01+00:00\",\"mainEntityOfPage\":{\"@id\":\"https:\/\/syndicoop.fr\/ofict\/cap-des-ced-du-12-septembre-2017-compte-rendu-cgt\/\"},\"wordCount\":94,\"commentCount\":0,\"publisher\":{\"@id\":\"https:\/\/syndicoop.fr\/ofict\/#organization\"},\"image\":{\"@id\":\"https:\/\/syndicoop.fr\/ofict\/cap-des-ced-du-12-septembre-2017-compte-rendu-cgt\/#primaryimage\"},\"thumbnailUrl\":\"https:\/\/syndicoop.fr\/ofict\/wp-content\/uploads\/sites\/21\/2016\/02\/arton6680.jpg\",\"keywords\":[\"CAP\"],\"articleSection\":[\"Actus\"],\"inLanguage\":\"fr-FR\",\"potentialAction\":[{\"@type\":\"CommentAction\",\"name\":\"Comment\",\"target\":[\"https:\/\/syndicoop.fr\/ofict\/cap-des-ced-du-12-septembre-2017-compte-rendu-cgt\/#respond\"]}]},{\"@type\":\"WebPage\",\"@id\":\"https:\/\/syndicoop.fr\/ofict\/cap-des-ced-du-12-septembre-2017-compte-rendu-cgt\/\",\"url\":\"https:\/\/syndicoop.fr\/ofict\/cap-des-ced-du-12-septembre-2017-compte-rendu-cgt\/\",\"name\":\"CAP des CED du 12 septembre 2017\u00a0: compte-rendu CGT - OFICT-CGT Equipement-Environnement\",\"isPartOf\":{\"@id\":\"https:\/\/syndicoop.fr\/ofict\/#website\"},\"primaryImageOfPage\":{\"@id\":\"https:\/\/syndicoop.fr\/ofict\/cap-des-ced-du-12-septembre-2017-compte-rendu-cgt\/#primaryimage\"},\"image\":{\"@id\":\"https:\/\/syndicoop.fr\/ofict\/cap-des-ced-du-12-septembre-2017-compte-rendu-cgt\/#primaryimage\"},\"thumbnailUrl\":\"https:\/\/syndicoop.fr\/ofict\/wp-content\/uploads\/sites\/21\/2016\/02\/arton6680.jpg\",\"datePublished\":\"2017-09-15T08:17:21+00:00\",\"dateModified\":\"2020-05-29T16:17:01+00:00\",\"breadcrumb\":{\"@id\":\"https:\/\/syndicoop.fr\/ofict\/cap-des-ced-du-12-septembre-2017-compte-rendu-cgt\/#breadcrumb\"},\"inLanguage\":\"fr-FR\",\"potentialAction\":[{\"@type\":\"ReadAction\",\"target\":[\"https:\/\/syndicoop.fr\/ofict\/cap-des-ced-du-12-septembre-2017-compte-rendu-cgt\/\"]}]},{\"@type\":\"ImageObject\",\"inLanguage\":\"fr-FR\",\"@id\":\"https:\/\/syndicoop.fr\/ofict\/cap-des-ced-du-12-septembre-2017-compte-rendu-cgt\/#primaryimage\",\"url\":\"https:\/\/syndicoop.fr\/ofict\/wp-content\/uploads\/sites\/21\/2016\/02\/arton6680.jpg\",\"contentUrl\":\"https:\/\/syndicoop.fr\/ofict\/wp-content\/uploads\/sites\/21\/2016\/02\/arton6680.jpg\",\"width\":350,\"height\":233},{\"@type\":\"BreadcrumbList\",\"@id\":\"https:\/\/syndicoop.fr\/ofict\/cap-des-ced-du-12-septembre-2017-compte-rendu-cgt\/#breadcrumb\",\"itemListElement\":[{\"@type\":\"ListItem\",\"position\":1,\"name\":\"Accueil\",\"item\":\"https:\/\/syndicoop.fr\/ofict\/\"},{\"@type\":\"ListItem\",\"position\":2,\"name\":\"CAP des CED du 12 septembre 2017&#160;: compte-rendu CGT\"}]},{\"@type\":\"WebSite\",\"@id\":\"https:\/\/syndicoop.fr\/ofict\/#website\",\"url\":\"https:\/\/syndicoop.fr\/ofict\/\",\"name\":\"OFICT-CGT Equipement-Environnement\",\"description\":\"avec Syndicoop.fr, plateforme syndicale et coop\u00e9rative\",\"publisher\":{\"@id\":\"https:\/\/syndicoop.fr\/ofict\/#organization\"},\"potentialAction\":[{\"@type\":\"SearchAction\",\"target\":{\"@type\":\"EntryPoint\",\"urlTemplate\":\"https:\/\/syndicoop.fr\/ofict\/?s={search_term_string}\"},\"query-input\":{\"@type\":\"PropertyValueSpecification\",\"valueRequired\":true,\"valueName\":\"search_term_string\"}}],\"inLanguage\":\"fr-FR\"},{\"@type\":\"Organization\",\"@id\":\"https:\/\/syndicoop.fr\/ofict\/#organization\",\"name\":\"ofict-cgt\",\"url\":\"https:\/\/syndicoop.fr\/ofict\/\",\"logo\":{\"@type\":\"ImageObject\",\"inLanguage\":\"fr-FR\",\"@id\":\"https:\/\/syndicoop.fr\/ofict\/#\/schema\/logo\/image\/\",\"url\":\"https:\/\/syndicoop.fr\/ofict\/wp-content\/uploads\/sites\/21\/2021\/01\/0-Logo-OFICT-couleur-ombre-grand.png\",\"contentUrl\":\"https:\/\/syndicoop.fr\/ofict\/wp-content\/uploads\/sites\/21\/2021\/01\/0-Logo-OFICT-couleur-ombre-grand.png\",\"width\":853,\"height\":626,\"caption\":\"ofict-cgt\"},\"image\":{\"@id\":\"https:\/\/syndicoop.fr\/ofict\/#\/schema\/logo\/image\/\"},\"sameAs\":[\"https:\/\/www.facebook.com\/ofictcgt\",\"https:\/\/x.com\/ofictcgt\",\"https:\/\/www.youtube.com\/channel\/UCuspFuV1HGEF1weXxpWVKtQ\"]},{\"@type\":\"Person\",\"@id\":\"https:\/\/syndicoop.fr\/ofict\/#\/schema\/person\/4ad8747d000e8f709dfa39babf33aa54\",\"name\":\"fabienne TATOT\",\"image\":{\"@type\":\"ImageObject\",\"inLanguage\":\"fr-FR\",\"@id\":\"https:\/\/syndicoop.fr\/ofict\/#\/schema\/person\/image\/\",\"url\":\"\/\/www.gravatar.com\/avatar\/9934f99b1607533b8d985c1e1170f8cf?s=96&#038;r=g&#038;d=mm\",\"contentUrl\":\"\/\/www.gravatar.com\/avatar\/9934f99b1607533b8d985c1e1170f8cf?s=96&#038;r=g&#038;d=mm\",\"caption\":\"fabienne TATOT\"}}]}<\/script>\n<!-- \/ Yoast SEO plugin. -->","yoast_head_json":{"title":"CAP des CED du 12 septembre 2017\u00a0: compte-rendu CGT - OFICT-CGT Equipement-Environnement","robots":{"index":"index","follow":"follow","max-snippet":"max-snippet:-1","max-image-preview":"max-image-preview:large","max-video-preview":"max-video-preview:-1"},"canonical":"https:\/\/syndicoop.fr\/ofict\/cap-des-ced-du-12-septembre-2017-compte-rendu-cgt\/","og_locale":"fr_FR","og_type":"article","og_title":"CAP des CED du 12 septembre 2017\u00a0: compte-rendu CGT - OFICT-CGT Equipement-Environnement","og_description":"Cette CAPI exceptionnelle avait pour objet l\u2019\u00e9valuation des dossiers de titularisation des agents ayant pass\u00e9 les derniers concours de d\u00e9pr\u00e9carisation et qui n\u2019avait pas pu \u00eatre titularis\u00e9s lors des derni\u00e8res CAPI. Elle est intervenue dans un contexte particulier, puisqu\u2019elle co\u00efncidait avec une journ\u00e9e de mobilisation nationale pour la protection de droits sociaux et des conditions [&hellip;]","og_url":"https:\/\/syndicoop.fr\/ofict\/cap-des-ced-du-12-septembre-2017-compte-rendu-cgt\/","og_site_name":"OFICT-CGT Equipement-Environnement","article_publisher":"https:\/\/www.facebook.com\/ofictcgt","article_published_time":"2017-09-15T08:17:21+00:00","article_modified_time":"2020-05-29T16:17:01+00:00","og_image":[{"width":350,"height":233,"url":"https:\/\/syndicoop.fr\/ofict\/wp-content\/uploads\/sites\/21\/2016\/02\/arton6680.jpg","type":"image\/jpeg"}],"author":"fabienne TATOT","twitter_card":"summary_large_image","twitter_creator":"@ofictcgt","twitter_site":"@ofictcgt","twitter_misc":{"\u00c9crit par":"fabienne TATOT"},"schema":{"@context":"https:\/\/schema.org","@graph":[{"@type":"Article","@id":"https:\/\/syndicoop.fr\/ofict\/cap-des-ced-du-12-septembre-2017-compte-rendu-cgt\/#article","isPartOf":{"@id":"https:\/\/syndicoop.fr\/ofict\/cap-des-ced-du-12-septembre-2017-compte-rendu-cgt\/"},"author":{"name":"fabienne TATOT","@id":"https:\/\/syndicoop.fr\/ofict\/#\/schema\/person\/4ad8747d000e8f709dfa39babf33aa54"},"headline":"CAP des CED du 12 septembre 2017\u00a0: compte-rendu CGT","datePublished":"2017-09-15T08:17:21+00:00","dateModified":"2020-05-29T16:17:01+00:00","mainEntityOfPage":{"@id":"https:\/\/syndicoop.fr\/ofict\/cap-des-ced-du-12-septembre-2017-compte-rendu-cgt\/"},"wordCount":94,"commentCount":0,"publisher":{"@id":"https:\/\/syndicoop.fr\/ofict\/#organization"},"image":{"@id":"https:\/\/syndicoop.fr\/ofict\/cap-des-ced-du-12-septembre-2017-compte-rendu-cgt\/#primaryimage"},"thumbnailUrl":"https:\/\/syndicoop.fr\/ofict\/wp-content\/uploads\/sites\/21\/2016\/02\/arton6680.jpg","keywords":["CAP"],"articleSection":["Actus"],"inLanguage":"fr-FR","potentialAction":[{"@type":"CommentAction","name":"Comment","target":["https:\/\/syndicoop.fr\/ofict\/cap-des-ced-du-12-septembre-2017-compte-rendu-cgt\/#respond"]}]},{"@type":"WebPage","@id":"https:\/\/syndicoop.fr\/ofict\/cap-des-ced-du-12-septembre-2017-compte-rendu-cgt\/","url":"https:\/\/syndicoop.fr\/ofict\/cap-des-ced-du-12-septembre-2017-compte-rendu-cgt\/","name":"CAP des CED du 12 septembre 2017\u00a0: compte-rendu CGT - OFICT-CGT Equipement-Environnement","isPartOf":{"@id":"https:\/\/syndicoop.fr\/ofict\/#website"},"primaryImageOfPage":{"@id":"https:\/\/syndicoop.fr\/ofict\/cap-des-ced-du-12-septembre-2017-compte-rendu-cgt\/#primaryimage"},"image":{"@id":"https:\/\/syndicoop.fr\/ofict\/cap-des-ced-du-12-septembre-2017-compte-rendu-cgt\/#primaryimage"},"thumbnailUrl":"https:\/\/syndicoop.fr\/ofict\/wp-content\/uploads\/sites\/21\/2016\/02\/arton6680.jpg","datePublished":"2017-09-15T08:17:21+00:00","dateModified":"2020-05-29T16:17:01+00:00","breadcrumb":{"@id":"https:\/\/syndicoop.fr\/ofict\/cap-des-ced-du-12-septembre-2017-compte-rendu-cgt\/#breadcrumb"},"inLanguage":"fr-FR","potentialAction":[{"@type":"ReadAction","target":["https:\/\/syndicoop.fr\/ofict\/cap-des-ced-du-12-septembre-2017-compte-rendu-cgt\/"]}]},{"@type":"ImageObject","inLanguage":"fr-FR","@id":"https:\/\/syndicoop.fr\/ofict\/cap-des-ced-du-12-septembre-2017-compte-rendu-cgt\/#primaryimage","url":"https:\/\/syndicoop.fr\/ofict\/wp-content\/uploads\/sites\/21\/2016\/02\/arton6680.jpg","contentUrl":"https:\/\/syndicoop.fr\/ofict\/wp-content\/uploads\/sites\/21\/2016\/02\/arton6680.jpg","width":350,"height":233},{"@type":"BreadcrumbList","@id":"https:\/\/syndicoop.fr\/ofict\/cap-des-ced-du-12-septembre-2017-compte-rendu-cgt\/#breadcrumb","itemListElement":[{"@type":"ListItem","position":1,"name":"Accueil","item":"https:\/\/syndicoop.fr\/ofict\/"},{"@type":"ListItem","position":2,"name":"CAP des CED du 12 septembre 2017&#160;: compte-rendu CGT"}]},{"@type":"WebSite","@id":"https:\/\/syndicoop.fr\/ofict\/#website","url":"https:\/\/syndicoop.fr\/ofict\/","name":"OFICT-CGT Equipement-Environnement","description":"avec Syndicoop.fr, plateforme syndicale et coop\u00e9rative","publisher":{"@id":"https:\/\/syndicoop.fr\/ofict\/#organization"},"potentialAction":[{"@type":"SearchAction","target":{"@type":"EntryPoint","urlTemplate":"https:\/\/syndicoop.fr\/ofict\/?s={search_term_string}"},"query-input":{"@type":"PropertyValueSpecification","valueRequired":true,"valueName":"search_term_string"}}],"inLanguage":"fr-FR"},{"@type":"Organization","@id":"https:\/\/syndicoop.fr\/ofict\/#organization","name":"ofict-cgt","url":"https:\/\/syndicoop.fr\/ofict\/","logo":{"@type":"ImageObject","inLanguage":"fr-FR","@id":"https:\/\/syndicoop.fr\/ofict\/#\/schema\/logo\/image\/","url":"https:\/\/syndicoop.fr\/ofict\/wp-content\/uploads\/sites\/21\/2021\/01\/0-Logo-OFICT-couleur-ombre-grand.png","contentUrl":"https:\/\/syndicoop.fr\/ofict\/wp-content\/uploads\/sites\/21\/2021\/01\/0-Logo-OFICT-couleur-ombre-grand.png","width":853,"height":626,"caption":"ofict-cgt"},"image":{"@id":"https:\/\/syndicoop.fr\/ofict\/#\/schema\/logo\/image\/"},"sameAs":["https:\/\/www.facebook.com\/ofictcgt","https:\/\/x.com\/ofictcgt","https:\/\/www.youtube.com\/channel\/UCuspFuV1HGEF1weXxpWVKtQ"]},{"@type":"Person","@id":"https:\/\/syndicoop.fr\/ofict\/#\/schema\/person\/4ad8747d000e8f709dfa39babf33aa54","name":"fabienne TATOT","image":{"@type":"ImageObject","inLanguage":"fr-FR","@id":"https:\/\/syndicoop.fr\/ofict\/#\/schema\/person\/image\/","url":"\/\/www.gravatar.com\/avatar\/9934f99b1607533b8d985c1e1170f8cf?s=96&#038;r=g&#038;d=mm","contentUrl":"\/\/www.gravatar.com\/avatar\/9934f99b1607533b8d985c1e1170f8cf?s=96&#038;r=g&#038;d=mm","caption":"fabienne TATOT"}}]}},"_links":{"self":[{"href":"https:\/\/syndicoop.fr\/ofict\/wp-json\/wp\/v2\/posts\/4204","targetHints":{"allow":["GET"]}}],"collection":[{"href":"https:\/\/syndicoop.fr\/ofict\/wp-json\/wp\/v2\/posts"}],"about":[{"href":"https:\/\/syndicoop.fr\/ofict\/wp-json\/wp\/v2\/types\/post"}],"author":[{"embeddable":true,"href":"https:\/\/syndicoop.fr\/ofict\/wp-json\/wp\/v2\/users\/44"}],"replies":[{"embeddable":true,"href":"https:\/\/syndicoop.fr\/ofict\/wp-json\/wp\/v2\/comments?post=4204"}],"version-history":[{"count":0,"href":"https:\/\/syndicoop.fr\/ofict\/wp-json\/wp\/v2\/posts\/4204\/revisions"}],"wp:featuredmedia":[{"embeddable":true,"href":"https:\/\/syndicoop.fr\/ofict\/wp-json\/wp\/v2\/media\/2872"}],"wp:attachment":[{"href":"https:\/\/syndicoop.fr\/ofict\/wp-json\/wp\/v2\/media?parent=4204"}],"wp:term":[{"taxonomy":"category","embeddable":true,"href":"https:\/\/syndicoop.fr\/ofict\/wp-json\/wp\/v2\/categories?post=4204"},{"taxonomy":"post_tag","embeddable":true,"href":"https:\/\/syndicoop.fr\/ofict\/wp-json\/wp\/v2\/tags?post=4204"}],"curies":[{"name":"wp","href":"https:\/\/api.w.org\/{rel}","templated":true}]}}