{"id":4242,"date":"2018-11-15T21:19:04","date_gmt":"2018-11-15T20:19:04","guid":{"rendered":"http:\/\/ofict.reference-syndicale.fr\/?p=3911"},"modified":"2020-08-27T10:06:00","modified_gmt":"2020-08-27T08:06:00","slug":"cap-itpe-ta-idtpe-14-novembre-2018","status":"publish","type":"post","link":"https:\/\/syndicoop.fr\/ofict\/cap-itpe-ta-idtpe-14-novembre-2018\/","title":{"rendered":"CAP ITPE &#8211; TA IDTPE &#8211; 14 novembre 2018"},"content":{"rendered":"<div class=\"rcmBody\">\n<div>\n<div>\n<div>Cher.e coll\u00e8gue,<\/div>\n<div>\n<div>\n<div>\n<div>\n<div>\n<div>\n<div>\n<div>\n<div>\n<div><\/div>\n<div><\/div>\n<div>\n<div>Tu trouveras <a href=\"http:\/\/ofict.reference-syndicale.fr\/files\/2018\/11\/lettre-aux-itpe-sp%C3%A9cial-CAP-novembre-2018-d%C3%A9claration-CGT.pdf\" target=\"_blank\" rel=\"noopener noreferrer\">ici<\/a> la d\u00e9claration des repr\u00e9sentant.es CGT \u00e0 la CAP ITPE traitant de la promotions \u00e0 IDTPE.<\/div>\n<div><\/div>\n<div>Contexte d&rsquo;attaques renforc\u00e9es\u00a0contre nos missions de service public,\u00a0contre le statut de fonctionnaire, contre les pr\u00e9rogatives des CAP pour une gestion de plus en plus \u00e0 la t\u00eate du client ? &#8230; Plus que jamais, la CGT et la FSU portent la n\u00e9cessit\u00e9 de renforcer un cadre collectif protecteur et porteur pour reconna\u00eetre\u00a0nos qualifications et exp\u00e9riences professionnelles, pour d\u00e9rouler nos carri\u00e8res et pour exercer nos missions.<\/div>\n<div><\/div>\n<div>Bonne lecture<\/div>\n<div><\/div>\n<div>Pour nous contacter :<\/div>\n<\/div>\n<div><\/div>\n<\/div>\n<p>les\u00a0ITPE\u00a0CGT et FSU :\u00a0info.<span id=\"OBJ_PREFIX_DWT614_ZmEmailObjectHandler\" class=\"Object\"><a href=\"mailto:cgt-fsu-ctm-request@sympa02.cgt.fr\" rel=\"noreferrer\">cgt-fsu-ctm-request@cgt.fr<\/a><\/span><\/div>\n<div>les FD :\u00a0<span id=\"OBJ_PREFIX_DWT615_ZmEmailObjectHandler\" class=\"Object\"><a href=\"mailto:fnee-cgt@i-carre.net\" rel=\"noreferrer\">fnee-cgt@i-carre.net<\/a><\/span>\u00a0&#8211;\u00a0<span id=\"OBJ_PREFIX_DWT616_ZmEmailObjectHandler\" class=\"Object\"><a href=\"mailto:fsu.syndicats@i-carre.net\" rel=\"noreferrer\">fsu.syndicats@i-carre.net<\/a><\/span>\u00a0<img \/><\/div>\n<\/div>\n<\/div>\n<\/div>\n<\/div>\n<\/div>\n<\/div>\n<\/div>\n<div>&#8212;<\/div>\n<div>\n<div><em><strong>Les ITPE CGT et FSU<\/strong><\/em><\/div>\n<\/div>\n<\/div>\n<\/div>\n<\/div>\n","protected":false},"excerpt":{"rendered":"<p>Cher.e coll\u00e8gue, Tu trouveras ici la d\u00e9claration des repr\u00e9sentant.es CGT \u00e0 la CAP ITPE traitant de la promotions \u00e0 IDTPE. Contexte d&rsquo;attaques renforc\u00e9es\u00a0contre nos missions de service public,\u00a0contre le statut de fonctionnaire, contre les pr\u00e9rogatives des CAP pour une gestion de plus en plus \u00e0 la t\u00eate du client ? &#8230; Plus que jamais, la [&hellip;]<\/p>\n","protected":false},"author":44,"featured_media":3306,"comment_status":"open","ping_status":"closed","sticky":false,"template":"","format":"standard","meta":{"_acf_changed":false,"footnotes":""},"categories":[1,382],"tags":[72,92,94],"class_list":["post-4242","post","type-post","status-publish","format-standard","has-post-thumbnail","hentry","category-actus","category-ofict","tag-cap","tag-ingenieur","tag-itpe","perimetre-a-tech","documents-cr"],"acf":[],"yoast_head":"<!-- This site is optimized with the Yoast SEO plugin v26.3 - https:\/\/yoast.com\/wordpress\/plugins\/seo\/ -->\n<title>CAP ITPE - TA IDTPE - 14 novembre 2018 - OFICT-CGT Equipement-Environnement<\/title>\n<meta name=\"robots\" content=\"index, follow, max-snippet:-1, max-image-preview:large, max-video-preview:-1\" \/>\n<link rel=\"canonical\" href=\"https:\/\/syndicoop.fr\/ofict\/cap-itpe-ta-idtpe-14-novembre-2018\/\" \/>\n<meta property=\"og:locale\" content=\"fr_FR\" \/>\n<meta property=\"og:type\" content=\"article\" \/>\n<meta property=\"og:title\" content=\"CAP ITPE - TA IDTPE - 14 novembre 2018 - OFICT-CGT Equipement-Environnement\" \/>\n<meta property=\"og:description\" content=\"Cher.e coll\u00e8gue, Tu trouveras ici la d\u00e9claration des repr\u00e9sentant.es CGT \u00e0 la CAP ITPE traitant de la promotions \u00e0 IDTPE. Contexte d&rsquo;attaques renforc\u00e9es\u00a0contre nos missions de service public,\u00a0contre le statut de fonctionnaire, contre les pr\u00e9rogatives des CAP pour une gestion de plus en plus \u00e0 la t\u00eate du client ? &#8230; Plus que jamais, la [&hellip;]\" \/>\n<meta property=\"og:url\" content=\"https:\/\/syndicoop.fr\/ofict\/cap-itpe-ta-idtpe-14-novembre-2018\/\" \/>\n<meta property=\"og:site_name\" content=\"OFICT-CGT Equipement-Environnement\" \/>\n<meta property=\"article:publisher\" content=\"https:\/\/www.facebook.com\/ofictcgt\" \/>\n<meta property=\"article:published_time\" content=\"2018-11-15T20:19:04+00:00\" \/>\n<meta property=\"article:modified_time\" content=\"2020-08-27T08:06:00+00:00\" \/>\n<meta property=\"og:image\" content=\"https:\/\/syndicoop.fr\/ofict\/wp-content\/uploads\/sites\/21\/2016\/09\/portevoix-manif.jpg\" \/>\n\t<meta property=\"og:image:width\" content=\"1600\" \/>\n\t<meta property=\"og:image:height\" content=\"1600\" \/>\n\t<meta property=\"og:image:type\" content=\"image\/jpeg\" \/>\n<meta name=\"author\" content=\"fabienne TATOT\" \/>\n<meta name=\"twitter:card\" content=\"summary_large_image\" \/>\n<meta name=\"twitter:creator\" content=\"@ofictcgt\" \/>\n<meta name=\"twitter:site\" content=\"@ofictcgt\" \/>\n<meta name=\"twitter:label1\" content=\"\u00c9crit par\" \/>\n\t<meta name=\"twitter:data1\" content=\"fabienne TATOT\" \/>\n\t<meta name=\"twitter:label2\" content=\"Dur\u00e9e de lecture estim\u00e9e\" \/>\n\t<meta name=\"twitter:data2\" content=\"1 minute\" \/>\n<script type=\"application\/ld+json\" class=\"yoast-schema-graph\">{\"@context\":\"https:\/\/schema.org\",\"@graph\":[{\"@type\":\"Article\",\"@id\":\"https:\/\/syndicoop.fr\/ofict\/cap-itpe-ta-idtpe-14-novembre-2018\/#article\",\"isPartOf\":{\"@id\":\"https:\/\/syndicoop.fr\/ofict\/cap-itpe-ta-idtpe-14-novembre-2018\/\"},\"author\":{\"name\":\"fabienne TATOT\",\"@id\":\"https:\/\/syndicoop.fr\/ofict\/#\/schema\/person\/4ad8747d000e8f709dfa39babf33aa54\"},\"headline\":\"CAP ITPE &#8211; TA IDTPE &#8211; 14 novembre 2018\",\"datePublished\":\"2018-11-15T20:19:04+00:00\",\"dateModified\":\"2020-08-27T08:06:00+00:00\",\"mainEntityOfPage\":{\"@id\":\"https:\/\/syndicoop.fr\/ofict\/cap-itpe-ta-idtpe-14-novembre-2018\/\"},\"wordCount\":133,\"commentCount\":0,\"publisher\":{\"@id\":\"https:\/\/syndicoop.fr\/ofict\/#organization\"},\"image\":{\"@id\":\"https:\/\/syndicoop.fr\/ofict\/cap-itpe-ta-idtpe-14-novembre-2018\/#primaryimage\"},\"thumbnailUrl\":\"https:\/\/syndicoop.fr\/ofict\/wp-content\/uploads\/sites\/21\/2016\/09\/portevoix-manif.jpg\",\"keywords\":[\"CAP\",\"Ing\u00e9nieur\",\"ITPE\"],\"articleSection\":[\"Actus\",\"Ofict\"],\"inLanguage\":\"fr-FR\",\"potentialAction\":[{\"@type\":\"CommentAction\",\"name\":\"Comment\",\"target\":[\"https:\/\/syndicoop.fr\/ofict\/cap-itpe-ta-idtpe-14-novembre-2018\/#respond\"]}]},{\"@type\":\"WebPage\",\"@id\":\"https:\/\/syndicoop.fr\/ofict\/cap-itpe-ta-idtpe-14-novembre-2018\/\",\"url\":\"https:\/\/syndicoop.fr\/ofict\/cap-itpe-ta-idtpe-14-novembre-2018\/\",\"name\":\"CAP ITPE - TA IDTPE - 14 novembre 2018 - OFICT-CGT Equipement-Environnement\",\"isPartOf\":{\"@id\":\"https:\/\/syndicoop.fr\/ofict\/#website\"},\"primaryImageOfPage\":{\"@id\":\"https:\/\/syndicoop.fr\/ofict\/cap-itpe-ta-idtpe-14-novembre-2018\/#primaryimage\"},\"image\":{\"@id\":\"https:\/\/syndicoop.fr\/ofict\/cap-itpe-ta-idtpe-14-novembre-2018\/#primaryimage\"},\"thumbnailUrl\":\"https:\/\/syndicoop.fr\/ofict\/wp-content\/uploads\/sites\/21\/2016\/09\/portevoix-manif.jpg\",\"datePublished\":\"2018-11-15T20:19:04+00:00\",\"dateModified\":\"2020-08-27T08:06:00+00:00\",\"breadcrumb\":{\"@id\":\"https:\/\/syndicoop.fr\/ofict\/cap-itpe-ta-idtpe-14-novembre-2018\/#breadcrumb\"},\"inLanguage\":\"fr-FR\",\"potentialAction\":[{\"@type\":\"ReadAction\",\"target\":[\"https:\/\/syndicoop.fr\/ofict\/cap-itpe-ta-idtpe-14-novembre-2018\/\"]}]},{\"@type\":\"ImageObject\",\"inLanguage\":\"fr-FR\",\"@id\":\"https:\/\/syndicoop.fr\/ofict\/cap-itpe-ta-idtpe-14-novembre-2018\/#primaryimage\",\"url\":\"https:\/\/syndicoop.fr\/ofict\/wp-content\/uploads\/sites\/21\/2016\/09\/portevoix-manif.jpg\",\"contentUrl\":\"https:\/\/syndicoop.fr\/ofict\/wp-content\/uploads\/sites\/21\/2016\/09\/portevoix-manif.jpg\",\"width\":1600,\"height\":1600},{\"@type\":\"BreadcrumbList\",\"@id\":\"https:\/\/syndicoop.fr\/ofict\/cap-itpe-ta-idtpe-14-novembre-2018\/#breadcrumb\",\"itemListElement\":[{\"@type\":\"ListItem\",\"position\":1,\"name\":\"Accueil\",\"item\":\"https:\/\/syndicoop.fr\/ofict\/\"},{\"@type\":\"ListItem\",\"position\":2,\"name\":\"CAP ITPE &#8211; TA IDTPE &#8211; 14 novembre 2018\"}]},{\"@type\":\"WebSite\",\"@id\":\"https:\/\/syndicoop.fr\/ofict\/#website\",\"url\":\"https:\/\/syndicoop.fr\/ofict\/\",\"name\":\"OFICT-CGT Equipement-Environnement\",\"description\":\"avec Syndicoop.fr, plateforme syndicale et coop\u00e9rative\",\"publisher\":{\"@id\":\"https:\/\/syndicoop.fr\/ofict\/#organization\"},\"potentialAction\":[{\"@type\":\"SearchAction\",\"target\":{\"@type\":\"EntryPoint\",\"urlTemplate\":\"https:\/\/syndicoop.fr\/ofict\/?s={search_term_string}\"},\"query-input\":{\"@type\":\"PropertyValueSpecification\",\"valueRequired\":true,\"valueName\":\"search_term_string\"}}],\"inLanguage\":\"fr-FR\"},{\"@type\":\"Organization\",\"@id\":\"https:\/\/syndicoop.fr\/ofict\/#organization\",\"name\":\"ofict-cgt\",\"url\":\"https:\/\/syndicoop.fr\/ofict\/\",\"logo\":{\"@type\":\"ImageObject\",\"inLanguage\":\"fr-FR\",\"@id\":\"https:\/\/syndicoop.fr\/ofict\/#\/schema\/logo\/image\/\",\"url\":\"https:\/\/syndicoop.fr\/ofict\/wp-content\/uploads\/sites\/21\/2021\/01\/0-Logo-OFICT-couleur-ombre-grand.png\",\"contentUrl\":\"https:\/\/syndicoop.fr\/ofict\/wp-content\/uploads\/sites\/21\/2021\/01\/0-Logo-OFICT-couleur-ombre-grand.png\",\"width\":853,\"height\":626,\"caption\":\"ofict-cgt\"},\"image\":{\"@id\":\"https:\/\/syndicoop.fr\/ofict\/#\/schema\/logo\/image\/\"},\"sameAs\":[\"https:\/\/www.facebook.com\/ofictcgt\",\"https:\/\/x.com\/ofictcgt\",\"https:\/\/www.youtube.com\/channel\/UCuspFuV1HGEF1weXxpWVKtQ\"]},{\"@type\":\"Person\",\"@id\":\"https:\/\/syndicoop.fr\/ofict\/#\/schema\/person\/4ad8747d000e8f709dfa39babf33aa54\",\"name\":\"fabienne TATOT\",\"image\":{\"@type\":\"ImageObject\",\"inLanguage\":\"fr-FR\",\"@id\":\"https:\/\/syndicoop.fr\/ofict\/#\/schema\/person\/image\/\",\"url\":\"\/\/www.gravatar.com\/avatar\/9934f99b1607533b8d985c1e1170f8cf?s=96&#038;r=g&#038;d=mm\",\"contentUrl\":\"\/\/www.gravatar.com\/avatar\/9934f99b1607533b8d985c1e1170f8cf?s=96&#038;r=g&#038;d=mm\",\"caption\":\"fabienne TATOT\"}}]}<\/script>\n<!-- \/ Yoast SEO plugin. -->","yoast_head_json":{"title":"CAP ITPE - TA IDTPE - 14 novembre 2018 - OFICT-CGT Equipement-Environnement","robots":{"index":"index","follow":"follow","max-snippet":"max-snippet:-1","max-image-preview":"max-image-preview:large","max-video-preview":"max-video-preview:-1"},"canonical":"https:\/\/syndicoop.fr\/ofict\/cap-itpe-ta-idtpe-14-novembre-2018\/","og_locale":"fr_FR","og_type":"article","og_title":"CAP ITPE - TA IDTPE - 14 novembre 2018 - OFICT-CGT Equipement-Environnement","og_description":"Cher.e coll\u00e8gue, Tu trouveras ici la d\u00e9claration des repr\u00e9sentant.es CGT \u00e0 la CAP ITPE traitant de la promotions \u00e0 IDTPE. Contexte d&rsquo;attaques renforc\u00e9es\u00a0contre nos missions de service public,\u00a0contre le statut de fonctionnaire, contre les pr\u00e9rogatives des CAP pour une gestion de plus en plus \u00e0 la t\u00eate du client ? &#8230; Plus que jamais, la [&hellip;]","og_url":"https:\/\/syndicoop.fr\/ofict\/cap-itpe-ta-idtpe-14-novembre-2018\/","og_site_name":"OFICT-CGT Equipement-Environnement","article_publisher":"https:\/\/www.facebook.com\/ofictcgt","article_published_time":"2018-11-15T20:19:04+00:00","article_modified_time":"2020-08-27T08:06:00+00:00","og_image":[{"width":1600,"height":1600,"url":"https:\/\/syndicoop.fr\/ofict\/wp-content\/uploads\/sites\/21\/2016\/09\/portevoix-manif.jpg","type":"image\/jpeg"}],"author":"fabienne TATOT","twitter_card":"summary_large_image","twitter_creator":"@ofictcgt","twitter_site":"@ofictcgt","twitter_misc":{"\u00c9crit par":"fabienne TATOT","Dur\u00e9e de lecture estim\u00e9e":"1 minute"},"schema":{"@context":"https:\/\/schema.org","@graph":[{"@type":"Article","@id":"https:\/\/syndicoop.fr\/ofict\/cap-itpe-ta-idtpe-14-novembre-2018\/#article","isPartOf":{"@id":"https:\/\/syndicoop.fr\/ofict\/cap-itpe-ta-idtpe-14-novembre-2018\/"},"author":{"name":"fabienne TATOT","@id":"https:\/\/syndicoop.fr\/ofict\/#\/schema\/person\/4ad8747d000e8f709dfa39babf33aa54"},"headline":"CAP ITPE &#8211; TA IDTPE &#8211; 14 novembre 2018","datePublished":"2018-11-15T20:19:04+00:00","dateModified":"2020-08-27T08:06:00+00:00","mainEntityOfPage":{"@id":"https:\/\/syndicoop.fr\/ofict\/cap-itpe-ta-idtpe-14-novembre-2018\/"},"wordCount":133,"commentCount":0,"publisher":{"@id":"https:\/\/syndicoop.fr\/ofict\/#organization"},"image":{"@id":"https:\/\/syndicoop.fr\/ofict\/cap-itpe-ta-idtpe-14-novembre-2018\/#primaryimage"},"thumbnailUrl":"https:\/\/syndicoop.fr\/ofict\/wp-content\/uploads\/sites\/21\/2016\/09\/portevoix-manif.jpg","keywords":["CAP","Ing\u00e9nieur","ITPE"],"articleSection":["Actus","Ofict"],"inLanguage":"fr-FR","potentialAction":[{"@type":"CommentAction","name":"Comment","target":["https:\/\/syndicoop.fr\/ofict\/cap-itpe-ta-idtpe-14-novembre-2018\/#respond"]}]},{"@type":"WebPage","@id":"https:\/\/syndicoop.fr\/ofict\/cap-itpe-ta-idtpe-14-novembre-2018\/","url":"https:\/\/syndicoop.fr\/ofict\/cap-itpe-ta-idtpe-14-novembre-2018\/","name":"CAP ITPE - TA IDTPE - 14 novembre 2018 - OFICT-CGT Equipement-Environnement","isPartOf":{"@id":"https:\/\/syndicoop.fr\/ofict\/#website"},"primaryImageOfPage":{"@id":"https:\/\/syndicoop.fr\/ofict\/cap-itpe-ta-idtpe-14-novembre-2018\/#primaryimage"},"image":{"@id":"https:\/\/syndicoop.fr\/ofict\/cap-itpe-ta-idtpe-14-novembre-2018\/#primaryimage"},"thumbnailUrl":"https:\/\/syndicoop.fr\/ofict\/wp-content\/uploads\/sites\/21\/2016\/09\/portevoix-manif.jpg","datePublished":"2018-11-15T20:19:04+00:00","dateModified":"2020-08-27T08:06:00+00:00","breadcrumb":{"@id":"https:\/\/syndicoop.fr\/ofict\/cap-itpe-ta-idtpe-14-novembre-2018\/#breadcrumb"},"inLanguage":"fr-FR","potentialAction":[{"@type":"ReadAction","target":["https:\/\/syndicoop.fr\/ofict\/cap-itpe-ta-idtpe-14-novembre-2018\/"]}]},{"@type":"ImageObject","inLanguage":"fr-FR","@id":"https:\/\/syndicoop.fr\/ofict\/cap-itpe-ta-idtpe-14-novembre-2018\/#primaryimage","url":"https:\/\/syndicoop.fr\/ofict\/wp-content\/uploads\/sites\/21\/2016\/09\/portevoix-manif.jpg","contentUrl":"https:\/\/syndicoop.fr\/ofict\/wp-content\/uploads\/sites\/21\/2016\/09\/portevoix-manif.jpg","width":1600,"height":1600},{"@type":"BreadcrumbList","@id":"https:\/\/syndicoop.fr\/ofict\/cap-itpe-ta-idtpe-14-novembre-2018\/#breadcrumb","itemListElement":[{"@type":"ListItem","position":1,"name":"Accueil","item":"https:\/\/syndicoop.fr\/ofict\/"},{"@type":"ListItem","position":2,"name":"CAP ITPE &#8211; TA IDTPE &#8211; 14 novembre 2018"}]},{"@type":"WebSite","@id":"https:\/\/syndicoop.fr\/ofict\/#website","url":"https:\/\/syndicoop.fr\/ofict\/","name":"OFICT-CGT Equipement-Environnement","description":"avec Syndicoop.fr, plateforme syndicale et coop\u00e9rative","publisher":{"@id":"https:\/\/syndicoop.fr\/ofict\/#organization"},"potentialAction":[{"@type":"SearchAction","target":{"@type":"EntryPoint","urlTemplate":"https:\/\/syndicoop.fr\/ofict\/?s={search_term_string}"},"query-input":{"@type":"PropertyValueSpecification","valueRequired":true,"valueName":"search_term_string"}}],"inLanguage":"fr-FR"},{"@type":"Organization","@id":"https:\/\/syndicoop.fr\/ofict\/#organization","name":"ofict-cgt","url":"https:\/\/syndicoop.fr\/ofict\/","logo":{"@type":"ImageObject","inLanguage":"fr-FR","@id":"https:\/\/syndicoop.fr\/ofict\/#\/schema\/logo\/image\/","url":"https:\/\/syndicoop.fr\/ofict\/wp-content\/uploads\/sites\/21\/2021\/01\/0-Logo-OFICT-couleur-ombre-grand.png","contentUrl":"https:\/\/syndicoop.fr\/ofict\/wp-content\/uploads\/sites\/21\/2021\/01\/0-Logo-OFICT-couleur-ombre-grand.png","width":853,"height":626,"caption":"ofict-cgt"},"image":{"@id":"https:\/\/syndicoop.fr\/ofict\/#\/schema\/logo\/image\/"},"sameAs":["https:\/\/www.facebook.com\/ofictcgt","https:\/\/x.com\/ofictcgt","https:\/\/www.youtube.com\/channel\/UCuspFuV1HGEF1weXxpWVKtQ"]},{"@type":"Person","@id":"https:\/\/syndicoop.fr\/ofict\/#\/schema\/person\/4ad8747d000e8f709dfa39babf33aa54","name":"fabienne TATOT","image":{"@type":"ImageObject","inLanguage":"fr-FR","@id":"https:\/\/syndicoop.fr\/ofict\/#\/schema\/person\/image\/","url":"\/\/www.gravatar.com\/avatar\/9934f99b1607533b8d985c1e1170f8cf?s=96&#038;r=g&#038;d=mm","contentUrl":"\/\/www.gravatar.com\/avatar\/9934f99b1607533b8d985c1e1170f8cf?s=96&#038;r=g&#038;d=mm","caption":"fabienne TATOT"}}]}},"_links":{"self":[{"href":"https:\/\/syndicoop.fr\/ofict\/wp-json\/wp\/v2\/posts\/4242","targetHints":{"allow":["GET"]}}],"collection":[{"href":"https:\/\/syndicoop.fr\/ofict\/wp-json\/wp\/v2\/posts"}],"about":[{"href":"https:\/\/syndicoop.fr\/ofict\/wp-json\/wp\/v2\/types\/post"}],"author":[{"embeddable":true,"href":"https:\/\/syndicoop.fr\/ofict\/wp-json\/wp\/v2\/users\/44"}],"replies":[{"embeddable":true,"href":"https:\/\/syndicoop.fr\/ofict\/wp-json\/wp\/v2\/comments?post=4242"}],"version-history":[{"count":0,"href":"https:\/\/syndicoop.fr\/ofict\/wp-json\/wp\/v2\/posts\/4242\/revisions"}],"wp:featuredmedia":[{"embeddable":true,"href":"https:\/\/syndicoop.fr\/ofict\/wp-json\/wp\/v2\/media\/3306"}],"wp:attachment":[{"href":"https:\/\/syndicoop.fr\/ofict\/wp-json\/wp\/v2\/media?parent=4242"}],"wp:term":[{"taxonomy":"category","embeddable":true,"href":"https:\/\/syndicoop.fr\/ofict\/wp-json\/wp\/v2\/categories?post=4242"},{"taxonomy":"post_tag","embeddable":true,"href":"https:\/\/syndicoop.fr\/ofict\/wp-json\/wp\/v2\/tags?post=4242"}],"curies":[{"name":"wp","href":"https:\/\/api.w.org\/{rel}","templated":true}]}}