{"id":4270,"date":"2019-10-17T16:54:13","date_gmt":"2019-10-17T14:54:13","guid":{"rendered":"http:\/\/ofict.reference-syndicale.fr\/?p=4167"},"modified":"2020-08-27T10:05:58","modified_gmt":"2020-08-27T08:05:58","slug":"cap-itpe-du-17-octobre-liste-daptitude-itpe-compte-rendu-cgt-fsu","status":"publish","type":"post","link":"https:\/\/syndicoop.fr\/ofict\/cap-itpe-du-17-octobre-liste-daptitude-itpe-compte-rendu-cgt-fsu\/","title":{"rendered":"CAP ITPE du 17 octobre (liste d&rsquo;aptitude ITPE) : Compte rendu CGT-FSU"},"content":{"rendered":"<p align=\"center\"><b>D\u00e9<\/b><b>claration liminaire \u2013 CGT-FSU<br \/>\n<\/b><\/p>\n<p>Madame la pr\u00e9sidente, Mesdames, Messieurs les membres de la CAP<\/p>\n<p align=\"justify\">La loi du 6 ao\u00fbt 2019 a consacr\u00e9 la vision qu\u2019a l\u2019actuel gouvernement du dialogue social. Les r\u00e9unions de cette instance vont donc largement s\u2019apparenter \u00e0 des veill\u00e9es mortuaires. \u00c0 la fin de l\u2019ann\u00e9e, les agents auront perdu un des outils essentiels quant \u00e0 la protection de leurs droits, puisque les mobilit\u00e9s et les promotions ne seront plus examin\u00e9es par la CAP.<\/p>\n<p align=\"justify\">La position de nos organisations syndicales sur cette loi et le projet politique qu\u2019elle sert, vous la connaissez. Mais nous n\u2019oublions pas non plus le z\u00e8le qu\u2019a mis notre propre administration \u00e0 anticiper une partie de ces mouvements\u00a0: suppression des pr\u00e9-CAP, raccourcissement de la dur\u00e9e des CAP, mobilit\u00e9s au fil de l\u2019eau\u2026<\/p>\n<p align=\"justify\">Pour CGT et FSU, ce nouveau cadre qui se met en place est une catastrophe pour la gestion du corps, qui n\u00e9cessite une vision collective des comp\u00e9tences, des mobilit\u00e9s, des parcours professionnels, des promotions.<\/p>\n<p align=\"justify\">Le projet de d\u00e9cret sur les CAP confirme h\u00e9las ce triste constat. Il consacre l\u2019id\u00e9e que le pilotage d\u2019en haut peut se substituer \u00e0 la gestion au plus pr\u00e8s des personnels.<\/p>\n<p align=\"justify\">Pour le corps des ITPE en particulier, le projet \u2013 celui examin\u00e9 aujourd\u2019hui m\u00eame au conseil commun de la Fonction Publique \u2013 ne pr\u00e9voit pas de mouvement sur liste pour les ITPE. <b>Pourquoi\u00a0? Pouvez-vous nous dire, aujourd\u2019hui, si les ITPE s\u2019inscriront encore dans des cycles de mobilit\u00e9\u00a0?<\/b> <b>Ou bien allez-vous g\u00e9n\u00e9raliser la gestion au fil de l\u2019eau\u00a0?<\/b><\/p>\n<p align=\"justify\"><a href=\"http:\/\/ofict.reference-syndicale.fr\/files\/2019\/10\/declaration-17octobre2019.pdf\">Lire la suite de la d\u00e9claration en t\u00e9l\u00e9chargement<\/a><\/p>\n<p align=\"justify\">Suite \u00e0 notre d\u00e9claration, les r\u00e9ponses de la pr\u00e9sidente sont les suivantes\u00a0:<\/p>\n<p align=\"justify\"><a href=\"http:\/\/ofict.reference-syndicale.fr\/files\/2019\/10\/CR-CAP-ITPE-17oct2019.pdf\">T\u00e9l\u00e9charger la suite du compte-rendu en PDF<\/a><\/p>\n","protected":false},"excerpt":{"rendered":"<p>D\u00e9claration liminaire \u2013 CGT-FSU Madame la pr\u00e9sidente, Mesdames, Messieurs les membres de la CAP La loi du 6 ao\u00fbt 2019 a consacr\u00e9 la vision qu\u2019a l\u2019actuel gouvernement du dialogue social. Les r\u00e9unions de cette instance vont donc largement s\u2019apparenter \u00e0 des veill\u00e9es mortuaires. \u00c0 la fin de l\u2019ann\u00e9e, les agents auront perdu un des outils [&hellip;]<\/p>\n","protected":false},"author":44,"featured_media":2872,"comment_status":"open","ping_status":"closed","sticky":false,"template":"","format":"standard","meta":{"_acf_changed":false,"footnotes":""},"categories":[1,382],"tags":[72,94],"class_list":["post-4270","post","type-post","status-publish","format-standard","has-post-thumbnail","hentry","category-actus","category-ofict","tag-cap","tag-itpe","perimetre-a-tech","documents-cr"],"acf":[],"yoast_head":"<!-- This site is optimized with the Yoast SEO plugin v26.3 - https:\/\/yoast.com\/wordpress\/plugins\/seo\/ -->\n<title>CAP ITPE du 17 octobre (liste d&#039;aptitude ITPE) : Compte rendu CGT-FSU - OFICT-CGT Equipement-Environnement<\/title>\n<meta name=\"robots\" content=\"index, follow, max-snippet:-1, max-image-preview:large, max-video-preview:-1\" \/>\n<link rel=\"canonical\" href=\"https:\/\/syndicoop.fr\/ofict\/cap-itpe-du-17-octobre-liste-daptitude-itpe-compte-rendu-cgt-fsu\/\" \/>\n<meta property=\"og:locale\" content=\"fr_FR\" \/>\n<meta property=\"og:type\" content=\"article\" \/>\n<meta property=\"og:title\" content=\"CAP ITPE du 17 octobre (liste d&#039;aptitude ITPE) : Compte rendu CGT-FSU - OFICT-CGT Equipement-Environnement\" \/>\n<meta property=\"og:description\" content=\"D\u00e9claration liminaire \u2013 CGT-FSU Madame la pr\u00e9sidente, Mesdames, Messieurs les membres de la CAP La loi du 6 ao\u00fbt 2019 a consacr\u00e9 la vision qu\u2019a l\u2019actuel gouvernement du dialogue social. Les r\u00e9unions de cette instance vont donc largement s\u2019apparenter \u00e0 des veill\u00e9es mortuaires. \u00c0 la fin de l\u2019ann\u00e9e, les agents auront perdu un des outils [&hellip;]\" \/>\n<meta property=\"og:url\" content=\"https:\/\/syndicoop.fr\/ofict\/cap-itpe-du-17-octobre-liste-daptitude-itpe-compte-rendu-cgt-fsu\/\" \/>\n<meta property=\"og:site_name\" content=\"OFICT-CGT Equipement-Environnement\" \/>\n<meta property=\"article:publisher\" content=\"https:\/\/www.facebook.com\/ofictcgt\" \/>\n<meta property=\"article:published_time\" content=\"2019-10-17T14:54:13+00:00\" \/>\n<meta property=\"article:modified_time\" content=\"2020-08-27T08:05:58+00:00\" \/>\n<meta property=\"og:image\" content=\"https:\/\/syndicoop.fr\/ofict\/wp-content\/uploads\/sites\/21\/2016\/02\/arton6680.jpg\" \/>\n\t<meta property=\"og:image:width\" content=\"350\" \/>\n\t<meta property=\"og:image:height\" content=\"233\" \/>\n\t<meta property=\"og:image:type\" content=\"image\/jpeg\" \/>\n<meta name=\"author\" content=\"fabienne TATOT\" \/>\n<meta name=\"twitter:card\" content=\"summary_large_image\" \/>\n<meta name=\"twitter:creator\" content=\"@ofictcgt\" \/>\n<meta name=\"twitter:site\" content=\"@ofictcgt\" \/>\n<meta name=\"twitter:label1\" content=\"\u00c9crit par\" \/>\n\t<meta name=\"twitter:data1\" content=\"fabienne TATOT\" \/>\n\t<meta name=\"twitter:label2\" content=\"Dur\u00e9e de lecture estim\u00e9e\" \/>\n\t<meta name=\"twitter:data2\" content=\"2 minutes\" \/>\n<script type=\"application\/ld+json\" class=\"yoast-schema-graph\">{\"@context\":\"https:\/\/schema.org\",\"@graph\":[{\"@type\":\"Article\",\"@id\":\"https:\/\/syndicoop.fr\/ofict\/cap-itpe-du-17-octobre-liste-daptitude-itpe-compte-rendu-cgt-fsu\/#article\",\"isPartOf\":{\"@id\":\"https:\/\/syndicoop.fr\/ofict\/cap-itpe-du-17-octobre-liste-daptitude-itpe-compte-rendu-cgt-fsu\/\"},\"author\":{\"name\":\"fabienne TATOT\",\"@id\":\"https:\/\/syndicoop.fr\/ofict\/#\/schema\/person\/4ad8747d000e8f709dfa39babf33aa54\"},\"headline\":\"CAP ITPE du 17 octobre (liste d&rsquo;aptitude ITPE) : Compte rendu CGT-FSU\",\"datePublished\":\"2019-10-17T14:54:13+00:00\",\"dateModified\":\"2020-08-27T08:05:58+00:00\",\"mainEntityOfPage\":{\"@id\":\"https:\/\/syndicoop.fr\/ofict\/cap-itpe-du-17-octobre-liste-daptitude-itpe-compte-rendu-cgt-fsu\/\"},\"wordCount\":321,\"commentCount\":0,\"publisher\":{\"@id\":\"https:\/\/syndicoop.fr\/ofict\/#organization\"},\"image\":{\"@id\":\"https:\/\/syndicoop.fr\/ofict\/cap-itpe-du-17-octobre-liste-daptitude-itpe-compte-rendu-cgt-fsu\/#primaryimage\"},\"thumbnailUrl\":\"https:\/\/syndicoop.fr\/ofict\/wp-content\/uploads\/sites\/21\/2016\/02\/arton6680.jpg\",\"keywords\":[\"CAP\",\"ITPE\"],\"articleSection\":[\"Actus\",\"Ofict\"],\"inLanguage\":\"fr-FR\",\"potentialAction\":[{\"@type\":\"CommentAction\",\"name\":\"Comment\",\"target\":[\"https:\/\/syndicoop.fr\/ofict\/cap-itpe-du-17-octobre-liste-daptitude-itpe-compte-rendu-cgt-fsu\/#respond\"]}]},{\"@type\":\"WebPage\",\"@id\":\"https:\/\/syndicoop.fr\/ofict\/cap-itpe-du-17-octobre-liste-daptitude-itpe-compte-rendu-cgt-fsu\/\",\"url\":\"https:\/\/syndicoop.fr\/ofict\/cap-itpe-du-17-octobre-liste-daptitude-itpe-compte-rendu-cgt-fsu\/\",\"name\":\"CAP ITPE du 17 octobre (liste d'aptitude ITPE) : Compte rendu CGT-FSU - OFICT-CGT Equipement-Environnement\",\"isPartOf\":{\"@id\":\"https:\/\/syndicoop.fr\/ofict\/#website\"},\"primaryImageOfPage\":{\"@id\":\"https:\/\/syndicoop.fr\/ofict\/cap-itpe-du-17-octobre-liste-daptitude-itpe-compte-rendu-cgt-fsu\/#primaryimage\"},\"image\":{\"@id\":\"https:\/\/syndicoop.fr\/ofict\/cap-itpe-du-17-octobre-liste-daptitude-itpe-compte-rendu-cgt-fsu\/#primaryimage\"},\"thumbnailUrl\":\"https:\/\/syndicoop.fr\/ofict\/wp-content\/uploads\/sites\/21\/2016\/02\/arton6680.jpg\",\"datePublished\":\"2019-10-17T14:54:13+00:00\",\"dateModified\":\"2020-08-27T08:05:58+00:00\",\"breadcrumb\":{\"@id\":\"https:\/\/syndicoop.fr\/ofict\/cap-itpe-du-17-octobre-liste-daptitude-itpe-compte-rendu-cgt-fsu\/#breadcrumb\"},\"inLanguage\":\"fr-FR\",\"potentialAction\":[{\"@type\":\"ReadAction\",\"target\":[\"https:\/\/syndicoop.fr\/ofict\/cap-itpe-du-17-octobre-liste-daptitude-itpe-compte-rendu-cgt-fsu\/\"]}]},{\"@type\":\"ImageObject\",\"inLanguage\":\"fr-FR\",\"@id\":\"https:\/\/syndicoop.fr\/ofict\/cap-itpe-du-17-octobre-liste-daptitude-itpe-compte-rendu-cgt-fsu\/#primaryimage\",\"url\":\"https:\/\/syndicoop.fr\/ofict\/wp-content\/uploads\/sites\/21\/2016\/02\/arton6680.jpg\",\"contentUrl\":\"https:\/\/syndicoop.fr\/ofict\/wp-content\/uploads\/sites\/21\/2016\/02\/arton6680.jpg\",\"width\":350,\"height\":233},{\"@type\":\"BreadcrumbList\",\"@id\":\"https:\/\/syndicoop.fr\/ofict\/cap-itpe-du-17-octobre-liste-daptitude-itpe-compte-rendu-cgt-fsu\/#breadcrumb\",\"itemListElement\":[{\"@type\":\"ListItem\",\"position\":1,\"name\":\"Accueil\",\"item\":\"https:\/\/syndicoop.fr\/ofict\/\"},{\"@type\":\"ListItem\",\"position\":2,\"name\":\"CAP ITPE du 17 octobre (liste d&#8217;aptitude ITPE)&#160;: Compte rendu CGT-FSU\"}]},{\"@type\":\"WebSite\",\"@id\":\"https:\/\/syndicoop.fr\/ofict\/#website\",\"url\":\"https:\/\/syndicoop.fr\/ofict\/\",\"name\":\"OFICT-CGT Equipement-Environnement\",\"description\":\"avec Syndicoop.fr, plateforme syndicale et coop\u00e9rative\",\"publisher\":{\"@id\":\"https:\/\/syndicoop.fr\/ofict\/#organization\"},\"potentialAction\":[{\"@type\":\"SearchAction\",\"target\":{\"@type\":\"EntryPoint\",\"urlTemplate\":\"https:\/\/syndicoop.fr\/ofict\/?s={search_term_string}\"},\"query-input\":{\"@type\":\"PropertyValueSpecification\",\"valueRequired\":true,\"valueName\":\"search_term_string\"}}],\"inLanguage\":\"fr-FR\"},{\"@type\":\"Organization\",\"@id\":\"https:\/\/syndicoop.fr\/ofict\/#organization\",\"name\":\"ofict-cgt\",\"url\":\"https:\/\/syndicoop.fr\/ofict\/\",\"logo\":{\"@type\":\"ImageObject\",\"inLanguage\":\"fr-FR\",\"@id\":\"https:\/\/syndicoop.fr\/ofict\/#\/schema\/logo\/image\/\",\"url\":\"https:\/\/syndicoop.fr\/ofict\/wp-content\/uploads\/sites\/21\/2021\/01\/0-Logo-OFICT-couleur-ombre-grand.png\",\"contentUrl\":\"https:\/\/syndicoop.fr\/ofict\/wp-content\/uploads\/sites\/21\/2021\/01\/0-Logo-OFICT-couleur-ombre-grand.png\",\"width\":853,\"height\":626,\"caption\":\"ofict-cgt\"},\"image\":{\"@id\":\"https:\/\/syndicoop.fr\/ofict\/#\/schema\/logo\/image\/\"},\"sameAs\":[\"https:\/\/www.facebook.com\/ofictcgt\",\"https:\/\/x.com\/ofictcgt\",\"https:\/\/www.youtube.com\/channel\/UCuspFuV1HGEF1weXxpWVKtQ\"]},{\"@type\":\"Person\",\"@id\":\"https:\/\/syndicoop.fr\/ofict\/#\/schema\/person\/4ad8747d000e8f709dfa39babf33aa54\",\"name\":\"fabienne TATOT\",\"image\":{\"@type\":\"ImageObject\",\"inLanguage\":\"fr-FR\",\"@id\":\"https:\/\/syndicoop.fr\/ofict\/#\/schema\/person\/image\/\",\"url\":\"\/\/www.gravatar.com\/avatar\/9934f99b1607533b8d985c1e1170f8cf?s=96&#038;r=g&#038;d=mm\",\"contentUrl\":\"\/\/www.gravatar.com\/avatar\/9934f99b1607533b8d985c1e1170f8cf?s=96&#038;r=g&#038;d=mm\",\"caption\":\"fabienne TATOT\"}}]}<\/script>\n<!-- \/ Yoast SEO plugin. -->","yoast_head_json":{"title":"CAP ITPE du 17 octobre (liste d'aptitude ITPE) : Compte rendu CGT-FSU - OFICT-CGT Equipement-Environnement","robots":{"index":"index","follow":"follow","max-snippet":"max-snippet:-1","max-image-preview":"max-image-preview:large","max-video-preview":"max-video-preview:-1"},"canonical":"https:\/\/syndicoop.fr\/ofict\/cap-itpe-du-17-octobre-liste-daptitude-itpe-compte-rendu-cgt-fsu\/","og_locale":"fr_FR","og_type":"article","og_title":"CAP ITPE du 17 octobre (liste d'aptitude ITPE) : Compte rendu CGT-FSU - OFICT-CGT Equipement-Environnement","og_description":"D\u00e9claration liminaire \u2013 CGT-FSU Madame la pr\u00e9sidente, Mesdames, Messieurs les membres de la CAP La loi du 6 ao\u00fbt 2019 a consacr\u00e9 la vision qu\u2019a l\u2019actuel gouvernement du dialogue social. Les r\u00e9unions de cette instance vont donc largement s\u2019apparenter \u00e0 des veill\u00e9es mortuaires. \u00c0 la fin de l\u2019ann\u00e9e, les agents auront perdu un des outils [&hellip;]","og_url":"https:\/\/syndicoop.fr\/ofict\/cap-itpe-du-17-octobre-liste-daptitude-itpe-compte-rendu-cgt-fsu\/","og_site_name":"OFICT-CGT Equipement-Environnement","article_publisher":"https:\/\/www.facebook.com\/ofictcgt","article_published_time":"2019-10-17T14:54:13+00:00","article_modified_time":"2020-08-27T08:05:58+00:00","og_image":[{"width":350,"height":233,"url":"https:\/\/syndicoop.fr\/ofict\/wp-content\/uploads\/sites\/21\/2016\/02\/arton6680.jpg","type":"image\/jpeg"}],"author":"fabienne TATOT","twitter_card":"summary_large_image","twitter_creator":"@ofictcgt","twitter_site":"@ofictcgt","twitter_misc":{"\u00c9crit par":"fabienne TATOT","Dur\u00e9e de lecture estim\u00e9e":"2 minutes"},"schema":{"@context":"https:\/\/schema.org","@graph":[{"@type":"Article","@id":"https:\/\/syndicoop.fr\/ofict\/cap-itpe-du-17-octobre-liste-daptitude-itpe-compte-rendu-cgt-fsu\/#article","isPartOf":{"@id":"https:\/\/syndicoop.fr\/ofict\/cap-itpe-du-17-octobre-liste-daptitude-itpe-compte-rendu-cgt-fsu\/"},"author":{"name":"fabienne TATOT","@id":"https:\/\/syndicoop.fr\/ofict\/#\/schema\/person\/4ad8747d000e8f709dfa39babf33aa54"},"headline":"CAP ITPE du 17 octobre (liste d&rsquo;aptitude ITPE) : Compte rendu CGT-FSU","datePublished":"2019-10-17T14:54:13+00:00","dateModified":"2020-08-27T08:05:58+00:00","mainEntityOfPage":{"@id":"https:\/\/syndicoop.fr\/ofict\/cap-itpe-du-17-octobre-liste-daptitude-itpe-compte-rendu-cgt-fsu\/"},"wordCount":321,"commentCount":0,"publisher":{"@id":"https:\/\/syndicoop.fr\/ofict\/#organization"},"image":{"@id":"https:\/\/syndicoop.fr\/ofict\/cap-itpe-du-17-octobre-liste-daptitude-itpe-compte-rendu-cgt-fsu\/#primaryimage"},"thumbnailUrl":"https:\/\/syndicoop.fr\/ofict\/wp-content\/uploads\/sites\/21\/2016\/02\/arton6680.jpg","keywords":["CAP","ITPE"],"articleSection":["Actus","Ofict"],"inLanguage":"fr-FR","potentialAction":[{"@type":"CommentAction","name":"Comment","target":["https:\/\/syndicoop.fr\/ofict\/cap-itpe-du-17-octobre-liste-daptitude-itpe-compte-rendu-cgt-fsu\/#respond"]}]},{"@type":"WebPage","@id":"https:\/\/syndicoop.fr\/ofict\/cap-itpe-du-17-octobre-liste-daptitude-itpe-compte-rendu-cgt-fsu\/","url":"https:\/\/syndicoop.fr\/ofict\/cap-itpe-du-17-octobre-liste-daptitude-itpe-compte-rendu-cgt-fsu\/","name":"CAP ITPE du 17 octobre (liste d'aptitude ITPE) : Compte rendu CGT-FSU - OFICT-CGT Equipement-Environnement","isPartOf":{"@id":"https:\/\/syndicoop.fr\/ofict\/#website"},"primaryImageOfPage":{"@id":"https:\/\/syndicoop.fr\/ofict\/cap-itpe-du-17-octobre-liste-daptitude-itpe-compte-rendu-cgt-fsu\/#primaryimage"},"image":{"@id":"https:\/\/syndicoop.fr\/ofict\/cap-itpe-du-17-octobre-liste-daptitude-itpe-compte-rendu-cgt-fsu\/#primaryimage"},"thumbnailUrl":"https:\/\/syndicoop.fr\/ofict\/wp-content\/uploads\/sites\/21\/2016\/02\/arton6680.jpg","datePublished":"2019-10-17T14:54:13+00:00","dateModified":"2020-08-27T08:05:58+00:00","breadcrumb":{"@id":"https:\/\/syndicoop.fr\/ofict\/cap-itpe-du-17-octobre-liste-daptitude-itpe-compte-rendu-cgt-fsu\/#breadcrumb"},"inLanguage":"fr-FR","potentialAction":[{"@type":"ReadAction","target":["https:\/\/syndicoop.fr\/ofict\/cap-itpe-du-17-octobre-liste-daptitude-itpe-compte-rendu-cgt-fsu\/"]}]},{"@type":"ImageObject","inLanguage":"fr-FR","@id":"https:\/\/syndicoop.fr\/ofict\/cap-itpe-du-17-octobre-liste-daptitude-itpe-compte-rendu-cgt-fsu\/#primaryimage","url":"https:\/\/syndicoop.fr\/ofict\/wp-content\/uploads\/sites\/21\/2016\/02\/arton6680.jpg","contentUrl":"https:\/\/syndicoop.fr\/ofict\/wp-content\/uploads\/sites\/21\/2016\/02\/arton6680.jpg","width":350,"height":233},{"@type":"BreadcrumbList","@id":"https:\/\/syndicoop.fr\/ofict\/cap-itpe-du-17-octobre-liste-daptitude-itpe-compte-rendu-cgt-fsu\/#breadcrumb","itemListElement":[{"@type":"ListItem","position":1,"name":"Accueil","item":"https:\/\/syndicoop.fr\/ofict\/"},{"@type":"ListItem","position":2,"name":"CAP ITPE du 17 octobre (liste d&#8217;aptitude ITPE)&#160;: Compte rendu CGT-FSU"}]},{"@type":"WebSite","@id":"https:\/\/syndicoop.fr\/ofict\/#website","url":"https:\/\/syndicoop.fr\/ofict\/","name":"OFICT-CGT Equipement-Environnement","description":"avec Syndicoop.fr, plateforme syndicale et coop\u00e9rative","publisher":{"@id":"https:\/\/syndicoop.fr\/ofict\/#organization"},"potentialAction":[{"@type":"SearchAction","target":{"@type":"EntryPoint","urlTemplate":"https:\/\/syndicoop.fr\/ofict\/?s={search_term_string}"},"query-input":{"@type":"PropertyValueSpecification","valueRequired":true,"valueName":"search_term_string"}}],"inLanguage":"fr-FR"},{"@type":"Organization","@id":"https:\/\/syndicoop.fr\/ofict\/#organization","name":"ofict-cgt","url":"https:\/\/syndicoop.fr\/ofict\/","logo":{"@type":"ImageObject","inLanguage":"fr-FR","@id":"https:\/\/syndicoop.fr\/ofict\/#\/schema\/logo\/image\/","url":"https:\/\/syndicoop.fr\/ofict\/wp-content\/uploads\/sites\/21\/2021\/01\/0-Logo-OFICT-couleur-ombre-grand.png","contentUrl":"https:\/\/syndicoop.fr\/ofict\/wp-content\/uploads\/sites\/21\/2021\/01\/0-Logo-OFICT-couleur-ombre-grand.png","width":853,"height":626,"caption":"ofict-cgt"},"image":{"@id":"https:\/\/syndicoop.fr\/ofict\/#\/schema\/logo\/image\/"},"sameAs":["https:\/\/www.facebook.com\/ofictcgt","https:\/\/x.com\/ofictcgt","https:\/\/www.youtube.com\/channel\/UCuspFuV1HGEF1weXxpWVKtQ"]},{"@type":"Person","@id":"https:\/\/syndicoop.fr\/ofict\/#\/schema\/person\/4ad8747d000e8f709dfa39babf33aa54","name":"fabienne TATOT","image":{"@type":"ImageObject","inLanguage":"fr-FR","@id":"https:\/\/syndicoop.fr\/ofict\/#\/schema\/person\/image\/","url":"\/\/www.gravatar.com\/avatar\/9934f99b1607533b8d985c1e1170f8cf?s=96&#038;r=g&#038;d=mm","contentUrl":"\/\/www.gravatar.com\/avatar\/9934f99b1607533b8d985c1e1170f8cf?s=96&#038;r=g&#038;d=mm","caption":"fabienne TATOT"}}]}},"_links":{"self":[{"href":"https:\/\/syndicoop.fr\/ofict\/wp-json\/wp\/v2\/posts\/4270","targetHints":{"allow":["GET"]}}],"collection":[{"href":"https:\/\/syndicoop.fr\/ofict\/wp-json\/wp\/v2\/posts"}],"about":[{"href":"https:\/\/syndicoop.fr\/ofict\/wp-json\/wp\/v2\/types\/post"}],"author":[{"embeddable":true,"href":"https:\/\/syndicoop.fr\/ofict\/wp-json\/wp\/v2\/users\/44"}],"replies":[{"embeddable":true,"href":"https:\/\/syndicoop.fr\/ofict\/wp-json\/wp\/v2\/comments?post=4270"}],"version-history":[{"count":0,"href":"https:\/\/syndicoop.fr\/ofict\/wp-json\/wp\/v2\/posts\/4270\/revisions"}],"wp:featuredmedia":[{"embeddable":true,"href":"https:\/\/syndicoop.fr\/ofict\/wp-json\/wp\/v2\/media\/2872"}],"wp:attachment":[{"href":"https:\/\/syndicoop.fr\/ofict\/wp-json\/wp\/v2\/media?parent=4270"}],"wp:term":[{"taxonomy":"category","embeddable":true,"href":"https:\/\/syndicoop.fr\/ofict\/wp-json\/wp\/v2\/categories?post=4270"},{"taxonomy":"post_tag","embeddable":true,"href":"https:\/\/syndicoop.fr\/ofict\/wp-json\/wp\/v2\/tags?post=4270"}],"curies":[{"name":"wp","href":"https:\/\/api.w.org\/{rel}","templated":true}]}}