{"id":4271,"date":"2019-11-20T16:31:57","date_gmt":"2019-11-20T15:31:57","guid":{"rendered":"http:\/\/ofict.reference-syndicale.fr\/?p=4180"},"modified":"2020-08-27T10:05:58","modified_gmt":"2020-08-27T08:05:58","slug":"cap-itpe-du-20-novembre-mobilite-compte-rendu-cgt-fsu","status":"publish","type":"post","link":"https:\/\/syndicoop.fr\/ofict\/cap-itpe-du-20-novembre-mobilite-compte-rendu-cgt-fsu\/","title":{"rendered":"CAP ITPE du 20 novembre (mobilit\u00e9) : Compte rendu CGT-FSU"},"content":{"rendered":"<p align=\"center\"><b>D\u00e9<\/b><b>claration liminaire \u2013 CGT-FSU<br \/>\n<\/b><\/p>\n<p>Madame la pr\u00e9sidente, Mesdames, Messieurs<\/p>\n<p align=\"justify\"><span style=\"color: #000000\">Cher.es camarades<\/span><\/p>\n<p align=\"justify\"><span style=\"color: #000000\">Cette CAP des ITPE constitue un \u00e9v\u00e9nement exceptionnel\u00a0: la fin du dialogue social concernant le d\u00e9roulement de carri\u00e8re des agent.es et le d\u00e9but d\u2019une gestion o\u00f9 la logique d\u2019individualisation entend mettre un terme \u00e0 tout cadre collectif de garanties. Il s\u2019agit de la derni\u00e8re fois que des repr\u00e9sentant.es des ITPE, \u00e9lu.es il y a moins d\u2019un an pourront proc\u00e9der \u00e0 l\u2019examen collectif des demandes de mutations faites, et surtout du sort qui est r\u00e9serv\u00e9 \u00e0 ces demandes.<\/span><\/p>\n<p align=\"justify\"><span style=\"color: #000000\">Nous parlions en pr\u00e9ambule de la CAP le 17 octobre dernier de veill\u00e9es mortuaires pour la d\u00e9mocratie sociale quant aux d\u00e9cisions individuelles Le projet de lignes de gestion, en mati\u00e8re de mobilit\u00e9, vient nous confirmer dans nos craintes\u00a0: il n\u2019y aurait plus qu\u2019un cycle de mobilit\u00e9, le reste au fil de l\u2019eau ou dans la gestion des postes dits \u00ab\u00a0sensibles\u00a0\u00bb. En attendant de voir ce qui sera fait pour la promotion\u2026La nouvelle gestion enfonce le clou quant \u00e0 la disparition de la logique de corps et l\u2019unit\u00e9 de gestion explose.<\/span><\/p>\n<p align=\"justify\"><span style=\"color: #000000\">A contrario, nous vous rappelons l\u2019engagement pris par le DRH de porter \u00e0 notre connaissance les nouvelles pratiques et applications concernant la gestion du \u00ab\u00a0recrutement\u00a0\u00bb. Car jusqu\u2019ici, le moins que l\u2019on puisse constater, c\u2019est votre manque de transparence concernant vos strat\u00e9gies et orientations. <\/span><\/p>\n<p align=\"justify\"><span style=\"color: #000000\">Nous vous avions interpell\u00e9e pr\u00e9cis\u00e9ment sur les intentions du minist\u00e8re concernant les cycles de mobilit\u00e9s. Vous ne pouvez nier que ce que nous voyons aujourd\u2019hui sortir de la DRH \u00e9tait d\u00e9j\u00e0 dans vos t\u00eates quand nous posions inlassablement la question. Quelle d\u00e9loyaut\u00e9 de la DRH, quel m\u00e9pris des repr\u00e9sentants du personnel et donc du personnel\u00a0!<\/span><\/p>\n<p align=\"justify\"><a href=\"http:\/\/ofict.reference-syndicale.fr\/files\/2019\/11\/declarationCGTFSU_2019-11-20_CAP-1.pdf\">Lire la suite de la d\u00e9claration en t\u00e9l\u00e9chargement<\/a><\/p>\n<p align=\"justify\">Suite \u00e0 notre d\u00e9claration, la pr\u00e9sidente de la CAP n\u2019a r\u00e9pondu que de mani\u00e8re limit\u00e9e et particuli\u00e8rement cavali\u00e8re \u00e0 nos demandes, en renvoyant \u00e0 des r\u00e9unions avec le DRH sur les lignes directrices de gestion, alors m\u00eame que tr\u00e8s peu de r\u00e9ponses concr\u00e8tes ont \u00e9t\u00e9 apport\u00e9es au cours des r\u00e9unions qui ont d\u00e9j\u00e0 pu avoir lieu.<\/p>\n<p align=\"justify\">La pr\u00e9sidente de la CAP indique que les futurs recours suite \u00e0 la non mobilit\u00e9 n\u2019auront pas lieu d\u2019\u00eatre en CAP, les agents pourront exercer un recours hi\u00e9rarchique ou un recours contentieux.<\/p>\n<p align=\"justify\">La pr\u00e9sidente de la CAP indique que la liste des emplois fonctionnels d\u2019ICTPE sera mise \u00e0 jour \u00e0 l\u2019issue de cette CAP.<\/p>\n<p>Par rapport au nombre de places au tableau d\u2019avancement IDTPE 2020, la DRH nous indique qu\u2019il sera de 179. La DRH s\u2019engage \u00e0 nous communiquer la liste des ITPE au dernier \u00e9chelon depuis plus de 3 ans.<\/p>\n<p>Sur les questions de paie\u00a0: la DRH s\u2019engage \u00e0 nous faire un retour sur les situations remont\u00e9es d\u2019ici la prochaine CAP.<\/p>\n<p align=\"justify\"><a href=\"http:\/\/ofict.reference-syndicale.fr\/files\/2019\/11\/CR-CAP-ITPE-20-21-novembre-2019.pdf\">T\u00e9l\u00e9charger la suite du compte-rendu en PDF<\/a><\/p>\n","protected":false},"excerpt":{"rendered":"<p>D\u00e9claration liminaire \u2013 CGT-FSU Madame la pr\u00e9sidente, Mesdames, Messieurs Cher.es camarades Cette CAP des ITPE constitue un \u00e9v\u00e9nement exceptionnel\u00a0: la fin du dialogue social concernant le d\u00e9roulement de carri\u00e8re des agent.es et le d\u00e9but d\u2019une gestion o\u00f9 la logique d\u2019individualisation entend mettre un terme \u00e0 tout cadre collectif de garanties. Il s\u2019agit de la derni\u00e8re [&hellip;]<\/p>\n","protected":false},"author":44,"featured_media":2872,"comment_status":"open","ping_status":"closed","sticky":false,"template":"","format":"standard","meta":{"_acf_changed":false,"footnotes":""},"categories":[1,382],"tags":[72,94],"class_list":["post-4271","post","type-post","status-publish","format-standard","has-post-thumbnail","hentry","category-actus","category-ofict","tag-cap","tag-itpe","perimetre-a-tech","documents-cr"],"acf":[],"yoast_head":"<!-- This site is optimized with the Yoast SEO plugin v26.3 - https:\/\/yoast.com\/wordpress\/plugins\/seo\/ -->\n<title>CAP ITPE du 20 novembre (mobilit\u00e9) : Compte rendu CGT-FSU - OFICT-CGT Equipement-Environnement<\/title>\n<meta name=\"robots\" content=\"index, follow, max-snippet:-1, max-image-preview:large, max-video-preview:-1\" \/>\n<link rel=\"canonical\" href=\"https:\/\/syndicoop.fr\/ofict\/cap-itpe-du-20-novembre-mobilite-compte-rendu-cgt-fsu\/\" \/>\n<meta property=\"og:locale\" content=\"fr_FR\" \/>\n<meta property=\"og:type\" content=\"article\" \/>\n<meta property=\"og:title\" content=\"CAP ITPE du 20 novembre (mobilit\u00e9) : Compte rendu CGT-FSU - OFICT-CGT Equipement-Environnement\" \/>\n<meta property=\"og:description\" content=\"D\u00e9claration liminaire \u2013 CGT-FSU Madame la pr\u00e9sidente, Mesdames, Messieurs Cher.es camarades Cette CAP des ITPE constitue un \u00e9v\u00e9nement exceptionnel\u00a0: la fin du dialogue social concernant le d\u00e9roulement de carri\u00e8re des agent.es et le d\u00e9but d\u2019une gestion o\u00f9 la logique d\u2019individualisation entend mettre un terme \u00e0 tout cadre collectif de garanties. Il s\u2019agit de la derni\u00e8re [&hellip;]\" \/>\n<meta property=\"og:url\" content=\"https:\/\/syndicoop.fr\/ofict\/cap-itpe-du-20-novembre-mobilite-compte-rendu-cgt-fsu\/\" \/>\n<meta property=\"og:site_name\" content=\"OFICT-CGT Equipement-Environnement\" \/>\n<meta property=\"article:publisher\" content=\"https:\/\/www.facebook.com\/ofictcgt\" \/>\n<meta property=\"article:published_time\" content=\"2019-11-20T15:31:57+00:00\" \/>\n<meta property=\"article:modified_time\" content=\"2020-08-27T08:05:58+00:00\" \/>\n<meta property=\"og:image\" content=\"https:\/\/syndicoop.fr\/ofict\/wp-content\/uploads\/sites\/21\/2016\/02\/arton6680.jpg\" \/>\n\t<meta property=\"og:image:width\" content=\"350\" \/>\n\t<meta property=\"og:image:height\" content=\"233\" \/>\n\t<meta property=\"og:image:type\" content=\"image\/jpeg\" \/>\n<meta name=\"author\" content=\"fabienne TATOT\" \/>\n<meta name=\"twitter:card\" content=\"summary_large_image\" \/>\n<meta name=\"twitter:creator\" content=\"@ofictcgt\" \/>\n<meta name=\"twitter:site\" content=\"@ofictcgt\" \/>\n<meta name=\"twitter:label1\" content=\"\u00c9crit par\" \/>\n\t<meta name=\"twitter:data1\" content=\"fabienne TATOT\" \/>\n\t<meta name=\"twitter:label2\" content=\"Dur\u00e9e de lecture estim\u00e9e\" \/>\n\t<meta name=\"twitter:data2\" content=\"3 minutes\" \/>\n<script type=\"application\/ld+json\" class=\"yoast-schema-graph\">{\"@context\":\"https:\/\/schema.org\",\"@graph\":[{\"@type\":\"Article\",\"@id\":\"https:\/\/syndicoop.fr\/ofict\/cap-itpe-du-20-novembre-mobilite-compte-rendu-cgt-fsu\/#article\",\"isPartOf\":{\"@id\":\"https:\/\/syndicoop.fr\/ofict\/cap-itpe-du-20-novembre-mobilite-compte-rendu-cgt-fsu\/\"},\"author\":{\"name\":\"fabienne TATOT\",\"@id\":\"https:\/\/syndicoop.fr\/ofict\/#\/schema\/person\/4ad8747d000e8f709dfa39babf33aa54\"},\"headline\":\"CAP ITPE du 20 novembre (mobilit\u00e9) : Compte rendu CGT-FSU\",\"datePublished\":\"2019-11-20T15:31:57+00:00\",\"dateModified\":\"2020-08-27T08:05:58+00:00\",\"mainEntityOfPage\":{\"@id\":\"https:\/\/syndicoop.fr\/ofict\/cap-itpe-du-20-novembre-mobilite-compte-rendu-cgt-fsu\/\"},\"wordCount\":528,\"commentCount\":0,\"publisher\":{\"@id\":\"https:\/\/syndicoop.fr\/ofict\/#organization\"},\"image\":{\"@id\":\"https:\/\/syndicoop.fr\/ofict\/cap-itpe-du-20-novembre-mobilite-compte-rendu-cgt-fsu\/#primaryimage\"},\"thumbnailUrl\":\"https:\/\/syndicoop.fr\/ofict\/wp-content\/uploads\/sites\/21\/2016\/02\/arton6680.jpg\",\"keywords\":[\"CAP\",\"ITPE\"],\"articleSection\":[\"Actus\",\"Ofict\"],\"inLanguage\":\"fr-FR\",\"potentialAction\":[{\"@type\":\"CommentAction\",\"name\":\"Comment\",\"target\":[\"https:\/\/syndicoop.fr\/ofict\/cap-itpe-du-20-novembre-mobilite-compte-rendu-cgt-fsu\/#respond\"]}]},{\"@type\":\"WebPage\",\"@id\":\"https:\/\/syndicoop.fr\/ofict\/cap-itpe-du-20-novembre-mobilite-compte-rendu-cgt-fsu\/\",\"url\":\"https:\/\/syndicoop.fr\/ofict\/cap-itpe-du-20-novembre-mobilite-compte-rendu-cgt-fsu\/\",\"name\":\"CAP ITPE du 20 novembre (mobilit\u00e9) : Compte rendu CGT-FSU - OFICT-CGT Equipement-Environnement\",\"isPartOf\":{\"@id\":\"https:\/\/syndicoop.fr\/ofict\/#website\"},\"primaryImageOfPage\":{\"@id\":\"https:\/\/syndicoop.fr\/ofict\/cap-itpe-du-20-novembre-mobilite-compte-rendu-cgt-fsu\/#primaryimage\"},\"image\":{\"@id\":\"https:\/\/syndicoop.fr\/ofict\/cap-itpe-du-20-novembre-mobilite-compte-rendu-cgt-fsu\/#primaryimage\"},\"thumbnailUrl\":\"https:\/\/syndicoop.fr\/ofict\/wp-content\/uploads\/sites\/21\/2016\/02\/arton6680.jpg\",\"datePublished\":\"2019-11-20T15:31:57+00:00\",\"dateModified\":\"2020-08-27T08:05:58+00:00\",\"breadcrumb\":{\"@id\":\"https:\/\/syndicoop.fr\/ofict\/cap-itpe-du-20-novembre-mobilite-compte-rendu-cgt-fsu\/#breadcrumb\"},\"inLanguage\":\"fr-FR\",\"potentialAction\":[{\"@type\":\"ReadAction\",\"target\":[\"https:\/\/syndicoop.fr\/ofict\/cap-itpe-du-20-novembre-mobilite-compte-rendu-cgt-fsu\/\"]}]},{\"@type\":\"ImageObject\",\"inLanguage\":\"fr-FR\",\"@id\":\"https:\/\/syndicoop.fr\/ofict\/cap-itpe-du-20-novembre-mobilite-compte-rendu-cgt-fsu\/#primaryimage\",\"url\":\"https:\/\/syndicoop.fr\/ofict\/wp-content\/uploads\/sites\/21\/2016\/02\/arton6680.jpg\",\"contentUrl\":\"https:\/\/syndicoop.fr\/ofict\/wp-content\/uploads\/sites\/21\/2016\/02\/arton6680.jpg\",\"width\":350,\"height\":233},{\"@type\":\"BreadcrumbList\",\"@id\":\"https:\/\/syndicoop.fr\/ofict\/cap-itpe-du-20-novembre-mobilite-compte-rendu-cgt-fsu\/#breadcrumb\",\"itemListElement\":[{\"@type\":\"ListItem\",\"position\":1,\"name\":\"Accueil\",\"item\":\"https:\/\/syndicoop.fr\/ofict\/\"},{\"@type\":\"ListItem\",\"position\":2,\"name\":\"CAP ITPE du 20 novembre (mobilit\u00e9)&#160;: Compte rendu CGT-FSU\"}]},{\"@type\":\"WebSite\",\"@id\":\"https:\/\/syndicoop.fr\/ofict\/#website\",\"url\":\"https:\/\/syndicoop.fr\/ofict\/\",\"name\":\"OFICT-CGT Equipement-Environnement\",\"description\":\"avec Syndicoop.fr, plateforme syndicale et coop\u00e9rative\",\"publisher\":{\"@id\":\"https:\/\/syndicoop.fr\/ofict\/#organization\"},\"potentialAction\":[{\"@type\":\"SearchAction\",\"target\":{\"@type\":\"EntryPoint\",\"urlTemplate\":\"https:\/\/syndicoop.fr\/ofict\/?s={search_term_string}\"},\"query-input\":{\"@type\":\"PropertyValueSpecification\",\"valueRequired\":true,\"valueName\":\"search_term_string\"}}],\"inLanguage\":\"fr-FR\"},{\"@type\":\"Organization\",\"@id\":\"https:\/\/syndicoop.fr\/ofict\/#organization\",\"name\":\"ofict-cgt\",\"url\":\"https:\/\/syndicoop.fr\/ofict\/\",\"logo\":{\"@type\":\"ImageObject\",\"inLanguage\":\"fr-FR\",\"@id\":\"https:\/\/syndicoop.fr\/ofict\/#\/schema\/logo\/image\/\",\"url\":\"https:\/\/syndicoop.fr\/ofict\/wp-content\/uploads\/sites\/21\/2021\/01\/0-Logo-OFICT-couleur-ombre-grand.png\",\"contentUrl\":\"https:\/\/syndicoop.fr\/ofict\/wp-content\/uploads\/sites\/21\/2021\/01\/0-Logo-OFICT-couleur-ombre-grand.png\",\"width\":853,\"height\":626,\"caption\":\"ofict-cgt\"},\"image\":{\"@id\":\"https:\/\/syndicoop.fr\/ofict\/#\/schema\/logo\/image\/\"},\"sameAs\":[\"https:\/\/www.facebook.com\/ofictcgt\",\"https:\/\/x.com\/ofictcgt\",\"https:\/\/www.youtube.com\/channel\/UCuspFuV1HGEF1weXxpWVKtQ\"]},{\"@type\":\"Person\",\"@id\":\"https:\/\/syndicoop.fr\/ofict\/#\/schema\/person\/4ad8747d000e8f709dfa39babf33aa54\",\"name\":\"fabienne TATOT\",\"image\":{\"@type\":\"ImageObject\",\"inLanguage\":\"fr-FR\",\"@id\":\"https:\/\/syndicoop.fr\/ofict\/#\/schema\/person\/image\/\",\"url\":\"\/\/www.gravatar.com\/avatar\/9934f99b1607533b8d985c1e1170f8cf?s=96&#038;r=g&#038;d=mm\",\"contentUrl\":\"\/\/www.gravatar.com\/avatar\/9934f99b1607533b8d985c1e1170f8cf?s=96&#038;r=g&#038;d=mm\",\"caption\":\"fabienne TATOT\"}}]}<\/script>\n<!-- \/ Yoast SEO plugin. -->","yoast_head_json":{"title":"CAP ITPE du 20 novembre (mobilit\u00e9) : Compte rendu CGT-FSU - OFICT-CGT Equipement-Environnement","robots":{"index":"index","follow":"follow","max-snippet":"max-snippet:-1","max-image-preview":"max-image-preview:large","max-video-preview":"max-video-preview:-1"},"canonical":"https:\/\/syndicoop.fr\/ofict\/cap-itpe-du-20-novembre-mobilite-compte-rendu-cgt-fsu\/","og_locale":"fr_FR","og_type":"article","og_title":"CAP ITPE du 20 novembre (mobilit\u00e9) : Compte rendu CGT-FSU - OFICT-CGT Equipement-Environnement","og_description":"D\u00e9claration liminaire \u2013 CGT-FSU Madame la pr\u00e9sidente, Mesdames, Messieurs Cher.es camarades Cette CAP des ITPE constitue un \u00e9v\u00e9nement exceptionnel\u00a0: la fin du dialogue social concernant le d\u00e9roulement de carri\u00e8re des agent.es et le d\u00e9but d\u2019une gestion o\u00f9 la logique d\u2019individualisation entend mettre un terme \u00e0 tout cadre collectif de garanties. Il s\u2019agit de la derni\u00e8re [&hellip;]","og_url":"https:\/\/syndicoop.fr\/ofict\/cap-itpe-du-20-novembre-mobilite-compte-rendu-cgt-fsu\/","og_site_name":"OFICT-CGT Equipement-Environnement","article_publisher":"https:\/\/www.facebook.com\/ofictcgt","article_published_time":"2019-11-20T15:31:57+00:00","article_modified_time":"2020-08-27T08:05:58+00:00","og_image":[{"width":350,"height":233,"url":"https:\/\/syndicoop.fr\/ofict\/wp-content\/uploads\/sites\/21\/2016\/02\/arton6680.jpg","type":"image\/jpeg"}],"author":"fabienne TATOT","twitter_card":"summary_large_image","twitter_creator":"@ofictcgt","twitter_site":"@ofictcgt","twitter_misc":{"\u00c9crit par":"fabienne TATOT","Dur\u00e9e de lecture estim\u00e9e":"3 minutes"},"schema":{"@context":"https:\/\/schema.org","@graph":[{"@type":"Article","@id":"https:\/\/syndicoop.fr\/ofict\/cap-itpe-du-20-novembre-mobilite-compte-rendu-cgt-fsu\/#article","isPartOf":{"@id":"https:\/\/syndicoop.fr\/ofict\/cap-itpe-du-20-novembre-mobilite-compte-rendu-cgt-fsu\/"},"author":{"name":"fabienne TATOT","@id":"https:\/\/syndicoop.fr\/ofict\/#\/schema\/person\/4ad8747d000e8f709dfa39babf33aa54"},"headline":"CAP ITPE du 20 novembre (mobilit\u00e9) : Compte rendu CGT-FSU","datePublished":"2019-11-20T15:31:57+00:00","dateModified":"2020-08-27T08:05:58+00:00","mainEntityOfPage":{"@id":"https:\/\/syndicoop.fr\/ofict\/cap-itpe-du-20-novembre-mobilite-compte-rendu-cgt-fsu\/"},"wordCount":528,"commentCount":0,"publisher":{"@id":"https:\/\/syndicoop.fr\/ofict\/#organization"},"image":{"@id":"https:\/\/syndicoop.fr\/ofict\/cap-itpe-du-20-novembre-mobilite-compte-rendu-cgt-fsu\/#primaryimage"},"thumbnailUrl":"https:\/\/syndicoop.fr\/ofict\/wp-content\/uploads\/sites\/21\/2016\/02\/arton6680.jpg","keywords":["CAP","ITPE"],"articleSection":["Actus","Ofict"],"inLanguage":"fr-FR","potentialAction":[{"@type":"CommentAction","name":"Comment","target":["https:\/\/syndicoop.fr\/ofict\/cap-itpe-du-20-novembre-mobilite-compte-rendu-cgt-fsu\/#respond"]}]},{"@type":"WebPage","@id":"https:\/\/syndicoop.fr\/ofict\/cap-itpe-du-20-novembre-mobilite-compte-rendu-cgt-fsu\/","url":"https:\/\/syndicoop.fr\/ofict\/cap-itpe-du-20-novembre-mobilite-compte-rendu-cgt-fsu\/","name":"CAP ITPE du 20 novembre (mobilit\u00e9) : Compte rendu CGT-FSU - OFICT-CGT Equipement-Environnement","isPartOf":{"@id":"https:\/\/syndicoop.fr\/ofict\/#website"},"primaryImageOfPage":{"@id":"https:\/\/syndicoop.fr\/ofict\/cap-itpe-du-20-novembre-mobilite-compte-rendu-cgt-fsu\/#primaryimage"},"image":{"@id":"https:\/\/syndicoop.fr\/ofict\/cap-itpe-du-20-novembre-mobilite-compte-rendu-cgt-fsu\/#primaryimage"},"thumbnailUrl":"https:\/\/syndicoop.fr\/ofict\/wp-content\/uploads\/sites\/21\/2016\/02\/arton6680.jpg","datePublished":"2019-11-20T15:31:57+00:00","dateModified":"2020-08-27T08:05:58+00:00","breadcrumb":{"@id":"https:\/\/syndicoop.fr\/ofict\/cap-itpe-du-20-novembre-mobilite-compte-rendu-cgt-fsu\/#breadcrumb"},"inLanguage":"fr-FR","potentialAction":[{"@type":"ReadAction","target":["https:\/\/syndicoop.fr\/ofict\/cap-itpe-du-20-novembre-mobilite-compte-rendu-cgt-fsu\/"]}]},{"@type":"ImageObject","inLanguage":"fr-FR","@id":"https:\/\/syndicoop.fr\/ofict\/cap-itpe-du-20-novembre-mobilite-compte-rendu-cgt-fsu\/#primaryimage","url":"https:\/\/syndicoop.fr\/ofict\/wp-content\/uploads\/sites\/21\/2016\/02\/arton6680.jpg","contentUrl":"https:\/\/syndicoop.fr\/ofict\/wp-content\/uploads\/sites\/21\/2016\/02\/arton6680.jpg","width":350,"height":233},{"@type":"BreadcrumbList","@id":"https:\/\/syndicoop.fr\/ofict\/cap-itpe-du-20-novembre-mobilite-compte-rendu-cgt-fsu\/#breadcrumb","itemListElement":[{"@type":"ListItem","position":1,"name":"Accueil","item":"https:\/\/syndicoop.fr\/ofict\/"},{"@type":"ListItem","position":2,"name":"CAP ITPE du 20 novembre (mobilit\u00e9)&#160;: Compte rendu CGT-FSU"}]},{"@type":"WebSite","@id":"https:\/\/syndicoop.fr\/ofict\/#website","url":"https:\/\/syndicoop.fr\/ofict\/","name":"OFICT-CGT Equipement-Environnement","description":"avec Syndicoop.fr, plateforme syndicale et coop\u00e9rative","publisher":{"@id":"https:\/\/syndicoop.fr\/ofict\/#organization"},"potentialAction":[{"@type":"SearchAction","target":{"@type":"EntryPoint","urlTemplate":"https:\/\/syndicoop.fr\/ofict\/?s={search_term_string}"},"query-input":{"@type":"PropertyValueSpecification","valueRequired":true,"valueName":"search_term_string"}}],"inLanguage":"fr-FR"},{"@type":"Organization","@id":"https:\/\/syndicoop.fr\/ofict\/#organization","name":"ofict-cgt","url":"https:\/\/syndicoop.fr\/ofict\/","logo":{"@type":"ImageObject","inLanguage":"fr-FR","@id":"https:\/\/syndicoop.fr\/ofict\/#\/schema\/logo\/image\/","url":"https:\/\/syndicoop.fr\/ofict\/wp-content\/uploads\/sites\/21\/2021\/01\/0-Logo-OFICT-couleur-ombre-grand.png","contentUrl":"https:\/\/syndicoop.fr\/ofict\/wp-content\/uploads\/sites\/21\/2021\/01\/0-Logo-OFICT-couleur-ombre-grand.png","width":853,"height":626,"caption":"ofict-cgt"},"image":{"@id":"https:\/\/syndicoop.fr\/ofict\/#\/schema\/logo\/image\/"},"sameAs":["https:\/\/www.facebook.com\/ofictcgt","https:\/\/x.com\/ofictcgt","https:\/\/www.youtube.com\/channel\/UCuspFuV1HGEF1weXxpWVKtQ"]},{"@type":"Person","@id":"https:\/\/syndicoop.fr\/ofict\/#\/schema\/person\/4ad8747d000e8f709dfa39babf33aa54","name":"fabienne TATOT","image":{"@type":"ImageObject","inLanguage":"fr-FR","@id":"https:\/\/syndicoop.fr\/ofict\/#\/schema\/person\/image\/","url":"\/\/www.gravatar.com\/avatar\/9934f99b1607533b8d985c1e1170f8cf?s=96&#038;r=g&#038;d=mm","contentUrl":"\/\/www.gravatar.com\/avatar\/9934f99b1607533b8d985c1e1170f8cf?s=96&#038;r=g&#038;d=mm","caption":"fabienne TATOT"}}]}},"_links":{"self":[{"href":"https:\/\/syndicoop.fr\/ofict\/wp-json\/wp\/v2\/posts\/4271","targetHints":{"allow":["GET"]}}],"collection":[{"href":"https:\/\/syndicoop.fr\/ofict\/wp-json\/wp\/v2\/posts"}],"about":[{"href":"https:\/\/syndicoop.fr\/ofict\/wp-json\/wp\/v2\/types\/post"}],"author":[{"embeddable":true,"href":"https:\/\/syndicoop.fr\/ofict\/wp-json\/wp\/v2\/users\/44"}],"replies":[{"embeddable":true,"href":"https:\/\/syndicoop.fr\/ofict\/wp-json\/wp\/v2\/comments?post=4271"}],"version-history":[{"count":0,"href":"https:\/\/syndicoop.fr\/ofict\/wp-json\/wp\/v2\/posts\/4271\/revisions"}],"wp:featuredmedia":[{"embeddable":true,"href":"https:\/\/syndicoop.fr\/ofict\/wp-json\/wp\/v2\/media\/2872"}],"wp:attachment":[{"href":"https:\/\/syndicoop.fr\/ofict\/wp-json\/wp\/v2\/media?parent=4271"}],"wp:term":[{"taxonomy":"category","embeddable":true,"href":"https:\/\/syndicoop.fr\/ofict\/wp-json\/wp\/v2\/categories?post=4271"},{"taxonomy":"post_tag","embeddable":true,"href":"https:\/\/syndicoop.fr\/ofict\/wp-json\/wp\/v2\/tags?post=4271"}],"curies":[{"name":"wp","href":"https:\/\/api.w.org\/{rel}","templated":true}]}}