{"id":4272,"date":"2019-12-13T16:15:15","date_gmt":"2019-12-13T15:15:15","guid":{"rendered":"http:\/\/ofict.reference-syndicale.fr\/?p=4201"},"modified":"2020-05-29T18:16:56","modified_gmt":"2020-05-29T16:16:56","slug":"report-cap-ta-idtpe-2020","status":"publish","type":"post","link":"https:\/\/syndicoop.fr\/ofict\/report-cap-ta-idtpe-2020\/","title":{"rendered":"Report CAP TA IDTPE 2020 et r\u00e9union d&rsquo;information pour les agents qui seront promus"},"content":{"rendered":"<p>La CAP TA IDTPE 2020 pr\u00e9vue les 18 et 19 d\u00e9cembre est report\u00e9e au 8 janvier.<\/p>\n<p>La r\u00e9union d&rsquo;information relative aux modalit\u00e9s de concr\u00e9tisation \u00e0 l&rsquo;inscription au tableau d&rsquo;avancement IDTPE classique est report\u00e9e au lundi 20 janvier apr\u00e8s-midi. Les agents concern\u00e9s recevront une convocation, \u00e0 l&rsquo;issue de la CAP du 8 janvier 2020.<strong><br \/>\n<\/strong><\/p>\n<p>&nbsp;<\/p>\n","protected":false},"excerpt":{"rendered":"<p>La CAP TA IDTPE 2020 pr\u00e9vue les 18 et 19 d\u00e9cembre est report\u00e9e au 8 janvier. La r\u00e9union d&rsquo;information relative aux modalit\u00e9s de concr\u00e9tisation \u00e0 l&rsquo;inscription au tableau d&rsquo;avancement IDTPE classique est report\u00e9e au lundi 20 janvier apr\u00e8s-midi. Les agents concern\u00e9s recevront une convocation, \u00e0 l&rsquo;issue de la CAP du 8 janvier 2020. &nbsp;<\/p>\n","protected":false},"author":44,"featured_media":3660,"comment_status":"open","ping_status":"closed","sticky":false,"template":"","format":"standard","meta":{"_acf_changed":false,"footnotes":""},"categories":[1],"tags":[72,94],"class_list":["post-4272","post","type-post","status-publish","format-standard","has-post-thumbnail","hentry","category-actus","tag-cap","tag-itpe","perimetre-a-tech","documents-cr"],"acf":[],"yoast_head":"<!-- This site is optimized with the Yoast SEO plugin v26.3 - https:\/\/yoast.com\/wordpress\/plugins\/seo\/ -->\n<title>Report CAP TA IDTPE 2020 et r\u00e9union d&#039;information pour les agents qui seront promus - OFICT-CGT Equipement-Environnement<\/title>\n<meta name=\"robots\" content=\"index, follow, max-snippet:-1, max-image-preview:large, max-video-preview:-1\" \/>\n<link rel=\"canonical\" href=\"https:\/\/syndicoop.fr\/ofict\/report-cap-ta-idtpe-2020\/\" \/>\n<meta property=\"og:locale\" content=\"fr_FR\" \/>\n<meta property=\"og:type\" content=\"article\" \/>\n<meta property=\"og:title\" content=\"Report CAP TA IDTPE 2020 et r\u00e9union d&#039;information pour les agents qui seront promus - OFICT-CGT Equipement-Environnement\" \/>\n<meta property=\"og:description\" content=\"La CAP TA IDTPE 2020 pr\u00e9vue les 18 et 19 d\u00e9cembre est report\u00e9e au 8 janvier. La r\u00e9union d&rsquo;information relative aux modalit\u00e9s de concr\u00e9tisation \u00e0 l&rsquo;inscription au tableau d&rsquo;avancement IDTPE classique est report\u00e9e au lundi 20 janvier apr\u00e8s-midi. Les agents concern\u00e9s recevront une convocation, \u00e0 l&rsquo;issue de la CAP du 8 janvier 2020. &nbsp;\" \/>\n<meta property=\"og:url\" content=\"https:\/\/syndicoop.fr\/ofict\/report-cap-ta-idtpe-2020\/\" \/>\n<meta property=\"og:site_name\" content=\"OFICT-CGT Equipement-Environnement\" \/>\n<meta property=\"article:publisher\" content=\"https:\/\/www.facebook.com\/ofictcgt\" \/>\n<meta property=\"article:published_time\" content=\"2019-12-13T15:15:15+00:00\" \/>\n<meta property=\"article:modified_time\" content=\"2020-05-29T16:16:56+00:00\" \/>\n<meta property=\"og:image\" content=\"https:\/\/syndicoop.fr\/ofict\/wp-content\/uploads\/sites\/21\/2017\/06\/a28f2bb5ffa79ee030e1076395c03c79_XL.jpg\" \/>\n\t<meta property=\"og:image:width\" content=\"960\" \/>\n\t<meta property=\"og:image:height\" content=\"504\" \/>\n\t<meta property=\"og:image:type\" content=\"image\/jpeg\" \/>\n<meta name=\"author\" content=\"fabienne TATOT\" \/>\n<meta name=\"twitter:card\" content=\"summary_large_image\" \/>\n<meta name=\"twitter:creator\" content=\"@ofictcgt\" \/>\n<meta name=\"twitter:site\" content=\"@ofictcgt\" \/>\n<meta name=\"twitter:label1\" content=\"\u00c9crit par\" \/>\n\t<meta name=\"twitter:data1\" content=\"fabienne TATOT\" \/>\n<script type=\"application\/ld+json\" class=\"yoast-schema-graph\">{\"@context\":\"https:\/\/schema.org\",\"@graph\":[{\"@type\":\"Article\",\"@id\":\"https:\/\/syndicoop.fr\/ofict\/report-cap-ta-idtpe-2020\/#article\",\"isPartOf\":{\"@id\":\"https:\/\/syndicoop.fr\/ofict\/report-cap-ta-idtpe-2020\/\"},\"author\":{\"name\":\"fabienne TATOT\",\"@id\":\"https:\/\/syndicoop.fr\/ofict\/#\/schema\/person\/4ad8747d000e8f709dfa39babf33aa54\"},\"headline\":\"Report CAP TA IDTPE 2020 et r\u00e9union d&rsquo;information pour les agents qui seront promus\",\"datePublished\":\"2019-12-13T15:15:15+00:00\",\"dateModified\":\"2020-05-29T16:16:56+00:00\",\"mainEntityOfPage\":{\"@id\":\"https:\/\/syndicoop.fr\/ofict\/report-cap-ta-idtpe-2020\/\"},\"wordCount\":68,\"commentCount\":0,\"publisher\":{\"@id\":\"https:\/\/syndicoop.fr\/ofict\/#organization\"},\"image\":{\"@id\":\"https:\/\/syndicoop.fr\/ofict\/report-cap-ta-idtpe-2020\/#primaryimage\"},\"thumbnailUrl\":\"https:\/\/syndicoop.fr\/ofict\/wp-content\/uploads\/sites\/21\/2017\/06\/a28f2bb5ffa79ee030e1076395c03c79_XL.jpg\",\"keywords\":[\"CAP\",\"ITPE\"],\"articleSection\":[\"Actus\"],\"inLanguage\":\"fr-FR\",\"potentialAction\":[{\"@type\":\"CommentAction\",\"name\":\"Comment\",\"target\":[\"https:\/\/syndicoop.fr\/ofict\/report-cap-ta-idtpe-2020\/#respond\"]}]},{\"@type\":\"WebPage\",\"@id\":\"https:\/\/syndicoop.fr\/ofict\/report-cap-ta-idtpe-2020\/\",\"url\":\"https:\/\/syndicoop.fr\/ofict\/report-cap-ta-idtpe-2020\/\",\"name\":\"Report CAP TA IDTPE 2020 et r\u00e9union d'information pour les agents qui seront promus - OFICT-CGT Equipement-Environnement\",\"isPartOf\":{\"@id\":\"https:\/\/syndicoop.fr\/ofict\/#website\"},\"primaryImageOfPage\":{\"@id\":\"https:\/\/syndicoop.fr\/ofict\/report-cap-ta-idtpe-2020\/#primaryimage\"},\"image\":{\"@id\":\"https:\/\/syndicoop.fr\/ofict\/report-cap-ta-idtpe-2020\/#primaryimage\"},\"thumbnailUrl\":\"https:\/\/syndicoop.fr\/ofict\/wp-content\/uploads\/sites\/21\/2017\/06\/a28f2bb5ffa79ee030e1076395c03c79_XL.jpg\",\"datePublished\":\"2019-12-13T15:15:15+00:00\",\"dateModified\":\"2020-05-29T16:16:56+00:00\",\"breadcrumb\":{\"@id\":\"https:\/\/syndicoop.fr\/ofict\/report-cap-ta-idtpe-2020\/#breadcrumb\"},\"inLanguage\":\"fr-FR\",\"potentialAction\":[{\"@type\":\"ReadAction\",\"target\":[\"https:\/\/syndicoop.fr\/ofict\/report-cap-ta-idtpe-2020\/\"]}]},{\"@type\":\"ImageObject\",\"inLanguage\":\"fr-FR\",\"@id\":\"https:\/\/syndicoop.fr\/ofict\/report-cap-ta-idtpe-2020\/#primaryimage\",\"url\":\"https:\/\/syndicoop.fr\/ofict\/wp-content\/uploads\/sites\/21\/2017\/06\/a28f2bb5ffa79ee030e1076395c03c79_XL.jpg\",\"contentUrl\":\"https:\/\/syndicoop.fr\/ofict\/wp-content\/uploads\/sites\/21\/2017\/06\/a28f2bb5ffa79ee030e1076395c03c79_XL.jpg\",\"width\":960,\"height\":504},{\"@type\":\"BreadcrumbList\",\"@id\":\"https:\/\/syndicoop.fr\/ofict\/report-cap-ta-idtpe-2020\/#breadcrumb\",\"itemListElement\":[{\"@type\":\"ListItem\",\"position\":1,\"name\":\"Accueil\",\"item\":\"https:\/\/syndicoop.fr\/ofict\/\"},{\"@type\":\"ListItem\",\"position\":2,\"name\":\"Report CAP TA IDTPE 2020 et r\u00e9union d&#8217;information pour les agents qui seront promus\"}]},{\"@type\":\"WebSite\",\"@id\":\"https:\/\/syndicoop.fr\/ofict\/#website\",\"url\":\"https:\/\/syndicoop.fr\/ofict\/\",\"name\":\"OFICT-CGT Equipement-Environnement\",\"description\":\"avec Syndicoop.fr, plateforme syndicale et coop\u00e9rative\",\"publisher\":{\"@id\":\"https:\/\/syndicoop.fr\/ofict\/#organization\"},\"potentialAction\":[{\"@type\":\"SearchAction\",\"target\":{\"@type\":\"EntryPoint\",\"urlTemplate\":\"https:\/\/syndicoop.fr\/ofict\/?s={search_term_string}\"},\"query-input\":{\"@type\":\"PropertyValueSpecification\",\"valueRequired\":true,\"valueName\":\"search_term_string\"}}],\"inLanguage\":\"fr-FR\"},{\"@type\":\"Organization\",\"@id\":\"https:\/\/syndicoop.fr\/ofict\/#organization\",\"name\":\"ofict-cgt\",\"url\":\"https:\/\/syndicoop.fr\/ofict\/\",\"logo\":{\"@type\":\"ImageObject\",\"inLanguage\":\"fr-FR\",\"@id\":\"https:\/\/syndicoop.fr\/ofict\/#\/schema\/logo\/image\/\",\"url\":\"https:\/\/syndicoop.fr\/ofict\/wp-content\/uploads\/sites\/21\/2021\/01\/0-Logo-OFICT-couleur-ombre-grand.png\",\"contentUrl\":\"https:\/\/syndicoop.fr\/ofict\/wp-content\/uploads\/sites\/21\/2021\/01\/0-Logo-OFICT-couleur-ombre-grand.png\",\"width\":853,\"height\":626,\"caption\":\"ofict-cgt\"},\"image\":{\"@id\":\"https:\/\/syndicoop.fr\/ofict\/#\/schema\/logo\/image\/\"},\"sameAs\":[\"https:\/\/www.facebook.com\/ofictcgt\",\"https:\/\/x.com\/ofictcgt\",\"https:\/\/www.youtube.com\/channel\/UCuspFuV1HGEF1weXxpWVKtQ\"]},{\"@type\":\"Person\",\"@id\":\"https:\/\/syndicoop.fr\/ofict\/#\/schema\/person\/4ad8747d000e8f709dfa39babf33aa54\",\"name\":\"fabienne TATOT\",\"image\":{\"@type\":\"ImageObject\",\"inLanguage\":\"fr-FR\",\"@id\":\"https:\/\/syndicoop.fr\/ofict\/#\/schema\/person\/image\/\",\"url\":\"\/\/www.gravatar.com\/avatar\/9934f99b1607533b8d985c1e1170f8cf?s=96&#038;r=g&#038;d=mm\",\"contentUrl\":\"\/\/www.gravatar.com\/avatar\/9934f99b1607533b8d985c1e1170f8cf?s=96&#038;r=g&#038;d=mm\",\"caption\":\"fabienne TATOT\"}}]}<\/script>\n<!-- \/ Yoast SEO plugin. -->","yoast_head_json":{"title":"Report CAP TA IDTPE 2020 et r\u00e9union d'information pour les agents qui seront promus - OFICT-CGT Equipement-Environnement","robots":{"index":"index","follow":"follow","max-snippet":"max-snippet:-1","max-image-preview":"max-image-preview:large","max-video-preview":"max-video-preview:-1"},"canonical":"https:\/\/syndicoop.fr\/ofict\/report-cap-ta-idtpe-2020\/","og_locale":"fr_FR","og_type":"article","og_title":"Report CAP TA IDTPE 2020 et r\u00e9union d'information pour les agents qui seront promus - OFICT-CGT Equipement-Environnement","og_description":"La CAP TA IDTPE 2020 pr\u00e9vue les 18 et 19 d\u00e9cembre est report\u00e9e au 8 janvier. La r\u00e9union d&rsquo;information relative aux modalit\u00e9s de concr\u00e9tisation \u00e0 l&rsquo;inscription au tableau d&rsquo;avancement IDTPE classique est report\u00e9e au lundi 20 janvier apr\u00e8s-midi. Les agents concern\u00e9s recevront une convocation, \u00e0 l&rsquo;issue de la CAP du 8 janvier 2020. &nbsp;","og_url":"https:\/\/syndicoop.fr\/ofict\/report-cap-ta-idtpe-2020\/","og_site_name":"OFICT-CGT Equipement-Environnement","article_publisher":"https:\/\/www.facebook.com\/ofictcgt","article_published_time":"2019-12-13T15:15:15+00:00","article_modified_time":"2020-05-29T16:16:56+00:00","og_image":[{"width":960,"height":504,"url":"https:\/\/syndicoop.fr\/ofict\/wp-content\/uploads\/sites\/21\/2017\/06\/a28f2bb5ffa79ee030e1076395c03c79_XL.jpg","type":"image\/jpeg"}],"author":"fabienne TATOT","twitter_card":"summary_large_image","twitter_creator":"@ofictcgt","twitter_site":"@ofictcgt","twitter_misc":{"\u00c9crit par":"fabienne TATOT"},"schema":{"@context":"https:\/\/schema.org","@graph":[{"@type":"Article","@id":"https:\/\/syndicoop.fr\/ofict\/report-cap-ta-idtpe-2020\/#article","isPartOf":{"@id":"https:\/\/syndicoop.fr\/ofict\/report-cap-ta-idtpe-2020\/"},"author":{"name":"fabienne TATOT","@id":"https:\/\/syndicoop.fr\/ofict\/#\/schema\/person\/4ad8747d000e8f709dfa39babf33aa54"},"headline":"Report CAP TA IDTPE 2020 et r\u00e9union d&rsquo;information pour les agents qui seront promus","datePublished":"2019-12-13T15:15:15+00:00","dateModified":"2020-05-29T16:16:56+00:00","mainEntityOfPage":{"@id":"https:\/\/syndicoop.fr\/ofict\/report-cap-ta-idtpe-2020\/"},"wordCount":68,"commentCount":0,"publisher":{"@id":"https:\/\/syndicoop.fr\/ofict\/#organization"},"image":{"@id":"https:\/\/syndicoop.fr\/ofict\/report-cap-ta-idtpe-2020\/#primaryimage"},"thumbnailUrl":"https:\/\/syndicoop.fr\/ofict\/wp-content\/uploads\/sites\/21\/2017\/06\/a28f2bb5ffa79ee030e1076395c03c79_XL.jpg","keywords":["CAP","ITPE"],"articleSection":["Actus"],"inLanguage":"fr-FR","potentialAction":[{"@type":"CommentAction","name":"Comment","target":["https:\/\/syndicoop.fr\/ofict\/report-cap-ta-idtpe-2020\/#respond"]}]},{"@type":"WebPage","@id":"https:\/\/syndicoop.fr\/ofict\/report-cap-ta-idtpe-2020\/","url":"https:\/\/syndicoop.fr\/ofict\/report-cap-ta-idtpe-2020\/","name":"Report CAP TA IDTPE 2020 et r\u00e9union d'information pour les agents qui seront promus - OFICT-CGT Equipement-Environnement","isPartOf":{"@id":"https:\/\/syndicoop.fr\/ofict\/#website"},"primaryImageOfPage":{"@id":"https:\/\/syndicoop.fr\/ofict\/report-cap-ta-idtpe-2020\/#primaryimage"},"image":{"@id":"https:\/\/syndicoop.fr\/ofict\/report-cap-ta-idtpe-2020\/#primaryimage"},"thumbnailUrl":"https:\/\/syndicoop.fr\/ofict\/wp-content\/uploads\/sites\/21\/2017\/06\/a28f2bb5ffa79ee030e1076395c03c79_XL.jpg","datePublished":"2019-12-13T15:15:15+00:00","dateModified":"2020-05-29T16:16:56+00:00","breadcrumb":{"@id":"https:\/\/syndicoop.fr\/ofict\/report-cap-ta-idtpe-2020\/#breadcrumb"},"inLanguage":"fr-FR","potentialAction":[{"@type":"ReadAction","target":["https:\/\/syndicoop.fr\/ofict\/report-cap-ta-idtpe-2020\/"]}]},{"@type":"ImageObject","inLanguage":"fr-FR","@id":"https:\/\/syndicoop.fr\/ofict\/report-cap-ta-idtpe-2020\/#primaryimage","url":"https:\/\/syndicoop.fr\/ofict\/wp-content\/uploads\/sites\/21\/2017\/06\/a28f2bb5ffa79ee030e1076395c03c79_XL.jpg","contentUrl":"https:\/\/syndicoop.fr\/ofict\/wp-content\/uploads\/sites\/21\/2017\/06\/a28f2bb5ffa79ee030e1076395c03c79_XL.jpg","width":960,"height":504},{"@type":"BreadcrumbList","@id":"https:\/\/syndicoop.fr\/ofict\/report-cap-ta-idtpe-2020\/#breadcrumb","itemListElement":[{"@type":"ListItem","position":1,"name":"Accueil","item":"https:\/\/syndicoop.fr\/ofict\/"},{"@type":"ListItem","position":2,"name":"Report CAP TA IDTPE 2020 et r\u00e9union d&#8217;information pour les agents qui seront promus"}]},{"@type":"WebSite","@id":"https:\/\/syndicoop.fr\/ofict\/#website","url":"https:\/\/syndicoop.fr\/ofict\/","name":"OFICT-CGT Equipement-Environnement","description":"avec Syndicoop.fr, plateforme syndicale et coop\u00e9rative","publisher":{"@id":"https:\/\/syndicoop.fr\/ofict\/#organization"},"potentialAction":[{"@type":"SearchAction","target":{"@type":"EntryPoint","urlTemplate":"https:\/\/syndicoop.fr\/ofict\/?s={search_term_string}"},"query-input":{"@type":"PropertyValueSpecification","valueRequired":true,"valueName":"search_term_string"}}],"inLanguage":"fr-FR"},{"@type":"Organization","@id":"https:\/\/syndicoop.fr\/ofict\/#organization","name":"ofict-cgt","url":"https:\/\/syndicoop.fr\/ofict\/","logo":{"@type":"ImageObject","inLanguage":"fr-FR","@id":"https:\/\/syndicoop.fr\/ofict\/#\/schema\/logo\/image\/","url":"https:\/\/syndicoop.fr\/ofict\/wp-content\/uploads\/sites\/21\/2021\/01\/0-Logo-OFICT-couleur-ombre-grand.png","contentUrl":"https:\/\/syndicoop.fr\/ofict\/wp-content\/uploads\/sites\/21\/2021\/01\/0-Logo-OFICT-couleur-ombre-grand.png","width":853,"height":626,"caption":"ofict-cgt"},"image":{"@id":"https:\/\/syndicoop.fr\/ofict\/#\/schema\/logo\/image\/"},"sameAs":["https:\/\/www.facebook.com\/ofictcgt","https:\/\/x.com\/ofictcgt","https:\/\/www.youtube.com\/channel\/UCuspFuV1HGEF1weXxpWVKtQ"]},{"@type":"Person","@id":"https:\/\/syndicoop.fr\/ofict\/#\/schema\/person\/4ad8747d000e8f709dfa39babf33aa54","name":"fabienne TATOT","image":{"@type":"ImageObject","inLanguage":"fr-FR","@id":"https:\/\/syndicoop.fr\/ofict\/#\/schema\/person\/image\/","url":"\/\/www.gravatar.com\/avatar\/9934f99b1607533b8d985c1e1170f8cf?s=96&#038;r=g&#038;d=mm","contentUrl":"\/\/www.gravatar.com\/avatar\/9934f99b1607533b8d985c1e1170f8cf?s=96&#038;r=g&#038;d=mm","caption":"fabienne TATOT"}}]}},"_links":{"self":[{"href":"https:\/\/syndicoop.fr\/ofict\/wp-json\/wp\/v2\/posts\/4272","targetHints":{"allow":["GET"]}}],"collection":[{"href":"https:\/\/syndicoop.fr\/ofict\/wp-json\/wp\/v2\/posts"}],"about":[{"href":"https:\/\/syndicoop.fr\/ofict\/wp-json\/wp\/v2\/types\/post"}],"author":[{"embeddable":true,"href":"https:\/\/syndicoop.fr\/ofict\/wp-json\/wp\/v2\/users\/44"}],"replies":[{"embeddable":true,"href":"https:\/\/syndicoop.fr\/ofict\/wp-json\/wp\/v2\/comments?post=4272"}],"version-history":[{"count":0,"href":"https:\/\/syndicoop.fr\/ofict\/wp-json\/wp\/v2\/posts\/4272\/revisions"}],"wp:featuredmedia":[{"embeddable":true,"href":"https:\/\/syndicoop.fr\/ofict\/wp-json\/wp\/v2\/media\/3660"}],"wp:attachment":[{"href":"https:\/\/syndicoop.fr\/ofict\/wp-json\/wp\/v2\/media?parent=4272"}],"wp:term":[{"taxonomy":"category","embeddable":true,"href":"https:\/\/syndicoop.fr\/ofict\/wp-json\/wp\/v2\/categories?post=4272"},{"taxonomy":"post_tag","embeddable":true,"href":"https:\/\/syndicoop.fr\/ofict\/wp-json\/wp\/v2\/tags?post=4272"}],"curies":[{"name":"wp","href":"https:\/\/api.w.org\/{rel}","templated":true}]}}