{"id":5681,"date":"2021-01-06T14:14:24","date_gmt":"2021-01-06T13:14:24","guid":{"rendered":"https:\/\/syndicoop.fr\/ofict\/?p=5681"},"modified":"2021-01-06T14:47:09","modified_gmt":"2021-01-06T13:47:09","slug":"guide-pratique-de-lentretien-devaluation","status":"publish","type":"post","link":"https:\/\/syndicoop.fr\/ofict\/guide-pratique-de-lentretien-devaluation\/","title":{"rendered":"Guide pratique de l\u2019entretien d\u2019\u00e9valuation"},"content":{"rendered":"<p>Que vous soyez en situation d\u2019\u00e9valuer ou d\u2019\u00eatre \u00e9valu\u00e9\u00b7e, ce guide r\u00e9pond \u00e0 toutes vos questions.<\/p>\n<p class=\"p1\">Pour les salari\u00e9\u00b7es, l\u2019entretien d\u2019\u00e9valuation renvoie \u00e0 la juste reconnaissance de leur implication, de la qualit\u00e9 de leur travail, et d\u00e9termine aussi le sens de leur engagement professionnel.<\/p>\n<p class=\"p1\">Pour les employeurs, l\u2019\u00e9valuation est de plus en plus utilis\u00e9e pour imposer aux salari\u00e9\u00b7e\u00b7s l\u2019atteinte d\u2019objectifs \u2013 souvent chiffr\u00e9s \u2013 d\u00e9connect\u00e9s de leur professionnalisme et de leur travail r\u00e9el. Ses r\u00e9sultats servent \u00e0 individualiser la r\u00e9mun\u00e9ration (part variable, augmentation annuelle, \u2026). Ainsi, l\u2019entretien d\u2019\u00e9valuation, au lieu de reconna\u00eetre l\u2019apport dans le travail, est d\u00e9tourn\u00e9, et sert d\u2019outil pour individualiser les collectifs de travail et imposer le \u201cWall Street Management\u201d, le management par les co\u00fbts.<\/p>\n<p class=\"p1\">L\u2019entretien d\u2019\u00e9valuation est un sujet particuli\u00e8rement d\u00e9licat pour les ing\u00e9s, cadres et techs qui peuvent parfois passer alternativement d\u2019\u00e9valu\u00e9 \u00e0 \u00e9valuateur. Car \u00e0 l\u2019image des outils d\u2019\u00e9valuation, les m\u00e9thodes d\u2019\u00e9valuation sont de plus en plus standardis\u00e9es et \u00e9loign\u00e9es de la prise en compte de la r\u00e9alit\u00e9 des conditions d\u2019exercice professionnel.<\/p>\n<p class=\"p1\">Ce guide a deux versants (une partie pour les \u00e9valuateurs et \u00e9valuatrices, et une seconde pour les \u00e9valu\u00e9\u00b7e\u00b7s) est con\u00e7u sous forme de fiches r\u00e9pondant aux questions clefs de cet exercice qu\u2019est l\u2019entretien d\u2019\u00e9valuation. Il vise \u00e0 r\u00e9tablir une certaine \u00e9thique dans le contenu de ces entretiens d\u2019\u00e9valuation en formulant des conseils \u00e0 la fois aux \u00e9valu\u00e9\u00b7es et aux \u00e9valuateur\u00b7trices.<\/p>\n<p class=\"p1\">Bonne appropriation\u00a0!<\/p>\n<p><!--more--><\/p>\n<h3 id=\"je-suis-evalue%c2%b7e\">Je suis \u00e9valu\u00e9\u00b7e<\/h3>\n<ul id=\"menu-evalue-e\">\n<li id=\"menu-item-38\"><a href=\"https:\/\/syndicoop.fr\/evaluation\/evalue\/quest-ce-que-levaluation\/\" target=\"_blank\" rel=\"noopener noreferrer\">Qu\u2019est-ce que l\u2019\u00e9valuation\u00a0?<\/a><\/li>\n<li id=\"menu-item-39\"><a href=\"https:\/\/syndicoop.fr\/evaluation\/evalue\/quelle-est-la-difference-entre-lentretien-annuel-devaluation-lentretien-professionnel-et-lentretien-forfait-jours\/\" target=\"_blank\" rel=\"noopener noreferrer\">Quelle est la diff\u00e9rence entre l\u2019entretien annuel d\u2019\u00e9valuation, l\u2019entretien professionnel et l\u2019entretien forfait-jours\u00a0?<\/a><\/li>\n<li id=\"menu-item-40\"><a href=\"https:\/\/syndicoop.fr\/evaluation\/evalue\/puis-je-refuser-lentretien-annuel-devaluation\/\" target=\"_blank\" rel=\"noopener noreferrer\">Puis-je refuser l\u2019entretien annuel d\u2019\u00e9valuation\u00a0?<\/a><\/li>\n<li id=\"menu-item-41\"><a href=\"https:\/\/syndicoop.fr\/evaluation\/evalue\/comment-se-preparer-a-lentretien-annuel-devaluation\/\" target=\"_blank\" rel=\"noopener noreferrer\">Comment se pr\u00e9parer \u00e0 l\u2019entretien annuel d\u2019\u00e9valuation\u00a0?<\/a><\/li>\n<li id=\"menu-item-42\"><a href=\"https:\/\/syndicoop.fr\/evaluation\/evalue\/quelle-attitude-adopter-par-rapport-a-lauto-evaluation-et-aux-projets-rh\/\" target=\"_blank\" rel=\"noopener noreferrer\">Quelle attitude adopter par rapport \u00e0 l\u2019auto-\u00e9valuation et aux projets RH\u00a0?<\/a><\/li>\n<li id=\"menu-item-43\"><a href=\"https:\/\/syndicoop.fr\/evaluation\/evalue\/sur-quoi-porte-lentretien-annuel-devaluation\/\" target=\"_blank\" rel=\"noopener noreferrer\">Sur quoi porte l\u2019entretien annuel d\u2019\u00e9valuation\u00a0?<\/a><\/li>\n<li id=\"menu-item-44\"><a href=\"https:\/\/syndicoop.fr\/evaluation\/evalue\/comment-mon-travail-est-il-pris-en-compte-dans-le-cadre-du-collectif-de-travail\/\" target=\"_blank\" rel=\"noopener noreferrer\">Comment mon travail est-il pris en compte dans le cadre du collectif de travail\u00a0?<\/a><\/li>\n<li id=\"menu-item-45\"><a href=\"https:\/\/syndicoop.fr\/evaluation\/evalue\/comment-justifier-la-non-atteinte-des-objectifs\/\" target=\"_blank\" rel=\"noopener noreferrer\">Comment justifier la non atteinte des objectifs\u00a0?<\/a><\/li>\n<li id=\"menu-item-46\"><a href=\"https:\/\/syndicoop.fr\/evaluation\/evalue\/comment-sont-pris-en-compte-les-temps-partiels-et-les-absences\/\" target=\"_blank\" rel=\"noopener noreferrer\">Comment sont pris en compte les temps partiels et les absences\u00a0?<\/a><\/li>\n<li id=\"menu-item-47\"><a href=\"https:\/\/syndicoop.fr\/evaluation\/evalue\/une-evaluation-insuffisante-peut-elle-justifier-des-sanctions-allant-jusquau-licenciement\/\" target=\"_blank\" rel=\"noopener noreferrer\">Une \u00e9valuation insuffisante peut-elle justifier des sanctions allant jusqu\u2019au licenciement\u00a0?<\/a><\/li>\n<li id=\"menu-item-48\"><a href=\"https:\/\/syndicoop.fr\/evaluation\/evalue\/si-je-ne-suis-pas-daccord-avec-les-conditions-et-ou-le-contenu-de-lentretien-annuel-devaluation-que-dois-je-faire-et-quel-dispositif-de-recours\/\" target=\"_blank\" rel=\"noopener noreferrer\">Si je ne suis pas d\u2019accord avec les conditions et\/ou le contenu de l\u2019entretien annuel d\u2019\u00e9valuation, que dois-je faire et quel dispositif de recours\u00a0?<\/a><\/li>\n<li id=\"menu-item-49\"><a href=\"https:\/\/syndicoop.fr\/evaluation\/evalue\/lentretien-annuel-devaluation-se-passe-mal-quelle-attitude-adopter\/\" target=\"_blank\" rel=\"noopener noreferrer\">L\u2019entretien annuel d\u2019\u00e9valuation se passe mal, quelle attitude adopter\u00a0?<\/a><\/li>\n<li id=\"menu-item-50\"><a href=\"https:\/\/syndicoop.fr\/evaluation\/evalue\/je-ne-suis-pas-daccord-avec-le-contenu-de-lentretien-annuel-devaluation-dois-je-le-signer\/\" target=\"_blank\" rel=\"noopener noreferrer\">Je ne suis pas d\u2019accord avec le contenu de l\u2019entretien annuel d\u2019\u00e9valuation, dois-je le signer\u00a0?<\/a><\/li>\n<li id=\"menu-item-51\"><a href=\"https:\/\/syndicoop.fr\/evaluation\/evalue\/le-contenu-des-entretiens-annuels-doit-il-rester-confidentiel\/\" target=\"_blank\" rel=\"noopener noreferrer\">Le contenu des entretiens annuels doit-il rester confidentiel\u00a0?<\/a><\/li>\n<li id=\"menu-item-52\"><a href=\"https:\/\/syndicoop.fr\/evaluation\/evalue\/suis-je-oblige%c2%b7e-daccepter-toutes-les-modalites-dentretien-que-lon-me-propose\/\" target=\"_blank\" rel=\"noopener noreferrer\">Suis-je oblig\u00e9\u00b7e d\u2019accepter toutes les modalit\u00e9s d\u2019entretien que l\u2019on me propose\u00a0?<\/a><\/li>\n<\/ul>\n<p>&nbsp;<\/p>\n<h3 id=\"je-suis-evaluatrice-ou-evaluateur\">Je suis \u00e9valuatrice ou \u00e9valuateur<\/h3>\n<ul id=\"menu-evaluateur-evaluatrice\">\n<li id=\"menu-item-98\"><a href=\"https:\/\/syndicoop.fr\/evaluation\/evaluateur-evaluatrice\/conseils\/\" target=\"_blank\" rel=\"noopener noreferrer\">Conseils pour l\u2019\u00e9valuateur<\/a><\/li>\n<li id=\"menu-item-104\"><a href=\"https:\/\/syndicoop.fr\/evaluation\/evaluateur-evaluatrice\/comment-se-preparer-a-faire-passer-un-entretien-annuel-devaluation\/\" target=\"_blank\" rel=\"noopener noreferrer\">Comment se pr\u00e9parer \u00e0 faire passer un entretien annuel d\u2019\u00e9valuation\u00a0?<\/a><\/li>\n<li id=\"menu-item-105\"><a href=\"https:\/\/syndicoop.fr\/evaluation\/evaluateur-evaluatrice\/puis-je-me-former-en-tant-quevaluateur-a-lexercice-de-levaluation\/\" target=\"_blank\" rel=\"noopener noreferrer\">Puis-je me former en tant qu\u2019\u00e9valuateur \u00e0 l\u2019exercice de l\u2019\u00e9valuation\u00a0?<\/a><\/li>\n<li id=\"menu-item-99\"><a href=\"https:\/\/syndicoop.fr\/evaluation\/evaluateur-evaluatrice\/dois-je-accepter-les-quotas-de-niveau-de-notation-pour-mes-collaborateurs\/\" target=\"_blank\" rel=\"noopener noreferrer\">Dois-je accepter les quotas de niveau de notation pour mes collaborateurs\u00a0?<\/a><\/li>\n<li id=\"menu-item-100\"><a href=\"https:\/\/syndicoop.fr\/evaluation\/evaluateur-evaluatrice\/mon-superieur-hierarchique-revoit-a-la-baisse-mes-notations-que-puis-je-faire\/\" target=\"_blank\" rel=\"noopener noreferrer\">Mon sup\u00e9rieur hi\u00e9rarchique revoit \u00e0 la baisse mes notations, que puis-je faire\u00a0?<\/a><\/li>\n<li id=\"menu-item-101\"><a href=\"https:\/\/syndicoop.fr\/evaluation\/evaluateur-evaluatrice\/comment-apprehender-une-evaluation-a-360-degres\/\" target=\"_blank\" rel=\"noopener noreferrer\">Comment appr\u00e9hender une \u00e9valuation \u00e0 360 degr\u00e9s\u00a0?<\/a><\/li>\n<li id=\"menu-item-102\"><a href=\"https:\/\/syndicoop.fr\/evaluation\/evaluateur-evaluatrice\/progiciels-de-gestion-rh-et-evaluation-quels-retours-dexperience\/\" target=\"_blank\" rel=\"noopener noreferrer\">Progiciels de gestion RH et \u00e9valuation\u00a0: quels retours d\u2019exp\u00e9rience\u00a0?<\/a><\/li>\n<li id=\"menu-item-103\"><a href=\"https:\/\/syndicoop.fr\/evaluation\/evaluateur-evaluatrice\/comment-donner-du-sens-a-lentretien-annuel-devaluation-et-en-faire-un-outil-de-reconnaissance-et-damelioration-du-collectif-de-travail\/\" target=\"_blank\" rel=\"noopener noreferrer\">Comment donner du sens \u00e0 l\u2019entretien annuel d\u2019\u00e9valuation et en faire un outil de reconnaissance et d\u2019am\u00e9lioration du collectif de travail\u00a0?<\/a><\/li>\n<\/ul>\n","protected":false},"excerpt":{"rendered":"<p>Que vous soyez en situation d\u2019\u00e9valuer ou d\u2019\u00eatre \u00e9valu\u00e9\u00b7e, ce guide r\u00e9pond \u00e0 toutes vos questions. Pour les salari\u00e9\u00b7es, l\u2019entretien d\u2019\u00e9valuation renvoie \u00e0 la juste reconnaissance de leur implication, de la qualit\u00e9 de leur travail, et d\u00e9termine aussi le sens de leur engagement professionnel. Pour les employeurs, l\u2019\u00e9valuation est de plus en plus utilis\u00e9e pour [&hellip;]<\/p>\n","protected":false},"author":1491,"featured_media":5689,"comment_status":"open","ping_status":"closed","sticky":false,"template":"","format":"standard","meta":{"_acf_changed":false,"footnotes":""},"categories":[1],"tags":[82,429],"class_list":["post-5681","post","type-post","status-publish","format-standard","has-post-thumbnail","hentry","category-actus","tag-encadrement","tag-entretien-devaluation","featuring-alaune","themes-conditions-de-travail","themes-encadrement-et-management","documents-guides"],"acf":[],"yoast_head":"<!-- This site is optimized with the Yoast SEO plugin v26.3 - https:\/\/yoast.com\/wordpress\/plugins\/seo\/ -->\n<title>Guide pratique de l\u2019entretien d\u2019\u00e9valuation - OFICT-CGT Equipement-Environnement<\/title>\n<meta name=\"description\" content=\"Que vous soyez en situation d\u2019\u00e9valuer ou d\u2019\u00eatre \u00e9valu\u00e9\u00b7e, ce guide r\u00e9pond \u00e0 toutes vos questions.\" \/>\n<meta name=\"robots\" content=\"index, follow, max-snippet:-1, max-image-preview:large, max-video-preview:-1\" \/>\n<link rel=\"canonical\" href=\"https:\/\/syndicoop.fr\/ofict\/guide-pratique-de-lentretien-devaluation\/\" \/>\n<meta property=\"og:locale\" content=\"fr_FR\" \/>\n<meta property=\"og:type\" content=\"article\" \/>\n<meta property=\"og:title\" content=\"Guide pratique de l\u2019entretien d\u2019\u00e9valuation - OFICT-CGT Equipement-Environnement\" \/>\n<meta property=\"og:description\" content=\"Que vous soyez en situation d\u2019\u00e9valuer ou d\u2019\u00eatre \u00e9valu\u00e9\u00b7e, ce guide r\u00e9pond \u00e0 toutes vos questions.\" \/>\n<meta property=\"og:url\" content=\"https:\/\/syndicoop.fr\/ofict\/guide-pratique-de-lentretien-devaluation\/\" \/>\n<meta property=\"og:site_name\" content=\"OFICT-CGT Equipement-Environnement\" \/>\n<meta property=\"article:publisher\" content=\"https:\/\/www.facebook.com\/ofictcgt\" \/>\n<meta property=\"article:published_time\" content=\"2021-01-06T13:14:24+00:00\" \/>\n<meta property=\"article:modified_time\" content=\"2021-01-06T13:47:09+00:00\" \/>\n<meta property=\"og:image\" content=\"https:\/\/syndicoop.fr\/ofict\/wp-content\/uploads\/sites\/21\/2021\/01\/guide-evaluation.png\" \/>\n\t<meta property=\"og:image:width\" content=\"724\" \/>\n\t<meta property=\"og:image:height\" content=\"515\" \/>\n\t<meta property=\"og:image:type\" content=\"image\/png\" \/>\n<meta name=\"author\" content=\"Th\u00e9r\u00e8se HECQ-RIVI\u00c8RE\" \/>\n<meta name=\"twitter:card\" content=\"summary_large_image\" \/>\n<meta name=\"twitter:creator\" content=\"@ofictcgt\" \/>\n<meta name=\"twitter:site\" content=\"@ofictcgt\" \/>\n<meta name=\"twitter:label1\" content=\"\u00c9crit par\" \/>\n\t<meta name=\"twitter:data1\" content=\"Th\u00e9r\u00e8se HECQ-RIVI\u00c8RE\" \/>\n\t<meta name=\"twitter:label2\" content=\"Dur\u00e9e de lecture estim\u00e9e\" \/>\n\t<meta name=\"twitter:data2\" content=\"3 minutes\" \/>\n<script type=\"application\/ld+json\" class=\"yoast-schema-graph\">{\"@context\":\"https:\/\/schema.org\",\"@graph\":[{\"@type\":\"Article\",\"@id\":\"https:\/\/syndicoop.fr\/ofict\/guide-pratique-de-lentretien-devaluation\/#article\",\"isPartOf\":{\"@id\":\"https:\/\/syndicoop.fr\/ofict\/guide-pratique-de-lentretien-devaluation\/\"},\"author\":{\"name\":\"Th\u00e9r\u00e8se HECQ-RIVI\u00c8RE\",\"@id\":\"https:\/\/syndicoop.fr\/ofict\/#\/schema\/person\/07d75f9ed6a81f39b34612f708ec0c53\"},\"headline\":\"Guide pratique de l\u2019entretien d\u2019\u00e9valuation\",\"datePublished\":\"2021-01-06T13:14:24+00:00\",\"dateModified\":\"2021-01-06T13:47:09+00:00\",\"mainEntityOfPage\":{\"@id\":\"https:\/\/syndicoop.fr\/ofict\/guide-pratique-de-lentretien-devaluation\/\"},\"wordCount\":566,\"commentCount\":0,\"publisher\":{\"@id\":\"https:\/\/syndicoop.fr\/ofict\/#organization\"},\"image\":{\"@id\":\"https:\/\/syndicoop.fr\/ofict\/guide-pratique-de-lentretien-devaluation\/#primaryimage\"},\"thumbnailUrl\":\"https:\/\/syndicoop.fr\/ofict\/wp-content\/uploads\/sites\/21\/2021\/01\/guide-evaluation.png\",\"keywords\":[\"Encadrement\",\"entretien d'\u00e9valuation\"],\"articleSection\":[\"Actus\"],\"inLanguage\":\"fr-FR\",\"potentialAction\":[{\"@type\":\"CommentAction\",\"name\":\"Comment\",\"target\":[\"https:\/\/syndicoop.fr\/ofict\/guide-pratique-de-lentretien-devaluation\/#respond\"]}]},{\"@type\":\"WebPage\",\"@id\":\"https:\/\/syndicoop.fr\/ofict\/guide-pratique-de-lentretien-devaluation\/\",\"url\":\"https:\/\/syndicoop.fr\/ofict\/guide-pratique-de-lentretien-devaluation\/\",\"name\":\"Guide pratique de l\u2019entretien d\u2019\u00e9valuation - OFICT-CGT Equipement-Environnement\",\"isPartOf\":{\"@id\":\"https:\/\/syndicoop.fr\/ofict\/#website\"},\"primaryImageOfPage\":{\"@id\":\"https:\/\/syndicoop.fr\/ofict\/guide-pratique-de-lentretien-devaluation\/#primaryimage\"},\"image\":{\"@id\":\"https:\/\/syndicoop.fr\/ofict\/guide-pratique-de-lentretien-devaluation\/#primaryimage\"},\"thumbnailUrl\":\"https:\/\/syndicoop.fr\/ofict\/wp-content\/uploads\/sites\/21\/2021\/01\/guide-evaluation.png\",\"datePublished\":\"2021-01-06T13:14:24+00:00\",\"dateModified\":\"2021-01-06T13:47:09+00:00\",\"description\":\"Que vous soyez en situation d\u2019\u00e9valuer ou d\u2019\u00eatre \u00e9valu\u00e9\u00b7e, ce guide r\u00e9pond \u00e0 toutes vos questions.\",\"breadcrumb\":{\"@id\":\"https:\/\/syndicoop.fr\/ofict\/guide-pratique-de-lentretien-devaluation\/#breadcrumb\"},\"inLanguage\":\"fr-FR\",\"potentialAction\":[{\"@type\":\"ReadAction\",\"target\":[\"https:\/\/syndicoop.fr\/ofict\/guide-pratique-de-lentretien-devaluation\/\"]}]},{\"@type\":\"ImageObject\",\"inLanguage\":\"fr-FR\",\"@id\":\"https:\/\/syndicoop.fr\/ofict\/guide-pratique-de-lentretien-devaluation\/#primaryimage\",\"url\":\"https:\/\/syndicoop.fr\/ofict\/wp-content\/uploads\/sites\/21\/2021\/01\/guide-evaluation.png\",\"contentUrl\":\"https:\/\/syndicoop.fr\/ofict\/wp-content\/uploads\/sites\/21\/2021\/01\/guide-evaluation.png\",\"width\":724,\"height\":515},{\"@type\":\"BreadcrumbList\",\"@id\":\"https:\/\/syndicoop.fr\/ofict\/guide-pratique-de-lentretien-devaluation\/#breadcrumb\",\"itemListElement\":[{\"@type\":\"ListItem\",\"position\":1,\"name\":\"Accueil\",\"item\":\"https:\/\/syndicoop.fr\/ofict\/\"},{\"@type\":\"ListItem\",\"position\":2,\"name\":\"Guide pratique de l\u2019entretien d\u2019\u00e9valuation\"}]},{\"@type\":\"WebSite\",\"@id\":\"https:\/\/syndicoop.fr\/ofict\/#website\",\"url\":\"https:\/\/syndicoop.fr\/ofict\/\",\"name\":\"OFICT-CGT Equipement-Environnement\",\"description\":\"avec Syndicoop.fr, plateforme syndicale et coop\u00e9rative\",\"publisher\":{\"@id\":\"https:\/\/syndicoop.fr\/ofict\/#organization\"},\"potentialAction\":[{\"@type\":\"SearchAction\",\"target\":{\"@type\":\"EntryPoint\",\"urlTemplate\":\"https:\/\/syndicoop.fr\/ofict\/?s={search_term_string}\"},\"query-input\":{\"@type\":\"PropertyValueSpecification\",\"valueRequired\":true,\"valueName\":\"search_term_string\"}}],\"inLanguage\":\"fr-FR\"},{\"@type\":\"Organization\",\"@id\":\"https:\/\/syndicoop.fr\/ofict\/#organization\",\"name\":\"ofict-cgt\",\"url\":\"https:\/\/syndicoop.fr\/ofict\/\",\"logo\":{\"@type\":\"ImageObject\",\"inLanguage\":\"fr-FR\",\"@id\":\"https:\/\/syndicoop.fr\/ofict\/#\/schema\/logo\/image\/\",\"url\":\"https:\/\/syndicoop.fr\/ofict\/wp-content\/uploads\/sites\/21\/2021\/01\/0-Logo-OFICT-couleur-ombre-grand.png\",\"contentUrl\":\"https:\/\/syndicoop.fr\/ofict\/wp-content\/uploads\/sites\/21\/2021\/01\/0-Logo-OFICT-couleur-ombre-grand.png\",\"width\":853,\"height\":626,\"caption\":\"ofict-cgt\"},\"image\":{\"@id\":\"https:\/\/syndicoop.fr\/ofict\/#\/schema\/logo\/image\/\"},\"sameAs\":[\"https:\/\/www.facebook.com\/ofictcgt\",\"https:\/\/x.com\/ofictcgt\",\"https:\/\/www.youtube.com\/channel\/UCuspFuV1HGEF1weXxpWVKtQ\"]},{\"@type\":\"Person\",\"@id\":\"https:\/\/syndicoop.fr\/ofict\/#\/schema\/person\/07d75f9ed6a81f39b34612f708ec0c53\",\"name\":\"Th\u00e9r\u00e8se HECQ-RIVI\u00c8RE\",\"image\":{\"@type\":\"ImageObject\",\"inLanguage\":\"fr-FR\",\"@id\":\"https:\/\/syndicoop.fr\/ofict\/#\/schema\/person\/image\/\",\"url\":\"\/\/www.gravatar.com\/avatar\/b0f53d935f571dd4ec2b133fc7cd8970?s=96&#038;r=g&#038;d=mm\",\"contentUrl\":\"\/\/www.gravatar.com\/avatar\/b0f53d935f571dd4ec2b133fc7cd8970?s=96&#038;r=g&#038;d=mm\",\"caption\":\"Th\u00e9r\u00e8se HECQ-RIVI\u00c8RE\"}}]}<\/script>\n<!-- \/ Yoast SEO plugin. -->","yoast_head_json":{"title":"Guide pratique de l\u2019entretien d\u2019\u00e9valuation - OFICT-CGT Equipement-Environnement","description":"Que vous soyez en situation d\u2019\u00e9valuer ou d\u2019\u00eatre \u00e9valu\u00e9\u00b7e, ce guide r\u00e9pond \u00e0 toutes vos questions.","robots":{"index":"index","follow":"follow","max-snippet":"max-snippet:-1","max-image-preview":"max-image-preview:large","max-video-preview":"max-video-preview:-1"},"canonical":"https:\/\/syndicoop.fr\/ofict\/guide-pratique-de-lentretien-devaluation\/","og_locale":"fr_FR","og_type":"article","og_title":"Guide pratique de l\u2019entretien d\u2019\u00e9valuation - OFICT-CGT Equipement-Environnement","og_description":"Que vous soyez en situation d\u2019\u00e9valuer ou d\u2019\u00eatre \u00e9valu\u00e9\u00b7e, ce guide r\u00e9pond \u00e0 toutes vos questions.","og_url":"https:\/\/syndicoop.fr\/ofict\/guide-pratique-de-lentretien-devaluation\/","og_site_name":"OFICT-CGT Equipement-Environnement","article_publisher":"https:\/\/www.facebook.com\/ofictcgt","article_published_time":"2021-01-06T13:14:24+00:00","article_modified_time":"2021-01-06T13:47:09+00:00","og_image":[{"width":724,"height":515,"url":"https:\/\/syndicoop.fr\/ofict\/wp-content\/uploads\/sites\/21\/2021\/01\/guide-evaluation.png","type":"image\/png"}],"author":"Th\u00e9r\u00e8se HECQ-RIVI\u00c8RE","twitter_card":"summary_large_image","twitter_creator":"@ofictcgt","twitter_site":"@ofictcgt","twitter_misc":{"\u00c9crit par":"Th\u00e9r\u00e8se HECQ-RIVI\u00c8RE","Dur\u00e9e de lecture estim\u00e9e":"3 minutes"},"schema":{"@context":"https:\/\/schema.org","@graph":[{"@type":"Article","@id":"https:\/\/syndicoop.fr\/ofict\/guide-pratique-de-lentretien-devaluation\/#article","isPartOf":{"@id":"https:\/\/syndicoop.fr\/ofict\/guide-pratique-de-lentretien-devaluation\/"},"author":{"name":"Th\u00e9r\u00e8se HECQ-RIVI\u00c8RE","@id":"https:\/\/syndicoop.fr\/ofict\/#\/schema\/person\/07d75f9ed6a81f39b34612f708ec0c53"},"headline":"Guide pratique de l\u2019entretien d\u2019\u00e9valuation","datePublished":"2021-01-06T13:14:24+00:00","dateModified":"2021-01-06T13:47:09+00:00","mainEntityOfPage":{"@id":"https:\/\/syndicoop.fr\/ofict\/guide-pratique-de-lentretien-devaluation\/"},"wordCount":566,"commentCount":0,"publisher":{"@id":"https:\/\/syndicoop.fr\/ofict\/#organization"},"image":{"@id":"https:\/\/syndicoop.fr\/ofict\/guide-pratique-de-lentretien-devaluation\/#primaryimage"},"thumbnailUrl":"https:\/\/syndicoop.fr\/ofict\/wp-content\/uploads\/sites\/21\/2021\/01\/guide-evaluation.png","keywords":["Encadrement","entretien d'\u00e9valuation"],"articleSection":["Actus"],"inLanguage":"fr-FR","potentialAction":[{"@type":"CommentAction","name":"Comment","target":["https:\/\/syndicoop.fr\/ofict\/guide-pratique-de-lentretien-devaluation\/#respond"]}]},{"@type":"WebPage","@id":"https:\/\/syndicoop.fr\/ofict\/guide-pratique-de-lentretien-devaluation\/","url":"https:\/\/syndicoop.fr\/ofict\/guide-pratique-de-lentretien-devaluation\/","name":"Guide pratique de l\u2019entretien d\u2019\u00e9valuation - OFICT-CGT Equipement-Environnement","isPartOf":{"@id":"https:\/\/syndicoop.fr\/ofict\/#website"},"primaryImageOfPage":{"@id":"https:\/\/syndicoop.fr\/ofict\/guide-pratique-de-lentretien-devaluation\/#primaryimage"},"image":{"@id":"https:\/\/syndicoop.fr\/ofict\/guide-pratique-de-lentretien-devaluation\/#primaryimage"},"thumbnailUrl":"https:\/\/syndicoop.fr\/ofict\/wp-content\/uploads\/sites\/21\/2021\/01\/guide-evaluation.png","datePublished":"2021-01-06T13:14:24+00:00","dateModified":"2021-01-06T13:47:09+00:00","description":"Que vous soyez en situation d\u2019\u00e9valuer ou d\u2019\u00eatre \u00e9valu\u00e9\u00b7e, ce guide r\u00e9pond \u00e0 toutes vos questions.","breadcrumb":{"@id":"https:\/\/syndicoop.fr\/ofict\/guide-pratique-de-lentretien-devaluation\/#breadcrumb"},"inLanguage":"fr-FR","potentialAction":[{"@type":"ReadAction","target":["https:\/\/syndicoop.fr\/ofict\/guide-pratique-de-lentretien-devaluation\/"]}]},{"@type":"ImageObject","inLanguage":"fr-FR","@id":"https:\/\/syndicoop.fr\/ofict\/guide-pratique-de-lentretien-devaluation\/#primaryimage","url":"https:\/\/syndicoop.fr\/ofict\/wp-content\/uploads\/sites\/21\/2021\/01\/guide-evaluation.png","contentUrl":"https:\/\/syndicoop.fr\/ofict\/wp-content\/uploads\/sites\/21\/2021\/01\/guide-evaluation.png","width":724,"height":515},{"@type":"BreadcrumbList","@id":"https:\/\/syndicoop.fr\/ofict\/guide-pratique-de-lentretien-devaluation\/#breadcrumb","itemListElement":[{"@type":"ListItem","position":1,"name":"Accueil","item":"https:\/\/syndicoop.fr\/ofict\/"},{"@type":"ListItem","position":2,"name":"Guide pratique de l\u2019entretien d\u2019\u00e9valuation"}]},{"@type":"WebSite","@id":"https:\/\/syndicoop.fr\/ofict\/#website","url":"https:\/\/syndicoop.fr\/ofict\/","name":"OFICT-CGT Equipement-Environnement","description":"avec Syndicoop.fr, plateforme syndicale et coop\u00e9rative","publisher":{"@id":"https:\/\/syndicoop.fr\/ofict\/#organization"},"potentialAction":[{"@type":"SearchAction","target":{"@type":"EntryPoint","urlTemplate":"https:\/\/syndicoop.fr\/ofict\/?s={search_term_string}"},"query-input":{"@type":"PropertyValueSpecification","valueRequired":true,"valueName":"search_term_string"}}],"inLanguage":"fr-FR"},{"@type":"Organization","@id":"https:\/\/syndicoop.fr\/ofict\/#organization","name":"ofict-cgt","url":"https:\/\/syndicoop.fr\/ofict\/","logo":{"@type":"ImageObject","inLanguage":"fr-FR","@id":"https:\/\/syndicoop.fr\/ofict\/#\/schema\/logo\/image\/","url":"https:\/\/syndicoop.fr\/ofict\/wp-content\/uploads\/sites\/21\/2021\/01\/0-Logo-OFICT-couleur-ombre-grand.png","contentUrl":"https:\/\/syndicoop.fr\/ofict\/wp-content\/uploads\/sites\/21\/2021\/01\/0-Logo-OFICT-couleur-ombre-grand.png","width":853,"height":626,"caption":"ofict-cgt"},"image":{"@id":"https:\/\/syndicoop.fr\/ofict\/#\/schema\/logo\/image\/"},"sameAs":["https:\/\/www.facebook.com\/ofictcgt","https:\/\/x.com\/ofictcgt","https:\/\/www.youtube.com\/channel\/UCuspFuV1HGEF1weXxpWVKtQ"]},{"@type":"Person","@id":"https:\/\/syndicoop.fr\/ofict\/#\/schema\/person\/07d75f9ed6a81f39b34612f708ec0c53","name":"Th\u00e9r\u00e8se HECQ-RIVI\u00c8RE","image":{"@type":"ImageObject","inLanguage":"fr-FR","@id":"https:\/\/syndicoop.fr\/ofict\/#\/schema\/person\/image\/","url":"\/\/www.gravatar.com\/avatar\/b0f53d935f571dd4ec2b133fc7cd8970?s=96&#038;r=g&#038;d=mm","contentUrl":"\/\/www.gravatar.com\/avatar\/b0f53d935f571dd4ec2b133fc7cd8970?s=96&#038;r=g&#038;d=mm","caption":"Th\u00e9r\u00e8se HECQ-RIVI\u00c8RE"}}]}},"_links":{"self":[{"href":"https:\/\/syndicoop.fr\/ofict\/wp-json\/wp\/v2\/posts\/5681","targetHints":{"allow":["GET"]}}],"collection":[{"href":"https:\/\/syndicoop.fr\/ofict\/wp-json\/wp\/v2\/posts"}],"about":[{"href":"https:\/\/syndicoop.fr\/ofict\/wp-json\/wp\/v2\/types\/post"}],"author":[{"embeddable":true,"href":"https:\/\/syndicoop.fr\/ofict\/wp-json\/wp\/v2\/users\/1491"}],"replies":[{"embeddable":true,"href":"https:\/\/syndicoop.fr\/ofict\/wp-json\/wp\/v2\/comments?post=5681"}],"version-history":[{"count":0,"href":"https:\/\/syndicoop.fr\/ofict\/wp-json\/wp\/v2\/posts\/5681\/revisions"}],"wp:featuredmedia":[{"embeddable":true,"href":"https:\/\/syndicoop.fr\/ofict\/wp-json\/wp\/v2\/media\/5689"}],"wp:attachment":[{"href":"https:\/\/syndicoop.fr\/ofict\/wp-json\/wp\/v2\/media?parent=5681"}],"wp:term":[{"taxonomy":"category","embeddable":true,"href":"https:\/\/syndicoop.fr\/ofict\/wp-json\/wp\/v2\/categories?post=5681"},{"taxonomy":"post_tag","embeddable":true,"href":"https:\/\/syndicoop.fr\/ofict\/wp-json\/wp\/v2\/tags?post=5681"}],"curies":[{"name":"wp","href":"https:\/\/api.w.org\/{rel}","templated":true}]}}