{"id":5899,"date":"2021-06-04T16:25:10","date_gmt":"2021-06-04T14:25:10","guid":{"rendered":"https:\/\/syndicoop.fr\/ofict\/?p=5899"},"modified":"2021-06-04T16:25:10","modified_gmt":"2021-06-04T14:25:10","slug":"teletravail-10-propositions-pour-lencadrer","status":"publish","type":"post","link":"https:\/\/syndicoop.fr\/ofict\/teletravail-10-propositions-pour-lencadrer\/","title":{"rendered":"T\u00e9l\u00e9travail : 10 propositions pour l\u2019encadrer"},"content":{"rendered":"<p>Avec la crise sanitaire, la mutation du travail s&rsquo;est acc\u00e9l\u00e9r\u00e9e. Nos employeurs ont modifi\u00e9 unilat\u00e9ralement nos conditions de travail. Il en a r\u00e9sult\u00e9 une extension massive du travail \u00e0 distance ou encore \u00e0 domicile, impactant profond\u00e9ment le travail de l&rsquo;encadrement. Nous n&rsquo;avons pas v\u00e9cu cette situation de la m\u00eame mani\u00e8re. <strong>Il convient de passer du travail en mode d\u00e9grad\u00e9 au t\u00e9l\u00e9travail n\u00e9goci\u00e9.<\/strong><br \/>\nLes n\u00e9gociations fonction publique doivent se terminer avant cet \u00e9t\u00e9. Elles seront suivies de n\u00e9gociations minist\u00e9rielles. La prise en compte des aspirations des agent\u00b7es, la r\u00e9affirmation des responsabilit\u00e9s de l\u2019employeur, le r\u00f4le des syndicats et les conditions de r\u00e9alisation des missions de service public en sont les principaux enjeux<\/p>\n<p><!--more--><\/p>\n<h2>1. UN ACCES AU T\u00c9L\u00c9TRAVAIL POUR TOUTES LES CATEGORIES<\/h2>\n<p>Les encadrant.es, comme les autres personnels, doivent avoir acc\u00e8s au t\u00e9l\u00e9travail. Les t\u00e2ches non-t\u00e9l\u00e9travaillables doivent \u00eatre identifi\u00e9es sur toutes les fiches de postes.<\/p>\n<h2>2.\u00a0UNE FORMATION\u00a0INDISPENSABLE\u00a0DES ENCADRANT.S ET DU COLLECTIF DE TRAVAIL<\/h2>\n<p>En distanciel ou de mani\u00e8re mixte, les pratiques \u00e9voluent et cela s&rsquo;apprend.<\/p>\n<h2>3. UN TEMPS DE TRAVAIL ENCADR\u00c9<\/h2>\n<p>Seul un d\u00e9compte horaire effectif du temps de travail, quelle que soit la modalit\u00e9, y compris en forfait-jour, permet de veiller au respect les garanties minimales. Il permet \u00e9galement de faire valoir ses heures travaill\u00e9es, contrairement \u00e0 la forfaitisation en t\u00e9l\u00e9travail. Un \u00e9quilibre doit \u00eatre trouv\u00e9 entre plages de joignabilit\u00e9 et autonomie d&rsquo;organisation du travail.\u00a0 Articuler vie professionnelle et vie personnelle n\u00e9cessite un droit \u00e0 la d\u00e9connexion.\u00a0En cas de d\u00e9rives r\u00e9p\u00e9t\u00e9es sur le temps de travail, le CHSCT doit \u00eatre alert\u00e9.<\/p>\n<p><strong>L&rsquo;OFICT-CGT R\u00c9AFFIRME L&rsquo;EXIGENCE D&rsquo;UNE N\u00c9GOCIATION D&rsquo;UN DROIT EFFECTIF \u00c0 LA D\u00c9CONNEXION !<\/strong><\/p>\n<h2>4. TRANSFORMER LE MANAGEMENT\u00a0POUR AMELIORER LE TRAVAIL<\/h2>\n<p>Articuler l&rsquo;animation, le contr\u00f4le et la confiance dans son \u00e9quipe, susciter les contributions, donner \u00e0 l&rsquo;encadrement les moyens d&rsquo;exercer ses responsabilit\u00e9s doivent primer sur le reporting et le management descendant.<\/p>\n<h2>5. EVALUER\u00a0ET\u00a0ENCADRER LA\u00a0CHARGE DE TRAVAIL<\/h2>\n<p>L&rsquo;entretien professionnel doit imp\u00e9rativement donner lieu \u00e0<br \/>\nune \u00e9valuation de la charge de travail.<\/p>\n<h2>6. BESOIN D&rsquo;UNE PR\u00c9VENTION ADAPT\u00c9E<\/h2>\n<p>L&#8217;employeur reste responsable de la sant\u00e9 physique et mentale de tous ses personnels, m\u00eame en t\u00e9l\u00e9travail : il doit organiser une pr\u00e9vention sp\u00e9cifique et des formations permettant aux cadres l&rsquo;exercice de leurs responsabilit\u00e9s.<\/p>\n<h2>7. POUR QUE LE TELETRAVAIL RIME AVEC EGALITE PROFESSIONNELLE<\/h2>\n<p>L&rsquo;\u00e9galit\u00e9 professionnelle et la lutte contre les discriminations doivent \u00eatre au centre des pr\u00e9occupations manag\u00e9riales et de l\u2019employeur. Le t\u00e9l\u00e9travail n&rsquo;est pas compatible avec la garde simultan\u00e9e d&rsquo;enfants non autonomes.\u00a0En cas de violences intrafamiliales en t\u00e9l\u00e9travail, l&#8217;employeur doit intervenir imm\u00e9diatement.<\/p>\n<h2>8.\u00a0RESPONSABILITES ET DEVOIRS DE L&rsquo;EMPLOYEUR<\/h2>\n<p>Le t\u00e9l\u00e9travail reste du travail : le t\u00e9l\u00e9travailleur est un travailleur comme les autres. Cela implique notamment la prise en charge des frais et mat\u00e9riels li\u00e9s au travail.<\/p>\n<h2>9.\u00a0GARANTIR LES DROITS SOCIAUX ET SYNDICAUX<\/h2>\n<p>Les t\u00e9l\u00e9travailleurs b\u00e9n\u00e9ficient des m\u00eames droits que les agent.es en pr\u00e9sentiel.\u00a0Pour qu\u2019ils soient respect\u00e9s, il faut utiliser toutes les possibilit\u00e9s offertes par les techniques d&rsquo;information et de communication.<\/p>\n<h2>10. DIALOGUE SOCIAL<\/h2>\n<p>Les syndicats doivent \u00eatre associ\u00e9s au suivi des demandes de t\u00e9l\u00e9travail, et pouvoir intervenir sur les conditions de sa mise en \u0153uvre.<\/p>\n<p>&nbsp;<\/p>\n<p>L&rsquo;UGICT-CGT et l&rsquo;OFICT-CGT vous ont consult\u00e9 sur le ressenti de votre travail pendant cette crise.<br \/>\nVOUS POUVEZ MAINTENANT PARTICIPER AU BILAN NATIONAL <a href=\"https:\/\/syndicoop.fr\/ofict\/enquete-nationale-sur-le-teletravail-un-an-apres-on-fait-le-bilan\/\">ICI<\/a>\u00a0Pour les n\u00e9gociations annonc\u00e9es, vos r\u00e9ponses nous serviront \u00e0 construire les rep\u00e8res revendicatifs nouveaux<\/p>\n<p>&nbsp;<\/p>\n<blockquote class=\"wp-embedded-content\" data-secret=\"2jdZu5bSzh\"><p><a href=\"https:\/\/luttevirale.fr\/enquete\/rapport\/\">\u00ab&#160;Le travail sous \u00e9pid\u00e9mie&#160;\u00bb&#160;: 100 questions, 34 000 r\u00e9ponses, et 60 propositions pour sortir de la crise<\/a><\/p><\/blockquote>\n<p><iframe loading=\"lazy\" class=\"wp-embedded-content\" sandbox=\"allow-scripts\" security=\"restricted\" style=\"position: absolute; clip: rect(1px, 1px, 1px, 1px);\" title=\"\u00ab\u00a0\u00ab&#160;Le travail sous \u00e9pid\u00e9mie&#160;\u00bb&#160;: 100 questions, 34 000 r\u00e9ponses, et 60 propositions pour sortir de la crise\u00a0\u00bb &#8212; Lutte Virale\" src=\"https:\/\/luttevirale.fr\/enquete\/rapport\/embed\/#?secret=bdI0cWbDzv#?secret=2jdZu5bSzh\" data-secret=\"2jdZu5bSzh\" width=\"500\" height=\"282\" frameborder=\"0\" marginwidth=\"0\" marginheight=\"0\" scrolling=\"no\"><\/iframe><\/p>\n<blockquote class=\"wp-embedded-content\" data-secret=\"6ASnZ6LV7U\"><p><a href=\"https:\/\/syndicoop.fr\/ofict\/teletravail-droit-a-la-deconnexion-et-charges-de-travail\/\">Campagne management #5 T\u00e9l\u00e9travail, droit \u00e0 la d\u00e9connexion et charges de travail<\/a><\/p><\/blockquote>\n<p><iframe loading=\"lazy\" class=\"wp-embedded-content\" sandbox=\"allow-scripts\" security=\"restricted\" style=\"position: absolute; clip: rect(1px, 1px, 1px, 1px);\" title=\"\u00ab\u00a0Campagne management #5 T\u00e9l\u00e9travail, droit \u00e0 la d\u00e9connexion et charges de travail\u00a0\u00bb &#8212; OFICT-CGT Equipement-Environnement\" src=\"https:\/\/syndicoop.fr\/ofict\/teletravail-droit-a-la-deconnexion-et-charges-de-travail\/embed\/#?secret=MwaMayd7l0#?secret=6ASnZ6LV7U\" data-secret=\"6ASnZ6LV7U\" width=\"500\" height=\"282\" frameborder=\"0\" marginwidth=\"0\" marginheight=\"0\" scrolling=\"no\"><\/iframe><\/p>\n<p>&nbsp;<\/p>\n","protected":false},"excerpt":{"rendered":"<p>Avec la crise sanitaire, la mutation du travail s&rsquo;est acc\u00e9l\u00e9r\u00e9e. Nos employeurs ont modifi\u00e9 unilat\u00e9ralement nos conditions de travail. Il en a r\u00e9sult\u00e9 une extension massive du travail \u00e0 distance ou encore \u00e0 domicile, impactant profond\u00e9ment le travail de l&rsquo;encadrement. Nous n&rsquo;avons pas v\u00e9cu cette situation de la m\u00eame mani\u00e8re. Il convient de passer du [&hellip;]<\/p>\n","protected":false},"author":1491,"featured_media":5676,"comment_status":"open","ping_status":"closed","sticky":false,"template":"","format":"standard","meta":{"_acf_changed":false,"footnotes":""},"categories":[1],"tags":[314],"class_list":["post-5899","post","type-post","status-publish","format-standard","has-post-thumbnail","hentry","category-actus","tag-teletravail","featuring-enavant","themes-conditions-de-travail"],"acf":[],"yoast_head":"<!-- This site is optimized with the Yoast SEO plugin v26.3 - https:\/\/yoast.com\/wordpress\/plugins\/seo\/ -->\n<title>T\u00e9l\u00e9travail : 10 propositions pour l\u2019encadrer - OFICT CGT<\/title>\n<meta name=\"description\" content=\"L&#039;OFICT vous propose 10 axes pour encadrer le t\u00e9l\u00e9travail et passer du travail en mode d\u00e9grad\u00e9 au t\u00e9l\u00e9travail n\u00e9goci\u00e9.\" \/>\n<meta name=\"robots\" content=\"index, follow, max-snippet:-1, max-image-preview:large, max-video-preview:-1\" \/>\n<link rel=\"canonical\" href=\"https:\/\/syndicoop.fr\/ofict\/teletravail-10-propositions-pour-lencadrer\/\" \/>\n<meta property=\"og:locale\" content=\"fr_FR\" \/>\n<meta property=\"og:type\" content=\"article\" \/>\n<meta property=\"og:title\" content=\"T\u00e9l\u00e9travail : 10 propositions pour l\u2019encadrer - OFICT CGT\" \/>\n<meta property=\"og:description\" content=\"L&#039;OFICT vous propose 10 axes pour encadrer le t\u00e9l\u00e9travail et passer du travail en mode d\u00e9grad\u00e9 au t\u00e9l\u00e9travail n\u00e9goci\u00e9.\" \/>\n<meta property=\"og:url\" content=\"https:\/\/syndicoop.fr\/ofict\/teletravail-10-propositions-pour-lencadrer\/\" \/>\n<meta property=\"og:site_name\" content=\"OFICT-CGT Equipement-Environnement\" \/>\n<meta property=\"article:publisher\" content=\"https:\/\/www.facebook.com\/ofictcgt\" \/>\n<meta property=\"article:published_time\" content=\"2021-06-04T14:25:10+00:00\" \/>\n<meta property=\"og:image\" content=\"https:\/\/syndicoop.fr\/ofict\/wp-content\/uploads\/sites\/21\/2020\/12\/smgtvepind4-1024x768-1.jpg\" \/>\n\t<meta property=\"og:image:width\" content=\"1024\" \/>\n\t<meta property=\"og:image:height\" content=\"768\" \/>\n\t<meta property=\"og:image:type\" content=\"image\/jpeg\" \/>\n<meta name=\"author\" content=\"Th\u00e9r\u00e8se HECQ-RIVI\u00c8RE\" \/>\n<meta name=\"twitter:card\" content=\"summary_large_image\" \/>\n<meta name=\"twitter:creator\" content=\"@ofictcgt\" \/>\n<meta name=\"twitter:site\" content=\"@ofictcgt\" \/>\n<meta name=\"twitter:label1\" content=\"\u00c9crit par\" \/>\n\t<meta name=\"twitter:data1\" content=\"Th\u00e9r\u00e8se HECQ-RIVI\u00c8RE\" \/>\n\t<meta name=\"twitter:label2\" content=\"Dur\u00e9e de lecture estim\u00e9e\" \/>\n\t<meta name=\"twitter:data2\" content=\"3 minutes\" \/>\n<script type=\"application\/ld+json\" class=\"yoast-schema-graph\">{\"@context\":\"https:\/\/schema.org\",\"@graph\":[{\"@type\":\"Article\",\"@id\":\"https:\/\/syndicoop.fr\/ofict\/teletravail-10-propositions-pour-lencadrer\/#article\",\"isPartOf\":{\"@id\":\"https:\/\/syndicoop.fr\/ofict\/teletravail-10-propositions-pour-lencadrer\/\"},\"author\":{\"name\":\"Th\u00e9r\u00e8se HECQ-RIVI\u00c8RE\",\"@id\":\"https:\/\/syndicoop.fr\/ofict\/#\/schema\/person\/07d75f9ed6a81f39b34612f708ec0c53\"},\"headline\":\"T\u00e9l\u00e9travail : 10 propositions pour l\u2019encadrer\",\"datePublished\":\"2021-06-04T14:25:10+00:00\",\"mainEntityOfPage\":{\"@id\":\"https:\/\/syndicoop.fr\/ofict\/teletravail-10-propositions-pour-lencadrer\/\"},\"wordCount\":636,\"commentCount\":1,\"publisher\":{\"@id\":\"https:\/\/syndicoop.fr\/ofict\/#organization\"},\"image\":{\"@id\":\"https:\/\/syndicoop.fr\/ofict\/teletravail-10-propositions-pour-lencadrer\/#primaryimage\"},\"thumbnailUrl\":\"https:\/\/syndicoop.fr\/ofict\/wp-content\/uploads\/sites\/21\/2020\/12\/smgtvepind4-1024x768-1.jpg\",\"keywords\":[\"t\u00e9l\u00e9travail\"],\"articleSection\":[\"Actus\"],\"inLanguage\":\"fr-FR\",\"potentialAction\":[{\"@type\":\"CommentAction\",\"name\":\"Comment\",\"target\":[\"https:\/\/syndicoop.fr\/ofict\/teletravail-10-propositions-pour-lencadrer\/#respond\"]}]},{\"@type\":\"WebPage\",\"@id\":\"https:\/\/syndicoop.fr\/ofict\/teletravail-10-propositions-pour-lencadrer\/\",\"url\":\"https:\/\/syndicoop.fr\/ofict\/teletravail-10-propositions-pour-lencadrer\/\",\"name\":\"T\u00e9l\u00e9travail : 10 propositions pour l\u2019encadrer - OFICT CGT\",\"isPartOf\":{\"@id\":\"https:\/\/syndicoop.fr\/ofict\/#website\"},\"primaryImageOfPage\":{\"@id\":\"https:\/\/syndicoop.fr\/ofict\/teletravail-10-propositions-pour-lencadrer\/#primaryimage\"},\"image\":{\"@id\":\"https:\/\/syndicoop.fr\/ofict\/teletravail-10-propositions-pour-lencadrer\/#primaryimage\"},\"thumbnailUrl\":\"https:\/\/syndicoop.fr\/ofict\/wp-content\/uploads\/sites\/21\/2020\/12\/smgtvepind4-1024x768-1.jpg\",\"datePublished\":\"2021-06-04T14:25:10+00:00\",\"description\":\"L'OFICT vous propose 10 axes pour encadrer le t\u00e9l\u00e9travail et passer du travail en mode d\u00e9grad\u00e9 au t\u00e9l\u00e9travail n\u00e9goci\u00e9.\",\"breadcrumb\":{\"@id\":\"https:\/\/syndicoop.fr\/ofict\/teletravail-10-propositions-pour-lencadrer\/#breadcrumb\"},\"inLanguage\":\"fr-FR\",\"potentialAction\":[{\"@type\":\"ReadAction\",\"target\":[\"https:\/\/syndicoop.fr\/ofict\/teletravail-10-propositions-pour-lencadrer\/\"]}]},{\"@type\":\"ImageObject\",\"inLanguage\":\"fr-FR\",\"@id\":\"https:\/\/syndicoop.fr\/ofict\/teletravail-10-propositions-pour-lencadrer\/#primaryimage\",\"url\":\"https:\/\/syndicoop.fr\/ofict\/wp-content\/uploads\/sites\/21\/2020\/12\/smgtvepind4-1024x768-1.jpg\",\"contentUrl\":\"https:\/\/syndicoop.fr\/ofict\/wp-content\/uploads\/sites\/21\/2020\/12\/smgtvepind4-1024x768-1.jpg\",\"width\":1024,\"height\":768,\"caption\":\"10 propositions pour encadrer le t\u00e9l\u00e9travail\"},{\"@type\":\"BreadcrumbList\",\"@id\":\"https:\/\/syndicoop.fr\/ofict\/teletravail-10-propositions-pour-lencadrer\/#breadcrumb\",\"itemListElement\":[{\"@type\":\"ListItem\",\"position\":1,\"name\":\"Accueil\",\"item\":\"https:\/\/syndicoop.fr\/ofict\/\"},{\"@type\":\"ListItem\",\"position\":2,\"name\":\"T\u00e9l\u00e9travail&#160;: 10 propositions pour l\u2019encadrer\"}]},{\"@type\":\"WebSite\",\"@id\":\"https:\/\/syndicoop.fr\/ofict\/#website\",\"url\":\"https:\/\/syndicoop.fr\/ofict\/\",\"name\":\"OFICT-CGT Equipement-Environnement\",\"description\":\"avec Syndicoop.fr, plateforme syndicale et coop\u00e9rative\",\"publisher\":{\"@id\":\"https:\/\/syndicoop.fr\/ofict\/#organization\"},\"potentialAction\":[{\"@type\":\"SearchAction\",\"target\":{\"@type\":\"EntryPoint\",\"urlTemplate\":\"https:\/\/syndicoop.fr\/ofict\/?s={search_term_string}\"},\"query-input\":{\"@type\":\"PropertyValueSpecification\",\"valueRequired\":true,\"valueName\":\"search_term_string\"}}],\"inLanguage\":\"fr-FR\"},{\"@type\":\"Organization\",\"@id\":\"https:\/\/syndicoop.fr\/ofict\/#organization\",\"name\":\"ofict-cgt\",\"url\":\"https:\/\/syndicoop.fr\/ofict\/\",\"logo\":{\"@type\":\"ImageObject\",\"inLanguage\":\"fr-FR\",\"@id\":\"https:\/\/syndicoop.fr\/ofict\/#\/schema\/logo\/image\/\",\"url\":\"https:\/\/syndicoop.fr\/ofict\/wp-content\/uploads\/sites\/21\/2021\/01\/0-Logo-OFICT-couleur-ombre-grand.png\",\"contentUrl\":\"https:\/\/syndicoop.fr\/ofict\/wp-content\/uploads\/sites\/21\/2021\/01\/0-Logo-OFICT-couleur-ombre-grand.png\",\"width\":853,\"height\":626,\"caption\":\"ofict-cgt\"},\"image\":{\"@id\":\"https:\/\/syndicoop.fr\/ofict\/#\/schema\/logo\/image\/\"},\"sameAs\":[\"https:\/\/www.facebook.com\/ofictcgt\",\"https:\/\/x.com\/ofictcgt\",\"https:\/\/www.youtube.com\/channel\/UCuspFuV1HGEF1weXxpWVKtQ\"]},{\"@type\":\"Person\",\"@id\":\"https:\/\/syndicoop.fr\/ofict\/#\/schema\/person\/07d75f9ed6a81f39b34612f708ec0c53\",\"name\":\"Th\u00e9r\u00e8se HECQ-RIVI\u00c8RE\",\"image\":{\"@type\":\"ImageObject\",\"inLanguage\":\"fr-FR\",\"@id\":\"https:\/\/syndicoop.fr\/ofict\/#\/schema\/person\/image\/\",\"url\":\"\/\/www.gravatar.com\/avatar\/b0f53d935f571dd4ec2b133fc7cd8970?s=96&#038;r=g&#038;d=mm\",\"contentUrl\":\"\/\/www.gravatar.com\/avatar\/b0f53d935f571dd4ec2b133fc7cd8970?s=96&#038;r=g&#038;d=mm\",\"caption\":\"Th\u00e9r\u00e8se HECQ-RIVI\u00c8RE\"}}]}<\/script>\n<!-- \/ Yoast SEO plugin. -->","yoast_head_json":{"title":"T\u00e9l\u00e9travail : 10 propositions pour l\u2019encadrer - OFICT CGT","description":"L'OFICT vous propose 10 axes pour encadrer le t\u00e9l\u00e9travail et passer du travail en mode d\u00e9grad\u00e9 au t\u00e9l\u00e9travail n\u00e9goci\u00e9.","robots":{"index":"index","follow":"follow","max-snippet":"max-snippet:-1","max-image-preview":"max-image-preview:large","max-video-preview":"max-video-preview:-1"},"canonical":"https:\/\/syndicoop.fr\/ofict\/teletravail-10-propositions-pour-lencadrer\/","og_locale":"fr_FR","og_type":"article","og_title":"T\u00e9l\u00e9travail : 10 propositions pour l\u2019encadrer - OFICT CGT","og_description":"L'OFICT vous propose 10 axes pour encadrer le t\u00e9l\u00e9travail et passer du travail en mode d\u00e9grad\u00e9 au t\u00e9l\u00e9travail n\u00e9goci\u00e9.","og_url":"https:\/\/syndicoop.fr\/ofict\/teletravail-10-propositions-pour-lencadrer\/","og_site_name":"OFICT-CGT Equipement-Environnement","article_publisher":"https:\/\/www.facebook.com\/ofictcgt","article_published_time":"2021-06-04T14:25:10+00:00","og_image":[{"width":1024,"height":768,"url":"https:\/\/syndicoop.fr\/ofict\/wp-content\/uploads\/sites\/21\/2020\/12\/smgtvepind4-1024x768-1.jpg","type":"image\/jpeg"}],"author":"Th\u00e9r\u00e8se HECQ-RIVI\u00c8RE","twitter_card":"summary_large_image","twitter_creator":"@ofictcgt","twitter_site":"@ofictcgt","twitter_misc":{"\u00c9crit par":"Th\u00e9r\u00e8se HECQ-RIVI\u00c8RE","Dur\u00e9e de lecture estim\u00e9e":"3 minutes"},"schema":{"@context":"https:\/\/schema.org","@graph":[{"@type":"Article","@id":"https:\/\/syndicoop.fr\/ofict\/teletravail-10-propositions-pour-lencadrer\/#article","isPartOf":{"@id":"https:\/\/syndicoop.fr\/ofict\/teletravail-10-propositions-pour-lencadrer\/"},"author":{"name":"Th\u00e9r\u00e8se HECQ-RIVI\u00c8RE","@id":"https:\/\/syndicoop.fr\/ofict\/#\/schema\/person\/07d75f9ed6a81f39b34612f708ec0c53"},"headline":"T\u00e9l\u00e9travail : 10 propositions pour l\u2019encadrer","datePublished":"2021-06-04T14:25:10+00:00","mainEntityOfPage":{"@id":"https:\/\/syndicoop.fr\/ofict\/teletravail-10-propositions-pour-lencadrer\/"},"wordCount":636,"commentCount":1,"publisher":{"@id":"https:\/\/syndicoop.fr\/ofict\/#organization"},"image":{"@id":"https:\/\/syndicoop.fr\/ofict\/teletravail-10-propositions-pour-lencadrer\/#primaryimage"},"thumbnailUrl":"https:\/\/syndicoop.fr\/ofict\/wp-content\/uploads\/sites\/21\/2020\/12\/smgtvepind4-1024x768-1.jpg","keywords":["t\u00e9l\u00e9travail"],"articleSection":["Actus"],"inLanguage":"fr-FR","potentialAction":[{"@type":"CommentAction","name":"Comment","target":["https:\/\/syndicoop.fr\/ofict\/teletravail-10-propositions-pour-lencadrer\/#respond"]}]},{"@type":"WebPage","@id":"https:\/\/syndicoop.fr\/ofict\/teletravail-10-propositions-pour-lencadrer\/","url":"https:\/\/syndicoop.fr\/ofict\/teletravail-10-propositions-pour-lencadrer\/","name":"T\u00e9l\u00e9travail : 10 propositions pour l\u2019encadrer - OFICT CGT","isPartOf":{"@id":"https:\/\/syndicoop.fr\/ofict\/#website"},"primaryImageOfPage":{"@id":"https:\/\/syndicoop.fr\/ofict\/teletravail-10-propositions-pour-lencadrer\/#primaryimage"},"image":{"@id":"https:\/\/syndicoop.fr\/ofict\/teletravail-10-propositions-pour-lencadrer\/#primaryimage"},"thumbnailUrl":"https:\/\/syndicoop.fr\/ofict\/wp-content\/uploads\/sites\/21\/2020\/12\/smgtvepind4-1024x768-1.jpg","datePublished":"2021-06-04T14:25:10+00:00","description":"L'OFICT vous propose 10 axes pour encadrer le t\u00e9l\u00e9travail et passer du travail en mode d\u00e9grad\u00e9 au t\u00e9l\u00e9travail n\u00e9goci\u00e9.","breadcrumb":{"@id":"https:\/\/syndicoop.fr\/ofict\/teletravail-10-propositions-pour-lencadrer\/#breadcrumb"},"inLanguage":"fr-FR","potentialAction":[{"@type":"ReadAction","target":["https:\/\/syndicoop.fr\/ofict\/teletravail-10-propositions-pour-lencadrer\/"]}]},{"@type":"ImageObject","inLanguage":"fr-FR","@id":"https:\/\/syndicoop.fr\/ofict\/teletravail-10-propositions-pour-lencadrer\/#primaryimage","url":"https:\/\/syndicoop.fr\/ofict\/wp-content\/uploads\/sites\/21\/2020\/12\/smgtvepind4-1024x768-1.jpg","contentUrl":"https:\/\/syndicoop.fr\/ofict\/wp-content\/uploads\/sites\/21\/2020\/12\/smgtvepind4-1024x768-1.jpg","width":1024,"height":768,"caption":"10 propositions pour encadrer le t\u00e9l\u00e9travail"},{"@type":"BreadcrumbList","@id":"https:\/\/syndicoop.fr\/ofict\/teletravail-10-propositions-pour-lencadrer\/#breadcrumb","itemListElement":[{"@type":"ListItem","position":1,"name":"Accueil","item":"https:\/\/syndicoop.fr\/ofict\/"},{"@type":"ListItem","position":2,"name":"T\u00e9l\u00e9travail&#160;: 10 propositions pour l\u2019encadrer"}]},{"@type":"WebSite","@id":"https:\/\/syndicoop.fr\/ofict\/#website","url":"https:\/\/syndicoop.fr\/ofict\/","name":"OFICT-CGT Equipement-Environnement","description":"avec Syndicoop.fr, plateforme syndicale et coop\u00e9rative","publisher":{"@id":"https:\/\/syndicoop.fr\/ofict\/#organization"},"potentialAction":[{"@type":"SearchAction","target":{"@type":"EntryPoint","urlTemplate":"https:\/\/syndicoop.fr\/ofict\/?s={search_term_string}"},"query-input":{"@type":"PropertyValueSpecification","valueRequired":true,"valueName":"search_term_string"}}],"inLanguage":"fr-FR"},{"@type":"Organization","@id":"https:\/\/syndicoop.fr\/ofict\/#organization","name":"ofict-cgt","url":"https:\/\/syndicoop.fr\/ofict\/","logo":{"@type":"ImageObject","inLanguage":"fr-FR","@id":"https:\/\/syndicoop.fr\/ofict\/#\/schema\/logo\/image\/","url":"https:\/\/syndicoop.fr\/ofict\/wp-content\/uploads\/sites\/21\/2021\/01\/0-Logo-OFICT-couleur-ombre-grand.png","contentUrl":"https:\/\/syndicoop.fr\/ofict\/wp-content\/uploads\/sites\/21\/2021\/01\/0-Logo-OFICT-couleur-ombre-grand.png","width":853,"height":626,"caption":"ofict-cgt"},"image":{"@id":"https:\/\/syndicoop.fr\/ofict\/#\/schema\/logo\/image\/"},"sameAs":["https:\/\/www.facebook.com\/ofictcgt","https:\/\/x.com\/ofictcgt","https:\/\/www.youtube.com\/channel\/UCuspFuV1HGEF1weXxpWVKtQ"]},{"@type":"Person","@id":"https:\/\/syndicoop.fr\/ofict\/#\/schema\/person\/07d75f9ed6a81f39b34612f708ec0c53","name":"Th\u00e9r\u00e8se HECQ-RIVI\u00c8RE","image":{"@type":"ImageObject","inLanguage":"fr-FR","@id":"https:\/\/syndicoop.fr\/ofict\/#\/schema\/person\/image\/","url":"\/\/www.gravatar.com\/avatar\/b0f53d935f571dd4ec2b133fc7cd8970?s=96&#038;r=g&#038;d=mm","contentUrl":"\/\/www.gravatar.com\/avatar\/b0f53d935f571dd4ec2b133fc7cd8970?s=96&#038;r=g&#038;d=mm","caption":"Th\u00e9r\u00e8se HECQ-RIVI\u00c8RE"}}]}},"_links":{"self":[{"href":"https:\/\/syndicoop.fr\/ofict\/wp-json\/wp\/v2\/posts\/5899","targetHints":{"allow":["GET"]}}],"collection":[{"href":"https:\/\/syndicoop.fr\/ofict\/wp-json\/wp\/v2\/posts"}],"about":[{"href":"https:\/\/syndicoop.fr\/ofict\/wp-json\/wp\/v2\/types\/post"}],"author":[{"embeddable":true,"href":"https:\/\/syndicoop.fr\/ofict\/wp-json\/wp\/v2\/users\/1491"}],"replies":[{"embeddable":true,"href":"https:\/\/syndicoop.fr\/ofict\/wp-json\/wp\/v2\/comments?post=5899"}],"version-history":[{"count":0,"href":"https:\/\/syndicoop.fr\/ofict\/wp-json\/wp\/v2\/posts\/5899\/revisions"}],"wp:featuredmedia":[{"embeddable":true,"href":"https:\/\/syndicoop.fr\/ofict\/wp-json\/wp\/v2\/media\/5676"}],"wp:attachment":[{"href":"https:\/\/syndicoop.fr\/ofict\/wp-json\/wp\/v2\/media?parent=5899"}],"wp:term":[{"taxonomy":"category","embeddable":true,"href":"https:\/\/syndicoop.fr\/ofict\/wp-json\/wp\/v2\/categories?post=5899"},{"taxonomy":"post_tag","embeddable":true,"href":"https:\/\/syndicoop.fr\/ofict\/wp-json\/wp\/v2\/tags?post=5899"}],"curies":[{"name":"wp","href":"https:\/\/api.w.org\/{rel}","templated":true}]}}