{"id":6254,"date":"2024-03-22T15:57:12","date_gmt":"2024-03-22T14:57:12","guid":{"rendered":"https:\/\/syndicoop.fr\/ofict\/?p=6254"},"modified":"2025-02-14T17:29:55","modified_gmt":"2025-02-14T16:29:55","slug":"ldg-promotions-comment-remettre-du-collectif-dans-la-gestion-de-carriere-des-agent-es","status":"publish","type":"post","link":"https:\/\/syndicoop.fr\/ofict\/ldg-promotions-comment-remettre-du-collectif-dans-la-gestion-de-carriere-des-agent-es\/","title":{"rendered":"LDG Promotions : Comment remettre du collectif dans la gestion de carri\u00e8re des agent.es ?"},"content":{"rendered":"<p>Voici le premier volet du guide l\u2019Ofict-CGT concernant les Lignes Directrices de Gestion appliqu\u00e9es aux promotions.<br \/>\nCe guide destin\u00e9 \u00e0 tous les personnels et notamment aux encadrant.es, vise \u00e0 rappeler les r\u00e8gles en cours, donner des rep\u00e8res et des conseils. C\u2019est aussi un outil de contact en cas de difficult\u00e9s. Nous le voulons utile pour d\u00e9fendre vos souhaits de carri\u00e8re face \u00e0 un syst\u00e8me o\u00f9 l\u2019opacit\u00e9 a remplac\u00e9 le cadre collectif et la transparence des d\u00e9cisions prises en CAP de promotion et mutation.<\/p>\n<p>Dans ce guide vous allez retrouver :<\/p>\n<ul>\n<li>Le processus promotion : les dates clefs et les acteurs \u00e0 contacter<\/li>\n<li>Les recours<\/li>\n<li>Focus sur le comit\u00e9 de domaine<\/li>\n<\/ul>\n<p>&nbsp;<\/p>\n<h3 style=\"text-align: center;\">T\u00e9l\u00e9chargez le guide LDG Promotions :\u00a0 \u00a0<a href=\"https:\/\/syndicoop.fr\/ofict\/wp-content\/uploads\/sites\/21\/2024\/03\/ofict_cgt_guide_ldg_promos.pdf\">ofict_cgt_guide_ldg_promos<\/a><\/h3>\n","protected":false},"excerpt":{"rendered":"<p>Voici le premier volet du guide l\u2019Ofict-CGT concernant les Lignes Directrices de Gestion appliqu\u00e9es aux promotions. Ce guide destin\u00e9 \u00e0 tous les personnels et notamment aux encadrant.es, vise \u00e0 rappeler les r\u00e8gles en cours, donner des rep\u00e8res et des conseils. C\u2019est aussi un outil de contact en cas de difficult\u00e9s. Nous le voulons utile pour [&hellip;]<\/p>\n","protected":false},"author":1491,"featured_media":6256,"comment_status":"open","ping_status":"closed","sticky":false,"template":"","format":"standard","meta":{"_acf_changed":false,"footnotes":""},"categories":[382],"tags":[316,103],"class_list":["post-6254","post","type-post","status-publish","format-standard","has-post-thumbnail","hentry","category-ofict","tag-ldg","tag-promotion","featuring-enavant","themes-remuneration-carriere-ldg","documents-guides"],"acf":[],"yoast_head":"<!-- This site is optimized with the Yoast SEO plugin v26.3 - https:\/\/yoast.com\/wordpress\/plugins\/seo\/ -->\n<title>LDG Promotions : Comment remettre du collectif dans la gestion de carri\u00e8re des agent.es ? OFICT<\/title>\n<meta name=\"description\" content=\"Ce guide destin\u00e9 \u00e0 tous les personnels et notamment aux encadrant.es, vise \u00e0 rappeler les r\u00e8gles en cours, donner des rep\u00e8res et des conseils pour d\u00e9fendre vos souhaits de carri\u00e8re face \u00e0 un syst\u00e8me o\u00f9 l\u2019opacit\u00e9 a remplac\u00e9 le cadre collectif et la transparence des d\u00e9cisions prises en CAP de promotion et mutation.\" \/>\n<meta name=\"robots\" content=\"index, follow, max-snippet:-1, max-image-preview:large, max-video-preview:-1\" \/>\n<link rel=\"canonical\" href=\"https:\/\/syndicoop.fr\/ofict\/ldg-promotions-comment-remettre-du-collectif-dans-la-gestion-de-carriere-des-agent-es\/\" \/>\n<meta property=\"og:locale\" content=\"fr_FR\" \/>\n<meta property=\"og:type\" content=\"article\" \/>\n<meta property=\"og:title\" content=\"LDG Promotions : Comment remettre du collectif dans la gestion de carri\u00e8re des agent.es ? OFICT\" \/>\n<meta property=\"og:description\" content=\"Ce guide destin\u00e9 \u00e0 tous les personnels et notamment aux encadrant.es, vise \u00e0 rappeler les r\u00e8gles en cours, donner des rep\u00e8res et des conseils pour d\u00e9fendre vos souhaits de carri\u00e8re face \u00e0 un syst\u00e8me o\u00f9 l\u2019opacit\u00e9 a remplac\u00e9 le cadre collectif et la transparence des d\u00e9cisions prises en CAP de promotion et mutation.\" \/>\n<meta property=\"og:url\" content=\"https:\/\/syndicoop.fr\/ofict\/ldg-promotions-comment-remettre-du-collectif-dans-la-gestion-de-carriere-des-agent-es\/\" \/>\n<meta property=\"og:site_name\" content=\"OFICT-CGT Equipement-Environnement\" \/>\n<meta property=\"article:publisher\" content=\"https:\/\/www.facebook.com\/ofictcgt\" \/>\n<meta property=\"article:published_time\" content=\"2024-03-22T14:57:12+00:00\" \/>\n<meta property=\"article:modified_time\" content=\"2025-02-14T16:29:55+00:00\" \/>\n<meta property=\"og:image\" content=\"https:\/\/syndicoop.fr\/ofict\/wp-content\/uploads\/sites\/21\/2024\/03\/2024-03-22_155634.jpg\" \/>\n\t<meta property=\"og:image:width\" content=\"645\" \/>\n\t<meta property=\"og:image:height\" content=\"660\" \/>\n\t<meta property=\"og:image:type\" content=\"image\/jpeg\" \/>\n<meta name=\"author\" content=\"Th\u00e9r\u00e8se HECQ-RIVI\u00c8RE\" \/>\n<meta name=\"twitter:card\" content=\"summary_large_image\" \/>\n<meta name=\"twitter:creator\" content=\"@ofictcgt\" \/>\n<meta name=\"twitter:site\" content=\"@ofictcgt\" \/>\n<meta name=\"twitter:label1\" content=\"\u00c9crit par\" \/>\n\t<meta name=\"twitter:data1\" content=\"Th\u00e9r\u00e8se HECQ-RIVI\u00c8RE\" \/>\n\t<meta name=\"twitter:label2\" content=\"Dur\u00e9e de lecture estim\u00e9e\" \/>\n\t<meta name=\"twitter:data2\" content=\"1 minute\" \/>\n<script type=\"application\/ld+json\" class=\"yoast-schema-graph\">{\"@context\":\"https:\/\/schema.org\",\"@graph\":[{\"@type\":\"Article\",\"@id\":\"https:\/\/syndicoop.fr\/ofict\/ldg-promotions-comment-remettre-du-collectif-dans-la-gestion-de-carriere-des-agent-es\/#article\",\"isPartOf\":{\"@id\":\"https:\/\/syndicoop.fr\/ofict\/ldg-promotions-comment-remettre-du-collectif-dans-la-gestion-de-carriere-des-agent-es\/\"},\"author\":{\"name\":\"Th\u00e9r\u00e8se HECQ-RIVI\u00c8RE\",\"@id\":\"https:\/\/syndicoop.fr\/ofict\/#\/schema\/person\/07d75f9ed6a81f39b34612f708ec0c53\"},\"headline\":\"LDG Promotions : Comment remettre du collectif dans la gestion de carri\u00e8re des agent.es ?\",\"datePublished\":\"2024-03-22T14:57:12+00:00\",\"dateModified\":\"2025-02-14T16:29:55+00:00\",\"mainEntityOfPage\":{\"@id\":\"https:\/\/syndicoop.fr\/ofict\/ldg-promotions-comment-remettre-du-collectif-dans-la-gestion-de-carriere-des-agent-es\/\"},\"wordCount\":144,\"commentCount\":0,\"publisher\":{\"@id\":\"https:\/\/syndicoop.fr\/ofict\/#organization\"},\"image\":{\"@id\":\"https:\/\/syndicoop.fr\/ofict\/ldg-promotions-comment-remettre-du-collectif-dans-la-gestion-de-carriere-des-agent-es\/#primaryimage\"},\"thumbnailUrl\":\"https:\/\/syndicoop.fr\/ofict\/wp-content\/uploads\/sites\/21\/2024\/03\/2024-03-22_155634.jpg\",\"keywords\":[\"LDG\",\"promotion\"],\"articleSection\":[\"Ofict\"],\"inLanguage\":\"fr-FR\",\"potentialAction\":[{\"@type\":\"CommentAction\",\"name\":\"Comment\",\"target\":[\"https:\/\/syndicoop.fr\/ofict\/ldg-promotions-comment-remettre-du-collectif-dans-la-gestion-de-carriere-des-agent-es\/#respond\"]}]},{\"@type\":\"WebPage\",\"@id\":\"https:\/\/syndicoop.fr\/ofict\/ldg-promotions-comment-remettre-du-collectif-dans-la-gestion-de-carriere-des-agent-es\/\",\"url\":\"https:\/\/syndicoop.fr\/ofict\/ldg-promotions-comment-remettre-du-collectif-dans-la-gestion-de-carriere-des-agent-es\/\",\"name\":\"LDG Promotions : Comment remettre du collectif dans la gestion de carri\u00e8re des agent.es ? OFICT\",\"isPartOf\":{\"@id\":\"https:\/\/syndicoop.fr\/ofict\/#website\"},\"primaryImageOfPage\":{\"@id\":\"https:\/\/syndicoop.fr\/ofict\/ldg-promotions-comment-remettre-du-collectif-dans-la-gestion-de-carriere-des-agent-es\/#primaryimage\"},\"image\":{\"@id\":\"https:\/\/syndicoop.fr\/ofict\/ldg-promotions-comment-remettre-du-collectif-dans-la-gestion-de-carriere-des-agent-es\/#primaryimage\"},\"thumbnailUrl\":\"https:\/\/syndicoop.fr\/ofict\/wp-content\/uploads\/sites\/21\/2024\/03\/2024-03-22_155634.jpg\",\"datePublished\":\"2024-03-22T14:57:12+00:00\",\"dateModified\":\"2025-02-14T16:29:55+00:00\",\"description\":\"Ce guide destin\u00e9 \u00e0 tous les personnels et notamment aux encadrant.es, vise \u00e0 rappeler les r\u00e8gles en cours, donner des rep\u00e8res et des conseils pour d\u00e9fendre vos souhaits de carri\u00e8re face \u00e0 un syst\u00e8me o\u00f9 l\u2019opacit\u00e9 a remplac\u00e9 le cadre collectif et la transparence des d\u00e9cisions prises en CAP de promotion et mutation.\",\"breadcrumb\":{\"@id\":\"https:\/\/syndicoop.fr\/ofict\/ldg-promotions-comment-remettre-du-collectif-dans-la-gestion-de-carriere-des-agent-es\/#breadcrumb\"},\"inLanguage\":\"fr-FR\",\"potentialAction\":[{\"@type\":\"ReadAction\",\"target\":[\"https:\/\/syndicoop.fr\/ofict\/ldg-promotions-comment-remettre-du-collectif-dans-la-gestion-de-carriere-des-agent-es\/\"]}]},{\"@type\":\"ImageObject\",\"inLanguage\":\"fr-FR\",\"@id\":\"https:\/\/syndicoop.fr\/ofict\/ldg-promotions-comment-remettre-du-collectif-dans-la-gestion-de-carriere-des-agent-es\/#primaryimage\",\"url\":\"https:\/\/syndicoop.fr\/ofict\/wp-content\/uploads\/sites\/21\/2024\/03\/2024-03-22_155634.jpg\",\"contentUrl\":\"https:\/\/syndicoop.fr\/ofict\/wp-content\/uploads\/sites\/21\/2024\/03\/2024-03-22_155634.jpg\",\"width\":645,\"height\":660},{\"@type\":\"BreadcrumbList\",\"@id\":\"https:\/\/syndicoop.fr\/ofict\/ldg-promotions-comment-remettre-du-collectif-dans-la-gestion-de-carriere-des-agent-es\/#breadcrumb\",\"itemListElement\":[{\"@type\":\"ListItem\",\"position\":1,\"name\":\"Accueil\",\"item\":\"https:\/\/syndicoop.fr\/ofict\/\"},{\"@type\":\"ListItem\",\"position\":2,\"name\":\"LDG Promotions : Comment remettre du collectif dans la gestion de carri\u00e8re des agent.es ?\"}]},{\"@type\":\"WebSite\",\"@id\":\"https:\/\/syndicoop.fr\/ofict\/#website\",\"url\":\"https:\/\/syndicoop.fr\/ofict\/\",\"name\":\"OFICT-CGT Equipement-Environnement\",\"description\":\"avec Syndicoop.fr, plateforme syndicale et coop\u00e9rative\",\"publisher\":{\"@id\":\"https:\/\/syndicoop.fr\/ofict\/#organization\"},\"potentialAction\":[{\"@type\":\"SearchAction\",\"target\":{\"@type\":\"EntryPoint\",\"urlTemplate\":\"https:\/\/syndicoop.fr\/ofict\/?s={search_term_string}\"},\"query-input\":{\"@type\":\"PropertyValueSpecification\",\"valueRequired\":true,\"valueName\":\"search_term_string\"}}],\"inLanguage\":\"fr-FR\"},{\"@type\":\"Organization\",\"@id\":\"https:\/\/syndicoop.fr\/ofict\/#organization\",\"name\":\"ofict-cgt\",\"url\":\"https:\/\/syndicoop.fr\/ofict\/\",\"logo\":{\"@type\":\"ImageObject\",\"inLanguage\":\"fr-FR\",\"@id\":\"https:\/\/syndicoop.fr\/ofict\/#\/schema\/logo\/image\/\",\"url\":\"https:\/\/syndicoop.fr\/ofict\/wp-content\/uploads\/sites\/21\/2021\/01\/0-Logo-OFICT-couleur-ombre-grand.png\",\"contentUrl\":\"https:\/\/syndicoop.fr\/ofict\/wp-content\/uploads\/sites\/21\/2021\/01\/0-Logo-OFICT-couleur-ombre-grand.png\",\"width\":853,\"height\":626,\"caption\":\"ofict-cgt\"},\"image\":{\"@id\":\"https:\/\/syndicoop.fr\/ofict\/#\/schema\/logo\/image\/\"},\"sameAs\":[\"https:\/\/www.facebook.com\/ofictcgt\",\"https:\/\/x.com\/ofictcgt\",\"https:\/\/www.youtube.com\/channel\/UCuspFuV1HGEF1weXxpWVKtQ\"]},{\"@type\":\"Person\",\"@id\":\"https:\/\/syndicoop.fr\/ofict\/#\/schema\/person\/07d75f9ed6a81f39b34612f708ec0c53\",\"name\":\"Th\u00e9r\u00e8se HECQ-RIVI\u00c8RE\",\"image\":{\"@type\":\"ImageObject\",\"inLanguage\":\"fr-FR\",\"@id\":\"https:\/\/syndicoop.fr\/ofict\/#\/schema\/person\/image\/\",\"url\":\"\/\/www.gravatar.com\/avatar\/b0f53d935f571dd4ec2b133fc7cd8970?s=96&#038;r=g&#038;d=mm\",\"contentUrl\":\"\/\/www.gravatar.com\/avatar\/b0f53d935f571dd4ec2b133fc7cd8970?s=96&#038;r=g&#038;d=mm\",\"caption\":\"Th\u00e9r\u00e8se HECQ-RIVI\u00c8RE\"}}]}<\/script>\n<!-- \/ Yoast SEO plugin. -->","yoast_head_json":{"title":"LDG Promotions : Comment remettre du collectif dans la gestion de carri\u00e8re des agent.es ? OFICT","description":"Ce guide destin\u00e9 \u00e0 tous les personnels et notamment aux encadrant.es, vise \u00e0 rappeler les r\u00e8gles en cours, donner des rep\u00e8res et des conseils pour d\u00e9fendre vos souhaits de carri\u00e8re face \u00e0 un syst\u00e8me o\u00f9 l\u2019opacit\u00e9 a remplac\u00e9 le cadre collectif et la transparence des d\u00e9cisions prises en CAP de promotion et mutation.","robots":{"index":"index","follow":"follow","max-snippet":"max-snippet:-1","max-image-preview":"max-image-preview:large","max-video-preview":"max-video-preview:-1"},"canonical":"https:\/\/syndicoop.fr\/ofict\/ldg-promotions-comment-remettre-du-collectif-dans-la-gestion-de-carriere-des-agent-es\/","og_locale":"fr_FR","og_type":"article","og_title":"LDG Promotions : Comment remettre du collectif dans la gestion de carri\u00e8re des agent.es ? OFICT","og_description":"Ce guide destin\u00e9 \u00e0 tous les personnels et notamment aux encadrant.es, vise \u00e0 rappeler les r\u00e8gles en cours, donner des rep\u00e8res et des conseils pour d\u00e9fendre vos souhaits de carri\u00e8re face \u00e0 un syst\u00e8me o\u00f9 l\u2019opacit\u00e9 a remplac\u00e9 le cadre collectif et la transparence des d\u00e9cisions prises en CAP de promotion et mutation.","og_url":"https:\/\/syndicoop.fr\/ofict\/ldg-promotions-comment-remettre-du-collectif-dans-la-gestion-de-carriere-des-agent-es\/","og_site_name":"OFICT-CGT Equipement-Environnement","article_publisher":"https:\/\/www.facebook.com\/ofictcgt","article_published_time":"2024-03-22T14:57:12+00:00","article_modified_time":"2025-02-14T16:29:55+00:00","og_image":[{"width":645,"height":660,"url":"https:\/\/syndicoop.fr\/ofict\/wp-content\/uploads\/sites\/21\/2024\/03\/2024-03-22_155634.jpg","type":"image\/jpeg"}],"author":"Th\u00e9r\u00e8se HECQ-RIVI\u00c8RE","twitter_card":"summary_large_image","twitter_creator":"@ofictcgt","twitter_site":"@ofictcgt","twitter_misc":{"\u00c9crit par":"Th\u00e9r\u00e8se HECQ-RIVI\u00c8RE","Dur\u00e9e de lecture estim\u00e9e":"1 minute"},"schema":{"@context":"https:\/\/schema.org","@graph":[{"@type":"Article","@id":"https:\/\/syndicoop.fr\/ofict\/ldg-promotions-comment-remettre-du-collectif-dans-la-gestion-de-carriere-des-agent-es\/#article","isPartOf":{"@id":"https:\/\/syndicoop.fr\/ofict\/ldg-promotions-comment-remettre-du-collectif-dans-la-gestion-de-carriere-des-agent-es\/"},"author":{"name":"Th\u00e9r\u00e8se HECQ-RIVI\u00c8RE","@id":"https:\/\/syndicoop.fr\/ofict\/#\/schema\/person\/07d75f9ed6a81f39b34612f708ec0c53"},"headline":"LDG Promotions : Comment remettre du collectif dans la gestion de carri\u00e8re des agent.es ?","datePublished":"2024-03-22T14:57:12+00:00","dateModified":"2025-02-14T16:29:55+00:00","mainEntityOfPage":{"@id":"https:\/\/syndicoop.fr\/ofict\/ldg-promotions-comment-remettre-du-collectif-dans-la-gestion-de-carriere-des-agent-es\/"},"wordCount":144,"commentCount":0,"publisher":{"@id":"https:\/\/syndicoop.fr\/ofict\/#organization"},"image":{"@id":"https:\/\/syndicoop.fr\/ofict\/ldg-promotions-comment-remettre-du-collectif-dans-la-gestion-de-carriere-des-agent-es\/#primaryimage"},"thumbnailUrl":"https:\/\/syndicoop.fr\/ofict\/wp-content\/uploads\/sites\/21\/2024\/03\/2024-03-22_155634.jpg","keywords":["LDG","promotion"],"articleSection":["Ofict"],"inLanguage":"fr-FR","potentialAction":[{"@type":"CommentAction","name":"Comment","target":["https:\/\/syndicoop.fr\/ofict\/ldg-promotions-comment-remettre-du-collectif-dans-la-gestion-de-carriere-des-agent-es\/#respond"]}]},{"@type":"WebPage","@id":"https:\/\/syndicoop.fr\/ofict\/ldg-promotions-comment-remettre-du-collectif-dans-la-gestion-de-carriere-des-agent-es\/","url":"https:\/\/syndicoop.fr\/ofict\/ldg-promotions-comment-remettre-du-collectif-dans-la-gestion-de-carriere-des-agent-es\/","name":"LDG Promotions : Comment remettre du collectif dans la gestion de carri\u00e8re des agent.es ? OFICT","isPartOf":{"@id":"https:\/\/syndicoop.fr\/ofict\/#website"},"primaryImageOfPage":{"@id":"https:\/\/syndicoop.fr\/ofict\/ldg-promotions-comment-remettre-du-collectif-dans-la-gestion-de-carriere-des-agent-es\/#primaryimage"},"image":{"@id":"https:\/\/syndicoop.fr\/ofict\/ldg-promotions-comment-remettre-du-collectif-dans-la-gestion-de-carriere-des-agent-es\/#primaryimage"},"thumbnailUrl":"https:\/\/syndicoop.fr\/ofict\/wp-content\/uploads\/sites\/21\/2024\/03\/2024-03-22_155634.jpg","datePublished":"2024-03-22T14:57:12+00:00","dateModified":"2025-02-14T16:29:55+00:00","description":"Ce guide destin\u00e9 \u00e0 tous les personnels et notamment aux encadrant.es, vise \u00e0 rappeler les r\u00e8gles en cours, donner des rep\u00e8res et des conseils pour d\u00e9fendre vos souhaits de carri\u00e8re face \u00e0 un syst\u00e8me o\u00f9 l\u2019opacit\u00e9 a remplac\u00e9 le cadre collectif et la transparence des d\u00e9cisions prises en CAP de promotion et mutation.","breadcrumb":{"@id":"https:\/\/syndicoop.fr\/ofict\/ldg-promotions-comment-remettre-du-collectif-dans-la-gestion-de-carriere-des-agent-es\/#breadcrumb"},"inLanguage":"fr-FR","potentialAction":[{"@type":"ReadAction","target":["https:\/\/syndicoop.fr\/ofict\/ldg-promotions-comment-remettre-du-collectif-dans-la-gestion-de-carriere-des-agent-es\/"]}]},{"@type":"ImageObject","inLanguage":"fr-FR","@id":"https:\/\/syndicoop.fr\/ofict\/ldg-promotions-comment-remettre-du-collectif-dans-la-gestion-de-carriere-des-agent-es\/#primaryimage","url":"https:\/\/syndicoop.fr\/ofict\/wp-content\/uploads\/sites\/21\/2024\/03\/2024-03-22_155634.jpg","contentUrl":"https:\/\/syndicoop.fr\/ofict\/wp-content\/uploads\/sites\/21\/2024\/03\/2024-03-22_155634.jpg","width":645,"height":660},{"@type":"BreadcrumbList","@id":"https:\/\/syndicoop.fr\/ofict\/ldg-promotions-comment-remettre-du-collectif-dans-la-gestion-de-carriere-des-agent-es\/#breadcrumb","itemListElement":[{"@type":"ListItem","position":1,"name":"Accueil","item":"https:\/\/syndicoop.fr\/ofict\/"},{"@type":"ListItem","position":2,"name":"LDG Promotions : Comment remettre du collectif dans la gestion de carri\u00e8re des agent.es ?"}]},{"@type":"WebSite","@id":"https:\/\/syndicoop.fr\/ofict\/#website","url":"https:\/\/syndicoop.fr\/ofict\/","name":"OFICT-CGT Equipement-Environnement","description":"avec Syndicoop.fr, plateforme syndicale et coop\u00e9rative","publisher":{"@id":"https:\/\/syndicoop.fr\/ofict\/#organization"},"potentialAction":[{"@type":"SearchAction","target":{"@type":"EntryPoint","urlTemplate":"https:\/\/syndicoop.fr\/ofict\/?s={search_term_string}"},"query-input":{"@type":"PropertyValueSpecification","valueRequired":true,"valueName":"search_term_string"}}],"inLanguage":"fr-FR"},{"@type":"Organization","@id":"https:\/\/syndicoop.fr\/ofict\/#organization","name":"ofict-cgt","url":"https:\/\/syndicoop.fr\/ofict\/","logo":{"@type":"ImageObject","inLanguage":"fr-FR","@id":"https:\/\/syndicoop.fr\/ofict\/#\/schema\/logo\/image\/","url":"https:\/\/syndicoop.fr\/ofict\/wp-content\/uploads\/sites\/21\/2021\/01\/0-Logo-OFICT-couleur-ombre-grand.png","contentUrl":"https:\/\/syndicoop.fr\/ofict\/wp-content\/uploads\/sites\/21\/2021\/01\/0-Logo-OFICT-couleur-ombre-grand.png","width":853,"height":626,"caption":"ofict-cgt"},"image":{"@id":"https:\/\/syndicoop.fr\/ofict\/#\/schema\/logo\/image\/"},"sameAs":["https:\/\/www.facebook.com\/ofictcgt","https:\/\/x.com\/ofictcgt","https:\/\/www.youtube.com\/channel\/UCuspFuV1HGEF1weXxpWVKtQ"]},{"@type":"Person","@id":"https:\/\/syndicoop.fr\/ofict\/#\/schema\/person\/07d75f9ed6a81f39b34612f708ec0c53","name":"Th\u00e9r\u00e8se HECQ-RIVI\u00c8RE","image":{"@type":"ImageObject","inLanguage":"fr-FR","@id":"https:\/\/syndicoop.fr\/ofict\/#\/schema\/person\/image\/","url":"\/\/www.gravatar.com\/avatar\/b0f53d935f571dd4ec2b133fc7cd8970?s=96&#038;r=g&#038;d=mm","contentUrl":"\/\/www.gravatar.com\/avatar\/b0f53d935f571dd4ec2b133fc7cd8970?s=96&#038;r=g&#038;d=mm","caption":"Th\u00e9r\u00e8se HECQ-RIVI\u00c8RE"}}]}},"_links":{"self":[{"href":"https:\/\/syndicoop.fr\/ofict\/wp-json\/wp\/v2\/posts\/6254","targetHints":{"allow":["GET"]}}],"collection":[{"href":"https:\/\/syndicoop.fr\/ofict\/wp-json\/wp\/v2\/posts"}],"about":[{"href":"https:\/\/syndicoop.fr\/ofict\/wp-json\/wp\/v2\/types\/post"}],"author":[{"embeddable":true,"href":"https:\/\/syndicoop.fr\/ofict\/wp-json\/wp\/v2\/users\/1491"}],"replies":[{"embeddable":true,"href":"https:\/\/syndicoop.fr\/ofict\/wp-json\/wp\/v2\/comments?post=6254"}],"version-history":[{"count":0,"href":"https:\/\/syndicoop.fr\/ofict\/wp-json\/wp\/v2\/posts\/6254\/revisions"}],"wp:featuredmedia":[{"embeddable":true,"href":"https:\/\/syndicoop.fr\/ofict\/wp-json\/wp\/v2\/media\/6256"}],"wp:attachment":[{"href":"https:\/\/syndicoop.fr\/ofict\/wp-json\/wp\/v2\/media?parent=6254"}],"wp:term":[{"taxonomy":"category","embeddable":true,"href":"https:\/\/syndicoop.fr\/ofict\/wp-json\/wp\/v2\/categories?post=6254"},{"taxonomy":"post_tag","embeddable":true,"href":"https:\/\/syndicoop.fr\/ofict\/wp-json\/wp\/v2\/tags?post=6254"}],"curies":[{"name":"wp","href":"https:\/\/api.w.org\/{rel}","templated":true}]}}