{"id":6297,"date":"2024-09-24T10:46:52","date_gmt":"2024-09-24T08:46:52","guid":{"rendered":"https:\/\/syndicoop.fr\/ofict\/?p=6297"},"modified":"2024-11-29T15:32:40","modified_gmt":"2024-11-29T14:32:40","slug":"budget-salaires-retraites-rien-nest-ecrit-davance-imposons-lalternative-rendez-vous-le-1er-octobre-2024","status":"publish","type":"post","link":"https:\/\/syndicoop.fr\/ofict\/budget-salaires-retraites-rien-nest-ecrit-davance-imposons-lalternative-rendez-vous-le-1er-octobre-2024\/","title":{"rendered":"Budget, salaires, retraites : rien n\u2019est \u00e9crit d\u2019avance, imposons l\u2019alternative !  Rendez-vous le 1er octobre 2024"},"content":{"rendered":"<p>Des millions de Fran\u00e7ais\u00b7es se sont mobilis\u00e9\u00b7es pour emp\u00eacher l\u2019extr\u00eame-droite d\u2019arriver au pouvoir. Une chose est d\u00e9sormais certaine : en agissant collectivement, nous changeons le cours des choses.<\/p>\n<p>Le pr\u00e9sident de la R\u00e9publique tente aujourd\u2019hui d\u2019\u00e9touffer ce sursaut citoyen en nommant un premier ministre issu d\u2019un parti qui n\u2019a pas appel\u00e9 au barrage r\u00e9publicain, et se place, de fait, sous le contr\u00f4le du Rassemblement national. Cela est irresponsable.<\/p>\n<p>Nous pouvons faire vivre nos aspirations d\u00e9mocratiques : au Parlement, o\u00f9 de grands d\u00e9bats budg\u00e9taires et sociaux vont se tenir, et sur nos lieux de travail, dans les n\u00e9gociations et les mobilisations collectives.<\/p>\n<p>Le 1er octobre 2024 mobilisons-nous dans les gr\u00e8ves et les manifestations pour imposer l\u2019alternative.<\/p>\n<p>&nbsp;<\/p>\n<h2 id=\"tout-doit-changer-pour-les-ingenieur%c2%b7es-cadres-et-professions-techniciennes-et-intermediaires\"><b>Tout doit changer pour les ing\u00e9nieur\u00b7es, cadres et professions techniciennes et interm\u00e9diaires\u00a0<\/b><\/h2>\n<p><strong>Au travail, nous avons toutes les raisons d\u2019exiger le changement :\u00a0<\/strong><\/p>\n<ul>\n<li>nos salaires n\u2019augmentent pas et notre pouvoir d\u2019achat baisse<\/li>\n<\/ul>\n<p>1 cadre sur 2 et 2 professions interm\u00e9diaires sur 3 disent que les augmentations de r\u00e9mun\u00e9ration de cette ann\u00e9e n\u2019ont pas permis de maintenir leur pouvoir d\u2019achat<\/p>\n<ul>\n<li>nos conditions de travail se d\u00e9gradent car les directions pr\u00e9f\u00e8rent augmenter la charge de travail plut\u00f4t que de recruter et de r\u00e9duire le temps de travail<\/li>\n<li>nos directions nous imposent leurs strat\u00e9gies de court-terme sans discussion, parfois au d\u00e9triment des enjeux environnementaux de l\u2019avenir des entreprises et des services publics<\/li>\n<\/ul>\n<p>&nbsp;<\/p>\n<p><strong>Dans nos vies, nous pouvons gagner :\u00a0<\/strong><\/p>\n<ul>\n<li>l\u2019abrogation de la r\u00e9forme des retraites pl\u00e9biscit\u00e9e par les salari\u00e9\u00b7es et majoritaire \u00e0 l\u2019Assembl\u00e9e nationale<\/li>\n<li>un budget de l\u2019Etat qui finance mieux les services publics (\u00e9coles, h\u00f4pitaux\u2026) et amplifie les efforts pour assurer la bifurcation sociale et environnementale<\/li>\n<li>la reprise en main des 175 Mds d\u2019\u20ac d\u2019argent public vers\u00e9s tous les ans aux entreprises sans contr\u00f4le ni contrepartie sociale et environnementale<\/li>\n<\/ul>\n<p>Les d\u00e9bats parlementaires d\u2019octobre et novembre sur les budgets 2024 de l\u2019Etat et de la s\u00e9curit\u00e9 sociale seront d\u00e9terminants, car contrairement aux ann\u00e9es pr\u00e9c\u00e9dentes, le Gouvernement aura beaucoup de mal \u00e0 les imposer sans vote, par le 49-3.<\/p>\n<p>&nbsp;<\/p>\n<h2 id=\"plus-que-jamais-rien-nest-ecrit-davance\"><b>Plus que jamais, rien n\u2019est \u00e9crit d\u2019avance !<\/b><\/h2>\n<p><strong>Mobilisons-nous sur nos lieux de travail pour exiger :\u00a0<\/strong><\/p>\n<ul>\n<li>des augmentations g\u00e9n\u00e9rales de salaire<\/li>\n<li>la reconnaissance de nos qualifications<\/li>\n<li>l\u2019\u00e9galit\u00e9 femme-homme<\/li>\n<li>la r\u00e9duction du temps de travail par la semaine de 4 jours<\/li>\n<li>la transformation environnementale de nos entreprises et services publics<\/li>\n<\/ul>\n<p>&nbsp;<\/p>\n<h2 id=\"pour-construire-la-mobilisation-et-gagner-collectivement-nous-devons-etre-organise%c2%b7es\"><strong>Pour construire la mobilisation et gagner collectivement nous devons \u00eatre organis\u00e9\u00b7es.<\/strong><\/h2>\n<p>En rejoignant la CGT et son union g\u00e9n\u00e9rale des ing\u00e9s, cadres et techs (Ugict), vous rejoignez un collectif qui se mobilise pour le progr\u00e8s social et pour les droits de tou\u00b7tes les travailleur\u00b7ses dans tous les secteurs professionnels et partout en France.<\/p>\n<p>De plus en plus de salari\u00e9\u00b7es qualifi\u00e9\u00b7es \u00e0 responsabilit\u00e9 font confiance \u00e0 l\u2019Ugict-CGT et n\u2019h\u00e9sitent pas \u00e0 adh\u00e9rer et \u00e0 se mobiliser pour un meilleur salaire et la r\u00e9duction du temps de travail :\u00a0<a href=\"https:\/\/ugictcgt.fr\/barometre-techs-2023\/\">53% de technicien\u00b7nes<\/a>\u00a0et\u00a0<a href=\"https:\/\/ugictcgt.fr\/cp-barometre-cadres-2023\/\">40% de cadres<\/a>\u00a0se disent ainsi pr\u00eat\u00b7es \u00e0 se mobiliser collectivement (Barom\u00e8tre ViaVoice 2023). Vous \u00eates les bienvenu\u00b7es \u00e0 l\u2019Ugict-CGT !<\/p>\n","protected":false},"excerpt":{"rendered":"<p>Des millions de Fran\u00e7ais\u00b7es se sont mobilis\u00e9\u00b7es pour emp\u00eacher l\u2019extr\u00eame-droite d\u2019arriver au pouvoir. Une chose est d\u00e9sormais certaine : en agissant collectivement, nous changeons le cours des choses. Le pr\u00e9sident de la R\u00e9publique tente aujourd\u2019hui d\u2019\u00e9touffer ce sursaut citoyen en nommant un premier ministre issu d\u2019un parti qui n\u2019a pas appel\u00e9 au barrage r\u00e9publicain, et [&hellip;]<\/p>\n","protected":false},"author":1491,"featured_media":6298,"comment_status":"open","ping_status":"closed","sticky":false,"template":"","format":"standard","meta":{"_acf_changed":false,"footnotes":""},"categories":[383],"tags":[461,407],"class_list":["post-6297","post","type-post","status-publish","format-standard","has-post-thumbnail","hentry","category-ugict","tag-greve","tag-manifestation","featuring-alaune","themes-crises-et-capitalisme","documents-tracts"],"acf":[],"yoast_head":"<!-- This site is optimized with the Yoast SEO plugin v26.3 - https:\/\/yoast.com\/wordpress\/plugins\/seo\/ -->\n<title>Budget, salaires, retraites : rien n\u2019est \u00e9crit d\u2019avance, imposons l\u2019alternative ! Rendez-vous le 1er octobre 2024 - OFICT-CGT Equipement-Environnement<\/title>\n<meta name=\"description\" content=\"Nous pouvons faire vivre nos aspirations d\u00e9mocratiques : au Parlement, o\u00f9 de grands d\u00e9bats budg\u00e9taires et sociaux vont se tenir, et sur nos lieux de travail, dans les n\u00e9gociations et les mobilisations collectives.Le 1er octobre 2024 mobilisons-nous dans les gr\u00e8ves et les manifestations pour imposer l\u2019alternative.\u00a0\" \/>\n<meta name=\"robots\" content=\"index, follow, max-snippet:-1, max-image-preview:large, max-video-preview:-1\" \/>\n<link rel=\"canonical\" href=\"https:\/\/syndicoop.fr\/ofict\/budget-salaires-retraites-rien-nest-ecrit-davance-imposons-lalternative-rendez-vous-le-1er-octobre-2024\/\" \/>\n<meta property=\"og:locale\" content=\"fr_FR\" \/>\n<meta property=\"og:type\" content=\"article\" \/>\n<meta property=\"og:title\" content=\"Budget, salaires, retraites : rien n\u2019est \u00e9crit d\u2019avance, imposons l\u2019alternative ! Rendez-vous le 1er octobre 2024 - OFICT-CGT Equipement-Environnement\" \/>\n<meta property=\"og:description\" content=\"Nous pouvons faire vivre nos aspirations d\u00e9mocratiques : au Parlement, o\u00f9 de grands d\u00e9bats budg\u00e9taires et sociaux vont se tenir, et sur nos lieux de travail, dans les n\u00e9gociations et les mobilisations collectives.Le 1er octobre 2024 mobilisons-nous dans les gr\u00e8ves et les manifestations pour imposer l\u2019alternative.\u00a0\" \/>\n<meta property=\"og:url\" content=\"https:\/\/syndicoop.fr\/ofict\/budget-salaires-retraites-rien-nest-ecrit-davance-imposons-lalternative-rendez-vous-le-1er-octobre-2024\/\" \/>\n<meta property=\"og:site_name\" content=\"OFICT-CGT Equipement-Environnement\" \/>\n<meta property=\"article:publisher\" content=\"https:\/\/www.facebook.com\/ofictcgt\" \/>\n<meta property=\"article:published_time\" content=\"2024-09-24T08:46:52+00:00\" \/>\n<meta property=\"article:modified_time\" content=\"2024-11-29T14:32:40+00:00\" \/>\n<meta property=\"og:image\" content=\"https:\/\/syndicoop.fr\/ofict\/wp-content\/uploads\/sites\/21\/2024\/09\/visuel-1oct24-1024x576-1.jpg\" \/>\n\t<meta property=\"og:image:width\" content=\"1024\" \/>\n\t<meta property=\"og:image:height\" content=\"576\" \/>\n\t<meta property=\"og:image:type\" content=\"image\/jpeg\" \/>\n<meta name=\"author\" content=\"Th\u00e9r\u00e8se HECQ-RIVI\u00c8RE\" \/>\n<meta name=\"twitter:card\" content=\"summary_large_image\" \/>\n<meta name=\"twitter:creator\" content=\"@ofictcgt\" \/>\n<meta name=\"twitter:site\" content=\"@ofictcgt\" \/>\n<meta name=\"twitter:label1\" content=\"\u00c9crit par\" \/>\n\t<meta name=\"twitter:data1\" content=\"Th\u00e9r\u00e8se HECQ-RIVI\u00c8RE\" \/>\n\t<meta name=\"twitter:label2\" content=\"Dur\u00e9e de lecture estim\u00e9e\" \/>\n\t<meta name=\"twitter:data2\" content=\"3 minutes\" \/>\n<script type=\"application\/ld+json\" class=\"yoast-schema-graph\">{\"@context\":\"https:\/\/schema.org\",\"@graph\":[{\"@type\":\"Article\",\"@id\":\"https:\/\/syndicoop.fr\/ofict\/budget-salaires-retraites-rien-nest-ecrit-davance-imposons-lalternative-rendez-vous-le-1er-octobre-2024\/#article\",\"isPartOf\":{\"@id\":\"https:\/\/syndicoop.fr\/ofict\/budget-salaires-retraites-rien-nest-ecrit-davance-imposons-lalternative-rendez-vous-le-1er-octobre-2024\/\"},\"author\":{\"name\":\"Th\u00e9r\u00e8se HECQ-RIVI\u00c8RE\",\"@id\":\"https:\/\/syndicoop.fr\/ofict\/#\/schema\/person\/07d75f9ed6a81f39b34612f708ec0c53\"},\"headline\":\"Budget, salaires, retraites : rien n\u2019est \u00e9crit d\u2019avance, imposons l\u2019alternative ! Rendez-vous le 1er octobre 2024\",\"datePublished\":\"2024-09-24T08:46:52+00:00\",\"dateModified\":\"2024-11-29T14:32:40+00:00\",\"mainEntityOfPage\":{\"@id\":\"https:\/\/syndicoop.fr\/ofict\/budget-salaires-retraites-rien-nest-ecrit-davance-imposons-lalternative-rendez-vous-le-1er-octobre-2024\/\"},\"wordCount\":573,\"commentCount\":0,\"publisher\":{\"@id\":\"https:\/\/syndicoop.fr\/ofict\/#organization\"},\"image\":{\"@id\":\"https:\/\/syndicoop.fr\/ofict\/budget-salaires-retraites-rien-nest-ecrit-davance-imposons-lalternative-rendez-vous-le-1er-octobre-2024\/#primaryimage\"},\"thumbnailUrl\":\"https:\/\/syndicoop.fr\/ofict\/wp-content\/uploads\/sites\/21\/2024\/09\/visuel-1oct24-1024x576-1.jpg\",\"keywords\":[\"gr\u00e8ve\",\"manifestation\"],\"articleSection\":[\"Ugict\"],\"inLanguage\":\"fr-FR\",\"potentialAction\":[{\"@type\":\"CommentAction\",\"name\":\"Comment\",\"target\":[\"https:\/\/syndicoop.fr\/ofict\/budget-salaires-retraites-rien-nest-ecrit-davance-imposons-lalternative-rendez-vous-le-1er-octobre-2024\/#respond\"]}]},{\"@type\":\"WebPage\",\"@id\":\"https:\/\/syndicoop.fr\/ofict\/budget-salaires-retraites-rien-nest-ecrit-davance-imposons-lalternative-rendez-vous-le-1er-octobre-2024\/\",\"url\":\"https:\/\/syndicoop.fr\/ofict\/budget-salaires-retraites-rien-nest-ecrit-davance-imposons-lalternative-rendez-vous-le-1er-octobre-2024\/\",\"name\":\"Budget, salaires, retraites : rien n\u2019est \u00e9crit d\u2019avance, imposons l\u2019alternative ! Rendez-vous le 1er octobre 2024 - OFICT-CGT Equipement-Environnement\",\"isPartOf\":{\"@id\":\"https:\/\/syndicoop.fr\/ofict\/#website\"},\"primaryImageOfPage\":{\"@id\":\"https:\/\/syndicoop.fr\/ofict\/budget-salaires-retraites-rien-nest-ecrit-davance-imposons-lalternative-rendez-vous-le-1er-octobre-2024\/#primaryimage\"},\"image\":{\"@id\":\"https:\/\/syndicoop.fr\/ofict\/budget-salaires-retraites-rien-nest-ecrit-davance-imposons-lalternative-rendez-vous-le-1er-octobre-2024\/#primaryimage\"},\"thumbnailUrl\":\"https:\/\/syndicoop.fr\/ofict\/wp-content\/uploads\/sites\/21\/2024\/09\/visuel-1oct24-1024x576-1.jpg\",\"datePublished\":\"2024-09-24T08:46:52+00:00\",\"dateModified\":\"2024-11-29T14:32:40+00:00\",\"description\":\"Nous pouvons faire vivre nos aspirations d\u00e9mocratiques : au Parlement, o\u00f9 de grands d\u00e9bats budg\u00e9taires et sociaux vont se tenir, et sur nos lieux de travail, dans les n\u00e9gociations et les mobilisations collectives.Le 1er octobre 2024 mobilisons-nous dans les gr\u00e8ves et les manifestations pour imposer l\u2019alternative.\u00a0\",\"breadcrumb\":{\"@id\":\"https:\/\/syndicoop.fr\/ofict\/budget-salaires-retraites-rien-nest-ecrit-davance-imposons-lalternative-rendez-vous-le-1er-octobre-2024\/#breadcrumb\"},\"inLanguage\":\"fr-FR\",\"potentialAction\":[{\"@type\":\"ReadAction\",\"target\":[\"https:\/\/syndicoop.fr\/ofict\/budget-salaires-retraites-rien-nest-ecrit-davance-imposons-lalternative-rendez-vous-le-1er-octobre-2024\/\"]}]},{\"@type\":\"ImageObject\",\"inLanguage\":\"fr-FR\",\"@id\":\"https:\/\/syndicoop.fr\/ofict\/budget-salaires-retraites-rien-nest-ecrit-davance-imposons-lalternative-rendez-vous-le-1er-octobre-2024\/#primaryimage\",\"url\":\"https:\/\/syndicoop.fr\/ofict\/wp-content\/uploads\/sites\/21\/2024\/09\/visuel-1oct24-1024x576-1.jpg\",\"contentUrl\":\"https:\/\/syndicoop.fr\/ofict\/wp-content\/uploads\/sites\/21\/2024\/09\/visuel-1oct24-1024x576-1.jpg\",\"width\":1024,\"height\":576},{\"@type\":\"BreadcrumbList\",\"@id\":\"https:\/\/syndicoop.fr\/ofict\/budget-salaires-retraites-rien-nest-ecrit-davance-imposons-lalternative-rendez-vous-le-1er-octobre-2024\/#breadcrumb\",\"itemListElement\":[{\"@type\":\"ListItem\",\"position\":1,\"name\":\"Accueil\",\"item\":\"https:\/\/syndicoop.fr\/ofict\/\"},{\"@type\":\"ListItem\",\"position\":2,\"name\":\"Budget, salaires, retraites : rien n\u2019est \u00e9crit d\u2019avance, imposons l\u2019alternative ! Rendez-vous le 1er octobre 2024\"}]},{\"@type\":\"WebSite\",\"@id\":\"https:\/\/syndicoop.fr\/ofict\/#website\",\"url\":\"https:\/\/syndicoop.fr\/ofict\/\",\"name\":\"OFICT-CGT Equipement-Environnement\",\"description\":\"avec Syndicoop.fr, plateforme syndicale et coop\u00e9rative\",\"publisher\":{\"@id\":\"https:\/\/syndicoop.fr\/ofict\/#organization\"},\"potentialAction\":[{\"@type\":\"SearchAction\",\"target\":{\"@type\":\"EntryPoint\",\"urlTemplate\":\"https:\/\/syndicoop.fr\/ofict\/?s={search_term_string}\"},\"query-input\":{\"@type\":\"PropertyValueSpecification\",\"valueRequired\":true,\"valueName\":\"search_term_string\"}}],\"inLanguage\":\"fr-FR\"},{\"@type\":\"Organization\",\"@id\":\"https:\/\/syndicoop.fr\/ofict\/#organization\",\"name\":\"ofict-cgt\",\"url\":\"https:\/\/syndicoop.fr\/ofict\/\",\"logo\":{\"@type\":\"ImageObject\",\"inLanguage\":\"fr-FR\",\"@id\":\"https:\/\/syndicoop.fr\/ofict\/#\/schema\/logo\/image\/\",\"url\":\"https:\/\/syndicoop.fr\/ofict\/wp-content\/uploads\/sites\/21\/2021\/01\/0-Logo-OFICT-couleur-ombre-grand.png\",\"contentUrl\":\"https:\/\/syndicoop.fr\/ofict\/wp-content\/uploads\/sites\/21\/2021\/01\/0-Logo-OFICT-couleur-ombre-grand.png\",\"width\":853,\"height\":626,\"caption\":\"ofict-cgt\"},\"image\":{\"@id\":\"https:\/\/syndicoop.fr\/ofict\/#\/schema\/logo\/image\/\"},\"sameAs\":[\"https:\/\/www.facebook.com\/ofictcgt\",\"https:\/\/x.com\/ofictcgt\",\"https:\/\/www.youtube.com\/channel\/UCuspFuV1HGEF1weXxpWVKtQ\"]},{\"@type\":\"Person\",\"@id\":\"https:\/\/syndicoop.fr\/ofict\/#\/schema\/person\/07d75f9ed6a81f39b34612f708ec0c53\",\"name\":\"Th\u00e9r\u00e8se HECQ-RIVI\u00c8RE\",\"image\":{\"@type\":\"ImageObject\",\"inLanguage\":\"fr-FR\",\"@id\":\"https:\/\/syndicoop.fr\/ofict\/#\/schema\/person\/image\/\",\"url\":\"\/\/www.gravatar.com\/avatar\/b0f53d935f571dd4ec2b133fc7cd8970?s=96&#038;r=g&#038;d=mm\",\"contentUrl\":\"\/\/www.gravatar.com\/avatar\/b0f53d935f571dd4ec2b133fc7cd8970?s=96&#038;r=g&#038;d=mm\",\"caption\":\"Th\u00e9r\u00e8se HECQ-RIVI\u00c8RE\"}}]}<\/script>\n<!-- \/ Yoast SEO plugin. -->","yoast_head_json":{"title":"Budget, salaires, retraites : rien n\u2019est \u00e9crit d\u2019avance, imposons l\u2019alternative ! Rendez-vous le 1er octobre 2024 - OFICT-CGT Equipement-Environnement","description":"Nous pouvons faire vivre nos aspirations d\u00e9mocratiques : au Parlement, o\u00f9 de grands d\u00e9bats budg\u00e9taires et sociaux vont se tenir, et sur nos lieux de travail, dans les n\u00e9gociations et les mobilisations collectives.Le 1er octobre 2024 mobilisons-nous dans les gr\u00e8ves et les manifestations pour imposer l\u2019alternative.\u00a0","robots":{"index":"index","follow":"follow","max-snippet":"max-snippet:-1","max-image-preview":"max-image-preview:large","max-video-preview":"max-video-preview:-1"},"canonical":"https:\/\/syndicoop.fr\/ofict\/budget-salaires-retraites-rien-nest-ecrit-davance-imposons-lalternative-rendez-vous-le-1er-octobre-2024\/","og_locale":"fr_FR","og_type":"article","og_title":"Budget, salaires, retraites : rien n\u2019est \u00e9crit d\u2019avance, imposons l\u2019alternative ! Rendez-vous le 1er octobre 2024 - OFICT-CGT Equipement-Environnement","og_description":"Nous pouvons faire vivre nos aspirations d\u00e9mocratiques : au Parlement, o\u00f9 de grands d\u00e9bats budg\u00e9taires et sociaux vont se tenir, et sur nos lieux de travail, dans les n\u00e9gociations et les mobilisations collectives.Le 1er octobre 2024 mobilisons-nous dans les gr\u00e8ves et les manifestations pour imposer l\u2019alternative.\u00a0","og_url":"https:\/\/syndicoop.fr\/ofict\/budget-salaires-retraites-rien-nest-ecrit-davance-imposons-lalternative-rendez-vous-le-1er-octobre-2024\/","og_site_name":"OFICT-CGT Equipement-Environnement","article_publisher":"https:\/\/www.facebook.com\/ofictcgt","article_published_time":"2024-09-24T08:46:52+00:00","article_modified_time":"2024-11-29T14:32:40+00:00","og_image":[{"width":1024,"height":576,"url":"https:\/\/syndicoop.fr\/ofict\/wp-content\/uploads\/sites\/21\/2024\/09\/visuel-1oct24-1024x576-1.jpg","type":"image\/jpeg"}],"author":"Th\u00e9r\u00e8se HECQ-RIVI\u00c8RE","twitter_card":"summary_large_image","twitter_creator":"@ofictcgt","twitter_site":"@ofictcgt","twitter_misc":{"\u00c9crit par":"Th\u00e9r\u00e8se HECQ-RIVI\u00c8RE","Dur\u00e9e de lecture estim\u00e9e":"3 minutes"},"schema":{"@context":"https:\/\/schema.org","@graph":[{"@type":"Article","@id":"https:\/\/syndicoop.fr\/ofict\/budget-salaires-retraites-rien-nest-ecrit-davance-imposons-lalternative-rendez-vous-le-1er-octobre-2024\/#article","isPartOf":{"@id":"https:\/\/syndicoop.fr\/ofict\/budget-salaires-retraites-rien-nest-ecrit-davance-imposons-lalternative-rendez-vous-le-1er-octobre-2024\/"},"author":{"name":"Th\u00e9r\u00e8se HECQ-RIVI\u00c8RE","@id":"https:\/\/syndicoop.fr\/ofict\/#\/schema\/person\/07d75f9ed6a81f39b34612f708ec0c53"},"headline":"Budget, salaires, retraites : rien n\u2019est \u00e9crit d\u2019avance, imposons l\u2019alternative ! Rendez-vous le 1er octobre 2024","datePublished":"2024-09-24T08:46:52+00:00","dateModified":"2024-11-29T14:32:40+00:00","mainEntityOfPage":{"@id":"https:\/\/syndicoop.fr\/ofict\/budget-salaires-retraites-rien-nest-ecrit-davance-imposons-lalternative-rendez-vous-le-1er-octobre-2024\/"},"wordCount":573,"commentCount":0,"publisher":{"@id":"https:\/\/syndicoop.fr\/ofict\/#organization"},"image":{"@id":"https:\/\/syndicoop.fr\/ofict\/budget-salaires-retraites-rien-nest-ecrit-davance-imposons-lalternative-rendez-vous-le-1er-octobre-2024\/#primaryimage"},"thumbnailUrl":"https:\/\/syndicoop.fr\/ofict\/wp-content\/uploads\/sites\/21\/2024\/09\/visuel-1oct24-1024x576-1.jpg","keywords":["gr\u00e8ve","manifestation"],"articleSection":["Ugict"],"inLanguage":"fr-FR","potentialAction":[{"@type":"CommentAction","name":"Comment","target":["https:\/\/syndicoop.fr\/ofict\/budget-salaires-retraites-rien-nest-ecrit-davance-imposons-lalternative-rendez-vous-le-1er-octobre-2024\/#respond"]}]},{"@type":"WebPage","@id":"https:\/\/syndicoop.fr\/ofict\/budget-salaires-retraites-rien-nest-ecrit-davance-imposons-lalternative-rendez-vous-le-1er-octobre-2024\/","url":"https:\/\/syndicoop.fr\/ofict\/budget-salaires-retraites-rien-nest-ecrit-davance-imposons-lalternative-rendez-vous-le-1er-octobre-2024\/","name":"Budget, salaires, retraites : rien n\u2019est \u00e9crit d\u2019avance, imposons l\u2019alternative ! Rendez-vous le 1er octobre 2024 - OFICT-CGT Equipement-Environnement","isPartOf":{"@id":"https:\/\/syndicoop.fr\/ofict\/#website"},"primaryImageOfPage":{"@id":"https:\/\/syndicoop.fr\/ofict\/budget-salaires-retraites-rien-nest-ecrit-davance-imposons-lalternative-rendez-vous-le-1er-octobre-2024\/#primaryimage"},"image":{"@id":"https:\/\/syndicoop.fr\/ofict\/budget-salaires-retraites-rien-nest-ecrit-davance-imposons-lalternative-rendez-vous-le-1er-octobre-2024\/#primaryimage"},"thumbnailUrl":"https:\/\/syndicoop.fr\/ofict\/wp-content\/uploads\/sites\/21\/2024\/09\/visuel-1oct24-1024x576-1.jpg","datePublished":"2024-09-24T08:46:52+00:00","dateModified":"2024-11-29T14:32:40+00:00","description":"Nous pouvons faire vivre nos aspirations d\u00e9mocratiques : au Parlement, o\u00f9 de grands d\u00e9bats budg\u00e9taires et sociaux vont se tenir, et sur nos lieux de travail, dans les n\u00e9gociations et les mobilisations collectives.Le 1er octobre 2024 mobilisons-nous dans les gr\u00e8ves et les manifestations pour imposer l\u2019alternative.\u00a0","breadcrumb":{"@id":"https:\/\/syndicoop.fr\/ofict\/budget-salaires-retraites-rien-nest-ecrit-davance-imposons-lalternative-rendez-vous-le-1er-octobre-2024\/#breadcrumb"},"inLanguage":"fr-FR","potentialAction":[{"@type":"ReadAction","target":["https:\/\/syndicoop.fr\/ofict\/budget-salaires-retraites-rien-nest-ecrit-davance-imposons-lalternative-rendez-vous-le-1er-octobre-2024\/"]}]},{"@type":"ImageObject","inLanguage":"fr-FR","@id":"https:\/\/syndicoop.fr\/ofict\/budget-salaires-retraites-rien-nest-ecrit-davance-imposons-lalternative-rendez-vous-le-1er-octobre-2024\/#primaryimage","url":"https:\/\/syndicoop.fr\/ofict\/wp-content\/uploads\/sites\/21\/2024\/09\/visuel-1oct24-1024x576-1.jpg","contentUrl":"https:\/\/syndicoop.fr\/ofict\/wp-content\/uploads\/sites\/21\/2024\/09\/visuel-1oct24-1024x576-1.jpg","width":1024,"height":576},{"@type":"BreadcrumbList","@id":"https:\/\/syndicoop.fr\/ofict\/budget-salaires-retraites-rien-nest-ecrit-davance-imposons-lalternative-rendez-vous-le-1er-octobre-2024\/#breadcrumb","itemListElement":[{"@type":"ListItem","position":1,"name":"Accueil","item":"https:\/\/syndicoop.fr\/ofict\/"},{"@type":"ListItem","position":2,"name":"Budget, salaires, retraites : rien n\u2019est \u00e9crit d\u2019avance, imposons l\u2019alternative ! Rendez-vous le 1er octobre 2024"}]},{"@type":"WebSite","@id":"https:\/\/syndicoop.fr\/ofict\/#website","url":"https:\/\/syndicoop.fr\/ofict\/","name":"OFICT-CGT Equipement-Environnement","description":"avec Syndicoop.fr, plateforme syndicale et coop\u00e9rative","publisher":{"@id":"https:\/\/syndicoop.fr\/ofict\/#organization"},"potentialAction":[{"@type":"SearchAction","target":{"@type":"EntryPoint","urlTemplate":"https:\/\/syndicoop.fr\/ofict\/?s={search_term_string}"},"query-input":{"@type":"PropertyValueSpecification","valueRequired":true,"valueName":"search_term_string"}}],"inLanguage":"fr-FR"},{"@type":"Organization","@id":"https:\/\/syndicoop.fr\/ofict\/#organization","name":"ofict-cgt","url":"https:\/\/syndicoop.fr\/ofict\/","logo":{"@type":"ImageObject","inLanguage":"fr-FR","@id":"https:\/\/syndicoop.fr\/ofict\/#\/schema\/logo\/image\/","url":"https:\/\/syndicoop.fr\/ofict\/wp-content\/uploads\/sites\/21\/2021\/01\/0-Logo-OFICT-couleur-ombre-grand.png","contentUrl":"https:\/\/syndicoop.fr\/ofict\/wp-content\/uploads\/sites\/21\/2021\/01\/0-Logo-OFICT-couleur-ombre-grand.png","width":853,"height":626,"caption":"ofict-cgt"},"image":{"@id":"https:\/\/syndicoop.fr\/ofict\/#\/schema\/logo\/image\/"},"sameAs":["https:\/\/www.facebook.com\/ofictcgt","https:\/\/x.com\/ofictcgt","https:\/\/www.youtube.com\/channel\/UCuspFuV1HGEF1weXxpWVKtQ"]},{"@type":"Person","@id":"https:\/\/syndicoop.fr\/ofict\/#\/schema\/person\/07d75f9ed6a81f39b34612f708ec0c53","name":"Th\u00e9r\u00e8se HECQ-RIVI\u00c8RE","image":{"@type":"ImageObject","inLanguage":"fr-FR","@id":"https:\/\/syndicoop.fr\/ofict\/#\/schema\/person\/image\/","url":"\/\/www.gravatar.com\/avatar\/b0f53d935f571dd4ec2b133fc7cd8970?s=96&#038;r=g&#038;d=mm","contentUrl":"\/\/www.gravatar.com\/avatar\/b0f53d935f571dd4ec2b133fc7cd8970?s=96&#038;r=g&#038;d=mm","caption":"Th\u00e9r\u00e8se HECQ-RIVI\u00c8RE"}}]}},"_links":{"self":[{"href":"https:\/\/syndicoop.fr\/ofict\/wp-json\/wp\/v2\/posts\/6297","targetHints":{"allow":["GET"]}}],"collection":[{"href":"https:\/\/syndicoop.fr\/ofict\/wp-json\/wp\/v2\/posts"}],"about":[{"href":"https:\/\/syndicoop.fr\/ofict\/wp-json\/wp\/v2\/types\/post"}],"author":[{"embeddable":true,"href":"https:\/\/syndicoop.fr\/ofict\/wp-json\/wp\/v2\/users\/1491"}],"replies":[{"embeddable":true,"href":"https:\/\/syndicoop.fr\/ofict\/wp-json\/wp\/v2\/comments?post=6297"}],"version-history":[{"count":0,"href":"https:\/\/syndicoop.fr\/ofict\/wp-json\/wp\/v2\/posts\/6297\/revisions"}],"wp:featuredmedia":[{"embeddable":true,"href":"https:\/\/syndicoop.fr\/ofict\/wp-json\/wp\/v2\/media\/6298"}],"wp:attachment":[{"href":"https:\/\/syndicoop.fr\/ofict\/wp-json\/wp\/v2\/media?parent=6297"}],"wp:term":[{"taxonomy":"category","embeddable":true,"href":"https:\/\/syndicoop.fr\/ofict\/wp-json\/wp\/v2\/categories?post=6297"},{"taxonomy":"post_tag","embeddable":true,"href":"https:\/\/syndicoop.fr\/ofict\/wp-json\/wp\/v2\/tags?post=6297"}],"curies":[{"name":"wp","href":"https:\/\/api.w.org\/{rel}","templated":true}]}}