{"id":718,"date":"2012-01-03T17:01:53","date_gmt":"2012-01-03T17:01:53","guid":{"rendered":"http:\/\/ofict.reference-syndicale.fr\/?p=718"},"modified":"2020-08-27T10:11:09","modified_gmt":"2020-08-27T08:11:09","slug":"le-moulin-a-poivre-2011-2010-2009","status":"publish","type":"post","link":"https:\/\/syndicoop.fr\/ofict\/le-moulin-a-poivre-2011-2010-2009\/","title":{"rendered":"Le moulin \u00e0 poivre 2011-2010-2009-2008"},"content":{"rendered":"<div><strong><a href=\"https:\/\/docs.google.com\/file\/d\/0B-tNjcVbT4ONNmtUWmhkV0N1TFk\/edit?usp=sharing\">Le moulin \u00e0 poivre -d\u00e9cembre 2011 (Journal des Attach\u00e9s du MEDDTL)<\/a><\/strong><\/div>\n<div>\n<p><a href=\"https:\/\/docs.google.com\/file\/d\/0B-tNjcVbT4ONNmtUWmhkV0N1TFk\/edit?usp=sharing\">Sommaire : Retour sur un scrutin<\/a><\/p>\n<p><a href=\"https:\/\/docs.google.com\/file\/d\/0B-tNjcVbT4ONNmtUWmhkV0N1TFk\/edit?usp=sharing\">Parcours professionnels des attach\u00e9s<\/a><\/p>\n<p><a href=\"https:\/\/docs.google.com\/file\/d\/0B-tNjcVbT4ONNmtUWmhkV0N1TFk\/edit?usp=sharing\">Salaires, effectifs, services, moyens du Grenelle : la maison \u00c9cologie br\u00fble<\/a><\/p>\n<p><!--more--><\/p>\n<\/div>\n<div><a href=\"https:\/\/docs.google.com\/file\/d\/0B-tNjcVbT4ONTlVSQXpXNjNTdk0\/edit?usp=sharing\">Le moulin \u00e0 poivre &#8211; octobre 2011 (Journal des Attach\u00e9s du MEDDTL)<\/a><\/div>\n<div>\n<p><a href=\"https:\/\/docs.google.com\/file\/d\/0B-tNjcVbT4ONTlVSQXpXNjNTdk0\/edit?usp=sharing\">SOMMAIRE\u00a0:<\/a><\/p>\n<p><a href=\"https:\/\/docs.google.com\/file\/d\/0B-tNjcVbT4ONTlVSQXpXNjNTdk0\/edit?usp=sharing\">PFR 2010-2011<\/a><\/p>\n<p><a href=\"https:\/\/docs.google.com\/file\/d\/0B-tNjcVbT4ONTlVSQXpXNjNTdk0\/edit?usp=sharing\">Perspectives RH 2013<\/a><\/p>\n<p><a href=\"https:\/\/docs.google.com\/file\/d\/0B-tNjcVbT4ONTlVSQXpXNjNTdk0\/edit?usp=sharing\">Vers un corps interminist\u00e9riel des Attach\u00e9s de l\u2019Etat<\/a><\/p>\n<p><strong><a href=\"https:\/\/docs.google.com\/file\/d\/0B-tNjcVbT4ONUGxWNW5UWUFadXc\/edit?usp=sharing\">Bulletin n\u00b015 &#8211; juin 2010<\/a><\/strong><\/p>\n<p><a href=\"https:\/\/docs.google.com\/file\/d\/0B-tNjcVbT4ONUGxWNW5UWUFadXc\/edit?usp=sharing\">Sommaire :<\/a><\/p>\n<p><a href=\"https:\/\/docs.google.com\/file\/d\/0B-tNjcVbT4ONUGxWNW5UWUFadXc\/edit?usp=sharing\">D\u00e9j\u00e0 que les attach\u00e9s\u00a0n&rsquo;allaient pas toucher\u00a0grand-chose comme\u00a0retraite, mais alors l\u00e0&#8230;<\/a><\/p>\n<p><a href=\"https:\/\/docs.google.com\/file\/d\/0B-tNjcVbT4ONUGxWNW5UWUFadXc\/edit?usp=sharing\">La cr\u00e9ation d&rsquo;un GRAF<\/a><\/p>\n<p><a href=\"https:\/\/docs.google.com\/file\/d\/0B-tNjcVbT4ONUGxWNW5UWUFadXc\/edit?usp=sharing\">PRF et RGPP dans un m\u00eame bateau : les fonctionnaires perdants-perdants<\/a><\/p>\n<p><a href=\"https:\/\/docs.google.com\/file\/d\/0B-tNjcVbT4ONUGxWNW5UWUFadXc\/edit?usp=sharing\">ARTT<\/a><\/p>\n<p><a href=\"https:\/\/docs.google.com\/file\/d\/0B-tNjcVbT4ONWlBoZXYxOVhBN00\/edit?usp=sharing\">annexes MAP 15<\/a><\/p>\n<p><strong><a href=\"https:\/\/docs.google.com\/file\/d\/0B-tNjcVbT4ONT1Joa0s2YTlJanM\/edit?usp=sharing\">Bulletin n\u00b0 14 \u2013 juillet 2009<\/a><\/strong><\/p>\n<p><a href=\"https:\/\/docs.google.com\/file\/d\/0B-tNjcVbT4ONT1Joa0s2YTlJanM\/edit?usp=sharing\">\u00a0Prime de fonctions et de r\u00e9sultats<\/a><\/p>\n<p><a href=\"https:\/\/docs.google.com\/file\/d\/0B-tNjcVbT4ONT1Joa0s2YTlJanM\/edit?usp=sharing\">Retour sur les \u00e9lections<\/a><\/p>\n<p><a href=\"https:\/\/docs.google.com\/file\/d\/0B-tNjcVbT4ONT1Joa0s2YTlJanM\/edit?usp=sharing\">Loi mobilit\u00e9<\/a><\/p>\n<p><a href=\"https:\/\/docs.google.com\/file\/d\/0B-tNjcVbT4ONT1Joa0s2YTlJanM\/edit?usp=sharing\">Menaces sur la RTT des cadres<\/a><\/p>\n<p><a href=\"https:\/\/docs.google.com\/file\/d\/0B-tNjcVbT4ONRWg5MmxxekoyNGs\/edit?usp=sharing\"><strong>Bulletin n\u00b0 11 \u2013 Juillet 2008<\/strong><\/a><\/p>\n<p><a href=\"https:\/\/docs.google.com\/file\/d\/0B-tNjcVbT4ONRWg5MmxxekoyNGs\/edit?usp=sharing\">1573 ?<\/a><\/p>\n<p><a href=\"https:\/\/docs.google.com\/file\/d\/0B-tNjcVbT4ONRWg5MmxxekoyNGs\/edit?usp=sharing\">Nos services et la RGPP<\/a><\/p>\n<p><a href=\"https:\/\/docs.google.com\/file\/d\/0B-tNjcVbT4ONRWg5MmxxekoyNGs\/edit?usp=sharing\">Toujours moins de\u00a0pouvoir d\u2019achat<\/a><\/p>\n<p><a href=\"https:\/\/docs.google.com\/file\/d\/0B-tNjcVbT4ONMlRfUHp3MS1YVlE\/edit?usp=sharing\"><strong>Bulletin n\u00b0 10 &#8211; F\u00e9vrier 2008<\/strong><\/a><\/p>\n<p><a href=\"https:\/\/docs.google.com\/file\/d\/0B-tNjcVbT4ONMlRfUHp3MS1YVlE\/edit?usp=sharing\">R\u00e9mun\u00e9ration : \u201cy en a un peu plus,\u00a0je vous le donne quand m\u00eame ?\u201d<\/a><\/p>\n<p><a href=\"https:\/\/docs.google.com\/file\/d\/0B-tNjcVbT4ONMlRfUHp3MS1YVlE\/edit?usp=sharing\">La retraite, elle est \u00e0 nous ! (rappel salutaire)<\/a><\/p>\n<p><a href=\"https:\/\/docs.google.com\/file\/d\/0B-tNjcVbT4ONMlRfUHp3MS1YVlE\/edit?usp=sharing\">\u00c9l\u00e9ments de r\u00e9flexion sur le pouvoir d\u2019achat<\/a><\/p>\n<p><a href=\"https:\/\/docs.google.com\/file\/d\/0B-tNjcVbT4ONMlRfUHp3MS1YVlE\/edit?usp=sharing\">R\u00e9organisations : l\u2019encadrement\u00a0interpell\u00e9<\/a><\/p>\n<\/div>\n","protected":false},"excerpt":{"rendered":"<p>Le moulin \u00e0 poivre -d\u00e9cembre 2011 (Journal des Attach\u00e9s du MEDDTL) Sommaire : Retour sur un scrutin Parcours professionnels des attach\u00e9s Salaires, effectifs, services, moyens du Grenelle : la maison \u00c9cologie br\u00fble<\/p>\n","protected":false},"author":351,"featured_media":0,"comment_status":"open","ping_status":"closed","sticky":false,"template":"","format":"standard","meta":{"_acf_changed":false,"footnotes":""},"categories":[1],"tags":[],"class_list":["post-718","post","type-post","status-publish","format-standard","hentry","category-actus","perimetre-a-adm","documents-journaux-ofict"],"acf":[],"yoast_head":"<!-- This site is optimized with the Yoast SEO plugin v26.3 - https:\/\/yoast.com\/wordpress\/plugins\/seo\/ -->\n<title>Le moulin \u00e0 poivre 2011-2010-2009-2008 - OFICT-CGT Equipement-Environnement<\/title>\n<meta name=\"robots\" content=\"index, follow, max-snippet:-1, max-image-preview:large, max-video-preview:-1\" \/>\n<link rel=\"canonical\" href=\"https:\/\/syndicoop.fr\/ofict\/le-moulin-a-poivre-2011-2010-2009\/\" \/>\n<meta property=\"og:locale\" content=\"fr_FR\" \/>\n<meta property=\"og:type\" content=\"article\" \/>\n<meta property=\"og:title\" content=\"Le moulin \u00e0 poivre 2011-2010-2009-2008 - OFICT-CGT Equipement-Environnement\" \/>\n<meta property=\"og:description\" content=\"Le moulin \u00e0 poivre -d\u00e9cembre 2011 (Journal des Attach\u00e9s du MEDDTL) Sommaire : Retour sur un scrutin Parcours professionnels des attach\u00e9s Salaires, effectifs, services, moyens du Grenelle : la maison \u00c9cologie br\u00fble\" \/>\n<meta property=\"og:url\" content=\"https:\/\/syndicoop.fr\/ofict\/le-moulin-a-poivre-2011-2010-2009\/\" \/>\n<meta property=\"og:site_name\" content=\"OFICT-CGT Equipement-Environnement\" \/>\n<meta property=\"article:publisher\" content=\"https:\/\/www.facebook.com\/ofictcgt\" \/>\n<meta property=\"article:published_time\" content=\"2012-01-03T17:01:53+00:00\" \/>\n<meta property=\"article:modified_time\" content=\"2020-08-27T08:11:09+00:00\" \/>\n<meta name=\"author\" content=\"ecanonne\" \/>\n<meta name=\"twitter:card\" content=\"summary_large_image\" \/>\n<meta name=\"twitter:creator\" content=\"@ofictcgt\" \/>\n<meta name=\"twitter:site\" content=\"@ofictcgt\" \/>\n<meta name=\"twitter:label1\" content=\"\u00c9crit par\" \/>\n\t<meta name=\"twitter:data1\" content=\"ecanonne\" \/>\n\t<meta name=\"twitter:label2\" content=\"Dur\u00e9e de lecture estim\u00e9e\" \/>\n\t<meta name=\"twitter:data2\" content=\"1 minute\" \/>\n<script type=\"application\/ld+json\" class=\"yoast-schema-graph\">{\"@context\":\"https:\/\/schema.org\",\"@graph\":[{\"@type\":\"Article\",\"@id\":\"https:\/\/syndicoop.fr\/ofict\/le-moulin-a-poivre-2011-2010-2009\/#article\",\"isPartOf\":{\"@id\":\"https:\/\/syndicoop.fr\/ofict\/le-moulin-a-poivre-2011-2010-2009\/\"},\"author\":{\"name\":\"ecanonne\",\"@id\":\"https:\/\/syndicoop.fr\/ofict\/#\/schema\/person\/f39466be0f2870e8872f54607694f961\"},\"headline\":\"Le moulin \u00e0 poivre 2011-2010-2009-2008\",\"datePublished\":\"2012-01-03T17:01:53+00:00\",\"dateModified\":\"2020-08-27T08:11:09+00:00\",\"mainEntityOfPage\":{\"@id\":\"https:\/\/syndicoop.fr\/ofict\/le-moulin-a-poivre-2011-2010-2009\/\"},\"wordCount\":183,\"commentCount\":0,\"publisher\":{\"@id\":\"https:\/\/syndicoop.fr\/ofict\/#organization\"},\"articleSection\":[\"Actus\"],\"inLanguage\":\"fr-FR\",\"potentialAction\":[{\"@type\":\"CommentAction\",\"name\":\"Comment\",\"target\":[\"https:\/\/syndicoop.fr\/ofict\/le-moulin-a-poivre-2011-2010-2009\/#respond\"]}]},{\"@type\":\"WebPage\",\"@id\":\"https:\/\/syndicoop.fr\/ofict\/le-moulin-a-poivre-2011-2010-2009\/\",\"url\":\"https:\/\/syndicoop.fr\/ofict\/le-moulin-a-poivre-2011-2010-2009\/\",\"name\":\"Le moulin \u00e0 poivre 2011-2010-2009-2008 - OFICT-CGT Equipement-Environnement\",\"isPartOf\":{\"@id\":\"https:\/\/syndicoop.fr\/ofict\/#website\"},\"datePublished\":\"2012-01-03T17:01:53+00:00\",\"dateModified\":\"2020-08-27T08:11:09+00:00\",\"breadcrumb\":{\"@id\":\"https:\/\/syndicoop.fr\/ofict\/le-moulin-a-poivre-2011-2010-2009\/#breadcrumb\"},\"inLanguage\":\"fr-FR\",\"potentialAction\":[{\"@type\":\"ReadAction\",\"target\":[\"https:\/\/syndicoop.fr\/ofict\/le-moulin-a-poivre-2011-2010-2009\/\"]}]},{\"@type\":\"BreadcrumbList\",\"@id\":\"https:\/\/syndicoop.fr\/ofict\/le-moulin-a-poivre-2011-2010-2009\/#breadcrumb\",\"itemListElement\":[{\"@type\":\"ListItem\",\"position\":1,\"name\":\"Accueil\",\"item\":\"https:\/\/syndicoop.fr\/ofict\/\"},{\"@type\":\"ListItem\",\"position\":2,\"name\":\"Le moulin \u00e0 poivre 2011-2010-2009-2008\"}]},{\"@type\":\"WebSite\",\"@id\":\"https:\/\/syndicoop.fr\/ofict\/#website\",\"url\":\"https:\/\/syndicoop.fr\/ofict\/\",\"name\":\"OFICT-CGT Equipement-Environnement\",\"description\":\"avec Syndicoop.fr, plateforme syndicale et coop\u00e9rative\",\"publisher\":{\"@id\":\"https:\/\/syndicoop.fr\/ofict\/#organization\"},\"potentialAction\":[{\"@type\":\"SearchAction\",\"target\":{\"@type\":\"EntryPoint\",\"urlTemplate\":\"https:\/\/syndicoop.fr\/ofict\/?s={search_term_string}\"},\"query-input\":{\"@type\":\"PropertyValueSpecification\",\"valueRequired\":true,\"valueName\":\"search_term_string\"}}],\"inLanguage\":\"fr-FR\"},{\"@type\":\"Organization\",\"@id\":\"https:\/\/syndicoop.fr\/ofict\/#organization\",\"name\":\"ofict-cgt\",\"url\":\"https:\/\/syndicoop.fr\/ofict\/\",\"logo\":{\"@type\":\"ImageObject\",\"inLanguage\":\"fr-FR\",\"@id\":\"https:\/\/syndicoop.fr\/ofict\/#\/schema\/logo\/image\/\",\"url\":\"https:\/\/syndicoop.fr\/ofict\/wp-content\/uploads\/sites\/21\/2021\/01\/0-Logo-OFICT-couleur-ombre-grand.png\",\"contentUrl\":\"https:\/\/syndicoop.fr\/ofict\/wp-content\/uploads\/sites\/21\/2021\/01\/0-Logo-OFICT-couleur-ombre-grand.png\",\"width\":853,\"height\":626,\"caption\":\"ofict-cgt\"},\"image\":{\"@id\":\"https:\/\/syndicoop.fr\/ofict\/#\/schema\/logo\/image\/\"},\"sameAs\":[\"https:\/\/www.facebook.com\/ofictcgt\",\"https:\/\/x.com\/ofictcgt\",\"https:\/\/www.youtube.com\/channel\/UCuspFuV1HGEF1weXxpWVKtQ\"]},{\"@type\":\"Person\",\"@id\":\"https:\/\/syndicoop.fr\/ofict\/#\/schema\/person\/f39466be0f2870e8872f54607694f961\",\"name\":\"ecanonne\",\"image\":{\"@type\":\"ImageObject\",\"inLanguage\":\"fr-FR\",\"@id\":\"https:\/\/syndicoop.fr\/ofict\/#\/schema\/person\/image\/\",\"url\":\"\/\/www.gravatar.com\/avatar\/d77c79c43301ad5a8b26da1071f40071?s=96&#038;r=g&#038;d=mm\",\"contentUrl\":\"\/\/www.gravatar.com\/avatar\/d77c79c43301ad5a8b26da1071f40071?s=96&#038;r=g&#038;d=mm\",\"caption\":\"ecanonne\"}}]}<\/script>\n<!-- \/ Yoast SEO plugin. -->","yoast_head_json":{"title":"Le moulin \u00e0 poivre 2011-2010-2009-2008 - OFICT-CGT Equipement-Environnement","robots":{"index":"index","follow":"follow","max-snippet":"max-snippet:-1","max-image-preview":"max-image-preview:large","max-video-preview":"max-video-preview:-1"},"canonical":"https:\/\/syndicoop.fr\/ofict\/le-moulin-a-poivre-2011-2010-2009\/","og_locale":"fr_FR","og_type":"article","og_title":"Le moulin \u00e0 poivre 2011-2010-2009-2008 - OFICT-CGT Equipement-Environnement","og_description":"Le moulin \u00e0 poivre -d\u00e9cembre 2011 (Journal des Attach\u00e9s du MEDDTL) Sommaire : Retour sur un scrutin Parcours professionnels des attach\u00e9s Salaires, effectifs, services, moyens du Grenelle : la maison \u00c9cologie br\u00fble","og_url":"https:\/\/syndicoop.fr\/ofict\/le-moulin-a-poivre-2011-2010-2009\/","og_site_name":"OFICT-CGT Equipement-Environnement","article_publisher":"https:\/\/www.facebook.com\/ofictcgt","article_published_time":"2012-01-03T17:01:53+00:00","article_modified_time":"2020-08-27T08:11:09+00:00","author":"ecanonne","twitter_card":"summary_large_image","twitter_creator":"@ofictcgt","twitter_site":"@ofictcgt","twitter_misc":{"\u00c9crit par":"ecanonne","Dur\u00e9e de lecture estim\u00e9e":"1 minute"},"schema":{"@context":"https:\/\/schema.org","@graph":[{"@type":"Article","@id":"https:\/\/syndicoop.fr\/ofict\/le-moulin-a-poivre-2011-2010-2009\/#article","isPartOf":{"@id":"https:\/\/syndicoop.fr\/ofict\/le-moulin-a-poivre-2011-2010-2009\/"},"author":{"name":"ecanonne","@id":"https:\/\/syndicoop.fr\/ofict\/#\/schema\/person\/f39466be0f2870e8872f54607694f961"},"headline":"Le moulin \u00e0 poivre 2011-2010-2009-2008","datePublished":"2012-01-03T17:01:53+00:00","dateModified":"2020-08-27T08:11:09+00:00","mainEntityOfPage":{"@id":"https:\/\/syndicoop.fr\/ofict\/le-moulin-a-poivre-2011-2010-2009\/"},"wordCount":183,"commentCount":0,"publisher":{"@id":"https:\/\/syndicoop.fr\/ofict\/#organization"},"articleSection":["Actus"],"inLanguage":"fr-FR","potentialAction":[{"@type":"CommentAction","name":"Comment","target":["https:\/\/syndicoop.fr\/ofict\/le-moulin-a-poivre-2011-2010-2009\/#respond"]}]},{"@type":"WebPage","@id":"https:\/\/syndicoop.fr\/ofict\/le-moulin-a-poivre-2011-2010-2009\/","url":"https:\/\/syndicoop.fr\/ofict\/le-moulin-a-poivre-2011-2010-2009\/","name":"Le moulin \u00e0 poivre 2011-2010-2009-2008 - OFICT-CGT Equipement-Environnement","isPartOf":{"@id":"https:\/\/syndicoop.fr\/ofict\/#website"},"datePublished":"2012-01-03T17:01:53+00:00","dateModified":"2020-08-27T08:11:09+00:00","breadcrumb":{"@id":"https:\/\/syndicoop.fr\/ofict\/le-moulin-a-poivre-2011-2010-2009\/#breadcrumb"},"inLanguage":"fr-FR","potentialAction":[{"@type":"ReadAction","target":["https:\/\/syndicoop.fr\/ofict\/le-moulin-a-poivre-2011-2010-2009\/"]}]},{"@type":"BreadcrumbList","@id":"https:\/\/syndicoop.fr\/ofict\/le-moulin-a-poivre-2011-2010-2009\/#breadcrumb","itemListElement":[{"@type":"ListItem","position":1,"name":"Accueil","item":"https:\/\/syndicoop.fr\/ofict\/"},{"@type":"ListItem","position":2,"name":"Le moulin \u00e0 poivre 2011-2010-2009-2008"}]},{"@type":"WebSite","@id":"https:\/\/syndicoop.fr\/ofict\/#website","url":"https:\/\/syndicoop.fr\/ofict\/","name":"OFICT-CGT Equipement-Environnement","description":"avec Syndicoop.fr, plateforme syndicale et coop\u00e9rative","publisher":{"@id":"https:\/\/syndicoop.fr\/ofict\/#organization"},"potentialAction":[{"@type":"SearchAction","target":{"@type":"EntryPoint","urlTemplate":"https:\/\/syndicoop.fr\/ofict\/?s={search_term_string}"},"query-input":{"@type":"PropertyValueSpecification","valueRequired":true,"valueName":"search_term_string"}}],"inLanguage":"fr-FR"},{"@type":"Organization","@id":"https:\/\/syndicoop.fr\/ofict\/#organization","name":"ofict-cgt","url":"https:\/\/syndicoop.fr\/ofict\/","logo":{"@type":"ImageObject","inLanguage":"fr-FR","@id":"https:\/\/syndicoop.fr\/ofict\/#\/schema\/logo\/image\/","url":"https:\/\/syndicoop.fr\/ofict\/wp-content\/uploads\/sites\/21\/2021\/01\/0-Logo-OFICT-couleur-ombre-grand.png","contentUrl":"https:\/\/syndicoop.fr\/ofict\/wp-content\/uploads\/sites\/21\/2021\/01\/0-Logo-OFICT-couleur-ombre-grand.png","width":853,"height":626,"caption":"ofict-cgt"},"image":{"@id":"https:\/\/syndicoop.fr\/ofict\/#\/schema\/logo\/image\/"},"sameAs":["https:\/\/www.facebook.com\/ofictcgt","https:\/\/x.com\/ofictcgt","https:\/\/www.youtube.com\/channel\/UCuspFuV1HGEF1weXxpWVKtQ"]},{"@type":"Person","@id":"https:\/\/syndicoop.fr\/ofict\/#\/schema\/person\/f39466be0f2870e8872f54607694f961","name":"ecanonne","image":{"@type":"ImageObject","inLanguage":"fr-FR","@id":"https:\/\/syndicoop.fr\/ofict\/#\/schema\/person\/image\/","url":"\/\/www.gravatar.com\/avatar\/d77c79c43301ad5a8b26da1071f40071?s=96&#038;r=g&#038;d=mm","contentUrl":"\/\/www.gravatar.com\/avatar\/d77c79c43301ad5a8b26da1071f40071?s=96&#038;r=g&#038;d=mm","caption":"ecanonne"}}]}},"_links":{"self":[{"href":"https:\/\/syndicoop.fr\/ofict\/wp-json\/wp\/v2\/posts\/718","targetHints":{"allow":["GET"]}}],"collection":[{"href":"https:\/\/syndicoop.fr\/ofict\/wp-json\/wp\/v2\/posts"}],"about":[{"href":"https:\/\/syndicoop.fr\/ofict\/wp-json\/wp\/v2\/types\/post"}],"author":[{"embeddable":true,"href":"https:\/\/syndicoop.fr\/ofict\/wp-json\/wp\/v2\/users\/351"}],"replies":[{"embeddable":true,"href":"https:\/\/syndicoop.fr\/ofict\/wp-json\/wp\/v2\/comments?post=718"}],"version-history":[{"count":0,"href":"https:\/\/syndicoop.fr\/ofict\/wp-json\/wp\/v2\/posts\/718\/revisions"}],"wp:attachment":[{"href":"https:\/\/syndicoop.fr\/ofict\/wp-json\/wp\/v2\/media?parent=718"}],"wp:term":[{"taxonomy":"category","embeddable":true,"href":"https:\/\/syndicoop.fr\/ofict\/wp-json\/wp\/v2\/categories?post=718"},{"taxonomy":"post_tag","embeddable":true,"href":"https:\/\/syndicoop.fr\/ofict\/wp-json\/wp\/v2\/tags?post=718"}],"curies":[{"name":"wp","href":"https:\/\/api.w.org\/{rel}","templated":true}]}}