{"id":876,"date":"2013-02-11T20:28:22","date_gmt":"2013-02-11T19:28:22","guid":{"rendered":"http:\/\/ofict.reference-syndicale.fr\/?p=876"},"modified":"2020-10-21T11:11:30","modified_gmt":"2020-10-21T09:11:30","slug":"salaires-pouvoir-dachat-et-carrieres-dans-la-fonction-publique-le-compte-ny-est-vraiment-pas","status":"publish","type":"post","link":"https:\/\/syndicoop.fr\/ofict\/salaires-pouvoir-dachat-et-carrieres-dans-la-fonction-publique-le-compte-ny-est-vraiment-pas\/","title":{"rendered":"Salaires, pouvoir d\u2019achat et carri\u00e8res dans la Fonction publique : le compte n\u2019y est vraiment pas !"},"content":{"rendered":"<p>Lire <a href=\"http:\/\/www.equipement.cgt.fr\/IMG\/pdf\/comm_7fev.pdf\">le communiqu\u00e9 CGT-Fonction publique<\/a>\u00a0ci-joint.<\/p>\n<p>A l\u2019issue de leur rencontre avec Marylise Lebranchu, tous les syndicats de la fonction publique FSU, la CGT, la CFDT, l&rsquo;Unsa, Solidaires, la CGC et la CFTC, \u00e0 l&rsquo;exception de FO, affirment que \u00absur au moins deux points importants, la ministre est demeur\u00e9e tr\u00e8s en de\u00e7\u00e0 des l\u00e9gitimes attentes des personnels\u00bb. C\u2019est notamment le cas sur la question du point d&rsquo;indice qui sert de base au calcul des salaires, et dont le gel est maintenu en 2013, et la journ\u00e9e de carence (non indemnis\u00e9e) en cas d&rsquo;arr\u00eat maladie, dont la ministre n&rsquo;a pas annonc\u00e9 l&rsquo;abrogation. \u00abIl n&rsquo;y aura pas de remise en cause du gel du point d&rsquo;indice pour 2013\u00bb, a dit la ministre \u00e0 l&rsquo;issue de la rencontre avec les syndicats, ajoutant qu&rsquo;une telle mesure n&rsquo;\u00e9tait \u00abpas compatible avec la trajectoire des finances\u00bb.<br \/>\nFace \u00e0 ce refus du gouvernement, les 8 syndicats devraient se revoir dans une quinzaine de jours pour d\u00e9cider d&rsquo;\u00e9ventuelles actions communes.<br \/>\n\u00abLa ministre a dit un certain nombre de choses positives\u00bb, a conc\u00e9d\u00e9 Jean-Marc Canon pour l\u2019UGFF-CGT, \u00abmais l\u00e0 o\u00f9 \u00e7a ne passe pas du tout, c&rsquo;est qu&rsquo;un certain nombre de mesures urgentes manquent toujours \u00e0 l&rsquo;appel\u00bb. \u00abIl n&rsquo;y a aucune annonce sur des mesures g\u00e9n\u00e9rales autour des salaires pour 2013 et \u00e7a, pour la CGT, ce n&rsquo;est pas acceptable\u00bb, a-t-il d\u00e9clar\u00e9. Si rien ne change, au 1er janvier 2014, lorsque le Smic augmentera, 1,5 millions d&rsquo;agents, soit environ 30%, seront au salaire minimum.<\/p>\n","protected":false},"excerpt":{"rendered":"<p>Lire le communiqu\u00e9 CGT-Fonction publique\u00a0ci-joint. A l\u2019issue de leur rencontre avec Marylise Lebranchu, tous les syndicats de la fonction publique FSU, la CGT, la CFDT, l&rsquo;Unsa, Solidaires, la CGC et la CFTC, \u00e0 l&rsquo;exception de FO, affirment que \u00absur au moins deux points importants, la ministre est demeur\u00e9e tr\u00e8s en de\u00e7\u00e0 des l\u00e9gitimes attentes des [&hellip;]<\/p>\n","protected":false},"author":351,"featured_media":0,"comment_status":"open","ping_status":"closed","sticky":false,"template":"","format":"standard","meta":{"_acf_changed":false,"footnotes":""},"categories":[1],"tags":[],"class_list":["post-876","post","type-post","status-publish","format-standard","hentry","category-actus","themes-remuneration-carriere-ldg"],"acf":[],"yoast_head":"<!-- This site is optimized with the Yoast SEO plugin v26.3 - https:\/\/yoast.com\/wordpress\/plugins\/seo\/ -->\n<title>Salaires, pouvoir d\u2019achat et carri\u00e8res dans la Fonction publique : le compte n\u2019y est vraiment pas ! - OFICT-CGT Equipement-Environnement<\/title>\n<meta name=\"robots\" content=\"index, follow, max-snippet:-1, max-image-preview:large, max-video-preview:-1\" \/>\n<link rel=\"canonical\" href=\"https:\/\/syndicoop.fr\/ofict\/salaires-pouvoir-dachat-et-carrieres-dans-la-fonction-publique-le-compte-ny-est-vraiment-pas\/\" \/>\n<meta property=\"og:locale\" content=\"fr_FR\" \/>\n<meta property=\"og:type\" content=\"article\" \/>\n<meta property=\"og:title\" content=\"Salaires, pouvoir d\u2019achat et carri\u00e8res dans la Fonction publique : le compte n\u2019y est vraiment pas ! - OFICT-CGT Equipement-Environnement\" \/>\n<meta property=\"og:description\" content=\"Lire le communiqu\u00e9 CGT-Fonction publique\u00a0ci-joint. A l\u2019issue de leur rencontre avec Marylise Lebranchu, tous les syndicats de la fonction publique FSU, la CGT, la CFDT, l&rsquo;Unsa, Solidaires, la CGC et la CFTC, \u00e0 l&rsquo;exception de FO, affirment que \u00absur au moins deux points importants, la ministre est demeur\u00e9e tr\u00e8s en de\u00e7\u00e0 des l\u00e9gitimes attentes des [&hellip;]\" \/>\n<meta property=\"og:url\" content=\"https:\/\/syndicoop.fr\/ofict\/salaires-pouvoir-dachat-et-carrieres-dans-la-fonction-publique-le-compte-ny-est-vraiment-pas\/\" \/>\n<meta property=\"og:site_name\" content=\"OFICT-CGT Equipement-Environnement\" \/>\n<meta property=\"article:publisher\" content=\"https:\/\/www.facebook.com\/ofictcgt\" \/>\n<meta property=\"article:published_time\" content=\"2013-02-11T19:28:22+00:00\" \/>\n<meta property=\"article:modified_time\" content=\"2020-10-21T09:11:30+00:00\" \/>\n<meta name=\"author\" content=\"ecanonne\" \/>\n<meta name=\"twitter:card\" content=\"summary_large_image\" \/>\n<meta name=\"twitter:creator\" content=\"@ofictcgt\" \/>\n<meta name=\"twitter:site\" content=\"@ofictcgt\" \/>\n<meta name=\"twitter:label1\" content=\"\u00c9crit par\" \/>\n\t<meta name=\"twitter:data1\" content=\"ecanonne\" \/>\n\t<meta name=\"twitter:label2\" content=\"Dur\u00e9e de lecture estim\u00e9e\" \/>\n\t<meta name=\"twitter:data2\" content=\"1 minute\" \/>\n<script type=\"application\/ld+json\" class=\"yoast-schema-graph\">{\"@context\":\"https:\/\/schema.org\",\"@graph\":[{\"@type\":\"Article\",\"@id\":\"https:\/\/syndicoop.fr\/ofict\/salaires-pouvoir-dachat-et-carrieres-dans-la-fonction-publique-le-compte-ny-est-vraiment-pas\/#article\",\"isPartOf\":{\"@id\":\"https:\/\/syndicoop.fr\/ofict\/salaires-pouvoir-dachat-et-carrieres-dans-la-fonction-publique-le-compte-ny-est-vraiment-pas\/\"},\"author\":{\"name\":\"ecanonne\",\"@id\":\"https:\/\/syndicoop.fr\/ofict\/#\/schema\/person\/f39466be0f2870e8872f54607694f961\"},\"headline\":\"Salaires, pouvoir d\u2019achat et carri\u00e8res dans la Fonction publique : le compte n\u2019y est vraiment pas !\",\"datePublished\":\"2013-02-11T19:28:22+00:00\",\"dateModified\":\"2020-10-21T09:11:30+00:00\",\"mainEntityOfPage\":{\"@id\":\"https:\/\/syndicoop.fr\/ofict\/salaires-pouvoir-dachat-et-carrieres-dans-la-fonction-publique-le-compte-ny-est-vraiment-pas\/\"},\"wordCount\":268,\"commentCount\":0,\"publisher\":{\"@id\":\"https:\/\/syndicoop.fr\/ofict\/#organization\"},\"articleSection\":[\"Actus\"],\"inLanguage\":\"fr-FR\",\"potentialAction\":[{\"@type\":\"CommentAction\",\"name\":\"Comment\",\"target\":[\"https:\/\/syndicoop.fr\/ofict\/salaires-pouvoir-dachat-et-carrieres-dans-la-fonction-publique-le-compte-ny-est-vraiment-pas\/#respond\"]}]},{\"@type\":\"WebPage\",\"@id\":\"https:\/\/syndicoop.fr\/ofict\/salaires-pouvoir-dachat-et-carrieres-dans-la-fonction-publique-le-compte-ny-est-vraiment-pas\/\",\"url\":\"https:\/\/syndicoop.fr\/ofict\/salaires-pouvoir-dachat-et-carrieres-dans-la-fonction-publique-le-compte-ny-est-vraiment-pas\/\",\"name\":\"Salaires, pouvoir d\u2019achat et carri\u00e8res dans la Fonction publique : le compte n\u2019y est vraiment pas ! - OFICT-CGT Equipement-Environnement\",\"isPartOf\":{\"@id\":\"https:\/\/syndicoop.fr\/ofict\/#website\"},\"datePublished\":\"2013-02-11T19:28:22+00:00\",\"dateModified\":\"2020-10-21T09:11:30+00:00\",\"breadcrumb\":{\"@id\":\"https:\/\/syndicoop.fr\/ofict\/salaires-pouvoir-dachat-et-carrieres-dans-la-fonction-publique-le-compte-ny-est-vraiment-pas\/#breadcrumb\"},\"inLanguage\":\"fr-FR\",\"potentialAction\":[{\"@type\":\"ReadAction\",\"target\":[\"https:\/\/syndicoop.fr\/ofict\/salaires-pouvoir-dachat-et-carrieres-dans-la-fonction-publique-le-compte-ny-est-vraiment-pas\/\"]}]},{\"@type\":\"BreadcrumbList\",\"@id\":\"https:\/\/syndicoop.fr\/ofict\/salaires-pouvoir-dachat-et-carrieres-dans-la-fonction-publique-le-compte-ny-est-vraiment-pas\/#breadcrumb\",\"itemListElement\":[{\"@type\":\"ListItem\",\"position\":1,\"name\":\"Accueil\",\"item\":\"https:\/\/syndicoop.fr\/ofict\/\"},{\"@type\":\"ListItem\",\"position\":2,\"name\":\"Salaires, pouvoir d\u2019achat et carri\u00e8res dans la Fonction publique&#160;: le compte n\u2019y est vraiment pas&#160;!\"}]},{\"@type\":\"WebSite\",\"@id\":\"https:\/\/syndicoop.fr\/ofict\/#website\",\"url\":\"https:\/\/syndicoop.fr\/ofict\/\",\"name\":\"OFICT-CGT Equipement-Environnement\",\"description\":\"avec Syndicoop.fr, plateforme syndicale et coop\u00e9rative\",\"publisher\":{\"@id\":\"https:\/\/syndicoop.fr\/ofict\/#organization\"},\"potentialAction\":[{\"@type\":\"SearchAction\",\"target\":{\"@type\":\"EntryPoint\",\"urlTemplate\":\"https:\/\/syndicoop.fr\/ofict\/?s={search_term_string}\"},\"query-input\":{\"@type\":\"PropertyValueSpecification\",\"valueRequired\":true,\"valueName\":\"search_term_string\"}}],\"inLanguage\":\"fr-FR\"},{\"@type\":\"Organization\",\"@id\":\"https:\/\/syndicoop.fr\/ofict\/#organization\",\"name\":\"ofict-cgt\",\"url\":\"https:\/\/syndicoop.fr\/ofict\/\",\"logo\":{\"@type\":\"ImageObject\",\"inLanguage\":\"fr-FR\",\"@id\":\"https:\/\/syndicoop.fr\/ofict\/#\/schema\/logo\/image\/\",\"url\":\"https:\/\/syndicoop.fr\/ofict\/wp-content\/uploads\/sites\/21\/2021\/01\/0-Logo-OFICT-couleur-ombre-grand.png\",\"contentUrl\":\"https:\/\/syndicoop.fr\/ofict\/wp-content\/uploads\/sites\/21\/2021\/01\/0-Logo-OFICT-couleur-ombre-grand.png\",\"width\":853,\"height\":626,\"caption\":\"ofict-cgt\"},\"image\":{\"@id\":\"https:\/\/syndicoop.fr\/ofict\/#\/schema\/logo\/image\/\"},\"sameAs\":[\"https:\/\/www.facebook.com\/ofictcgt\",\"https:\/\/x.com\/ofictcgt\",\"https:\/\/www.youtube.com\/channel\/UCuspFuV1HGEF1weXxpWVKtQ\"]},{\"@type\":\"Person\",\"@id\":\"https:\/\/syndicoop.fr\/ofict\/#\/schema\/person\/f39466be0f2870e8872f54607694f961\",\"name\":\"ecanonne\",\"image\":{\"@type\":\"ImageObject\",\"inLanguage\":\"fr-FR\",\"@id\":\"https:\/\/syndicoop.fr\/ofict\/#\/schema\/person\/image\/\",\"url\":\"\/\/www.gravatar.com\/avatar\/d77c79c43301ad5a8b26da1071f40071?s=96&#038;r=g&#038;d=mm\",\"contentUrl\":\"\/\/www.gravatar.com\/avatar\/d77c79c43301ad5a8b26da1071f40071?s=96&#038;r=g&#038;d=mm\",\"caption\":\"ecanonne\"}}]}<\/script>\n<!-- \/ Yoast SEO plugin. -->","yoast_head_json":{"title":"Salaires, pouvoir d\u2019achat et carri\u00e8res dans la Fonction publique : le compte n\u2019y est vraiment pas ! - OFICT-CGT Equipement-Environnement","robots":{"index":"index","follow":"follow","max-snippet":"max-snippet:-1","max-image-preview":"max-image-preview:large","max-video-preview":"max-video-preview:-1"},"canonical":"https:\/\/syndicoop.fr\/ofict\/salaires-pouvoir-dachat-et-carrieres-dans-la-fonction-publique-le-compte-ny-est-vraiment-pas\/","og_locale":"fr_FR","og_type":"article","og_title":"Salaires, pouvoir d\u2019achat et carri\u00e8res dans la Fonction publique : le compte n\u2019y est vraiment pas ! - OFICT-CGT Equipement-Environnement","og_description":"Lire le communiqu\u00e9 CGT-Fonction publique\u00a0ci-joint. A l\u2019issue de leur rencontre avec Marylise Lebranchu, tous les syndicats de la fonction publique FSU, la CGT, la CFDT, l&rsquo;Unsa, Solidaires, la CGC et la CFTC, \u00e0 l&rsquo;exception de FO, affirment que \u00absur au moins deux points importants, la ministre est demeur\u00e9e tr\u00e8s en de\u00e7\u00e0 des l\u00e9gitimes attentes des [&hellip;]","og_url":"https:\/\/syndicoop.fr\/ofict\/salaires-pouvoir-dachat-et-carrieres-dans-la-fonction-publique-le-compte-ny-est-vraiment-pas\/","og_site_name":"OFICT-CGT Equipement-Environnement","article_publisher":"https:\/\/www.facebook.com\/ofictcgt","article_published_time":"2013-02-11T19:28:22+00:00","article_modified_time":"2020-10-21T09:11:30+00:00","author":"ecanonne","twitter_card":"summary_large_image","twitter_creator":"@ofictcgt","twitter_site":"@ofictcgt","twitter_misc":{"\u00c9crit par":"ecanonne","Dur\u00e9e de lecture estim\u00e9e":"1 minute"},"schema":{"@context":"https:\/\/schema.org","@graph":[{"@type":"Article","@id":"https:\/\/syndicoop.fr\/ofict\/salaires-pouvoir-dachat-et-carrieres-dans-la-fonction-publique-le-compte-ny-est-vraiment-pas\/#article","isPartOf":{"@id":"https:\/\/syndicoop.fr\/ofict\/salaires-pouvoir-dachat-et-carrieres-dans-la-fonction-publique-le-compte-ny-est-vraiment-pas\/"},"author":{"name":"ecanonne","@id":"https:\/\/syndicoop.fr\/ofict\/#\/schema\/person\/f39466be0f2870e8872f54607694f961"},"headline":"Salaires, pouvoir d\u2019achat et carri\u00e8res dans la Fonction publique : le compte n\u2019y est vraiment pas !","datePublished":"2013-02-11T19:28:22+00:00","dateModified":"2020-10-21T09:11:30+00:00","mainEntityOfPage":{"@id":"https:\/\/syndicoop.fr\/ofict\/salaires-pouvoir-dachat-et-carrieres-dans-la-fonction-publique-le-compte-ny-est-vraiment-pas\/"},"wordCount":268,"commentCount":0,"publisher":{"@id":"https:\/\/syndicoop.fr\/ofict\/#organization"},"articleSection":["Actus"],"inLanguage":"fr-FR","potentialAction":[{"@type":"CommentAction","name":"Comment","target":["https:\/\/syndicoop.fr\/ofict\/salaires-pouvoir-dachat-et-carrieres-dans-la-fonction-publique-le-compte-ny-est-vraiment-pas\/#respond"]}]},{"@type":"WebPage","@id":"https:\/\/syndicoop.fr\/ofict\/salaires-pouvoir-dachat-et-carrieres-dans-la-fonction-publique-le-compte-ny-est-vraiment-pas\/","url":"https:\/\/syndicoop.fr\/ofict\/salaires-pouvoir-dachat-et-carrieres-dans-la-fonction-publique-le-compte-ny-est-vraiment-pas\/","name":"Salaires, pouvoir d\u2019achat et carri\u00e8res dans la Fonction publique : le compte n\u2019y est vraiment pas ! - OFICT-CGT Equipement-Environnement","isPartOf":{"@id":"https:\/\/syndicoop.fr\/ofict\/#website"},"datePublished":"2013-02-11T19:28:22+00:00","dateModified":"2020-10-21T09:11:30+00:00","breadcrumb":{"@id":"https:\/\/syndicoop.fr\/ofict\/salaires-pouvoir-dachat-et-carrieres-dans-la-fonction-publique-le-compte-ny-est-vraiment-pas\/#breadcrumb"},"inLanguage":"fr-FR","potentialAction":[{"@type":"ReadAction","target":["https:\/\/syndicoop.fr\/ofict\/salaires-pouvoir-dachat-et-carrieres-dans-la-fonction-publique-le-compte-ny-est-vraiment-pas\/"]}]},{"@type":"BreadcrumbList","@id":"https:\/\/syndicoop.fr\/ofict\/salaires-pouvoir-dachat-et-carrieres-dans-la-fonction-publique-le-compte-ny-est-vraiment-pas\/#breadcrumb","itemListElement":[{"@type":"ListItem","position":1,"name":"Accueil","item":"https:\/\/syndicoop.fr\/ofict\/"},{"@type":"ListItem","position":2,"name":"Salaires, pouvoir d\u2019achat et carri\u00e8res dans la Fonction publique&#160;: le compte n\u2019y est vraiment pas&#160;!"}]},{"@type":"WebSite","@id":"https:\/\/syndicoop.fr\/ofict\/#website","url":"https:\/\/syndicoop.fr\/ofict\/","name":"OFICT-CGT Equipement-Environnement","description":"avec Syndicoop.fr, plateforme syndicale et coop\u00e9rative","publisher":{"@id":"https:\/\/syndicoop.fr\/ofict\/#organization"},"potentialAction":[{"@type":"SearchAction","target":{"@type":"EntryPoint","urlTemplate":"https:\/\/syndicoop.fr\/ofict\/?s={search_term_string}"},"query-input":{"@type":"PropertyValueSpecification","valueRequired":true,"valueName":"search_term_string"}}],"inLanguage":"fr-FR"},{"@type":"Organization","@id":"https:\/\/syndicoop.fr\/ofict\/#organization","name":"ofict-cgt","url":"https:\/\/syndicoop.fr\/ofict\/","logo":{"@type":"ImageObject","inLanguage":"fr-FR","@id":"https:\/\/syndicoop.fr\/ofict\/#\/schema\/logo\/image\/","url":"https:\/\/syndicoop.fr\/ofict\/wp-content\/uploads\/sites\/21\/2021\/01\/0-Logo-OFICT-couleur-ombre-grand.png","contentUrl":"https:\/\/syndicoop.fr\/ofict\/wp-content\/uploads\/sites\/21\/2021\/01\/0-Logo-OFICT-couleur-ombre-grand.png","width":853,"height":626,"caption":"ofict-cgt"},"image":{"@id":"https:\/\/syndicoop.fr\/ofict\/#\/schema\/logo\/image\/"},"sameAs":["https:\/\/www.facebook.com\/ofictcgt","https:\/\/x.com\/ofictcgt","https:\/\/www.youtube.com\/channel\/UCuspFuV1HGEF1weXxpWVKtQ"]},{"@type":"Person","@id":"https:\/\/syndicoop.fr\/ofict\/#\/schema\/person\/f39466be0f2870e8872f54607694f961","name":"ecanonne","image":{"@type":"ImageObject","inLanguage":"fr-FR","@id":"https:\/\/syndicoop.fr\/ofict\/#\/schema\/person\/image\/","url":"\/\/www.gravatar.com\/avatar\/d77c79c43301ad5a8b26da1071f40071?s=96&#038;r=g&#038;d=mm","contentUrl":"\/\/www.gravatar.com\/avatar\/d77c79c43301ad5a8b26da1071f40071?s=96&#038;r=g&#038;d=mm","caption":"ecanonne"}}]}},"_links":{"self":[{"href":"https:\/\/syndicoop.fr\/ofict\/wp-json\/wp\/v2\/posts\/876","targetHints":{"allow":["GET"]}}],"collection":[{"href":"https:\/\/syndicoop.fr\/ofict\/wp-json\/wp\/v2\/posts"}],"about":[{"href":"https:\/\/syndicoop.fr\/ofict\/wp-json\/wp\/v2\/types\/post"}],"author":[{"embeddable":true,"href":"https:\/\/syndicoop.fr\/ofict\/wp-json\/wp\/v2\/users\/351"}],"replies":[{"embeddable":true,"href":"https:\/\/syndicoop.fr\/ofict\/wp-json\/wp\/v2\/comments?post=876"}],"version-history":[{"count":0,"href":"https:\/\/syndicoop.fr\/ofict\/wp-json\/wp\/v2\/posts\/876\/revisions"}],"wp:attachment":[{"href":"https:\/\/syndicoop.fr\/ofict\/wp-json\/wp\/v2\/media?parent=876"}],"wp:term":[{"taxonomy":"category","embeddable":true,"href":"https:\/\/syndicoop.fr\/ofict\/wp-json\/wp\/v2\/categories?post=876"},{"taxonomy":"post_tag","embeddable":true,"href":"https:\/\/syndicoop.fr\/ofict\/wp-json\/wp\/v2\/tags?post=876"}],"curies":[{"name":"wp","href":"https:\/\/api.w.org\/{rel}","templated":true}]}}