{"id":886,"date":"2013-02-24T10:40:48","date_gmt":"2013-02-24T09:40:48","guid":{"rendered":"http:\/\/ofict.reference-syndicale.fr\/?p=886"},"modified":"2020-10-21T11:04:40","modified_gmt":"2020-10-21T09:04:40","slug":"tous-dans-laction-le-5-mars-2013","status":"publish","type":"post","link":"https:\/\/syndicoop.fr\/ofict\/tous-dans-laction-le-5-mars-2013\/","title":{"rendered":"Tous dans l\u2019action le 5 mars 2013"},"content":{"rendered":"<h1>Appel CGT-FO-FSU du MEDDE\/METL<\/h1>\n<div>\n<p>Au lendemain de la r\u00e9union sur le rapport \u00ab\u00a0emplois\/missions\u00a0\u00bb, les trois f\u00e9d\u00e9rations CGT, FORCE OUVRIERE et FSU constatent que, sans attendre le d\u00e9bat parlementaire sur l\u2019acte 3 de la d\u00e9centralisation, les ministres de l\u2019\u00e9galit\u00e9 des territoires et de l\u2019\u00e9cologie anticipent l\u2019abandon de missions (ATESAT et ADS).<!--more--><\/p>\n<p>Dans le m\u00eame temps, malgr\u00e9 les informations apaisantes du ministre des transports, des repr\u00e9sentants locaux de l\u2019Etat (pr\u00e9fets et directeurs interd\u00e9partementaux des routes) confirment que le gouvernement se pr\u00e9pare \u00e0 transf\u00e9rer de nouvelles routes nationales \u00e0 des op\u00e9rateurs priv\u00e9s au prix de leur adossement au r\u00e9seau \u00e0 p\u00e9age ou de co\u00fbteux partenariats publics priv\u00e9s (PPP).<\/p>\n<p>Lire la suite dans\u00a0<a href=\"http:\/\/www.equipement.cgt.fr\/IMG\/pdf\/appel_cgt_fo_fsu_5_mars.pdf\">l\u2019appel CGT-FO-FSU<\/a>\u00a0ci-joint.<\/p>\n<p>Consultez le dossier complet avec la carte de France des manifestations en\u00a0<a href=\"http:\/\/www.equipement.cgt.fr\/spip.php?rubrique641\">cliquant ICI<\/a><\/p>\n<div>Appel \u00e0 l\u2019action et pr\u00e9avis de gr\u00e8ve UGFF-CGT : Vous trouverez ici\u00a0<a href=\"http:\/\/www.equipement.cgt.fr\/IMG\/pdf\/5_mars_ugff.pdf\">l\u2019appel<\/a>\u00a0ainsi que\u00a0<a href=\"http:\/\/www.equipement.cgt.fr\/IMG\/pdf\/preavis_de_greve_du_05_mars_2013.pdf\">le pr\u00e9avis de gr\u00e8ve de l\u2019UGFF-CGT<\/a><\/div>\n<\/div>\n","protected":false},"excerpt":{"rendered":"<p>Appel CGT-FO-FSU du MEDDE\/METL Au lendemain de la r\u00e9union sur le rapport \u00ab\u00a0emplois\/missions\u00a0\u00bb, les trois f\u00e9d\u00e9rations CGT, FORCE OUVRIERE et FSU constatent que, sans attendre le d\u00e9bat parlementaire sur l\u2019acte 3 de la d\u00e9centralisation, les ministres de l\u2019\u00e9galit\u00e9 des territoires et de l\u2019\u00e9cologie anticipent l\u2019abandon de missions (ATESAT et ADS).<\/p>\n","protected":false},"author":351,"featured_media":904,"comment_status":"open","ping_status":"closed","sticky":false,"template":"","format":"standard","meta":{"_acf_changed":false,"footnotes":""},"categories":[1],"tags":[],"class_list":["post-886","post","type-post","status-publish","format-standard","has-post-thumbnail","hentry","category-actus","themes-services-missions-et-sens-du-travail","documents-tracts"],"acf":[],"yoast_head":"<!-- This site is optimized with the Yoast SEO plugin v26.3 - https:\/\/yoast.com\/wordpress\/plugins\/seo\/ -->\n<title>Tous dans l\u2019action le 5 mars 2013 - OFICT-CGT Equipement-Environnement<\/title>\n<meta name=\"robots\" content=\"index, follow, max-snippet:-1, max-image-preview:large, max-video-preview:-1\" \/>\n<link rel=\"canonical\" href=\"https:\/\/syndicoop.fr\/ofict\/tous-dans-laction-le-5-mars-2013\/\" \/>\n<meta property=\"og:locale\" content=\"fr_FR\" \/>\n<meta property=\"og:type\" content=\"article\" \/>\n<meta property=\"og:title\" content=\"Tous dans l\u2019action le 5 mars 2013 - OFICT-CGT Equipement-Environnement\" \/>\n<meta property=\"og:description\" content=\"Appel CGT-FO-FSU du MEDDE\/METL Au lendemain de la r\u00e9union sur le rapport \u00ab\u00a0emplois\/missions\u00a0\u00bb, les trois f\u00e9d\u00e9rations CGT, FORCE OUVRIERE et FSU constatent que, sans attendre le d\u00e9bat parlementaire sur l\u2019acte 3 de la d\u00e9centralisation, les ministres de l\u2019\u00e9galit\u00e9 des territoires et de l\u2019\u00e9cologie anticipent l\u2019abandon de missions (ATESAT et ADS).\" \/>\n<meta property=\"og:url\" content=\"https:\/\/syndicoop.fr\/ofict\/tous-dans-laction-le-5-mars-2013\/\" \/>\n<meta property=\"og:site_name\" content=\"OFICT-CGT Equipement-Environnement\" \/>\n<meta property=\"article:publisher\" content=\"https:\/\/www.facebook.com\/ofictcgt\" \/>\n<meta property=\"article:published_time\" content=\"2013-02-24T09:40:48+00:00\" \/>\n<meta property=\"article:modified_time\" content=\"2020-10-21T09:04:40+00:00\" \/>\n<meta property=\"og:image\" content=\"https:\/\/syndicoop.fr\/ofict\/wp-content\/uploads\/sites\/21\/2013\/02\/obpic4LOprd.jpeg\" \/>\n\t<meta property=\"og:image:width\" content=\"320\" \/>\n\t<meta property=\"og:image:height\" content=\"121\" \/>\n\t<meta property=\"og:image:type\" content=\"image\/jpeg\" \/>\n<meta name=\"author\" content=\"ecanonne\" \/>\n<meta name=\"twitter:card\" content=\"summary_large_image\" \/>\n<meta name=\"twitter:creator\" content=\"@ofictcgt\" \/>\n<meta name=\"twitter:site\" content=\"@ofictcgt\" \/>\n<meta name=\"twitter:label1\" content=\"\u00c9crit par\" \/>\n\t<meta name=\"twitter:data1\" content=\"ecanonne\" \/>\n\t<meta name=\"twitter:label2\" content=\"Dur\u00e9e de lecture estim\u00e9e\" \/>\n\t<meta name=\"twitter:data2\" content=\"1 minute\" \/>\n<script type=\"application\/ld+json\" class=\"yoast-schema-graph\">{\"@context\":\"https:\/\/schema.org\",\"@graph\":[{\"@type\":\"Article\",\"@id\":\"https:\/\/syndicoop.fr\/ofict\/tous-dans-laction-le-5-mars-2013\/#article\",\"isPartOf\":{\"@id\":\"https:\/\/syndicoop.fr\/ofict\/tous-dans-laction-le-5-mars-2013\/\"},\"author\":{\"name\":\"ecanonne\",\"@id\":\"https:\/\/syndicoop.fr\/ofict\/#\/schema\/person\/f39466be0f2870e8872f54607694f961\"},\"headline\":\"Tous dans l\u2019action le 5 mars 2013\",\"datePublished\":\"2013-02-24T09:40:48+00:00\",\"dateModified\":\"2020-10-21T09:04:40+00:00\",\"mainEntityOfPage\":{\"@id\":\"https:\/\/syndicoop.fr\/ofict\/tous-dans-laction-le-5-mars-2013\/\"},\"wordCount\":179,\"commentCount\":0,\"publisher\":{\"@id\":\"https:\/\/syndicoop.fr\/ofict\/#organization\"},\"image\":{\"@id\":\"https:\/\/syndicoop.fr\/ofict\/tous-dans-laction-le-5-mars-2013\/#primaryimage\"},\"thumbnailUrl\":\"https:\/\/syndicoop.fr\/ofict\/wp-content\/uploads\/sites\/21\/2013\/02\/obpic4LOprd.jpeg\",\"articleSection\":[\"Actus\"],\"inLanguage\":\"fr-FR\",\"potentialAction\":[{\"@type\":\"CommentAction\",\"name\":\"Comment\",\"target\":[\"https:\/\/syndicoop.fr\/ofict\/tous-dans-laction-le-5-mars-2013\/#respond\"]}]},{\"@type\":\"WebPage\",\"@id\":\"https:\/\/syndicoop.fr\/ofict\/tous-dans-laction-le-5-mars-2013\/\",\"url\":\"https:\/\/syndicoop.fr\/ofict\/tous-dans-laction-le-5-mars-2013\/\",\"name\":\"Tous dans l\u2019action le 5 mars 2013 - OFICT-CGT Equipement-Environnement\",\"isPartOf\":{\"@id\":\"https:\/\/syndicoop.fr\/ofict\/#website\"},\"primaryImageOfPage\":{\"@id\":\"https:\/\/syndicoop.fr\/ofict\/tous-dans-laction-le-5-mars-2013\/#primaryimage\"},\"image\":{\"@id\":\"https:\/\/syndicoop.fr\/ofict\/tous-dans-laction-le-5-mars-2013\/#primaryimage\"},\"thumbnailUrl\":\"https:\/\/syndicoop.fr\/ofict\/wp-content\/uploads\/sites\/21\/2013\/02\/obpic4LOprd.jpeg\",\"datePublished\":\"2013-02-24T09:40:48+00:00\",\"dateModified\":\"2020-10-21T09:04:40+00:00\",\"breadcrumb\":{\"@id\":\"https:\/\/syndicoop.fr\/ofict\/tous-dans-laction-le-5-mars-2013\/#breadcrumb\"},\"inLanguage\":\"fr-FR\",\"potentialAction\":[{\"@type\":\"ReadAction\",\"target\":[\"https:\/\/syndicoop.fr\/ofict\/tous-dans-laction-le-5-mars-2013\/\"]}]},{\"@type\":\"ImageObject\",\"inLanguage\":\"fr-FR\",\"@id\":\"https:\/\/syndicoop.fr\/ofict\/tous-dans-laction-le-5-mars-2013\/#primaryimage\",\"url\":\"https:\/\/syndicoop.fr\/ofict\/wp-content\/uploads\/sites\/21\/2013\/02\/obpic4LOprd.jpeg\",\"contentUrl\":\"https:\/\/syndicoop.fr\/ofict\/wp-content\/uploads\/sites\/21\/2013\/02\/obpic4LOprd.jpeg\",\"width\":320,\"height\":121},{\"@type\":\"BreadcrumbList\",\"@id\":\"https:\/\/syndicoop.fr\/ofict\/tous-dans-laction-le-5-mars-2013\/#breadcrumb\",\"itemListElement\":[{\"@type\":\"ListItem\",\"position\":1,\"name\":\"Accueil\",\"item\":\"https:\/\/syndicoop.fr\/ofict\/\"},{\"@type\":\"ListItem\",\"position\":2,\"name\":\"Tous dans l\u2019action le 5 mars 2013\"}]},{\"@type\":\"WebSite\",\"@id\":\"https:\/\/syndicoop.fr\/ofict\/#website\",\"url\":\"https:\/\/syndicoop.fr\/ofict\/\",\"name\":\"OFICT-CGT Equipement-Environnement\",\"description\":\"avec Syndicoop.fr, plateforme syndicale et coop\u00e9rative\",\"publisher\":{\"@id\":\"https:\/\/syndicoop.fr\/ofict\/#organization\"},\"potentialAction\":[{\"@type\":\"SearchAction\",\"target\":{\"@type\":\"EntryPoint\",\"urlTemplate\":\"https:\/\/syndicoop.fr\/ofict\/?s={search_term_string}\"},\"query-input\":{\"@type\":\"PropertyValueSpecification\",\"valueRequired\":true,\"valueName\":\"search_term_string\"}}],\"inLanguage\":\"fr-FR\"},{\"@type\":\"Organization\",\"@id\":\"https:\/\/syndicoop.fr\/ofict\/#organization\",\"name\":\"ofict-cgt\",\"url\":\"https:\/\/syndicoop.fr\/ofict\/\",\"logo\":{\"@type\":\"ImageObject\",\"inLanguage\":\"fr-FR\",\"@id\":\"https:\/\/syndicoop.fr\/ofict\/#\/schema\/logo\/image\/\",\"url\":\"https:\/\/syndicoop.fr\/ofict\/wp-content\/uploads\/sites\/21\/2021\/01\/0-Logo-OFICT-couleur-ombre-grand.png\",\"contentUrl\":\"https:\/\/syndicoop.fr\/ofict\/wp-content\/uploads\/sites\/21\/2021\/01\/0-Logo-OFICT-couleur-ombre-grand.png\",\"width\":853,\"height\":626,\"caption\":\"ofict-cgt\"},\"image\":{\"@id\":\"https:\/\/syndicoop.fr\/ofict\/#\/schema\/logo\/image\/\"},\"sameAs\":[\"https:\/\/www.facebook.com\/ofictcgt\",\"https:\/\/x.com\/ofictcgt\",\"https:\/\/www.youtube.com\/channel\/UCuspFuV1HGEF1weXxpWVKtQ\"]},{\"@type\":\"Person\",\"@id\":\"https:\/\/syndicoop.fr\/ofict\/#\/schema\/person\/f39466be0f2870e8872f54607694f961\",\"name\":\"ecanonne\",\"image\":{\"@type\":\"ImageObject\",\"inLanguage\":\"fr-FR\",\"@id\":\"https:\/\/syndicoop.fr\/ofict\/#\/schema\/person\/image\/\",\"url\":\"\/\/www.gravatar.com\/avatar\/d77c79c43301ad5a8b26da1071f40071?s=96&#038;r=g&#038;d=mm\",\"contentUrl\":\"\/\/www.gravatar.com\/avatar\/d77c79c43301ad5a8b26da1071f40071?s=96&#038;r=g&#038;d=mm\",\"caption\":\"ecanonne\"}}]}<\/script>\n<!-- \/ Yoast SEO plugin. -->","yoast_head_json":{"title":"Tous dans l\u2019action le 5 mars 2013 - OFICT-CGT Equipement-Environnement","robots":{"index":"index","follow":"follow","max-snippet":"max-snippet:-1","max-image-preview":"max-image-preview:large","max-video-preview":"max-video-preview:-1"},"canonical":"https:\/\/syndicoop.fr\/ofict\/tous-dans-laction-le-5-mars-2013\/","og_locale":"fr_FR","og_type":"article","og_title":"Tous dans l\u2019action le 5 mars 2013 - OFICT-CGT Equipement-Environnement","og_description":"Appel CGT-FO-FSU du MEDDE\/METL Au lendemain de la r\u00e9union sur le rapport \u00ab\u00a0emplois\/missions\u00a0\u00bb, les trois f\u00e9d\u00e9rations CGT, FORCE OUVRIERE et FSU constatent que, sans attendre le d\u00e9bat parlementaire sur l\u2019acte 3 de la d\u00e9centralisation, les ministres de l\u2019\u00e9galit\u00e9 des territoires et de l\u2019\u00e9cologie anticipent l\u2019abandon de missions (ATESAT et ADS).","og_url":"https:\/\/syndicoop.fr\/ofict\/tous-dans-laction-le-5-mars-2013\/","og_site_name":"OFICT-CGT Equipement-Environnement","article_publisher":"https:\/\/www.facebook.com\/ofictcgt","article_published_time":"2013-02-24T09:40:48+00:00","article_modified_time":"2020-10-21T09:04:40+00:00","og_image":[{"width":320,"height":121,"url":"https:\/\/syndicoop.fr\/ofict\/wp-content\/uploads\/sites\/21\/2013\/02\/obpic4LOprd.jpeg","type":"image\/jpeg"}],"author":"ecanonne","twitter_card":"summary_large_image","twitter_creator":"@ofictcgt","twitter_site":"@ofictcgt","twitter_misc":{"\u00c9crit par":"ecanonne","Dur\u00e9e de lecture estim\u00e9e":"1 minute"},"schema":{"@context":"https:\/\/schema.org","@graph":[{"@type":"Article","@id":"https:\/\/syndicoop.fr\/ofict\/tous-dans-laction-le-5-mars-2013\/#article","isPartOf":{"@id":"https:\/\/syndicoop.fr\/ofict\/tous-dans-laction-le-5-mars-2013\/"},"author":{"name":"ecanonne","@id":"https:\/\/syndicoop.fr\/ofict\/#\/schema\/person\/f39466be0f2870e8872f54607694f961"},"headline":"Tous dans l\u2019action le 5 mars 2013","datePublished":"2013-02-24T09:40:48+00:00","dateModified":"2020-10-21T09:04:40+00:00","mainEntityOfPage":{"@id":"https:\/\/syndicoop.fr\/ofict\/tous-dans-laction-le-5-mars-2013\/"},"wordCount":179,"commentCount":0,"publisher":{"@id":"https:\/\/syndicoop.fr\/ofict\/#organization"},"image":{"@id":"https:\/\/syndicoop.fr\/ofict\/tous-dans-laction-le-5-mars-2013\/#primaryimage"},"thumbnailUrl":"https:\/\/syndicoop.fr\/ofict\/wp-content\/uploads\/sites\/21\/2013\/02\/obpic4LOprd.jpeg","articleSection":["Actus"],"inLanguage":"fr-FR","potentialAction":[{"@type":"CommentAction","name":"Comment","target":["https:\/\/syndicoop.fr\/ofict\/tous-dans-laction-le-5-mars-2013\/#respond"]}]},{"@type":"WebPage","@id":"https:\/\/syndicoop.fr\/ofict\/tous-dans-laction-le-5-mars-2013\/","url":"https:\/\/syndicoop.fr\/ofict\/tous-dans-laction-le-5-mars-2013\/","name":"Tous dans l\u2019action le 5 mars 2013 - OFICT-CGT Equipement-Environnement","isPartOf":{"@id":"https:\/\/syndicoop.fr\/ofict\/#website"},"primaryImageOfPage":{"@id":"https:\/\/syndicoop.fr\/ofict\/tous-dans-laction-le-5-mars-2013\/#primaryimage"},"image":{"@id":"https:\/\/syndicoop.fr\/ofict\/tous-dans-laction-le-5-mars-2013\/#primaryimage"},"thumbnailUrl":"https:\/\/syndicoop.fr\/ofict\/wp-content\/uploads\/sites\/21\/2013\/02\/obpic4LOprd.jpeg","datePublished":"2013-02-24T09:40:48+00:00","dateModified":"2020-10-21T09:04:40+00:00","breadcrumb":{"@id":"https:\/\/syndicoop.fr\/ofict\/tous-dans-laction-le-5-mars-2013\/#breadcrumb"},"inLanguage":"fr-FR","potentialAction":[{"@type":"ReadAction","target":["https:\/\/syndicoop.fr\/ofict\/tous-dans-laction-le-5-mars-2013\/"]}]},{"@type":"ImageObject","inLanguage":"fr-FR","@id":"https:\/\/syndicoop.fr\/ofict\/tous-dans-laction-le-5-mars-2013\/#primaryimage","url":"https:\/\/syndicoop.fr\/ofict\/wp-content\/uploads\/sites\/21\/2013\/02\/obpic4LOprd.jpeg","contentUrl":"https:\/\/syndicoop.fr\/ofict\/wp-content\/uploads\/sites\/21\/2013\/02\/obpic4LOprd.jpeg","width":320,"height":121},{"@type":"BreadcrumbList","@id":"https:\/\/syndicoop.fr\/ofict\/tous-dans-laction-le-5-mars-2013\/#breadcrumb","itemListElement":[{"@type":"ListItem","position":1,"name":"Accueil","item":"https:\/\/syndicoop.fr\/ofict\/"},{"@type":"ListItem","position":2,"name":"Tous dans l\u2019action le 5 mars 2013"}]},{"@type":"WebSite","@id":"https:\/\/syndicoop.fr\/ofict\/#website","url":"https:\/\/syndicoop.fr\/ofict\/","name":"OFICT-CGT Equipement-Environnement","description":"avec Syndicoop.fr, plateforme syndicale et coop\u00e9rative","publisher":{"@id":"https:\/\/syndicoop.fr\/ofict\/#organization"},"potentialAction":[{"@type":"SearchAction","target":{"@type":"EntryPoint","urlTemplate":"https:\/\/syndicoop.fr\/ofict\/?s={search_term_string}"},"query-input":{"@type":"PropertyValueSpecification","valueRequired":true,"valueName":"search_term_string"}}],"inLanguage":"fr-FR"},{"@type":"Organization","@id":"https:\/\/syndicoop.fr\/ofict\/#organization","name":"ofict-cgt","url":"https:\/\/syndicoop.fr\/ofict\/","logo":{"@type":"ImageObject","inLanguage":"fr-FR","@id":"https:\/\/syndicoop.fr\/ofict\/#\/schema\/logo\/image\/","url":"https:\/\/syndicoop.fr\/ofict\/wp-content\/uploads\/sites\/21\/2021\/01\/0-Logo-OFICT-couleur-ombre-grand.png","contentUrl":"https:\/\/syndicoop.fr\/ofict\/wp-content\/uploads\/sites\/21\/2021\/01\/0-Logo-OFICT-couleur-ombre-grand.png","width":853,"height":626,"caption":"ofict-cgt"},"image":{"@id":"https:\/\/syndicoop.fr\/ofict\/#\/schema\/logo\/image\/"},"sameAs":["https:\/\/www.facebook.com\/ofictcgt","https:\/\/x.com\/ofictcgt","https:\/\/www.youtube.com\/channel\/UCuspFuV1HGEF1weXxpWVKtQ"]},{"@type":"Person","@id":"https:\/\/syndicoop.fr\/ofict\/#\/schema\/person\/f39466be0f2870e8872f54607694f961","name":"ecanonne","image":{"@type":"ImageObject","inLanguage":"fr-FR","@id":"https:\/\/syndicoop.fr\/ofict\/#\/schema\/person\/image\/","url":"\/\/www.gravatar.com\/avatar\/d77c79c43301ad5a8b26da1071f40071?s=96&#038;r=g&#038;d=mm","contentUrl":"\/\/www.gravatar.com\/avatar\/d77c79c43301ad5a8b26da1071f40071?s=96&#038;r=g&#038;d=mm","caption":"ecanonne"}}]}},"_links":{"self":[{"href":"https:\/\/syndicoop.fr\/ofict\/wp-json\/wp\/v2\/posts\/886","targetHints":{"allow":["GET"]}}],"collection":[{"href":"https:\/\/syndicoop.fr\/ofict\/wp-json\/wp\/v2\/posts"}],"about":[{"href":"https:\/\/syndicoop.fr\/ofict\/wp-json\/wp\/v2\/types\/post"}],"author":[{"embeddable":true,"href":"https:\/\/syndicoop.fr\/ofict\/wp-json\/wp\/v2\/users\/351"}],"replies":[{"embeddable":true,"href":"https:\/\/syndicoop.fr\/ofict\/wp-json\/wp\/v2\/comments?post=886"}],"version-history":[{"count":0,"href":"https:\/\/syndicoop.fr\/ofict\/wp-json\/wp\/v2\/posts\/886\/revisions"}],"wp:featuredmedia":[{"embeddable":true,"href":"https:\/\/syndicoop.fr\/ofict\/wp-json\/wp\/v2\/media\/904"}],"wp:attachment":[{"href":"https:\/\/syndicoop.fr\/ofict\/wp-json\/wp\/v2\/media?parent=886"}],"wp:term":[{"taxonomy":"category","embeddable":true,"href":"https:\/\/syndicoop.fr\/ofict\/wp-json\/wp\/v2\/categories?post=886"},{"taxonomy":"post_tag","embeddable":true,"href":"https:\/\/syndicoop.fr\/ofict\/wp-json\/wp\/v2\/tags?post=886"}],"curies":[{"name":"wp","href":"https:\/\/api.w.org\/{rel}","templated":true}]}}