{"id":920,"date":"2013-03-05T22:04:23","date_gmt":"2013-03-05T21:04:23","guid":{"rendered":"http:\/\/ofict.reference-syndicale.fr\/?p=920"},"modified":"2020-05-29T13:33:13","modified_gmt":"2020-05-29T11:33:13","slug":"mobilisation-du-5-mars-lausterite-la-flexibilite-ca-suffit","status":"publish","type":"post","link":"https:\/\/syndicoop.fr\/ofict\/mobilisation-du-5-mars-lausterite-la-flexibilite-ca-suffit\/","title":{"rendered":"Mobilisation du 5 mars : L\u2019aust\u00e9rit\u00e9, la flexibilit\u00e9 \u00e7a suffit !"},"content":{"rendered":"<div><img loading=\"lazy\" decoding=\"async\" src=\"http:\/\/www.equipement.cgt.fr\/IMG\/arton4814.jpg?1362503146\" alt=\"\" width=\"500\" height=\"250\" \/><\/div>\n<div><strong>COMMUNIQU\u00c9 de la CGT<\/strong><\/div>\n<div><strong><\/strong>La journ\u00e9e nationale d\u2019action interprofessionnelle du 5 mars 2013 \u00e0 l\u2019appel de la CGT et de FO avec le soutien de la FSU, Solidaires et des organisations de jeunesse est un v\u00e9ritable succ\u00e8s.<!--more--><\/div>\n<div>\n<p>Dans 175 manifestations et rassemblements plus de 200 000 salari\u00e9s actifs, retrait\u00e9s et priv\u00e9s d\u2019emploi ont indiqu\u00e9 au MEDEF, au gouvernement et aux parlementaires leur refus de la pr\u00e9carit\u00e9, de la flexibilit\u00e9, du ch\u00f4mage et des bas salaires. Ils ont port\u00e9 l\u2019exigence d\u2019une v\u00e9ritable s\u00e9curisation de l\u2019emploi.<\/p>\n<p>Avec la pr\u00e9sence de nombreuses entreprises en lutte dans les cort\u00e8ges, confront\u00e9es \u00e0 des plans de suppressions d\u2019emplois ou \u00e0 des accords de comp\u00e9titivit\u00e9-emploi, les salari\u00e9s ont envoy\u00e9 un message clair \u00e0 la majorit\u00e9 qu\u2019ils ont \u00e9lue en 2012. Moins de droits pour les salari\u00e9s plus de libert\u00e9 de licencier pour les employeurs\u00a0: c\u2019est non\u00a0!<\/p>\n<p>Le contexte de crise \u00e9conomique et sociale v\u00e9cu durement par des milliers de salari\u00e9s, exige au contraire une v\u00e9ritable politique sociale, plus de s\u00e9curit\u00e9 et de garantie dans les parcours professionnels, de nouveaux droits pour intervenir dans les choix des entreprises, orienter les richesses vers les investissements, la formation professionnelle, l\u2019emploi et les salaires.<\/p>\n<p>La CGT sera fortement pr\u00e9sente le 14 mars \u00e0 Bruxelles dans le cadre de la journ\u00e9e d\u2019action \u00e0 l\u2019appel de la CES pour dire non \u00e0 l\u2019aust\u00e9rit\u00e9 et oui \u00e0 l\u2019emploi des jeunes.<\/p>\n<p>La CGT va poursuivre sa campagne d\u2019information et de mobilisation en vue du prochain d\u00e9bat parlementaire en avril pour gagner des mesures favorables aux salari\u00e9s.<\/p>\n<p>Montreuil, le 5 mars 2013<\/p>\n<\/div>\n","protected":false},"excerpt":{"rendered":"<p>COMMUNIQU\u00c9 de la CGT La journ\u00e9e nationale d\u2019action interprofessionnelle du 5 mars 2013 \u00e0 l\u2019appel de la CGT et de FO avec le soutien de la FSU, Solidaires et des organisations de jeunesse est un v\u00e9ritable succ\u00e8s.<\/p>\n","protected":false},"author":351,"featured_media":904,"comment_status":"open","ping_status":"closed","sticky":false,"template":"","format":"standard","meta":{"_acf_changed":false,"footnotes":""},"categories":[1],"tags":[],"class_list":["post-920","post","type-post","status-publish","format-standard","has-post-thumbnail","hentry","category-actus","documents-tracts"],"acf":[],"yoast_head":"<!-- This site is optimized with the Yoast SEO plugin v26.3 - https:\/\/yoast.com\/wordpress\/plugins\/seo\/ -->\n<title>Mobilisation du 5 mars : L\u2019aust\u00e9rit\u00e9, la flexibilit\u00e9 \u00e7a suffit ! - OFICT-CGT Equipement-Environnement<\/title>\n<meta name=\"robots\" content=\"index, follow, max-snippet:-1, max-image-preview:large, max-video-preview:-1\" \/>\n<link rel=\"canonical\" href=\"https:\/\/syndicoop.fr\/ofict\/mobilisation-du-5-mars-lausterite-la-flexibilite-ca-suffit\/\" \/>\n<meta property=\"og:locale\" content=\"fr_FR\" \/>\n<meta property=\"og:type\" content=\"article\" \/>\n<meta property=\"og:title\" content=\"Mobilisation du 5 mars : L\u2019aust\u00e9rit\u00e9, la flexibilit\u00e9 \u00e7a suffit ! - OFICT-CGT Equipement-Environnement\" \/>\n<meta property=\"og:description\" content=\"COMMUNIQU\u00c9 de la CGT La journ\u00e9e nationale d\u2019action interprofessionnelle du 5 mars 2013 \u00e0 l\u2019appel de la CGT et de FO avec le soutien de la FSU, Solidaires et des organisations de jeunesse est un v\u00e9ritable succ\u00e8s.\" \/>\n<meta property=\"og:url\" content=\"https:\/\/syndicoop.fr\/ofict\/mobilisation-du-5-mars-lausterite-la-flexibilite-ca-suffit\/\" \/>\n<meta property=\"og:site_name\" content=\"OFICT-CGT Equipement-Environnement\" \/>\n<meta property=\"article:publisher\" content=\"https:\/\/www.facebook.com\/ofictcgt\" \/>\n<meta property=\"article:published_time\" content=\"2013-03-05T21:04:23+00:00\" \/>\n<meta property=\"article:modified_time\" content=\"2020-05-29T11:33:13+00:00\" \/>\n<meta property=\"og:image\" content=\"https:\/\/syndicoop.fr\/ofict\/wp-content\/uploads\/sites\/21\/2013\/02\/obpic4LOprd.jpeg\" \/>\n\t<meta property=\"og:image:width\" content=\"320\" \/>\n\t<meta property=\"og:image:height\" content=\"121\" \/>\n\t<meta property=\"og:image:type\" content=\"image\/jpeg\" \/>\n<meta name=\"author\" content=\"ecanonne\" \/>\n<meta name=\"twitter:card\" content=\"summary_large_image\" \/>\n<meta name=\"twitter:creator\" content=\"@ofictcgt\" \/>\n<meta name=\"twitter:site\" content=\"@ofictcgt\" \/>\n<meta name=\"twitter:label1\" content=\"\u00c9crit par\" \/>\n\t<meta name=\"twitter:data1\" content=\"ecanonne\" \/>\n\t<meta name=\"twitter:label2\" content=\"Dur\u00e9e de lecture estim\u00e9e\" \/>\n\t<meta name=\"twitter:data2\" content=\"1 minute\" \/>\n<script type=\"application\/ld+json\" class=\"yoast-schema-graph\">{\"@context\":\"https:\/\/schema.org\",\"@graph\":[{\"@type\":\"Article\",\"@id\":\"https:\/\/syndicoop.fr\/ofict\/mobilisation-du-5-mars-lausterite-la-flexibilite-ca-suffit\/#article\",\"isPartOf\":{\"@id\":\"https:\/\/syndicoop.fr\/ofict\/mobilisation-du-5-mars-lausterite-la-flexibilite-ca-suffit\/\"},\"author\":{\"name\":\"ecanonne\",\"@id\":\"https:\/\/syndicoop.fr\/ofict\/#\/schema\/person\/f39466be0f2870e8872f54607694f961\"},\"headline\":\"Mobilisation du 5 mars : L\u2019aust\u00e9rit\u00e9, la flexibilit\u00e9 \u00e7a suffit !\",\"datePublished\":\"2013-03-05T21:04:23+00:00\",\"dateModified\":\"2020-05-29T11:33:13+00:00\",\"mainEntityOfPage\":{\"@id\":\"https:\/\/syndicoop.fr\/ofict\/mobilisation-du-5-mars-lausterite-la-flexibilite-ca-suffit\/\"},\"wordCount\":290,\"commentCount\":0,\"publisher\":{\"@id\":\"https:\/\/syndicoop.fr\/ofict\/#organization\"},\"image\":{\"@id\":\"https:\/\/syndicoop.fr\/ofict\/mobilisation-du-5-mars-lausterite-la-flexibilite-ca-suffit\/#primaryimage\"},\"thumbnailUrl\":\"https:\/\/syndicoop.fr\/ofict\/wp-content\/uploads\/sites\/21\/2013\/02\/obpic4LOprd.jpeg\",\"articleSection\":[\"Actus\"],\"inLanguage\":\"fr-FR\",\"potentialAction\":[{\"@type\":\"CommentAction\",\"name\":\"Comment\",\"target\":[\"https:\/\/syndicoop.fr\/ofict\/mobilisation-du-5-mars-lausterite-la-flexibilite-ca-suffit\/#respond\"]}]},{\"@type\":\"WebPage\",\"@id\":\"https:\/\/syndicoop.fr\/ofict\/mobilisation-du-5-mars-lausterite-la-flexibilite-ca-suffit\/\",\"url\":\"https:\/\/syndicoop.fr\/ofict\/mobilisation-du-5-mars-lausterite-la-flexibilite-ca-suffit\/\",\"name\":\"Mobilisation du 5 mars : L\u2019aust\u00e9rit\u00e9, la flexibilit\u00e9 \u00e7a suffit ! - OFICT-CGT Equipement-Environnement\",\"isPartOf\":{\"@id\":\"https:\/\/syndicoop.fr\/ofict\/#website\"},\"primaryImageOfPage\":{\"@id\":\"https:\/\/syndicoop.fr\/ofict\/mobilisation-du-5-mars-lausterite-la-flexibilite-ca-suffit\/#primaryimage\"},\"image\":{\"@id\":\"https:\/\/syndicoop.fr\/ofict\/mobilisation-du-5-mars-lausterite-la-flexibilite-ca-suffit\/#primaryimage\"},\"thumbnailUrl\":\"https:\/\/syndicoop.fr\/ofict\/wp-content\/uploads\/sites\/21\/2013\/02\/obpic4LOprd.jpeg\",\"datePublished\":\"2013-03-05T21:04:23+00:00\",\"dateModified\":\"2020-05-29T11:33:13+00:00\",\"breadcrumb\":{\"@id\":\"https:\/\/syndicoop.fr\/ofict\/mobilisation-du-5-mars-lausterite-la-flexibilite-ca-suffit\/#breadcrumb\"},\"inLanguage\":\"fr-FR\",\"potentialAction\":[{\"@type\":\"ReadAction\",\"target\":[\"https:\/\/syndicoop.fr\/ofict\/mobilisation-du-5-mars-lausterite-la-flexibilite-ca-suffit\/\"]}]},{\"@type\":\"ImageObject\",\"inLanguage\":\"fr-FR\",\"@id\":\"https:\/\/syndicoop.fr\/ofict\/mobilisation-du-5-mars-lausterite-la-flexibilite-ca-suffit\/#primaryimage\",\"url\":\"https:\/\/syndicoop.fr\/ofict\/wp-content\/uploads\/sites\/21\/2013\/02\/obpic4LOprd.jpeg\",\"contentUrl\":\"https:\/\/syndicoop.fr\/ofict\/wp-content\/uploads\/sites\/21\/2013\/02\/obpic4LOprd.jpeg\",\"width\":320,\"height\":121},{\"@type\":\"BreadcrumbList\",\"@id\":\"https:\/\/syndicoop.fr\/ofict\/mobilisation-du-5-mars-lausterite-la-flexibilite-ca-suffit\/#breadcrumb\",\"itemListElement\":[{\"@type\":\"ListItem\",\"position\":1,\"name\":\"Accueil\",\"item\":\"https:\/\/syndicoop.fr\/ofict\/\"},{\"@type\":\"ListItem\",\"position\":2,\"name\":\"Mobilisation du 5 mars&#160;: L\u2019aust\u00e9rit\u00e9, la flexibilit\u00e9 \u00e7a suffit&#160;!\"}]},{\"@type\":\"WebSite\",\"@id\":\"https:\/\/syndicoop.fr\/ofict\/#website\",\"url\":\"https:\/\/syndicoop.fr\/ofict\/\",\"name\":\"OFICT-CGT Equipement-Environnement\",\"description\":\"avec Syndicoop.fr, plateforme syndicale et coop\u00e9rative\",\"publisher\":{\"@id\":\"https:\/\/syndicoop.fr\/ofict\/#organization\"},\"potentialAction\":[{\"@type\":\"SearchAction\",\"target\":{\"@type\":\"EntryPoint\",\"urlTemplate\":\"https:\/\/syndicoop.fr\/ofict\/?s={search_term_string}\"},\"query-input\":{\"@type\":\"PropertyValueSpecification\",\"valueRequired\":true,\"valueName\":\"search_term_string\"}}],\"inLanguage\":\"fr-FR\"},{\"@type\":\"Organization\",\"@id\":\"https:\/\/syndicoop.fr\/ofict\/#organization\",\"name\":\"ofict-cgt\",\"url\":\"https:\/\/syndicoop.fr\/ofict\/\",\"logo\":{\"@type\":\"ImageObject\",\"inLanguage\":\"fr-FR\",\"@id\":\"https:\/\/syndicoop.fr\/ofict\/#\/schema\/logo\/image\/\",\"url\":\"https:\/\/syndicoop.fr\/ofict\/wp-content\/uploads\/sites\/21\/2021\/01\/0-Logo-OFICT-couleur-ombre-grand.png\",\"contentUrl\":\"https:\/\/syndicoop.fr\/ofict\/wp-content\/uploads\/sites\/21\/2021\/01\/0-Logo-OFICT-couleur-ombre-grand.png\",\"width\":853,\"height\":626,\"caption\":\"ofict-cgt\"},\"image\":{\"@id\":\"https:\/\/syndicoop.fr\/ofict\/#\/schema\/logo\/image\/\"},\"sameAs\":[\"https:\/\/www.facebook.com\/ofictcgt\",\"https:\/\/x.com\/ofictcgt\",\"https:\/\/www.youtube.com\/channel\/UCuspFuV1HGEF1weXxpWVKtQ\"]},{\"@type\":\"Person\",\"@id\":\"https:\/\/syndicoop.fr\/ofict\/#\/schema\/person\/f39466be0f2870e8872f54607694f961\",\"name\":\"ecanonne\",\"image\":{\"@type\":\"ImageObject\",\"inLanguage\":\"fr-FR\",\"@id\":\"https:\/\/syndicoop.fr\/ofict\/#\/schema\/person\/image\/\",\"url\":\"\/\/www.gravatar.com\/avatar\/d77c79c43301ad5a8b26da1071f40071?s=96&#038;r=g&#038;d=mm\",\"contentUrl\":\"\/\/www.gravatar.com\/avatar\/d77c79c43301ad5a8b26da1071f40071?s=96&#038;r=g&#038;d=mm\",\"caption\":\"ecanonne\"}}]}<\/script>\n<!-- \/ Yoast SEO plugin. -->","yoast_head_json":{"title":"Mobilisation du 5 mars : L\u2019aust\u00e9rit\u00e9, la flexibilit\u00e9 \u00e7a suffit ! - OFICT-CGT Equipement-Environnement","robots":{"index":"index","follow":"follow","max-snippet":"max-snippet:-1","max-image-preview":"max-image-preview:large","max-video-preview":"max-video-preview:-1"},"canonical":"https:\/\/syndicoop.fr\/ofict\/mobilisation-du-5-mars-lausterite-la-flexibilite-ca-suffit\/","og_locale":"fr_FR","og_type":"article","og_title":"Mobilisation du 5 mars : L\u2019aust\u00e9rit\u00e9, la flexibilit\u00e9 \u00e7a suffit ! - OFICT-CGT Equipement-Environnement","og_description":"COMMUNIQU\u00c9 de la CGT La journ\u00e9e nationale d\u2019action interprofessionnelle du 5 mars 2013 \u00e0 l\u2019appel de la CGT et de FO avec le soutien de la FSU, Solidaires et des organisations de jeunesse est un v\u00e9ritable succ\u00e8s.","og_url":"https:\/\/syndicoop.fr\/ofict\/mobilisation-du-5-mars-lausterite-la-flexibilite-ca-suffit\/","og_site_name":"OFICT-CGT Equipement-Environnement","article_publisher":"https:\/\/www.facebook.com\/ofictcgt","article_published_time":"2013-03-05T21:04:23+00:00","article_modified_time":"2020-05-29T11:33:13+00:00","og_image":[{"width":320,"height":121,"url":"https:\/\/syndicoop.fr\/ofict\/wp-content\/uploads\/sites\/21\/2013\/02\/obpic4LOprd.jpeg","type":"image\/jpeg"}],"author":"ecanonne","twitter_card":"summary_large_image","twitter_creator":"@ofictcgt","twitter_site":"@ofictcgt","twitter_misc":{"\u00c9crit par":"ecanonne","Dur\u00e9e de lecture estim\u00e9e":"1 minute"},"schema":{"@context":"https:\/\/schema.org","@graph":[{"@type":"Article","@id":"https:\/\/syndicoop.fr\/ofict\/mobilisation-du-5-mars-lausterite-la-flexibilite-ca-suffit\/#article","isPartOf":{"@id":"https:\/\/syndicoop.fr\/ofict\/mobilisation-du-5-mars-lausterite-la-flexibilite-ca-suffit\/"},"author":{"name":"ecanonne","@id":"https:\/\/syndicoop.fr\/ofict\/#\/schema\/person\/f39466be0f2870e8872f54607694f961"},"headline":"Mobilisation du 5 mars : L\u2019aust\u00e9rit\u00e9, la flexibilit\u00e9 \u00e7a suffit !","datePublished":"2013-03-05T21:04:23+00:00","dateModified":"2020-05-29T11:33:13+00:00","mainEntityOfPage":{"@id":"https:\/\/syndicoop.fr\/ofict\/mobilisation-du-5-mars-lausterite-la-flexibilite-ca-suffit\/"},"wordCount":290,"commentCount":0,"publisher":{"@id":"https:\/\/syndicoop.fr\/ofict\/#organization"},"image":{"@id":"https:\/\/syndicoop.fr\/ofict\/mobilisation-du-5-mars-lausterite-la-flexibilite-ca-suffit\/#primaryimage"},"thumbnailUrl":"https:\/\/syndicoop.fr\/ofict\/wp-content\/uploads\/sites\/21\/2013\/02\/obpic4LOprd.jpeg","articleSection":["Actus"],"inLanguage":"fr-FR","potentialAction":[{"@type":"CommentAction","name":"Comment","target":["https:\/\/syndicoop.fr\/ofict\/mobilisation-du-5-mars-lausterite-la-flexibilite-ca-suffit\/#respond"]}]},{"@type":"WebPage","@id":"https:\/\/syndicoop.fr\/ofict\/mobilisation-du-5-mars-lausterite-la-flexibilite-ca-suffit\/","url":"https:\/\/syndicoop.fr\/ofict\/mobilisation-du-5-mars-lausterite-la-flexibilite-ca-suffit\/","name":"Mobilisation du 5 mars : L\u2019aust\u00e9rit\u00e9, la flexibilit\u00e9 \u00e7a suffit ! - OFICT-CGT Equipement-Environnement","isPartOf":{"@id":"https:\/\/syndicoop.fr\/ofict\/#website"},"primaryImageOfPage":{"@id":"https:\/\/syndicoop.fr\/ofict\/mobilisation-du-5-mars-lausterite-la-flexibilite-ca-suffit\/#primaryimage"},"image":{"@id":"https:\/\/syndicoop.fr\/ofict\/mobilisation-du-5-mars-lausterite-la-flexibilite-ca-suffit\/#primaryimage"},"thumbnailUrl":"https:\/\/syndicoop.fr\/ofict\/wp-content\/uploads\/sites\/21\/2013\/02\/obpic4LOprd.jpeg","datePublished":"2013-03-05T21:04:23+00:00","dateModified":"2020-05-29T11:33:13+00:00","breadcrumb":{"@id":"https:\/\/syndicoop.fr\/ofict\/mobilisation-du-5-mars-lausterite-la-flexibilite-ca-suffit\/#breadcrumb"},"inLanguage":"fr-FR","potentialAction":[{"@type":"ReadAction","target":["https:\/\/syndicoop.fr\/ofict\/mobilisation-du-5-mars-lausterite-la-flexibilite-ca-suffit\/"]}]},{"@type":"ImageObject","inLanguage":"fr-FR","@id":"https:\/\/syndicoop.fr\/ofict\/mobilisation-du-5-mars-lausterite-la-flexibilite-ca-suffit\/#primaryimage","url":"https:\/\/syndicoop.fr\/ofict\/wp-content\/uploads\/sites\/21\/2013\/02\/obpic4LOprd.jpeg","contentUrl":"https:\/\/syndicoop.fr\/ofict\/wp-content\/uploads\/sites\/21\/2013\/02\/obpic4LOprd.jpeg","width":320,"height":121},{"@type":"BreadcrumbList","@id":"https:\/\/syndicoop.fr\/ofict\/mobilisation-du-5-mars-lausterite-la-flexibilite-ca-suffit\/#breadcrumb","itemListElement":[{"@type":"ListItem","position":1,"name":"Accueil","item":"https:\/\/syndicoop.fr\/ofict\/"},{"@type":"ListItem","position":2,"name":"Mobilisation du 5 mars&#160;: L\u2019aust\u00e9rit\u00e9, la flexibilit\u00e9 \u00e7a suffit&#160;!"}]},{"@type":"WebSite","@id":"https:\/\/syndicoop.fr\/ofict\/#website","url":"https:\/\/syndicoop.fr\/ofict\/","name":"OFICT-CGT Equipement-Environnement","description":"avec Syndicoop.fr, plateforme syndicale et coop\u00e9rative","publisher":{"@id":"https:\/\/syndicoop.fr\/ofict\/#organization"},"potentialAction":[{"@type":"SearchAction","target":{"@type":"EntryPoint","urlTemplate":"https:\/\/syndicoop.fr\/ofict\/?s={search_term_string}"},"query-input":{"@type":"PropertyValueSpecification","valueRequired":true,"valueName":"search_term_string"}}],"inLanguage":"fr-FR"},{"@type":"Organization","@id":"https:\/\/syndicoop.fr\/ofict\/#organization","name":"ofict-cgt","url":"https:\/\/syndicoop.fr\/ofict\/","logo":{"@type":"ImageObject","inLanguage":"fr-FR","@id":"https:\/\/syndicoop.fr\/ofict\/#\/schema\/logo\/image\/","url":"https:\/\/syndicoop.fr\/ofict\/wp-content\/uploads\/sites\/21\/2021\/01\/0-Logo-OFICT-couleur-ombre-grand.png","contentUrl":"https:\/\/syndicoop.fr\/ofict\/wp-content\/uploads\/sites\/21\/2021\/01\/0-Logo-OFICT-couleur-ombre-grand.png","width":853,"height":626,"caption":"ofict-cgt"},"image":{"@id":"https:\/\/syndicoop.fr\/ofict\/#\/schema\/logo\/image\/"},"sameAs":["https:\/\/www.facebook.com\/ofictcgt","https:\/\/x.com\/ofictcgt","https:\/\/www.youtube.com\/channel\/UCuspFuV1HGEF1weXxpWVKtQ"]},{"@type":"Person","@id":"https:\/\/syndicoop.fr\/ofict\/#\/schema\/person\/f39466be0f2870e8872f54607694f961","name":"ecanonne","image":{"@type":"ImageObject","inLanguage":"fr-FR","@id":"https:\/\/syndicoop.fr\/ofict\/#\/schema\/person\/image\/","url":"\/\/www.gravatar.com\/avatar\/d77c79c43301ad5a8b26da1071f40071?s=96&#038;r=g&#038;d=mm","contentUrl":"\/\/www.gravatar.com\/avatar\/d77c79c43301ad5a8b26da1071f40071?s=96&#038;r=g&#038;d=mm","caption":"ecanonne"}}]}},"_links":{"self":[{"href":"https:\/\/syndicoop.fr\/ofict\/wp-json\/wp\/v2\/posts\/920","targetHints":{"allow":["GET"]}}],"collection":[{"href":"https:\/\/syndicoop.fr\/ofict\/wp-json\/wp\/v2\/posts"}],"about":[{"href":"https:\/\/syndicoop.fr\/ofict\/wp-json\/wp\/v2\/types\/post"}],"author":[{"embeddable":true,"href":"https:\/\/syndicoop.fr\/ofict\/wp-json\/wp\/v2\/users\/351"}],"replies":[{"embeddable":true,"href":"https:\/\/syndicoop.fr\/ofict\/wp-json\/wp\/v2\/comments?post=920"}],"version-history":[{"count":0,"href":"https:\/\/syndicoop.fr\/ofict\/wp-json\/wp\/v2\/posts\/920\/revisions"}],"wp:featuredmedia":[{"embeddable":true,"href":"https:\/\/syndicoop.fr\/ofict\/wp-json\/wp\/v2\/media\/904"}],"wp:attachment":[{"href":"https:\/\/syndicoop.fr\/ofict\/wp-json\/wp\/v2\/media?parent=920"}],"wp:term":[{"taxonomy":"category","embeddable":true,"href":"https:\/\/syndicoop.fr\/ofict\/wp-json\/wp\/v2\/categories?post=920"},{"taxonomy":"post_tag","embeddable":true,"href":"https:\/\/syndicoop.fr\/ofict\/wp-json\/wp\/v2\/tags?post=920"}],"curies":[{"name":"wp","href":"https:\/\/api.w.org\/{rel}","templated":true}]}}