{"id":1409,"date":"2019-02-22T18:36:53","date_gmt":"2019-02-22T17:36:53","guid":{"rendered":"https:\/\/syndicoop.fr\/ufictsp\/?p=1409"},"modified":"2019-12-22T18:41:39","modified_gmt":"2019-12-22T17:41:39","slug":"guide-du-droit-a-la-deconnexion","status":"publish","type":"post","link":"https:\/\/syndicoop.fr\/ufictsp\/guide-du-droit-a-la-deconnexion\/","title":{"rendered":"Guide du Droit \u00e0 la D\u00e9connexion"},"content":{"rendered":"<p><img decoding=\"async\" class=\"size-medium wp-image-564 aligncenter lazyload\" data-src=\"http:\/\/ufictsp.reference-syndicale.fr\/files\/2018\/05\/deconnexion-212x300.jpg\" alt=\"\" width=\"212\" height=\"300\" data-srcset=\"https:\/\/syndicoop.fr\/ufictsp\/wp-content\/uploads\/sites\/35\/2018\/05\/deconnexion-212x300.jpg 212w, https:\/\/syndicoop.fr\/ufictsp\/wp-content\/uploads\/sites\/35\/2018\/05\/deconnexion.jpg 600w\" data-sizes=\"(max-width: 212px) 100vw, 212px\" src=\"data:image\/svg+xml;base64,PHN2ZyB3aWR0aD0iMSIgaGVpZ2h0PSIxIiB4bWxucz0iaHR0cDovL3d3dy53My5vcmcvMjAwMC9zdmciPjwvc3ZnPg==\" style=\"--smush-placeholder-width: 212px; --smush-placeholder-aspect-ratio: 212\/300;\" \/><\/p>\n<p>&nbsp;<\/p>\n<p>Sous pression de la\u00a0<a href=\"http:\/\/ugict.cgt.fr\/deconnexion\/laisserez-vous-el-khomri-passer-vos-droits-au-karcher\/\" target=\"_blank\" rel=\"noopener\">mobilisation contre la loi Travail<\/a>, le gouvernement a introduit le droit \u00e0 la d\u00e9connexion dans la loi. Cette disposition, si elle est tr\u00e8s insuffisante, permet de mettre un pied dans la porte et de porter l\u2019enjeu de r\u00e9duction du temps et de la charge de travail.\u00a0Ce guide a pour ambition d\u2019aider les \u00e9quipes syndicales sur le volet n\u00e9gociation de notre campagne revendicative sur le droit \u00e0 la d\u00e9connexion afin de construire les droits nouveaux qui doivent accompagner l\u2019\u00e8re num\u00e9rique.<\/p>\n<p><a href=\"http:\/\/ufictsp.reference-syndicale.fr\/files\/2018\/05\/20170324-guideDD-interactif.pdf\">T\u00e9l\u00e9charger le guide: 20170324 \u2013 guideDD-interactif<\/a><\/p>\n","protected":false},"excerpt":{"rendered":"<p>&nbsp; Sous pression de la\u00a0mobilisation contre la loi Travail, le gouvernement a introduit le droit \u00e0 la d\u00e9connexion dans la loi. Cette disposition, si elle est tr\u00e8s insuffisante, permet de mettre un pied dans la porte et de porter l\u2019enjeu de r\u00e9duction du temps et de la charge de travail.\u00a0Ce guide a pour ambition d\u2019aider [&hellip;]<\/p>\n","protected":false},"author":890,"featured_media":1410,"comment_status":"open","ping_status":"closed","sticky":false,"template":"","format":"standard","meta":{"_acf_changed":false,"footnotes":""},"categories":[1,8],"tags":[68,437],"class_list":["post-1409","post","type-post","status-publish","format-standard","has-post-thumbnail","hentry","category-actus","category-cgt-et-ugict","tag-deconnexion","tag-droit-a-la-deconnexion","featuring-alaune","themes-management","themes-numerique","themes-organisation-du-travail","documents-decryptages","documents-guides"],"acf":[],"yoast_head":"<!-- This site is optimized with the Yoast SEO plugin v26.3 - https:\/\/yoast.com\/wordpress\/plugins\/seo\/ -->\n<title>Guide du Droit \u00e0 la D\u00e9connexion - UFICT des services publics<\/title>\n<meta name=\"robots\" content=\"index, follow, max-snippet:-1, max-image-preview:large, max-video-preview:-1\" \/>\n<link rel=\"canonical\" href=\"https:\/\/syndicoop.fr\/ufictsp\/guide-du-droit-a-la-deconnexion\/\" \/>\n<meta property=\"og:locale\" content=\"fr_FR\" \/>\n<meta property=\"og:type\" content=\"article\" \/>\n<meta property=\"og:title\" content=\"Guide du Droit \u00e0 la D\u00e9connexion - UFICT des services publics\" \/>\n<meta property=\"og:description\" content=\"&nbsp; Sous pression de la\u00a0mobilisation contre la loi Travail, le gouvernement a introduit le droit \u00e0 la d\u00e9connexion dans la loi. Cette disposition, si elle est tr\u00e8s insuffisante, permet de mettre un pied dans la porte et de porter l\u2019enjeu de r\u00e9duction du temps et de la charge de travail.\u00a0Ce guide a pour ambition d\u2019aider [&hellip;]\" \/>\n<meta property=\"og:url\" content=\"https:\/\/syndicoop.fr\/ufictsp\/guide-du-droit-a-la-deconnexion\/\" \/>\n<meta property=\"og:site_name\" content=\"UFICT des services publics\" \/>\n<meta property=\"article:published_time\" content=\"2019-02-22T17:36:53+00:00\" \/>\n<meta property=\"article:modified_time\" content=\"2019-12-22T17:41:39+00:00\" \/>\n<meta property=\"og:image\" content=\"https:\/\/syndicoop.fr\/ufictsp\/wp-content\/uploads\/sites\/35\/2019\/12\/deconnexion-212x300.jpg\" \/>\n\t<meta property=\"og:image:width\" content=\"212\" \/>\n\t<meta property=\"og:image:height\" content=\"300\" \/>\n\t<meta property=\"og:image:type\" content=\"image\/jpeg\" \/>\n<meta name=\"author\" content=\"klakjaa\" \/>\n<meta name=\"twitter:card\" content=\"summary_large_image\" \/>\n<meta name=\"twitter:label1\" content=\"\u00c9crit par\" \/>\n\t<meta name=\"twitter:data1\" content=\"klakjaa\" \/>\n<script type=\"application\/ld+json\" class=\"yoast-schema-graph\">{\"@context\":\"https:\/\/schema.org\",\"@graph\":[{\"@type\":\"Article\",\"@id\":\"https:\/\/syndicoop.fr\/ufictsp\/guide-du-droit-a-la-deconnexion\/#article\",\"isPartOf\":{\"@id\":\"https:\/\/syndicoop.fr\/ufictsp\/guide-du-droit-a-la-deconnexion\/\"},\"author\":{\"name\":\"klakjaa\",\"@id\":\"https:\/\/syndicoop.fr\/ufictsp\/#\/schema\/person\/356508ab49e59cf988ca7c164f571843\"},\"headline\":\"Guide du Droit \u00e0 la D\u00e9connexion\",\"datePublished\":\"2019-02-22T17:36:53+00:00\",\"dateModified\":\"2019-12-22T17:41:39+00:00\",\"mainEntityOfPage\":{\"@id\":\"https:\/\/syndicoop.fr\/ufictsp\/guide-du-droit-a-la-deconnexion\/\"},\"wordCount\":104,\"commentCount\":0,\"publisher\":{\"@id\":\"https:\/\/syndicoop.fr\/ufictsp\/#organization\"},\"image\":{\"@id\":\"https:\/\/syndicoop.fr\/ufictsp\/guide-du-droit-a-la-deconnexion\/#primaryimage\"},\"thumbnailUrl\":\"https:\/\/syndicoop.fr\/ufictsp\/wp-content\/uploads\/sites\/35\/2019\/12\/deconnexion-212x300.jpg\",\"keywords\":[\"d\u00e9connexion\",\"Droit \u00e0 la d\u00e9connexion\"],\"articleSection\":[\"Actus\",\"CGT et UGICT\"],\"inLanguage\":\"fr-FR\",\"potentialAction\":[{\"@type\":\"CommentAction\",\"name\":\"Comment\",\"target\":[\"https:\/\/syndicoop.fr\/ufictsp\/guide-du-droit-a-la-deconnexion\/#respond\"]}]},{\"@type\":\"WebPage\",\"@id\":\"https:\/\/syndicoop.fr\/ufictsp\/guide-du-droit-a-la-deconnexion\/\",\"url\":\"https:\/\/syndicoop.fr\/ufictsp\/guide-du-droit-a-la-deconnexion\/\",\"name\":\"Guide du Droit \u00e0 la D\u00e9connexion - UFICT des services publics\",\"isPartOf\":{\"@id\":\"https:\/\/syndicoop.fr\/ufictsp\/#website\"},\"primaryImageOfPage\":{\"@id\":\"https:\/\/syndicoop.fr\/ufictsp\/guide-du-droit-a-la-deconnexion\/#primaryimage\"},\"image\":{\"@id\":\"https:\/\/syndicoop.fr\/ufictsp\/guide-du-droit-a-la-deconnexion\/#primaryimage\"},\"thumbnailUrl\":\"https:\/\/syndicoop.fr\/ufictsp\/wp-content\/uploads\/sites\/35\/2019\/12\/deconnexion-212x300.jpg\",\"datePublished\":\"2019-02-22T17:36:53+00:00\",\"dateModified\":\"2019-12-22T17:41:39+00:00\",\"breadcrumb\":{\"@id\":\"https:\/\/syndicoop.fr\/ufictsp\/guide-du-droit-a-la-deconnexion\/#breadcrumb\"},\"inLanguage\":\"fr-FR\",\"potentialAction\":[{\"@type\":\"ReadAction\",\"target\":[\"https:\/\/syndicoop.fr\/ufictsp\/guide-du-droit-a-la-deconnexion\/\"]}]},{\"@type\":\"ImageObject\",\"inLanguage\":\"fr-FR\",\"@id\":\"https:\/\/syndicoop.fr\/ufictsp\/guide-du-droit-a-la-deconnexion\/#primaryimage\",\"url\":\"https:\/\/syndicoop.fr\/ufictsp\/wp-content\/uploads\/sites\/35\/2019\/12\/deconnexion-212x300.jpg\",\"contentUrl\":\"https:\/\/syndicoop.fr\/ufictsp\/wp-content\/uploads\/sites\/35\/2019\/12\/deconnexion-212x300.jpg\",\"width\":212,\"height\":300},{\"@type\":\"BreadcrumbList\",\"@id\":\"https:\/\/syndicoop.fr\/ufictsp\/guide-du-droit-a-la-deconnexion\/#breadcrumb\",\"itemListElement\":[{\"@type\":\"ListItem\",\"position\":1,\"name\":\"Accueil\",\"item\":\"https:\/\/syndicoop.fr\/ufictsp\/\"},{\"@type\":\"ListItem\",\"position\":2,\"name\":\"Guide du Droit \u00e0 la D\u00e9connexion\"}]},{\"@type\":\"WebSite\",\"@id\":\"https:\/\/syndicoop.fr\/ufictsp\/#website\",\"url\":\"https:\/\/syndicoop.fr\/ufictsp\/\",\"name\":\"UFICT CGT des services publics\",\"description\":\"Avec Syndicoop - la plateforme syndicale et coop\u00e9rative\",\"publisher\":{\"@id\":\"https:\/\/syndicoop.fr\/ufictsp\/#organization\"},\"potentialAction\":[{\"@type\":\"SearchAction\",\"target\":{\"@type\":\"EntryPoint\",\"urlTemplate\":\"https:\/\/syndicoop.fr\/ufictsp\/?s={search_term_string}\"},\"query-input\":{\"@type\":\"PropertyValueSpecification\",\"valueRequired\":true,\"valueName\":\"search_term_string\"}}],\"inLanguage\":\"fr-FR\"},{\"@type\":\"Organization\",\"@id\":\"https:\/\/syndicoop.fr\/ufictsp\/#organization\",\"name\":\"UFICT CGT des Services publics\",\"url\":\"https:\/\/syndicoop.fr\/ufictsp\/\",\"logo\":{\"@type\":\"ImageObject\",\"inLanguage\":\"fr-FR\",\"@id\":\"https:\/\/syndicoop.fr\/ufictsp\/#\/schema\/logo\/image\/\",\"url\":\"https:\/\/syndicoop.fr\/ufictsp\/wp-content\/uploads\/sites\/35\/2019\/12\/Logoufictnational.png\",\"contentUrl\":\"https:\/\/syndicoop.fr\/ufictsp\/wp-content\/uploads\/sites\/35\/2019\/12\/Logoufictnational.png\",\"width\":684,\"height\":464,\"caption\":\"UFICT CGT des Services publics\"},\"image\":{\"@id\":\"https:\/\/syndicoop.fr\/ufictsp\/#\/schema\/logo\/image\/\"}},{\"@type\":\"Person\",\"@id\":\"https:\/\/syndicoop.fr\/ufictsp\/#\/schema\/person\/356508ab49e59cf988ca7c164f571843\",\"name\":\"klakjaa\",\"image\":{\"@type\":\"ImageObject\",\"inLanguage\":\"fr-FR\",\"@id\":\"https:\/\/syndicoop.fr\/ufictsp\/#\/schema\/person\/image\/\",\"url\":\"\/\/www.gravatar.com\/avatar\/954f790552c0c0b5614eba8b28190401?s=96&#038;r=g&#038;d=mm\",\"contentUrl\":\"\/\/www.gravatar.com\/avatar\/954f790552c0c0b5614eba8b28190401?s=96&#038;r=g&#038;d=mm\",\"caption\":\"klakjaa\"}}]}<\/script>\n<!-- \/ Yoast SEO plugin. -->","yoast_head_json":{"title":"Guide du Droit \u00e0 la D\u00e9connexion - UFICT des services publics","robots":{"index":"index","follow":"follow","max-snippet":"max-snippet:-1","max-image-preview":"max-image-preview:large","max-video-preview":"max-video-preview:-1"},"canonical":"https:\/\/syndicoop.fr\/ufictsp\/guide-du-droit-a-la-deconnexion\/","og_locale":"fr_FR","og_type":"article","og_title":"Guide du Droit \u00e0 la D\u00e9connexion - UFICT des services publics","og_description":"&nbsp; Sous pression de la\u00a0mobilisation contre la loi Travail, le gouvernement a introduit le droit \u00e0 la d\u00e9connexion dans la loi. Cette disposition, si elle est tr\u00e8s insuffisante, permet de mettre un pied dans la porte et de porter l\u2019enjeu de r\u00e9duction du temps et de la charge de travail.\u00a0Ce guide a pour ambition d\u2019aider [&hellip;]","og_url":"https:\/\/syndicoop.fr\/ufictsp\/guide-du-droit-a-la-deconnexion\/","og_site_name":"UFICT des services publics","article_published_time":"2019-02-22T17:36:53+00:00","article_modified_time":"2019-12-22T17:41:39+00:00","og_image":[{"width":212,"height":300,"url":"https:\/\/syndicoop.fr\/ufictsp\/wp-content\/uploads\/sites\/35\/2019\/12\/deconnexion-212x300.jpg","type":"image\/jpeg"}],"author":"klakjaa","twitter_card":"summary_large_image","twitter_misc":{"\u00c9crit par":"klakjaa"},"schema":{"@context":"https:\/\/schema.org","@graph":[{"@type":"Article","@id":"https:\/\/syndicoop.fr\/ufictsp\/guide-du-droit-a-la-deconnexion\/#article","isPartOf":{"@id":"https:\/\/syndicoop.fr\/ufictsp\/guide-du-droit-a-la-deconnexion\/"},"author":{"name":"klakjaa","@id":"https:\/\/syndicoop.fr\/ufictsp\/#\/schema\/person\/356508ab49e59cf988ca7c164f571843"},"headline":"Guide du Droit \u00e0 la D\u00e9connexion","datePublished":"2019-02-22T17:36:53+00:00","dateModified":"2019-12-22T17:41:39+00:00","mainEntityOfPage":{"@id":"https:\/\/syndicoop.fr\/ufictsp\/guide-du-droit-a-la-deconnexion\/"},"wordCount":104,"commentCount":0,"publisher":{"@id":"https:\/\/syndicoop.fr\/ufictsp\/#organization"},"image":{"@id":"https:\/\/syndicoop.fr\/ufictsp\/guide-du-droit-a-la-deconnexion\/#primaryimage"},"thumbnailUrl":"https:\/\/syndicoop.fr\/ufictsp\/wp-content\/uploads\/sites\/35\/2019\/12\/deconnexion-212x300.jpg","keywords":["d\u00e9connexion","Droit \u00e0 la d\u00e9connexion"],"articleSection":["Actus","CGT et UGICT"],"inLanguage":"fr-FR","potentialAction":[{"@type":"CommentAction","name":"Comment","target":["https:\/\/syndicoop.fr\/ufictsp\/guide-du-droit-a-la-deconnexion\/#respond"]}]},{"@type":"WebPage","@id":"https:\/\/syndicoop.fr\/ufictsp\/guide-du-droit-a-la-deconnexion\/","url":"https:\/\/syndicoop.fr\/ufictsp\/guide-du-droit-a-la-deconnexion\/","name":"Guide du Droit \u00e0 la D\u00e9connexion - UFICT des services publics","isPartOf":{"@id":"https:\/\/syndicoop.fr\/ufictsp\/#website"},"primaryImageOfPage":{"@id":"https:\/\/syndicoop.fr\/ufictsp\/guide-du-droit-a-la-deconnexion\/#primaryimage"},"image":{"@id":"https:\/\/syndicoop.fr\/ufictsp\/guide-du-droit-a-la-deconnexion\/#primaryimage"},"thumbnailUrl":"https:\/\/syndicoop.fr\/ufictsp\/wp-content\/uploads\/sites\/35\/2019\/12\/deconnexion-212x300.jpg","datePublished":"2019-02-22T17:36:53+00:00","dateModified":"2019-12-22T17:41:39+00:00","breadcrumb":{"@id":"https:\/\/syndicoop.fr\/ufictsp\/guide-du-droit-a-la-deconnexion\/#breadcrumb"},"inLanguage":"fr-FR","potentialAction":[{"@type":"ReadAction","target":["https:\/\/syndicoop.fr\/ufictsp\/guide-du-droit-a-la-deconnexion\/"]}]},{"@type":"ImageObject","inLanguage":"fr-FR","@id":"https:\/\/syndicoop.fr\/ufictsp\/guide-du-droit-a-la-deconnexion\/#primaryimage","url":"https:\/\/syndicoop.fr\/ufictsp\/wp-content\/uploads\/sites\/35\/2019\/12\/deconnexion-212x300.jpg","contentUrl":"https:\/\/syndicoop.fr\/ufictsp\/wp-content\/uploads\/sites\/35\/2019\/12\/deconnexion-212x300.jpg","width":212,"height":300},{"@type":"BreadcrumbList","@id":"https:\/\/syndicoop.fr\/ufictsp\/guide-du-droit-a-la-deconnexion\/#breadcrumb","itemListElement":[{"@type":"ListItem","position":1,"name":"Accueil","item":"https:\/\/syndicoop.fr\/ufictsp\/"},{"@type":"ListItem","position":2,"name":"Guide du Droit \u00e0 la D\u00e9connexion"}]},{"@type":"WebSite","@id":"https:\/\/syndicoop.fr\/ufictsp\/#website","url":"https:\/\/syndicoop.fr\/ufictsp\/","name":"UFICT CGT des services publics","description":"Avec Syndicoop - la plateforme syndicale et coop\u00e9rative","publisher":{"@id":"https:\/\/syndicoop.fr\/ufictsp\/#organization"},"potentialAction":[{"@type":"SearchAction","target":{"@type":"EntryPoint","urlTemplate":"https:\/\/syndicoop.fr\/ufictsp\/?s={search_term_string}"},"query-input":{"@type":"PropertyValueSpecification","valueRequired":true,"valueName":"search_term_string"}}],"inLanguage":"fr-FR"},{"@type":"Organization","@id":"https:\/\/syndicoop.fr\/ufictsp\/#organization","name":"UFICT CGT des Services publics","url":"https:\/\/syndicoop.fr\/ufictsp\/","logo":{"@type":"ImageObject","inLanguage":"fr-FR","@id":"https:\/\/syndicoop.fr\/ufictsp\/#\/schema\/logo\/image\/","url":"https:\/\/syndicoop.fr\/ufictsp\/wp-content\/uploads\/sites\/35\/2019\/12\/Logoufictnational.png","contentUrl":"https:\/\/syndicoop.fr\/ufictsp\/wp-content\/uploads\/sites\/35\/2019\/12\/Logoufictnational.png","width":684,"height":464,"caption":"UFICT CGT des Services publics"},"image":{"@id":"https:\/\/syndicoop.fr\/ufictsp\/#\/schema\/logo\/image\/"}},{"@type":"Person","@id":"https:\/\/syndicoop.fr\/ufictsp\/#\/schema\/person\/356508ab49e59cf988ca7c164f571843","name":"klakjaa","image":{"@type":"ImageObject","inLanguage":"fr-FR","@id":"https:\/\/syndicoop.fr\/ufictsp\/#\/schema\/person\/image\/","url":"\/\/www.gravatar.com\/avatar\/954f790552c0c0b5614eba8b28190401?s=96&#038;r=g&#038;d=mm","contentUrl":"\/\/www.gravatar.com\/avatar\/954f790552c0c0b5614eba8b28190401?s=96&#038;r=g&#038;d=mm","caption":"klakjaa"}}]}},"_links":{"self":[{"href":"https:\/\/syndicoop.fr\/ufictsp\/wp-json\/wp\/v2\/posts\/1409","targetHints":{"allow":["GET"]}}],"collection":[{"href":"https:\/\/syndicoop.fr\/ufictsp\/wp-json\/wp\/v2\/posts"}],"about":[{"href":"https:\/\/syndicoop.fr\/ufictsp\/wp-json\/wp\/v2\/types\/post"}],"author":[{"embeddable":true,"href":"https:\/\/syndicoop.fr\/ufictsp\/wp-json\/wp\/v2\/users\/890"}],"replies":[{"embeddable":true,"href":"https:\/\/syndicoop.fr\/ufictsp\/wp-json\/wp\/v2\/comments?post=1409"}],"version-history":[{"count":0,"href":"https:\/\/syndicoop.fr\/ufictsp\/wp-json\/wp\/v2\/posts\/1409\/revisions"}],"wp:featuredmedia":[{"embeddable":true,"href":"https:\/\/syndicoop.fr\/ufictsp\/wp-json\/wp\/v2\/media\/1410"}],"wp:attachment":[{"href":"https:\/\/syndicoop.fr\/ufictsp\/wp-json\/wp\/v2\/media?parent=1409"}],"wp:term":[{"taxonomy":"category","embeddable":true,"href":"https:\/\/syndicoop.fr\/ufictsp\/wp-json\/wp\/v2\/categories?post=1409"},{"taxonomy":"post_tag","embeddable":true,"href":"https:\/\/syndicoop.fr\/ufictsp\/wp-json\/wp\/v2\/tags?post=1409"}],"curies":[{"name":"wp","href":"https:\/\/api.w.org\/{rel}","templated":true}]}}