{"id":1623,"date":"2021-05-24T10:27:49","date_gmt":"2021-05-24T08:27:49","guid":{"rendered":"https:\/\/syndicoop.fr\/ufictsp\/?p=1623"},"modified":"2022-03-24T21:43:26","modified_gmt":"2022-03-24T20:43:26","slug":"communique-de-presse-10eme-congres-ufict","status":"publish","type":"post","link":"https:\/\/syndicoop.fr\/ufictsp\/communique-de-presse-10eme-congres-ufict\/","title":{"rendered":"Communiqu\u00e9 de presse &#8211; 10\u00e9me Congr\u00e8s UFICT"},"content":{"rendered":"<p><img decoding=\"async\" class=\"aligncenter size-full wp-image-1624 lazyload\" data-src=\"https:\/\/syndicoop.fr\/ufictsp\/wp-content\/uploads\/sites\/35\/2021\/05\/Bandeau-01.png\" alt=\"\" width=\"415\" height=\"394\" data-srcset=\"https:\/\/syndicoop.fr\/ufictsp\/wp-content\/uploads\/sites\/35\/2021\/05\/Bandeau-01.png 415w, https:\/\/syndicoop.fr\/ufictsp\/wp-content\/uploads\/sites\/35\/2021\/05\/Bandeau-01-300x285.png 300w\" data-sizes=\"(max-width: 415px) 100vw, 415px\" src=\"data:image\/svg+xml;base64,PHN2ZyB3aWR0aD0iMSIgaGVpZ2h0PSIxIiB4bWxucz0iaHR0cDovL3d3dy53My5vcmcvMjAwMC9zdmciPjwvc3ZnPg==\" style=\"--smush-placeholder-width: 415px; --smush-placeholder-aspect-ratio: 415\/394;\" \/><\/p>\n<p style=\"text-align: center\"><span style=\"color: #ff0000\"><strong>Communiqu\u00e9 de presse &#8211; 10\u00e9me Congr\u00e8s UFICT<\/strong><\/span><\/p>\n<p><!--more--><\/p>\n<p>Vers la version PDF du communiqu\u00e9 : <a href=\"https:\/\/syndicoop.fr\/ufictsp\/wp-content\/uploads\/sites\/35\/2021\/05\/20210521-communique_de_presse_congres_ufict_mai_2021.pdf\">ici<\/a><\/p>\n<p>Communiqu\u00e9 de presse<\/p>\n<p>Une organisation rassembl\u00e9e pour r\u00e9pondre au d\u00e9fi de la repr\u00e9sentativit\u00e9 et de la mobilisation des cadres de la Fonction publique territoriale. La CGT des ing\u00e9nieur.es, cadres, technicien.nes et agent-e-s de ma\u00eetrise a conclu son 10e congr\u00e8s ce mercredi 19 mai \u00e0 Montreuil dans un contexte d\u2019assouplissement des r\u00e8gles sanitaires li\u00e9es \u00e0 la COVID-19.<\/p>\n<h4>Une organisation rassembl\u00e9e<\/h4>\n<p>La qualit\u00e9 des d\u00e9bats a permis que le bilan d\u2019activit\u00e9 et les orientations soient adopt\u00e9s avec des votes tr\u00e8s larges. Le bilan d\u2019activit\u00e9 a \u00e9t\u00e9 valid\u00e9 par plus de 89% des voix. Le projet de document d\u2019orientation par 83 % des voix. La commission ex\u00e9cutive a recueilli plus 85 % des voix. Ceci a \u00e9t\u00e9 rendu possible par des d\u00e9bats pr\u00e9paratoires approfondis dans l\u2019ensemble des r\u00e9gions et d\u00e9partements. Les interventions de Marie-Jos\u00e9 Kotlicki et de Natacha Pommet ont \u00e9t\u00e9 l\u2019occasion de rappeler l\u2019importance pour toute la CGT du travail de l\u2019Ufict, du soutien et du d\u00e9ploiement des syndicats Ufict et des syndiqu\u00e9-e-s affili\u00e9-e-s dans les collectivit\u00e9s territoriales.<\/p>\n<h4>Une direction renouvel\u00e9e, rajeunie et f\u00e9minis\u00e9e<\/h4>\n<p>La Commission ex\u00e9cutive a \u00e9t\u00e9 renouvel\u00e9e \u00e0 45%, et compte davantage de femmes des fili\u00e8res professionnelles. Paritaire, comme le secr\u00e9tariat, elle permet \u00e0 l\u2019Ufict de continuer \u00e0 mettre en coh\u00e9rence les discours et les actes. J\u00e9sus De Carlos et Emmanuelle Polez ont \u00e9t\u00e9 \u00e9lus co-secr\u00e9taires g\u00e9n\u00e9raux de l\u2019Ufict-CGT des Services publics.<\/p>\n<h4>Innover et ouvrir des perspectives d\u2019avenir<\/h4>\n<p>Le document d\u2019orientation comme les d\u00e9bats du congr\u00e8s ouvrent des perspectives d\u2019avenir pour le monde du travail et le syndicalisme. D\u00e9veloppement des services publics, num\u00e9rique, environnement, revalorisation des cat\u00e9gories A et B, reconnaissance des cadres sp\u00e9cialis\u00e9.es ou expert.es, \u00e9galit\u00e9 F\/H, retraite \u00e9taient au coeur des d\u00e9bats avec la volont\u00e9 de l\u2019encadrement d\u2019\u00eatre professionnellement engag\u00e9 et socialement responsable. La campagne de syndicalisation est un outil pour porter les propositions de l\u2019Ufict et permettre \u00e0 l\u2019encadrement de reprendre la main sur son travail. D\u00e9bats en tables rondes, interactivit\u00e9, num\u00e9rique, les nombreuses innovations du congr\u00e8s visaient \u00e0 montrer une CGT en phase avec les aspirations d\u00e9mocratiques des cadres territoriaux. Initiative in\u00e9dite, le congr\u00e8s a \u00e9t\u00e9 retransmis en direct sur le site f\u00e9d\u00e9ral et plus de 100 camarades ont assist\u00e9 en ligne aux d\u00e9bats du congr\u00e8s.<\/p>\n<h4>R\u00e9pondre au d\u00e9fi de la repr\u00e9sentativit\u00e9 et de la mobilisation<\/h4>\n<p>Ce congr\u00e8s permet \u00e0 l\u2019Ufict de lancer une dynamique pour r\u00e9pondre au d\u00e9fi de la repr\u00e9sentativit\u00e9 et gagner de nouveaux droits pour l\u2019encadrement. Premier chantier : la n\u00e9gociation Fonction publique sur le d\u00e9cret t\u00e9l\u00e9travail et toujours le combat contre les lois de casse de la Fonction publique et de son statut, lois dites de Transformation de la Fonction publique et 4D. Au-del\u00e0, les ing\u00e9nieur.es, cadres, technicien.nes et agent.e.s de ma\u00eetrise sont nombreux \u00e0 se mobiliser sur le vol des cong\u00e9s en convergence avec les autres cat\u00e9gories. Leur participation sera d\u00e9terminante pour la suite de la mobilisation intersyndicale du 15 juin prochain. L\u2019Ufict mettra toute son \u00e9nergie pour garantir rassemblement et convergences et faire de ces luttes un enjeu d\u2019int\u00e9r\u00eat g\u00e9n\u00e9ral.<\/p>\n<p>\u00c0 Montreuil, le 21 mai 2021<\/p>\n","protected":false},"excerpt":{"rendered":"<p>Communiqu\u00e9 de presse &#8211; 10\u00e9me Congr\u00e8s UFICT<\/p>\n","protected":false},"author":403,"featured_media":0,"comment_status":"open","ping_status":"closed","sticky":false,"template":"","format":"standard","meta":{"_acf_changed":false,"footnotes":""},"categories":[1],"tags":[],"class_list":["post-1623","post","type-post","status-publish","format-standard","hentry","category-actus","documents-articles","secteur-toutes"],"acf":[],"yoast_head":"<!-- This site is optimized with the Yoast SEO plugin v26.3 - https:\/\/yoast.com\/wordpress\/plugins\/seo\/ -->\n<title>Communiqu\u00e9 de presse - 10\u00e9me Congr\u00e8s UFICT - UFICT des services publics<\/title>\n<meta name=\"robots\" content=\"index, follow, max-snippet:-1, max-image-preview:large, max-video-preview:-1\" \/>\n<link rel=\"canonical\" href=\"https:\/\/syndicoop.fr\/ufictsp\/communique-de-presse-10eme-congres-ufict\/\" \/>\n<meta property=\"og:locale\" content=\"fr_FR\" \/>\n<meta property=\"og:type\" content=\"article\" \/>\n<meta property=\"og:title\" content=\"Communiqu\u00e9 de presse - 10\u00e9me Congr\u00e8s UFICT - UFICT des services publics\" \/>\n<meta property=\"og:description\" content=\"Communiqu\u00e9 de presse &#8211; 10\u00e9me Congr\u00e8s UFICT\" \/>\n<meta property=\"og:url\" content=\"https:\/\/syndicoop.fr\/ufictsp\/communique-de-presse-10eme-congres-ufict\/\" \/>\n<meta property=\"og:site_name\" content=\"UFICT des services publics\" \/>\n<meta property=\"article:published_time\" content=\"2021-05-24T08:27:49+00:00\" \/>\n<meta property=\"article:modified_time\" content=\"2022-03-24T20:43:26+00:00\" \/>\n<meta property=\"og:image\" content=\"https:\/\/syndicoop.fr\/ufictsp\/wp-content\/uploads\/sites\/35\/2021\/05\/Bandeau-01.png\" \/>\n<meta name=\"author\" content=\"Philippe CHAVROCHE\" \/>\n<meta name=\"twitter:card\" content=\"summary_large_image\" \/>\n<meta name=\"twitter:label1\" content=\"\u00c9crit par\" \/>\n\t<meta name=\"twitter:data1\" content=\"Philippe CHAVROCHE\" \/>\n\t<meta name=\"twitter:label2\" content=\"Dur\u00e9e de lecture estim\u00e9e\" \/>\n\t<meta name=\"twitter:data2\" content=\"3 minutes\" \/>\n<script type=\"application\/ld+json\" class=\"yoast-schema-graph\">{\"@context\":\"https:\/\/schema.org\",\"@graph\":[{\"@type\":\"Article\",\"@id\":\"https:\/\/syndicoop.fr\/ufictsp\/communique-de-presse-10eme-congres-ufict\/#article\",\"isPartOf\":{\"@id\":\"https:\/\/syndicoop.fr\/ufictsp\/communique-de-presse-10eme-congres-ufict\/\"},\"author\":{\"name\":\"Philippe CHAVROCHE\",\"@id\":\"https:\/\/syndicoop.fr\/ufictsp\/#\/schema\/person\/3e41f667417f108b2384976dd41ca5e4\"},\"headline\":\"Communiqu\u00e9 de presse &#8211; 10\u00e9me Congr\u00e8s UFICT\",\"datePublished\":\"2021-05-24T08:27:49+00:00\",\"dateModified\":\"2022-03-24T20:43:26+00:00\",\"mainEntityOfPage\":{\"@id\":\"https:\/\/syndicoop.fr\/ufictsp\/communique-de-presse-10eme-congres-ufict\/\"},\"wordCount\":599,\"commentCount\":0,\"publisher\":{\"@id\":\"https:\/\/syndicoop.fr\/ufictsp\/#organization\"},\"image\":{\"@id\":\"https:\/\/syndicoop.fr\/ufictsp\/communique-de-presse-10eme-congres-ufict\/#primaryimage\"},\"thumbnailUrl\":\"https:\/\/syndicoop.fr\/ufictsp\/wp-content\/uploads\/sites\/35\/2021\/05\/Bandeau-01.png\",\"articleSection\":[\"Actus\"],\"inLanguage\":\"fr-FR\",\"potentialAction\":[{\"@type\":\"CommentAction\",\"name\":\"Comment\",\"target\":[\"https:\/\/syndicoop.fr\/ufictsp\/communique-de-presse-10eme-congres-ufict\/#respond\"]}]},{\"@type\":\"WebPage\",\"@id\":\"https:\/\/syndicoop.fr\/ufictsp\/communique-de-presse-10eme-congres-ufict\/\",\"url\":\"https:\/\/syndicoop.fr\/ufictsp\/communique-de-presse-10eme-congres-ufict\/\",\"name\":\"Communiqu\u00e9 de presse - 10\u00e9me Congr\u00e8s UFICT - UFICT des services publics\",\"isPartOf\":{\"@id\":\"https:\/\/syndicoop.fr\/ufictsp\/#website\"},\"primaryImageOfPage\":{\"@id\":\"https:\/\/syndicoop.fr\/ufictsp\/communique-de-presse-10eme-congres-ufict\/#primaryimage\"},\"image\":{\"@id\":\"https:\/\/syndicoop.fr\/ufictsp\/communique-de-presse-10eme-congres-ufict\/#primaryimage\"},\"thumbnailUrl\":\"https:\/\/syndicoop.fr\/ufictsp\/wp-content\/uploads\/sites\/35\/2021\/05\/Bandeau-01.png\",\"datePublished\":\"2021-05-24T08:27:49+00:00\",\"dateModified\":\"2022-03-24T20:43:26+00:00\",\"breadcrumb\":{\"@id\":\"https:\/\/syndicoop.fr\/ufictsp\/communique-de-presse-10eme-congres-ufict\/#breadcrumb\"},\"inLanguage\":\"fr-FR\",\"potentialAction\":[{\"@type\":\"ReadAction\",\"target\":[\"https:\/\/syndicoop.fr\/ufictsp\/communique-de-presse-10eme-congres-ufict\/\"]}]},{\"@type\":\"ImageObject\",\"inLanguage\":\"fr-FR\",\"@id\":\"https:\/\/syndicoop.fr\/ufictsp\/communique-de-presse-10eme-congres-ufict\/#primaryimage\",\"url\":\"https:\/\/syndicoop.fr\/ufictsp\/wp-content\/uploads\/sites\/35\/2021\/05\/Bandeau-01.png\",\"contentUrl\":\"https:\/\/syndicoop.fr\/ufictsp\/wp-content\/uploads\/sites\/35\/2021\/05\/Bandeau-01.png\",\"width\":415,\"height\":394},{\"@type\":\"BreadcrumbList\",\"@id\":\"https:\/\/syndicoop.fr\/ufictsp\/communique-de-presse-10eme-congres-ufict\/#breadcrumb\",\"itemListElement\":[{\"@type\":\"ListItem\",\"position\":1,\"name\":\"Accueil\",\"item\":\"https:\/\/syndicoop.fr\/ufictsp\/\"},{\"@type\":\"ListItem\",\"position\":2,\"name\":\"Communiqu\u00e9 de presse &#8211; 10\u00e9me Congr\u00e8s UFICT\"}]},{\"@type\":\"WebSite\",\"@id\":\"https:\/\/syndicoop.fr\/ufictsp\/#website\",\"url\":\"https:\/\/syndicoop.fr\/ufictsp\/\",\"name\":\"UFICT CGT des services publics\",\"description\":\"Avec Syndicoop - la plateforme syndicale et coop\u00e9rative\",\"publisher\":{\"@id\":\"https:\/\/syndicoop.fr\/ufictsp\/#organization\"},\"potentialAction\":[{\"@type\":\"SearchAction\",\"target\":{\"@type\":\"EntryPoint\",\"urlTemplate\":\"https:\/\/syndicoop.fr\/ufictsp\/?s={search_term_string}\"},\"query-input\":{\"@type\":\"PropertyValueSpecification\",\"valueRequired\":true,\"valueName\":\"search_term_string\"}}],\"inLanguage\":\"fr-FR\"},{\"@type\":\"Organization\",\"@id\":\"https:\/\/syndicoop.fr\/ufictsp\/#organization\",\"name\":\"UFICT CGT des Services publics\",\"url\":\"https:\/\/syndicoop.fr\/ufictsp\/\",\"logo\":{\"@type\":\"ImageObject\",\"inLanguage\":\"fr-FR\",\"@id\":\"https:\/\/syndicoop.fr\/ufictsp\/#\/schema\/logo\/image\/\",\"url\":\"https:\/\/syndicoop.fr\/ufictsp\/wp-content\/uploads\/sites\/35\/2019\/12\/Logoufictnational.png\",\"contentUrl\":\"https:\/\/syndicoop.fr\/ufictsp\/wp-content\/uploads\/sites\/35\/2019\/12\/Logoufictnational.png\",\"width\":684,\"height\":464,\"caption\":\"UFICT CGT des Services publics\"},\"image\":{\"@id\":\"https:\/\/syndicoop.fr\/ufictsp\/#\/schema\/logo\/image\/\"}},{\"@type\":\"Person\",\"@id\":\"https:\/\/syndicoop.fr\/ufictsp\/#\/schema\/person\/3e41f667417f108b2384976dd41ca5e4\",\"name\":\"Philippe CHAVROCHE\",\"image\":{\"@type\":\"ImageObject\",\"inLanguage\":\"fr-FR\",\"@id\":\"https:\/\/syndicoop.fr\/ufictsp\/#\/schema\/person\/image\/\",\"url\":\"https:\/\/syndicoop.fr\/ufictsp\/wp-content\/wphb-cache\/gravatar\/829\/829d4cab4b59e00e2f58aa72b0bdc31ax96.jpg\",\"contentUrl\":\"https:\/\/syndicoop.fr\/ufictsp\/wp-content\/wphb-cache\/gravatar\/829\/829d4cab4b59e00e2f58aa72b0bdc31ax96.jpg\",\"caption\":\"Philippe CHAVROCHE\"}}]}<\/script>\n<!-- \/ Yoast SEO plugin. -->","yoast_head_json":{"title":"Communiqu\u00e9 de presse - 10\u00e9me Congr\u00e8s UFICT - UFICT des services publics","robots":{"index":"index","follow":"follow","max-snippet":"max-snippet:-1","max-image-preview":"max-image-preview:large","max-video-preview":"max-video-preview:-1"},"canonical":"https:\/\/syndicoop.fr\/ufictsp\/communique-de-presse-10eme-congres-ufict\/","og_locale":"fr_FR","og_type":"article","og_title":"Communiqu\u00e9 de presse - 10\u00e9me Congr\u00e8s UFICT - UFICT des services publics","og_description":"Communiqu\u00e9 de presse &#8211; 10\u00e9me Congr\u00e8s UFICT","og_url":"https:\/\/syndicoop.fr\/ufictsp\/communique-de-presse-10eme-congres-ufict\/","og_site_name":"UFICT des services publics","article_published_time":"2021-05-24T08:27:49+00:00","article_modified_time":"2022-03-24T20:43:26+00:00","og_image":[{"url":"https:\/\/syndicoop.fr\/ufictsp\/wp-content\/uploads\/sites\/35\/2021\/05\/Bandeau-01.png","type":"","width":"","height":""}],"author":"Philippe CHAVROCHE","twitter_card":"summary_large_image","twitter_misc":{"\u00c9crit par":"Philippe CHAVROCHE","Dur\u00e9e de lecture estim\u00e9e":"3 minutes"},"schema":{"@context":"https:\/\/schema.org","@graph":[{"@type":"Article","@id":"https:\/\/syndicoop.fr\/ufictsp\/communique-de-presse-10eme-congres-ufict\/#article","isPartOf":{"@id":"https:\/\/syndicoop.fr\/ufictsp\/communique-de-presse-10eme-congres-ufict\/"},"author":{"name":"Philippe CHAVROCHE","@id":"https:\/\/syndicoop.fr\/ufictsp\/#\/schema\/person\/3e41f667417f108b2384976dd41ca5e4"},"headline":"Communiqu\u00e9 de presse &#8211; 10\u00e9me Congr\u00e8s UFICT","datePublished":"2021-05-24T08:27:49+00:00","dateModified":"2022-03-24T20:43:26+00:00","mainEntityOfPage":{"@id":"https:\/\/syndicoop.fr\/ufictsp\/communique-de-presse-10eme-congres-ufict\/"},"wordCount":599,"commentCount":0,"publisher":{"@id":"https:\/\/syndicoop.fr\/ufictsp\/#organization"},"image":{"@id":"https:\/\/syndicoop.fr\/ufictsp\/communique-de-presse-10eme-congres-ufict\/#primaryimage"},"thumbnailUrl":"https:\/\/syndicoop.fr\/ufictsp\/wp-content\/uploads\/sites\/35\/2021\/05\/Bandeau-01.png","articleSection":["Actus"],"inLanguage":"fr-FR","potentialAction":[{"@type":"CommentAction","name":"Comment","target":["https:\/\/syndicoop.fr\/ufictsp\/communique-de-presse-10eme-congres-ufict\/#respond"]}]},{"@type":"WebPage","@id":"https:\/\/syndicoop.fr\/ufictsp\/communique-de-presse-10eme-congres-ufict\/","url":"https:\/\/syndicoop.fr\/ufictsp\/communique-de-presse-10eme-congres-ufict\/","name":"Communiqu\u00e9 de presse - 10\u00e9me Congr\u00e8s UFICT - UFICT des services publics","isPartOf":{"@id":"https:\/\/syndicoop.fr\/ufictsp\/#website"},"primaryImageOfPage":{"@id":"https:\/\/syndicoop.fr\/ufictsp\/communique-de-presse-10eme-congres-ufict\/#primaryimage"},"image":{"@id":"https:\/\/syndicoop.fr\/ufictsp\/communique-de-presse-10eme-congres-ufict\/#primaryimage"},"thumbnailUrl":"https:\/\/syndicoop.fr\/ufictsp\/wp-content\/uploads\/sites\/35\/2021\/05\/Bandeau-01.png","datePublished":"2021-05-24T08:27:49+00:00","dateModified":"2022-03-24T20:43:26+00:00","breadcrumb":{"@id":"https:\/\/syndicoop.fr\/ufictsp\/communique-de-presse-10eme-congres-ufict\/#breadcrumb"},"inLanguage":"fr-FR","potentialAction":[{"@type":"ReadAction","target":["https:\/\/syndicoop.fr\/ufictsp\/communique-de-presse-10eme-congres-ufict\/"]}]},{"@type":"ImageObject","inLanguage":"fr-FR","@id":"https:\/\/syndicoop.fr\/ufictsp\/communique-de-presse-10eme-congres-ufict\/#primaryimage","url":"https:\/\/syndicoop.fr\/ufictsp\/wp-content\/uploads\/sites\/35\/2021\/05\/Bandeau-01.png","contentUrl":"https:\/\/syndicoop.fr\/ufictsp\/wp-content\/uploads\/sites\/35\/2021\/05\/Bandeau-01.png","width":415,"height":394},{"@type":"BreadcrumbList","@id":"https:\/\/syndicoop.fr\/ufictsp\/communique-de-presse-10eme-congres-ufict\/#breadcrumb","itemListElement":[{"@type":"ListItem","position":1,"name":"Accueil","item":"https:\/\/syndicoop.fr\/ufictsp\/"},{"@type":"ListItem","position":2,"name":"Communiqu\u00e9 de presse &#8211; 10\u00e9me Congr\u00e8s UFICT"}]},{"@type":"WebSite","@id":"https:\/\/syndicoop.fr\/ufictsp\/#website","url":"https:\/\/syndicoop.fr\/ufictsp\/","name":"UFICT CGT des services publics","description":"Avec Syndicoop - la plateforme syndicale et coop\u00e9rative","publisher":{"@id":"https:\/\/syndicoop.fr\/ufictsp\/#organization"},"potentialAction":[{"@type":"SearchAction","target":{"@type":"EntryPoint","urlTemplate":"https:\/\/syndicoop.fr\/ufictsp\/?s={search_term_string}"},"query-input":{"@type":"PropertyValueSpecification","valueRequired":true,"valueName":"search_term_string"}}],"inLanguage":"fr-FR"},{"@type":"Organization","@id":"https:\/\/syndicoop.fr\/ufictsp\/#organization","name":"UFICT CGT des Services publics","url":"https:\/\/syndicoop.fr\/ufictsp\/","logo":{"@type":"ImageObject","inLanguage":"fr-FR","@id":"https:\/\/syndicoop.fr\/ufictsp\/#\/schema\/logo\/image\/","url":"https:\/\/syndicoop.fr\/ufictsp\/wp-content\/uploads\/sites\/35\/2019\/12\/Logoufictnational.png","contentUrl":"https:\/\/syndicoop.fr\/ufictsp\/wp-content\/uploads\/sites\/35\/2019\/12\/Logoufictnational.png","width":684,"height":464,"caption":"UFICT CGT des Services publics"},"image":{"@id":"https:\/\/syndicoop.fr\/ufictsp\/#\/schema\/logo\/image\/"}},{"@type":"Person","@id":"https:\/\/syndicoop.fr\/ufictsp\/#\/schema\/person\/3e41f667417f108b2384976dd41ca5e4","name":"Philippe CHAVROCHE","image":{"@type":"ImageObject","inLanguage":"fr-FR","@id":"https:\/\/syndicoop.fr\/ufictsp\/#\/schema\/person\/image\/","url":"https:\/\/syndicoop.fr\/ufictsp\/wp-content\/wphb-cache\/gravatar\/829\/829d4cab4b59e00e2f58aa72b0bdc31ax96.jpg","contentUrl":"https:\/\/syndicoop.fr\/ufictsp\/wp-content\/wphb-cache\/gravatar\/829\/829d4cab4b59e00e2f58aa72b0bdc31ax96.jpg","caption":"Philippe CHAVROCHE"}}]}},"_links":{"self":[{"href":"https:\/\/syndicoop.fr\/ufictsp\/wp-json\/wp\/v2\/posts\/1623","targetHints":{"allow":["GET"]}}],"collection":[{"href":"https:\/\/syndicoop.fr\/ufictsp\/wp-json\/wp\/v2\/posts"}],"about":[{"href":"https:\/\/syndicoop.fr\/ufictsp\/wp-json\/wp\/v2\/types\/post"}],"author":[{"embeddable":true,"href":"https:\/\/syndicoop.fr\/ufictsp\/wp-json\/wp\/v2\/users\/403"}],"replies":[{"embeddable":true,"href":"https:\/\/syndicoop.fr\/ufictsp\/wp-json\/wp\/v2\/comments?post=1623"}],"version-history":[{"count":0,"href":"https:\/\/syndicoop.fr\/ufictsp\/wp-json\/wp\/v2\/posts\/1623\/revisions"}],"wp:attachment":[{"href":"https:\/\/syndicoop.fr\/ufictsp\/wp-json\/wp\/v2\/media?parent=1623"}],"wp:term":[{"taxonomy":"category","embeddable":true,"href":"https:\/\/syndicoop.fr\/ufictsp\/wp-json\/wp\/v2\/categories?post=1623"},{"taxonomy":"post_tag","embeddable":true,"href":"https:\/\/syndicoop.fr\/ufictsp\/wp-json\/wp\/v2\/tags?post=1623"}],"curies":[{"name":"wp","href":"https:\/\/api.w.org\/{rel}","templated":true}]}}