{"id":2019,"date":"2022-07-05T09:48:44","date_gmt":"2022-07-05T07:48:44","guid":{"rendered":"https:\/\/syndicoop.fr\/ufictsp\/?p=2019"},"modified":"2022-07-05T09:48:44","modified_gmt":"2022-07-05T07:48:44","slug":"fiche-2-encadrement-superieur","status":"publish","type":"post","link":"https:\/\/syndicoop.fr\/ufictsp\/fiche-2-encadrement-superieur\/","title":{"rendered":"Fiche 2 \u2013 Encadrement sup\u00e9rieur"},"content":{"rendered":"<p><img decoding=\"async\" class=\"aligncenter size-medium wp-image-2020 lazyload\" data-src=\"https:\/\/syndicoop.fr\/ufictsp\/wp-content\/uploads\/sites\/35\/2022\/07\/Fiche-2-300x205.png\" alt=\"\" width=\"300\" height=\"205\" data-srcset=\"https:\/\/syndicoop.fr\/ufictsp\/wp-content\/uploads\/sites\/35\/2022\/07\/Fiche-2-300x205.png 300w, https:\/\/syndicoop.fr\/ufictsp\/wp-content\/uploads\/sites\/35\/2022\/07\/Fiche-2-1024x699.png 1024w, https:\/\/syndicoop.fr\/ufictsp\/wp-content\/uploads\/sites\/35\/2022\/07\/Fiche-2-768x524.png 768w, https:\/\/syndicoop.fr\/ufictsp\/wp-content\/uploads\/sites\/35\/2022\/07\/Fiche-2.png 1136w\" data-sizes=\"(max-width: 300px) 100vw, 300px\" src=\"data:image\/svg+xml;base64,PHN2ZyB3aWR0aD0iMSIgaGVpZ2h0PSIxIiB4bWxucz0iaHR0cDovL3d3dy53My5vcmcvMjAwMC9zdmciPjwvc3ZnPg==\" style=\"--smush-placeholder-width: 300px; --smush-placeholder-aspect-ratio: 300\/205;\" \/><\/p>\n<p>Fiche 2 \u2013 Encadrement sup\u00e9rieur : Le grade \u00e0 acc\u00e8s fonctionnel (GRAF), un outil pour r\u00e9duire le d\u00e9roulement de carri\u00e8re des cadres.<\/p>\n<p>Les r\u00e9formes des gouvernements successifs concernant les cadres des collectivit\u00e9s locales visent \u00e0 cr\u00e9er une diff\u00e9renciation forte entre encadrement sup\u00e9rieur et le reste de l\u2019encadrement cadres interm\u00e9diaires ou de proximit\u00e9. Ces r\u00e9formes cr\u00e9ent le risque de cr\u00e9ation d\u2019une caste de la \u00ab haute fonction publique territoriale \u00bb sur le mod\u00e8le de \u00ab la haute fonction publique d\u2019\u00c9tat \u00bb avec de nombreuses cons\u00e9quences n\u00e9gatives : entraver le d\u00e9roulement de carri\u00e8re des cadres au sein des collectivit\u00e9s locales ; d\u00e9connecter les r\u00e9alit\u00e9s professionnelles des cadres de celles de leur sup\u00e9rieur\u00b7e hi\u00e9rarchique; mettre en place des crit\u00e8res subjectifs, voire arbitraires, d\u2019\u00e9valuation par le pouvoir hi\u00e9rarchique valorisant ainsi ob\u00e9issance et docilit\u00e9 au d\u00e9triment de l\u2019ind\u00e9pendance d\u2019esprit et \u00e9laboration critique; favoriser le mim\u00e9tisme des cadres sup\u00e9rieur\u00b7es des collectivit\u00e9s locales sur les comportements de caste des grands corps de l\u2019\u00c9tat\u2026<\/p>\n<p><!--more--><\/p>\n<p><a href=\"https:\/\/syndicoop.fr\/kiosque\/journal\/fiche-2-encadrement-superieur\/\">https:\/\/syndicoop.fr\/kiosque\/journal\/fiche-2-encadrement-superieur\/<\/a><\/p>\n","protected":false},"excerpt":{"rendered":"<p>Fiche 2 \u2013 Encadrement sup\u00e9rieur : Le grade \u00e0 acc\u00e8s fonctionnel (GRAF), un outil pour r\u00e9duire le d\u00e9roulement de carri\u00e8re des cadres. Les r\u00e9formes des gouvernements successifs concernant les cadres des collectivit\u00e9s locales visent \u00e0 cr\u00e9er une diff\u00e9renciation forte entre encadrement sup\u00e9rieur et le reste de l\u2019encadrement cadres interm\u00e9diaires ou de proximit\u00e9. Ces r\u00e9formes cr\u00e9ent [&hellip;]<\/p>\n","protected":false},"author":403,"featured_media":1628,"comment_status":"open","ping_status":"closed","sticky":false,"template":"","format":"standard","meta":{"_acf_changed":false,"footnotes":""},"categories":[31],"tags":[151],"class_list":["post-2019","post","type-post","status-publish","format-standard","has-post-thumbnail","hentry","category-ufict","tag-services-publics","featuring-alaune","themes-elections-professionnelles-2022","themes-fonction-publique","documents-livret"],"acf":[],"yoast_head":"<!-- This site is optimized with the Yoast SEO plugin v26.3 - https:\/\/yoast.com\/wordpress\/plugins\/seo\/ -->\n<title>Fiche 2 \u2013 Encadrement sup\u00e9rieur - UFICT des services publics<\/title>\n<meta name=\"robots\" content=\"index, follow, max-snippet:-1, max-image-preview:large, max-video-preview:-1\" \/>\n<link rel=\"canonical\" href=\"https:\/\/syndicoop.fr\/ufictsp\/fiche-2-encadrement-superieur\/\" \/>\n<meta property=\"og:locale\" content=\"fr_FR\" \/>\n<meta property=\"og:type\" content=\"article\" \/>\n<meta property=\"og:title\" content=\"Fiche 2 \u2013 Encadrement sup\u00e9rieur - UFICT des services publics\" \/>\n<meta property=\"og:description\" content=\"Fiche 2 \u2013 Encadrement sup\u00e9rieur : Le grade \u00e0 acc\u00e8s fonctionnel (GRAF), un outil pour r\u00e9duire le d\u00e9roulement de carri\u00e8re des cadres. Les r\u00e9formes des gouvernements successifs concernant les cadres des collectivit\u00e9s locales visent \u00e0 cr\u00e9er une diff\u00e9renciation forte entre encadrement sup\u00e9rieur et le reste de l\u2019encadrement cadres interm\u00e9diaires ou de proximit\u00e9. Ces r\u00e9formes cr\u00e9ent [&hellip;]\" \/>\n<meta property=\"og:url\" content=\"https:\/\/syndicoop.fr\/ufictsp\/fiche-2-encadrement-superieur\/\" \/>\n<meta property=\"og:site_name\" content=\"UFICT des services publics\" \/>\n<meta property=\"article:published_time\" content=\"2022-07-05T07:48:44+00:00\" \/>\n<meta property=\"og:image\" content=\"https:\/\/syndicoop.fr\/ufictsp\/wp-content\/uploads\/sites\/35\/2021\/05\/Ufict-fdsp.jpg\" \/>\n\t<meta property=\"og:image:width\" content=\"804\" \/>\n\t<meta property=\"og:image:height\" content=\"569\" \/>\n\t<meta property=\"og:image:type\" content=\"image\/jpeg\" \/>\n<meta name=\"author\" content=\"Philippe CHAVROCHE\" \/>\n<meta name=\"twitter:card\" content=\"summary_large_image\" \/>\n<meta name=\"twitter:label1\" content=\"\u00c9crit par\" \/>\n\t<meta name=\"twitter:data1\" content=\"Philippe CHAVROCHE\" \/>\n\t<meta name=\"twitter:label2\" content=\"Dur\u00e9e de lecture estim\u00e9e\" \/>\n\t<meta name=\"twitter:data2\" content=\"1 minute\" \/>\n<script type=\"application\/ld+json\" class=\"yoast-schema-graph\">{\"@context\":\"https:\/\/schema.org\",\"@graph\":[{\"@type\":\"Article\",\"@id\":\"https:\/\/syndicoop.fr\/ufictsp\/fiche-2-encadrement-superieur\/#article\",\"isPartOf\":{\"@id\":\"https:\/\/syndicoop.fr\/ufictsp\/fiche-2-encadrement-superieur\/\"},\"author\":{\"name\":\"Philippe CHAVROCHE\",\"@id\":\"https:\/\/syndicoop.fr\/ufictsp\/#\/schema\/person\/3e41f667417f108b2384976dd41ca5e4\"},\"headline\":\"Fiche 2 \u2013 Encadrement sup\u00e9rieur\",\"datePublished\":\"2022-07-05T07:48:44+00:00\",\"mainEntityOfPage\":{\"@id\":\"https:\/\/syndicoop.fr\/ufictsp\/fiche-2-encadrement-superieur\/\"},\"wordCount\":200,\"commentCount\":0,\"publisher\":{\"@id\":\"https:\/\/syndicoop.fr\/ufictsp\/#organization\"},\"image\":{\"@id\":\"https:\/\/syndicoop.fr\/ufictsp\/fiche-2-encadrement-superieur\/#primaryimage\"},\"thumbnailUrl\":\"https:\/\/syndicoop.fr\/ufictsp\/wp-content\/uploads\/sites\/35\/2021\/05\/Ufict-fdsp.jpg\",\"keywords\":[\"services publics\"],\"articleSection\":[\"UFICT\"],\"inLanguage\":\"fr-FR\",\"potentialAction\":[{\"@type\":\"CommentAction\",\"name\":\"Comment\",\"target\":[\"https:\/\/syndicoop.fr\/ufictsp\/fiche-2-encadrement-superieur\/#respond\"]}]},{\"@type\":\"WebPage\",\"@id\":\"https:\/\/syndicoop.fr\/ufictsp\/fiche-2-encadrement-superieur\/\",\"url\":\"https:\/\/syndicoop.fr\/ufictsp\/fiche-2-encadrement-superieur\/\",\"name\":\"Fiche 2 \u2013 Encadrement sup\u00e9rieur - UFICT des services publics\",\"isPartOf\":{\"@id\":\"https:\/\/syndicoop.fr\/ufictsp\/#website\"},\"primaryImageOfPage\":{\"@id\":\"https:\/\/syndicoop.fr\/ufictsp\/fiche-2-encadrement-superieur\/#primaryimage\"},\"image\":{\"@id\":\"https:\/\/syndicoop.fr\/ufictsp\/fiche-2-encadrement-superieur\/#primaryimage\"},\"thumbnailUrl\":\"https:\/\/syndicoop.fr\/ufictsp\/wp-content\/uploads\/sites\/35\/2021\/05\/Ufict-fdsp.jpg\",\"datePublished\":\"2022-07-05T07:48:44+00:00\",\"breadcrumb\":{\"@id\":\"https:\/\/syndicoop.fr\/ufictsp\/fiche-2-encadrement-superieur\/#breadcrumb\"},\"inLanguage\":\"fr-FR\",\"potentialAction\":[{\"@type\":\"ReadAction\",\"target\":[\"https:\/\/syndicoop.fr\/ufictsp\/fiche-2-encadrement-superieur\/\"]}]},{\"@type\":\"ImageObject\",\"inLanguage\":\"fr-FR\",\"@id\":\"https:\/\/syndicoop.fr\/ufictsp\/fiche-2-encadrement-superieur\/#primaryimage\",\"url\":\"https:\/\/syndicoop.fr\/ufictsp\/wp-content\/uploads\/sites\/35\/2021\/05\/Ufict-fdsp.jpg\",\"contentUrl\":\"https:\/\/syndicoop.fr\/ufictsp\/wp-content\/uploads\/sites\/35\/2021\/05\/Ufict-fdsp.jpg\",\"width\":804,\"height\":569},{\"@type\":\"BreadcrumbList\",\"@id\":\"https:\/\/syndicoop.fr\/ufictsp\/fiche-2-encadrement-superieur\/#breadcrumb\",\"itemListElement\":[{\"@type\":\"ListItem\",\"position\":1,\"name\":\"Accueil\",\"item\":\"https:\/\/syndicoop.fr\/ufictsp\/\"},{\"@type\":\"ListItem\",\"position\":2,\"name\":\"Fiche 2 \u2013 Encadrement sup\u00e9rieur\"}]},{\"@type\":\"WebSite\",\"@id\":\"https:\/\/syndicoop.fr\/ufictsp\/#website\",\"url\":\"https:\/\/syndicoop.fr\/ufictsp\/\",\"name\":\"UFICT CGT des services publics\",\"description\":\"Avec Syndicoop - la plateforme syndicale et coop\u00e9rative\",\"publisher\":{\"@id\":\"https:\/\/syndicoop.fr\/ufictsp\/#organization\"},\"potentialAction\":[{\"@type\":\"SearchAction\",\"target\":{\"@type\":\"EntryPoint\",\"urlTemplate\":\"https:\/\/syndicoop.fr\/ufictsp\/?s={search_term_string}\"},\"query-input\":{\"@type\":\"PropertyValueSpecification\",\"valueRequired\":true,\"valueName\":\"search_term_string\"}}],\"inLanguage\":\"fr-FR\"},{\"@type\":\"Organization\",\"@id\":\"https:\/\/syndicoop.fr\/ufictsp\/#organization\",\"name\":\"UFICT CGT des Services publics\",\"url\":\"https:\/\/syndicoop.fr\/ufictsp\/\",\"logo\":{\"@type\":\"ImageObject\",\"inLanguage\":\"fr-FR\",\"@id\":\"https:\/\/syndicoop.fr\/ufictsp\/#\/schema\/logo\/image\/\",\"url\":\"https:\/\/syndicoop.fr\/ufictsp\/wp-content\/uploads\/sites\/35\/2019\/12\/Logoufictnational.png\",\"contentUrl\":\"https:\/\/syndicoop.fr\/ufictsp\/wp-content\/uploads\/sites\/35\/2019\/12\/Logoufictnational.png\",\"width\":684,\"height\":464,\"caption\":\"UFICT CGT des Services publics\"},\"image\":{\"@id\":\"https:\/\/syndicoop.fr\/ufictsp\/#\/schema\/logo\/image\/\"}},{\"@type\":\"Person\",\"@id\":\"https:\/\/syndicoop.fr\/ufictsp\/#\/schema\/person\/3e41f667417f108b2384976dd41ca5e4\",\"name\":\"Philippe CHAVROCHE\",\"image\":{\"@type\":\"ImageObject\",\"inLanguage\":\"fr-FR\",\"@id\":\"https:\/\/syndicoop.fr\/ufictsp\/#\/schema\/person\/image\/\",\"url\":\"https:\/\/syndicoop.fr\/ufictsp\/wp-content\/wphb-cache\/gravatar\/829\/829d4cab4b59e00e2f58aa72b0bdc31ax96.jpg\",\"contentUrl\":\"https:\/\/syndicoop.fr\/ufictsp\/wp-content\/wphb-cache\/gravatar\/829\/829d4cab4b59e00e2f58aa72b0bdc31ax96.jpg\",\"caption\":\"Philippe CHAVROCHE\"}}]}<\/script>\n<!-- \/ Yoast SEO plugin. -->","yoast_head_json":{"title":"Fiche 2 \u2013 Encadrement sup\u00e9rieur - UFICT des services publics","robots":{"index":"index","follow":"follow","max-snippet":"max-snippet:-1","max-image-preview":"max-image-preview:large","max-video-preview":"max-video-preview:-1"},"canonical":"https:\/\/syndicoop.fr\/ufictsp\/fiche-2-encadrement-superieur\/","og_locale":"fr_FR","og_type":"article","og_title":"Fiche 2 \u2013 Encadrement sup\u00e9rieur - UFICT des services publics","og_description":"Fiche 2 \u2013 Encadrement sup\u00e9rieur : Le grade \u00e0 acc\u00e8s fonctionnel (GRAF), un outil pour r\u00e9duire le d\u00e9roulement de carri\u00e8re des cadres. Les r\u00e9formes des gouvernements successifs concernant les cadres des collectivit\u00e9s locales visent \u00e0 cr\u00e9er une diff\u00e9renciation forte entre encadrement sup\u00e9rieur et le reste de l\u2019encadrement cadres interm\u00e9diaires ou de proximit\u00e9. Ces r\u00e9formes cr\u00e9ent [&hellip;]","og_url":"https:\/\/syndicoop.fr\/ufictsp\/fiche-2-encadrement-superieur\/","og_site_name":"UFICT des services publics","article_published_time":"2022-07-05T07:48:44+00:00","og_image":[{"width":804,"height":569,"url":"https:\/\/syndicoop.fr\/ufictsp\/wp-content\/uploads\/sites\/35\/2021\/05\/Ufict-fdsp.jpg","type":"image\/jpeg"}],"author":"Philippe CHAVROCHE","twitter_card":"summary_large_image","twitter_misc":{"\u00c9crit par":"Philippe CHAVROCHE","Dur\u00e9e de lecture estim\u00e9e":"1 minute"},"schema":{"@context":"https:\/\/schema.org","@graph":[{"@type":"Article","@id":"https:\/\/syndicoop.fr\/ufictsp\/fiche-2-encadrement-superieur\/#article","isPartOf":{"@id":"https:\/\/syndicoop.fr\/ufictsp\/fiche-2-encadrement-superieur\/"},"author":{"name":"Philippe CHAVROCHE","@id":"https:\/\/syndicoop.fr\/ufictsp\/#\/schema\/person\/3e41f667417f108b2384976dd41ca5e4"},"headline":"Fiche 2 \u2013 Encadrement sup\u00e9rieur","datePublished":"2022-07-05T07:48:44+00:00","mainEntityOfPage":{"@id":"https:\/\/syndicoop.fr\/ufictsp\/fiche-2-encadrement-superieur\/"},"wordCount":200,"commentCount":0,"publisher":{"@id":"https:\/\/syndicoop.fr\/ufictsp\/#organization"},"image":{"@id":"https:\/\/syndicoop.fr\/ufictsp\/fiche-2-encadrement-superieur\/#primaryimage"},"thumbnailUrl":"https:\/\/syndicoop.fr\/ufictsp\/wp-content\/uploads\/sites\/35\/2021\/05\/Ufict-fdsp.jpg","keywords":["services publics"],"articleSection":["UFICT"],"inLanguage":"fr-FR","potentialAction":[{"@type":"CommentAction","name":"Comment","target":["https:\/\/syndicoop.fr\/ufictsp\/fiche-2-encadrement-superieur\/#respond"]}]},{"@type":"WebPage","@id":"https:\/\/syndicoop.fr\/ufictsp\/fiche-2-encadrement-superieur\/","url":"https:\/\/syndicoop.fr\/ufictsp\/fiche-2-encadrement-superieur\/","name":"Fiche 2 \u2013 Encadrement sup\u00e9rieur - UFICT des services publics","isPartOf":{"@id":"https:\/\/syndicoop.fr\/ufictsp\/#website"},"primaryImageOfPage":{"@id":"https:\/\/syndicoop.fr\/ufictsp\/fiche-2-encadrement-superieur\/#primaryimage"},"image":{"@id":"https:\/\/syndicoop.fr\/ufictsp\/fiche-2-encadrement-superieur\/#primaryimage"},"thumbnailUrl":"https:\/\/syndicoop.fr\/ufictsp\/wp-content\/uploads\/sites\/35\/2021\/05\/Ufict-fdsp.jpg","datePublished":"2022-07-05T07:48:44+00:00","breadcrumb":{"@id":"https:\/\/syndicoop.fr\/ufictsp\/fiche-2-encadrement-superieur\/#breadcrumb"},"inLanguage":"fr-FR","potentialAction":[{"@type":"ReadAction","target":["https:\/\/syndicoop.fr\/ufictsp\/fiche-2-encadrement-superieur\/"]}]},{"@type":"ImageObject","inLanguage":"fr-FR","@id":"https:\/\/syndicoop.fr\/ufictsp\/fiche-2-encadrement-superieur\/#primaryimage","url":"https:\/\/syndicoop.fr\/ufictsp\/wp-content\/uploads\/sites\/35\/2021\/05\/Ufict-fdsp.jpg","contentUrl":"https:\/\/syndicoop.fr\/ufictsp\/wp-content\/uploads\/sites\/35\/2021\/05\/Ufict-fdsp.jpg","width":804,"height":569},{"@type":"BreadcrumbList","@id":"https:\/\/syndicoop.fr\/ufictsp\/fiche-2-encadrement-superieur\/#breadcrumb","itemListElement":[{"@type":"ListItem","position":1,"name":"Accueil","item":"https:\/\/syndicoop.fr\/ufictsp\/"},{"@type":"ListItem","position":2,"name":"Fiche 2 \u2013 Encadrement sup\u00e9rieur"}]},{"@type":"WebSite","@id":"https:\/\/syndicoop.fr\/ufictsp\/#website","url":"https:\/\/syndicoop.fr\/ufictsp\/","name":"UFICT CGT des services publics","description":"Avec Syndicoop - la plateforme syndicale et coop\u00e9rative","publisher":{"@id":"https:\/\/syndicoop.fr\/ufictsp\/#organization"},"potentialAction":[{"@type":"SearchAction","target":{"@type":"EntryPoint","urlTemplate":"https:\/\/syndicoop.fr\/ufictsp\/?s={search_term_string}"},"query-input":{"@type":"PropertyValueSpecification","valueRequired":true,"valueName":"search_term_string"}}],"inLanguage":"fr-FR"},{"@type":"Organization","@id":"https:\/\/syndicoop.fr\/ufictsp\/#organization","name":"UFICT CGT des Services publics","url":"https:\/\/syndicoop.fr\/ufictsp\/","logo":{"@type":"ImageObject","inLanguage":"fr-FR","@id":"https:\/\/syndicoop.fr\/ufictsp\/#\/schema\/logo\/image\/","url":"https:\/\/syndicoop.fr\/ufictsp\/wp-content\/uploads\/sites\/35\/2019\/12\/Logoufictnational.png","contentUrl":"https:\/\/syndicoop.fr\/ufictsp\/wp-content\/uploads\/sites\/35\/2019\/12\/Logoufictnational.png","width":684,"height":464,"caption":"UFICT CGT des Services publics"},"image":{"@id":"https:\/\/syndicoop.fr\/ufictsp\/#\/schema\/logo\/image\/"}},{"@type":"Person","@id":"https:\/\/syndicoop.fr\/ufictsp\/#\/schema\/person\/3e41f667417f108b2384976dd41ca5e4","name":"Philippe CHAVROCHE","image":{"@type":"ImageObject","inLanguage":"fr-FR","@id":"https:\/\/syndicoop.fr\/ufictsp\/#\/schema\/person\/image\/","url":"https:\/\/syndicoop.fr\/ufictsp\/wp-content\/wphb-cache\/gravatar\/829\/829d4cab4b59e00e2f58aa72b0bdc31ax96.jpg","contentUrl":"https:\/\/syndicoop.fr\/ufictsp\/wp-content\/wphb-cache\/gravatar\/829\/829d4cab4b59e00e2f58aa72b0bdc31ax96.jpg","caption":"Philippe CHAVROCHE"}}]}},"_links":{"self":[{"href":"https:\/\/syndicoop.fr\/ufictsp\/wp-json\/wp\/v2\/posts\/2019","targetHints":{"allow":["GET"]}}],"collection":[{"href":"https:\/\/syndicoop.fr\/ufictsp\/wp-json\/wp\/v2\/posts"}],"about":[{"href":"https:\/\/syndicoop.fr\/ufictsp\/wp-json\/wp\/v2\/types\/post"}],"author":[{"embeddable":true,"href":"https:\/\/syndicoop.fr\/ufictsp\/wp-json\/wp\/v2\/users\/403"}],"replies":[{"embeddable":true,"href":"https:\/\/syndicoop.fr\/ufictsp\/wp-json\/wp\/v2\/comments?post=2019"}],"version-history":[{"count":0,"href":"https:\/\/syndicoop.fr\/ufictsp\/wp-json\/wp\/v2\/posts\/2019\/revisions"}],"wp:featuredmedia":[{"embeddable":true,"href":"https:\/\/syndicoop.fr\/ufictsp\/wp-json\/wp\/v2\/media\/1628"}],"wp:attachment":[{"href":"https:\/\/syndicoop.fr\/ufictsp\/wp-json\/wp\/v2\/media?parent=2019"}],"wp:term":[{"taxonomy":"category","embeddable":true,"href":"https:\/\/syndicoop.fr\/ufictsp\/wp-json\/wp\/v2\/categories?post=2019"},{"taxonomy":"post_tag","embeddable":true,"href":"https:\/\/syndicoop.fr\/ufictsp\/wp-json\/wp\/v2\/tags?post=2019"}],"curies":[{"name":"wp","href":"https:\/\/api.w.org\/{rel}","templated":true}]}}